{"id":995,"date":"2014-04-10T21:58:34","date_gmt":"2014-04-10T19:58:34","guid":{"rendered":"http:\/\/my-alps.de\/?p=995"},"modified":"2014-04-10T21:58:34","modified_gmt":"2014-04-10T19:58:34","slug":"april-april-halbzeit-bei-der-auszeit","status":"publish","type":"post","link":"http:\/\/my-alps.de\/?p=995","title":{"rendered":"April, April &#8211; Halbzeit bei der Auszeit"},"content":{"rendered":"<p>Am 11.11.2013 sind wir in Hamburg an Bord der<br \/>\n\u201eGrande Cameroon\u201c gegangen und \u00fcber den Atlantik nach S\u00fcdamerika geschippert. Zugegeben, es war nicht immer gerade Hochstimmung mit Karneval und Fasching an Bord, aber es ist uns wirklich nicht langweilig geworden. So eine Frachterreise hat auch etwas besonderes. (Beinahe meditativ!)<br \/>\nNun ist schon fast Mitte April 2014 &#8211; ein halbes Jahr ist vor\u00fcber!<br \/>\nSeit unserer Ankunft in Montevideo haben wir bis jetzt schon eine ganz sch\u00f6ne Strecke zur\u00fcckgelegt. So um die 9.000 Kilometer. (\u201emas o menos&#8220; &#8211; wie sie hier dazu sagen)<br \/>\nViel gesehen und noch mehr nicht gesehen, aber um alles wirklich mitzubekommen &#8211; daf\u00fcr reicht ein Leben nicht aus. Die Eindr\u00fccke unserer Reise pr\u00e4gen uns stetig und nachhaltig. Wie nach unserem Sprichwort: \u201eSteter Tropfen h\u00f6hlt den Stein\u201c<br \/>\nWas blieb bisher am meisten im Ged\u00e4chtnis h\u00e4ngen?<br \/>\nDie Freundlichkeit der Menschen die wir bisher getroffen haben!<br \/>\nEgal ob an der Tankstelle, auf dem Campingplatz oder im Gesch\u00e4ft, die Menschen wundern sich weshalb wir aus Europa extra mit dem eigenen Auto herkommen um ihr Land anzusehen &#8211; das k\u00f6nnte man auch einfacher haben. Stimmt! Aber \u201eeinfacher\u201c ist bestimmt nicht so abwechslungsreich wie wir es erleben.<br \/>\nOft wurden wir angesprochen wo wir herk\u00e4men und was wir hier machen:<br \/>\n\u201eLand und Leute kennenlernen\u201c war unsere Antwort darauf.<br \/>\nDoch man lernt sich selbst auch besser kennen.<br \/>\nUnsere Reiselust ist nun erst so richtig geweckt worden &#8211; wir bezeichnen das meist als \u201esanfte Integration\u201c, weil Argentinien und Chile bisher schon eher europ\u00e4isch waren.<br \/>\nIch bin ja fr\u00fcher auch oft unterwegs gewesen und so richtig gerne bin ich am Ende einer Reise auch nicht nach Hause gefahren. Darum bin ich froh das wir noch ein \u201eganzes\u201c halbes Jahr vor uns haben. Hier in Chile ist es wirklich wundersch\u00f6n, und es wird sich jetzt auch wieder ein anderes Landschaftsbild einstellen. Nach der endlosen Weite der Pampa in Argentinien, den Granitbergen und kalten Regenw\u00e4ldern im S\u00fcden sind wir jetzt bei den Vulkanen und im Regen angekommen.<br \/>\nBald warten die trockenen W\u00fcsten und die Salzseen auf uns.<\/p>\n<p><span style=\"text-decoration: underline;\">Erkenntnisse bisher?<\/span><\/p>\n<p>So schnell vergeht ein halbes Jahr &#8211; viel zu schnell!<br \/>\nUnser Spanisch ist immer noch zu schlecht!<br \/>\nWas machen wir wenn wir wieder zur\u00fcckkommen?<br \/>\nSind wir dann angekommen?<br \/>\nWir sind im sch\u00f6nsten und l\u00e4ngsten Dokumentarfilm \u00fcber S\u00fcdamerika live dabei!<br \/>\nMan braucht nicht viel um das Leben zu erleben!<br \/>\nManchmal fehlt einem nur ein wenig Mut.<br \/>\nAuf einer Reise kann man sich seine Nachbarn jeden Tag neu aussuchen!<br \/>\nManchmal w\u00fcrde man gerne etwas l\u00e4nger bleiben.<br \/>\nWeiterfahren ist jeden Tag der Aufbruch in das Unbekannte.<\/p>\n<p>Fragen von zu Hause:<\/p>\n<p>Wird es euch eigentlich irgendwann mal langweilig? N\u00f6!<br \/>\nHabt ihr manchmal Angst? Ja, aber meistens nur Nachts wenn wir irgendwo \u00fcbernachten m\u00fcssen wo wir den Platz nicht bei Tageslicht angefahren haben. Und das war erst einmal in dem halben Jahr!<br \/>\nWas macht ihr eigentlich den ganzen Tag? Uns jeden Tag neu organisieren! Das f\u00e4ngt beim Einkaufen an und h\u00f6rt mit der Suche nach einer W\u00e4scherei in einer fremden Stadt noch lange nicht auf.<br \/>\nStreitet ihr ab und zu? Nie! Wir besprechen Probleme ganz ohne Emotionen. Wir freuen uns lieber, so eine sch\u00f6ne Zeit gemeinsam erleben zu d\u00fcrfen.<br \/>\nWas vermisst ihr am meisten? Am Freitag Nachmittag spontan durch Bamberg zu strolchen und sp\u00e4ter bei Mike und Susanne zu versumpfen und dann dem Markus seinen Schweinsbraten wegzufuttern!<\/p>\n<p>Wir vermissen unsere Familie und unsere Freunde nat\u00fcrlich und wir freuen uns darauf sie wiederzusehen! Aber bis dahin werden wir noch etwas Zeit hier in S\u00fcdamerika verbringen!<\/p>\n<p>Bis sp\u00e4ter!<br \/>\nC&amp;A<\/p>\n","protected":false},"excerpt":{"rendered":"<p>Am 11.11.2013 sind wir in Hamburg an Bord der \u201eGrande Cameroon\u201c gegangen und \u00fcber den Atlantik nach S\u00fcdamerika geschippert. Zugegeben, es war nicht immer gerade Hochstimmung mit Karneval und Fasching an Bord, aber es ist uns wirklich nicht langweilig geworden. So eine Frachterreise hat auch etwas besonderes. (Beinahe meditativ!) Nun ist schon fast Mitte April [&hellip;]<\/p>\n","protected":false},"author":1,"featured_media":0,"comment_status":"open","ping_status":"open","sticky":false,"template":"","format":"gallery","meta":{"spay_email":"","jetpack_publicize_message":"","jetpack_is_tweetstorm":false,"jetpack_publicize_feature_enabled":true},"categories":[1],"tags":[],"jetpack_featured_media_url":"","jetpack_publicize_connections":[],"jetpack_sharing_enabled":true,"jetpack_shortlink":"https:\/\/wp.me\/p6huce-g3","jetpack-related-posts":[{"id":1182,"url":"http:\/\/my-alps.de\/?p=1182","url_meta":{"origin":995,"position":0},"title":"\u2026.immer diese Grenzer!","date":"4. Juni 2014","format":"gallery","excerpt":"Als Angeh\u00f6riger des Schengener Abkommens ist einem der Umgang bei der Grenzabfertigung etwas abhanden gekommen. So haben wir uns bei der \u00dcberquerung der Grenze von Chile nach Argentinien am \u201ePaso Cristo Redentor\u201c von einen netten Herrn erst mal an der falschen Zollstelle anstellen lassen. Die Dame am Zoll hat flei\u00dfig\u2026","rel":"","context":"In &quot;News&quot;","img":{"alt_text":"","src":"https:\/\/i0.wp.com\/my-alps.de\/wp-content\/uploads\/2014\/06\/Via-PanAm-Argentinien.jpg?resize=350%2C200","width":350,"height":200},"classes":[]},{"id":450,"url":"http:\/\/my-alps.de\/?p=450","url_meta":{"origin":995,"position":1},"title":"Das sagt sie und das meint ER (1von2)","date":"15. Dezember 2013","format":"gallery","excerpt":"Hallo, ihr ZUHAUSEgebliebenen, wir sind heute in Colonia di Sacramento angekommen und sin somit in Uruguay. Dem esten Fussballweltmeister, und wenn's nach den URU'S geht, auch dem kommenden in Brasilien. Die Bilder zu diesem Blog f\u00fcge ich sp\u00e4ter mal ein, das WIFI hier in Uruguay ist nicht so von der\u2026","rel":"","context":"In &quot;News&quot;","img":{"alt_text":"","src":"","width":0,"height":0},"classes":[]},{"id":1773,"url":"http:\/\/my-alps.de\/?p=1773","url_meta":{"origin":995,"position":2},"title":"FAQ &#8211; und die Antworten","date":"22. November 2014","format":"gallery","excerpt":"Wir tingeln in den letzten beiden Wochen von einer Einladung zur anderen. Jeder m\u00f6chte uns sehen und fragen was wir so erlebt haben. Da nat\u00fcrlich (fast) jeder die gleichen Fragen stellt schauen uns wir manchmal selber fragend an..... ja wie war das denn? Deshalb m\u00f6chte ich die FAQ mal kurz\u2026","rel":"","context":"In &quot;News&quot;","img":{"alt_text":"","src":"https:\/\/i0.wp.com\/my-alps.de\/wp-content\/uploads\/2014\/11\/mein-Lama-und-meine-Stadt.jpg?resize=350%2C200","width":350,"height":200},"classes":[]},{"id":431,"url":"http:\/\/my-alps.de\/?p=431","url_meta":{"origin":995,"position":3},"title":"Hamburg ist eine Reise wert&#8230;.","date":"9. November 2013","format":"gallery","excerpt":"Heute haben wir eine ausgedehnte Stadtbesichtigung gemacht - so richtig Touri m\u00e4\u00dfig wie bei uns in Bamberg. Sind sch\u00f6n mit dem Bus durch die Stadt geschaukelt worden und drau\u00dfen hat es gest\u00fcrmt und der Regen kam waagrecht an die Fenster geflogen. Aber wie das so ist im Norden - Nachmittags\u2026","rel":"","context":"In &quot;News&quot;","img":{"alt_text":"","src":"","width":0,"height":0},"classes":[]},{"id":1373,"url":"http:\/\/my-alps.de\/?p=1373","url_meta":{"origin":995,"position":4},"title":"Salar de Uyuni &#8211; der gr\u00f6sste Salzsee der Welt","date":"24. Juli 2014","format":"gallery","excerpt":"Unsere Fahrt f\u00fchrt uns in die erste Stadt in Bolivien - Uyuni. Uyuni ist der ideale Ausgangsort um auf den gr\u00f6ssten Salzsee der Welt zu fahren. Als wir in der Uyuni ankommen geraten wir mitten\u00a0in den Trubel eines Stadtfestes. \u00dcberall Frauen in ihrer indianischen\u00a0Tracht, mit den ausladenden R\u00f6cken, den typischen\u2026","rel":"","context":"In &quot;News&quot;","img":{"alt_text":"","src":"https:\/\/i0.wp.com\/my-alps.de\/wp-content\/uploads\/2014\/07\/passt-doch.jpg?resize=350%2C200","width":350,"height":200},"classes":[]},{"id":1304,"url":"http:\/\/my-alps.de\/?p=1304","url_meta":{"origin":995,"position":5},"title":"Chilecito, Hualko, Amaicha und Tafi del Valles","date":"30. Juni 2014","format":"gallery","excerpt":"Chronologisch unserer Reiseroute ging es nach dem NP Talampaya in Richtung Chilecito. Da die Ruta 40 zur dieser Zeit \u00fcber die\u00a0\u201eCuesta de Miranda\u201c gesperrt war, mussten wir einen \u201ekleinen\u201c\u00a0Umweg von ca. 250 Kilometer machen. Die Fahrt ging zur\u00fcck \u00fcber die Ruta 76 bis nach Pataguia und dann die Ruta 74\u2026","rel":"","context":"In &quot;News&quot;","img":{"alt_text":"","src":"https:\/\/i0.wp.com\/my-alps.de\/wp-content\/uploads\/2014\/06\/DSC03910.jpg?resize=350%2C200","width":350,"height":200},"classes":[]}],"_links":{"self":[{"href":"http:\/\/my-alps.de\/index.php?rest_route=\/wp\/v2\/posts\/995"}],"collection":[{"href":"http:\/\/my-alps.de\/index.php?rest_route=\/wp\/v2\/posts"}],"about":[{"href":"http:\/\/my-alps.de\/index.php?rest_route=\/wp\/v2\/types\/post"}],"author":[{"embeddable":true,"href":"http:\/\/my-alps.de\/index.php?rest_route=\/wp\/v2\/users\/1"}],"replies":[{"embeddable":true,"href":"http:\/\/my-alps.de\/index.php?rest_route=%2Fwp%2Fv2%2Fcomments&post=995"}],"version-history":[{"count":1,"href":"http:\/\/my-alps.de\/index.php?rest_route=\/wp\/v2\/posts\/995\/revisions"}],"predecessor-version":[{"id":996,"href":"http:\/\/my-alps.de\/index.php?rest_route=\/wp\/v2\/posts\/995\/revisions\/996"}],"wp:attachment":[{"href":"http:\/\/my-alps.de\/index.php?rest_route=%2Fwp%2Fv2%2Fmedia&parent=995"}],"wp:term":[{"taxonomy":"category","embeddable":true,"href":"http:\/\/my-alps.de\/index.php?rest_route=%2Fwp%2Fv2%2Fcategories&post=995"},{"taxonomy":"post_tag","embeddable":true,"href":"http:\/\/my-alps.de\/index.php?rest_route=%2Fwp%2Fv2%2Ftags&post=995"}],"curies":[{"name":"wp","href":"https:\/\/api.w.org\/{rel}","templated":true}]}}