{"id":981,"date":"2014-04-07T19:19:22","date_gmt":"2014-04-07T17:19:22","guid":{"rendered":"http:\/\/my-alps.de\/?p=981"},"modified":"2014-04-07T19:27:33","modified_gmt":"2014-04-07T17:27:33","slug":"asado-fuer-fortgeschrittene","status":"publish","type":"post","link":"http:\/\/my-alps.de\/?p=981","title":{"rendered":"Asado &#8211; f\u00fcr Fortgeschrittene"},"content":{"rendered":"<p>in den letzten Tagen stehen wir in einer wundersch\u00f6nen Bucht bei<br \/>\nGustavo Bihl, einem eingefleischten Wohnmobilfahrer und Grillmeister. Wir haben ihn unterwegs ein paar mal getroffen und unsere &#8222;Luxusburger&#8220; sind seiner Einladung, ihn zu besuchen gefolgt. Da wir auch in der N\u00e4he waren durften wir auch mitkommen.<\/p>\n<div id=\"attachment_987\" style=\"width: 1034px\" class=\"wp-caption aligncenter\"><a href=\"https:\/\/i0.wp.com\/my-alps.de\/wp-content\/uploads\/2014\/04\/Regenbogen-am-Osorno.nik_.jpg\"><img aria-describedby=\"caption-attachment-987\" data-attachment-id=\"987\" data-permalink=\"http:\/\/my-alps.de\/?attachment_id=987\" data-orig-file=\"https:\/\/i0.wp.com\/my-alps.de\/wp-content\/uploads\/2014\/04\/Regenbogen-am-Osorno.nik_.jpg?fit=1024%2C683\" data-orig-size=\"1024,683\" data-comments-opened=\"1\" data-image-meta=\"{&quot;aperture&quot;:&quot;9.5&quot;,&quot;credit&quot;:&quot;&quot;,&quot;camera&quot;:&quot;SLT-A99V&quot;,&quot;caption&quot;:&quot;&quot;,&quot;created_timestamp&quot;:&quot;1396799675&quot;,&quot;copyright&quot;:&quot;&quot;,&quot;focal_length&quot;:&quot;24&quot;,&quot;iso&quot;:&quot;100&quot;,&quot;shutter_speed&quot;:&quot;0.005&quot;,&quot;title&quot;:&quot;&quot;}\" data-image-title=\"Regenbogen am Osorno.nik\" data-image-description=\"&lt;p&gt;Regenbogen am Osorno&lt;\/p&gt;\n\" data-image-caption=\"&lt;p&gt;Regenbogen am Osorno&lt;\/p&gt;\n\" data-medium-file=\"https:\/\/i0.wp.com\/my-alps.de\/wp-content\/uploads\/2014\/04\/Regenbogen-am-Osorno.nik_.jpg?fit=300%2C200\" data-large-file=\"https:\/\/i0.wp.com\/my-alps.de\/wp-content\/uploads\/2014\/04\/Regenbogen-am-Osorno.nik_.jpg?fit=625%2C417\" loading=\"lazy\" class=\"size-full wp-image-987\" alt=\"Regenbogen am Osorno\" src=\"https:\/\/i0.wp.com\/my-alps.de\/wp-content\/uploads\/2014\/04\/Regenbogen-am-Osorno.nik_.jpg?resize=625%2C417\" width=\"625\" height=\"417\" srcset=\"https:\/\/i0.wp.com\/my-alps.de\/wp-content\/uploads\/2014\/04\/Regenbogen-am-Osorno.nik_.jpg?w=1024 1024w, https:\/\/i0.wp.com\/my-alps.de\/wp-content\/uploads\/2014\/04\/Regenbogen-am-Osorno.nik_.jpg?resize=300%2C200 300w\" sizes=\"(max-width: 625px) 100vw, 625px\" data-recalc-dims=\"1\" \/><\/a><p id=\"caption-attachment-987\" class=\"wp-caption-text\">Regenbogen am Osorno<\/p><\/div>\n<p><!--more--><\/p>\n<p>Gustavo&#8217;s Gastfreundschaft ist einfach umwerfend &#8211; wir d\u00fcrfen an seinem Privatstrand stehen und die Lachse aus dem See fischen.<br \/>\n(Toni &#8211; unser Luxusburger hat gleich seine gesamte Angel an einen gro\u00dfen Lachs verschenkt &#8211; schwupppss war sie im Wasser und weg.)<br \/>\nGustavo hat nat\u00fcrlich auch ein Asado f\u00fcr uns veranstaltet &#8211; mit Doppelgrill und einem halben Schaf. Dazu gab&#8217;s lecker Zwiebelsalat und Kartoffeln. Es war himmlisch, und wir haben soooooo viel Fleisch gegessen bis wir nicht mehr grmmmmpppffff sagen konnten.<\/p>\n<div id=\"attachment_983\" style=\"width: 1034px\" class=\"wp-caption aligncenter\"><a href=\"https:\/\/i0.wp.com\/my-alps.de\/wp-content\/uploads\/2014\/04\/Gustavos-Asado-1.ce4_.jpg\"><img aria-describedby=\"caption-attachment-983\" data-attachment-id=\"983\" data-permalink=\"http:\/\/my-alps.de\/?attachment_id=983\" data-orig-file=\"https:\/\/i0.wp.com\/my-alps.de\/wp-content\/uploads\/2014\/04\/Gustavos-Asado-1.ce4_.jpg?fit=1024%2C768\" data-orig-size=\"1024,768\" data-comments-opened=\"1\" data-image-meta=\"{&quot;aperture&quot;:&quot;1.8&quot;,&quot;credit&quot;:&quot;&quot;,&quot;camera&quot;:&quot;DSC-RX100&quot;,&quot;caption&quot;:&quot;&quot;,&quot;created_timestamp&quot;:&quot;1396644746&quot;,&quot;copyright&quot;:&quot;&quot;,&quot;focal_length&quot;:&quot;10.4&quot;,&quot;iso&quot;:&quot;5000&quot;,&quot;shutter_speed&quot;:&quot;0.25&quot;,&quot;title&quot;:&quot;&quot;}\" data-image-title=\"Gustavos Asado &#8211; 1.ce4\" data-image-description=\"&lt;p&gt;Gustavos Asado &#8211; 1&lt;\/p&gt;\n\" data-image-caption=\"&lt;p&gt;Gustavos Asado &#8211; 1&lt;\/p&gt;\n\" data-medium-file=\"https:\/\/i0.wp.com\/my-alps.de\/wp-content\/uploads\/2014\/04\/Gustavos-Asado-1.ce4_.jpg?fit=300%2C225\" data-large-file=\"https:\/\/i0.wp.com\/my-alps.de\/wp-content\/uploads\/2014\/04\/Gustavos-Asado-1.ce4_.jpg?fit=625%2C469\" loading=\"lazy\" class=\"size-full wp-image-983\" alt=\"Gustavos Asado - 1\" src=\"https:\/\/i0.wp.com\/my-alps.de\/wp-content\/uploads\/2014\/04\/Gustavos-Asado-1.ce4_.jpg?resize=625%2C469\" width=\"625\" height=\"469\" srcset=\"https:\/\/i0.wp.com\/my-alps.de\/wp-content\/uploads\/2014\/04\/Gustavos-Asado-1.ce4_.jpg?w=1024 1024w, https:\/\/i0.wp.com\/my-alps.de\/wp-content\/uploads\/2014\/04\/Gustavos-Asado-1.ce4_.jpg?resize=300%2C225 300w\" sizes=\"(max-width: 625px) 100vw, 625px\" data-recalc-dims=\"1\" \/><\/a><p id=\"caption-attachment-983\" class=\"wp-caption-text\">Gustavos Asado &#8211; 1<\/p><\/div>\n<div id=\"attachment_980\" style=\"width: 1034px\" class=\"wp-caption aligncenter\"><a href=\"https:\/\/i0.wp.com\/my-alps.de\/wp-content\/uploads\/2014\/04\/Gustavos-Asado-2.ce4_.jpg\"><img aria-describedby=\"caption-attachment-980\" data-attachment-id=\"980\" data-permalink=\"http:\/\/my-alps.de\/?attachment_id=980\" data-orig-file=\"https:\/\/i0.wp.com\/my-alps.de\/wp-content\/uploads\/2014\/04\/Gustavos-Asado-2.ce4_.jpg?fit=1024%2C768\" data-orig-size=\"1024,768\" data-comments-opened=\"1\" data-image-meta=\"{&quot;aperture&quot;:&quot;1.8&quot;,&quot;credit&quot;:&quot;&quot;,&quot;camera&quot;:&quot;DSC-RX100&quot;,&quot;caption&quot;:&quot;&quot;,&quot;created_timestamp&quot;:&quot;1396644899&quot;,&quot;copyright&quot;:&quot;&quot;,&quot;focal_length&quot;:&quot;10.4&quot;,&quot;iso&quot;:&quot;3200&quot;,&quot;shutter_speed&quot;:&quot;0.2&quot;,&quot;title&quot;:&quot;&quot;}\" data-image-title=\"Gustavos Asado &#8211; 2.ce4\" data-image-description=\"&lt;p&gt;Gustavos Asado &#8211; 2&lt;\/p&gt;\n\" data-image-caption=\"&lt;p&gt;Gustavos Asado &#8211; 2&lt;\/p&gt;\n\" data-medium-file=\"https:\/\/i0.wp.com\/my-alps.de\/wp-content\/uploads\/2014\/04\/Gustavos-Asado-2.ce4_.jpg?fit=300%2C225\" data-large-file=\"https:\/\/i0.wp.com\/my-alps.de\/wp-content\/uploads\/2014\/04\/Gustavos-Asado-2.ce4_.jpg?fit=625%2C469\" loading=\"lazy\" class=\"size-full wp-image-980\" alt=\"Gustavos Asado - 2\" src=\"https:\/\/i0.wp.com\/my-alps.de\/wp-content\/uploads\/2014\/04\/Gustavos-Asado-2.ce4_.jpg?resize=625%2C469\" width=\"625\" height=\"469\" srcset=\"https:\/\/i0.wp.com\/my-alps.de\/wp-content\/uploads\/2014\/04\/Gustavos-Asado-2.ce4_.jpg?w=1024 1024w, https:\/\/i0.wp.com\/my-alps.de\/wp-content\/uploads\/2014\/04\/Gustavos-Asado-2.ce4_.jpg?resize=300%2C225 300w\" sizes=\"(max-width: 625px) 100vw, 625px\" data-recalc-dims=\"1\" \/><\/a><p id=\"caption-attachment-980\" class=\"wp-caption-text\">Gustavos Asado &#8211; 2<\/p><\/div>\n<div id=\"attachment_985\" style=\"width: 1034px\" class=\"wp-caption aligncenter\"><a href=\"https:\/\/i0.wp.com\/my-alps.de\/wp-content\/uploads\/2014\/04\/Gustavos-Asado-3.ce4_.jpg\"><img aria-describedby=\"caption-attachment-985\" data-attachment-id=\"985\" data-permalink=\"http:\/\/my-alps.de\/?attachment_id=985\" data-orig-file=\"https:\/\/i0.wp.com\/my-alps.de\/wp-content\/uploads\/2014\/04\/Gustavos-Asado-3.ce4_.jpg?fit=1024%2C768\" data-orig-size=\"1024,768\" data-comments-opened=\"1\" data-image-meta=\"{&quot;aperture&quot;:&quot;1.8&quot;,&quot;credit&quot;:&quot;&quot;,&quot;camera&quot;:&quot;DSC-RX100&quot;,&quot;caption&quot;:&quot;&quot;,&quot;created_timestamp&quot;:&quot;1396646592&quot;,&quot;copyright&quot;:&quot;&quot;,&quot;focal_length&quot;:&quot;10.4&quot;,&quot;iso&quot;:&quot;3200&quot;,&quot;shutter_speed&quot;:&quot;0.04&quot;,&quot;title&quot;:&quot;&quot;}\" data-image-title=\"Gustavos Asado &#8211; 3.ce4\" data-image-description=\"&lt;p&gt;Gustavos Asado &#8211; 3&lt;\/p&gt;\n\" data-image-caption=\"&lt;p&gt;Gustavos Asado &#8211; 3&lt;\/p&gt;\n\" data-medium-file=\"https:\/\/i0.wp.com\/my-alps.de\/wp-content\/uploads\/2014\/04\/Gustavos-Asado-3.ce4_.jpg?fit=300%2C225\" data-large-file=\"https:\/\/i0.wp.com\/my-alps.de\/wp-content\/uploads\/2014\/04\/Gustavos-Asado-3.ce4_.jpg?fit=625%2C469\" loading=\"lazy\" class=\"size-full wp-image-985\" alt=\"Gustavos Asado - 3\" src=\"https:\/\/i0.wp.com\/my-alps.de\/wp-content\/uploads\/2014\/04\/Gustavos-Asado-3.ce4_.jpg?resize=625%2C469\" width=\"625\" height=\"469\" srcset=\"https:\/\/i0.wp.com\/my-alps.de\/wp-content\/uploads\/2014\/04\/Gustavos-Asado-3.ce4_.jpg?w=1024 1024w, https:\/\/i0.wp.com\/my-alps.de\/wp-content\/uploads\/2014\/04\/Gustavos-Asado-3.ce4_.jpg?resize=300%2C225 300w\" sizes=\"(max-width: 625px) 100vw, 625px\" data-recalc-dims=\"1\" \/><\/a><p id=\"caption-attachment-985\" class=\"wp-caption-text\">Gustavos Asado &#8211; 3<\/p><\/div>\n<div id=\"attachment_986\" style=\"width: 1034px\" class=\"wp-caption aligncenter\"><a href=\"https:\/\/i0.wp.com\/my-alps.de\/wp-content\/uploads\/2014\/04\/Gustavos-Asado-4.ce4_.jpg\"><img aria-describedby=\"caption-attachment-986\" data-attachment-id=\"986\" data-permalink=\"http:\/\/my-alps.de\/?attachment_id=986\" data-orig-file=\"https:\/\/i0.wp.com\/my-alps.de\/wp-content\/uploads\/2014\/04\/Gustavos-Asado-4.ce4_.jpg?fit=1024%2C768\" data-orig-size=\"1024,768\" data-comments-opened=\"1\" data-image-meta=\"{&quot;aperture&quot;:&quot;1.8&quot;,&quot;credit&quot;:&quot;&quot;,&quot;camera&quot;:&quot;DSC-RX100&quot;,&quot;caption&quot;:&quot;&quot;,&quot;created_timestamp&quot;:&quot;1396646644&quot;,&quot;copyright&quot;:&quot;&quot;,&quot;focal_length&quot;:&quot;10.4&quot;,&quot;iso&quot;:&quot;3200&quot;,&quot;shutter_speed&quot;:&quot;0.1&quot;,&quot;title&quot;:&quot;&quot;}\" data-image-title=\"Gustavos Asado &#8211; 4.ce4\" data-image-description=\"&lt;p&gt;Gustavos Asado &#8211; 4&lt;\/p&gt;\n\" data-image-caption=\"&lt;p&gt;Gustavos Asado &#8211; 4&lt;\/p&gt;\n\" data-medium-file=\"https:\/\/i0.wp.com\/my-alps.de\/wp-content\/uploads\/2014\/04\/Gustavos-Asado-4.ce4_.jpg?fit=300%2C225\" data-large-file=\"https:\/\/i0.wp.com\/my-alps.de\/wp-content\/uploads\/2014\/04\/Gustavos-Asado-4.ce4_.jpg?fit=625%2C469\" loading=\"lazy\" class=\"size-full wp-image-986\" alt=\"Gustavos Asado - 4\" src=\"https:\/\/i0.wp.com\/my-alps.de\/wp-content\/uploads\/2014\/04\/Gustavos-Asado-4.ce4_.jpg?resize=625%2C469\" width=\"625\" height=\"469\" srcset=\"https:\/\/i0.wp.com\/my-alps.de\/wp-content\/uploads\/2014\/04\/Gustavos-Asado-4.ce4_.jpg?w=1024 1024w, https:\/\/i0.wp.com\/my-alps.de\/wp-content\/uploads\/2014\/04\/Gustavos-Asado-4.ce4_.jpg?resize=300%2C225 300w\" sizes=\"(max-width: 625px) 100vw, 625px\" data-recalc-dims=\"1\" \/><\/a><p id=\"caption-attachment-986\" class=\"wp-caption-text\">Gustavos Asado &#8211; 4<\/p><\/div>\n<p>&nbsp;<\/p>\n<p>&nbsp;<\/p>\n<p>&nbsp;<\/p>\n","protected":false},"excerpt":{"rendered":"<p>in den letzten Tagen stehen wir in einer wundersch\u00f6nen Bucht bei Gustavo Bihl, einem eingefleischten Wohnmobilfahrer und Grillmeister. Wir haben ihn unterwegs ein paar mal getroffen und unsere &#8222;Luxusburger&#8220; sind seiner Einladung, ihn zu besuchen gefolgt. Da wir auch in der N\u00e4he waren durften wir auch mitkommen.<\/p>\n","protected":false},"author":1,"featured_media":0,"comment_status":"open","ping_status":"open","sticky":false,"template":"","format":"gallery","meta":{"spay_email":"","jetpack_publicize_message":"","jetpack_is_tweetstorm":false,"jetpack_publicize_feature_enabled":true},"categories":[1],"tags":[],"jetpack_featured_media_url":"","jetpack_publicize_connections":[],"jetpack_sharing_enabled":true,"jetpack_shortlink":"https:\/\/wp.me\/p6huce-fP","jetpack-related-posts":[{"id":961,"url":"http:\/\/my-alps.de\/?p=961","url_meta":{"origin":981,"position":0},"title":"Vulkan Osorno und Lago Llanquihue","date":"4. April 2014","format":"gallery","excerpt":"Wir sind auf dem Weg zur\u00fcck von der Insel Chiloe\u2019 \u00fcber Puerto Montt nach Puerto Varas gefahren und machen am Lago Llanquihue Station. Zuerst mussten wir ein heftiges Unwetter zwei Tage \u00fcber uns ergehen lassen, bei dem Regenmassen vom Himmel gefallen sind, die bei uns in Deutschland f\u00fcr ein gesamtes\u2026","rel":"","context":"In &quot;News&quot;","img":{"alt_text":"","src":"https:\/\/i0.wp.com\/my-alps.de\/wp-content\/uploads\/2014\/04\/Bimobil-und-Vulkan-Osorno.jpg?resize=350%2C200","width":350,"height":200},"classes":[]},{"id":1182,"url":"http:\/\/my-alps.de\/?p=1182","url_meta":{"origin":981,"position":1},"title":"\u2026.immer diese Grenzer!","date":"4. Juni 2014","format":"gallery","excerpt":"Als Angeh\u00f6riger des Schengener Abkommens ist einem der Umgang bei der Grenzabfertigung etwas abhanden gekommen. So haben wir uns bei der \u00dcberquerung der Grenze von Chile nach Argentinien am \u201ePaso Cristo Redentor\u201c von einen netten Herrn erst mal an der falschen Zollstelle anstellen lassen. Die Dame am Zoll hat flei\u00dfig\u2026","rel":"","context":"In &quot;News&quot;","img":{"alt_text":"","src":"https:\/\/i0.wp.com\/my-alps.de\/wp-content\/uploads\/2014\/06\/Via-PanAm-Argentinien.jpg?resize=350%2C200","width":350,"height":200},"classes":[]},{"id":1018,"url":"http:\/\/my-alps.de\/?p=1018","url_meta":{"origin":981,"position":2},"title":"Vielen Dank lieber Gustavo","date":"14. April 2014","format":"gallery","excerpt":"f\u00fcr deine herzliche Gastfreundschaft, die Zeit die wir bei dir am See verbringen durften war wundersch\u00f6n und wir haben es sehr genossen. Wir haben richtig Asado gelernt, dein \"Hackepeter\" war k\u00f6stlich, die Empanadas mit Lachs ein Gedicht - kurzum wir haben Urlaub vom Urlaub bei dir genommen. DANKE! Ich habe\u2026","rel":"","context":"In &quot;News&quot;","img":{"alt_text":"","src":"https:\/\/i0.wp.com\/my-alps.de\/wp-content\/uploads\/2014\/04\/Die-Kuh-Elsa.jpg?resize=350%2C200","width":350,"height":200},"classes":[]},{"id":1093,"url":"http:\/\/my-alps.de\/?p=1093","url_meta":{"origin":981,"position":3},"title":"Die chilenische Antwort auf E-Bikes","date":"4. Mai 2014","format":"gallery","excerpt":"Beim schlendern durch Osorno sind wir in ein Viertel gekommen, in dem es ganz viele Werk- St\u00e4tten gibt. Richtige \u201eManufakturen\u201c. So auch eine, in der Fahrr\u00e4der aufgem\u00f6belt und repariert werden. Der Besitzer hat wohl von der E-Bike Welle in Europa Wind bekommen uns sich gedacht: \u201eWir Chilenen, wir k\u00f6nnen das\u2026","rel":"","context":"In &quot;News&quot;","img":{"alt_text":"","src":"https:\/\/i0.wp.com\/my-alps.de\/wp-content\/uploads\/2014\/05\/Die-chilenische-Antwort-auf-E-Bikes-II-sw.jpg?resize=350%2C200","width":350,"height":200},"classes":[]},{"id":360,"url":"http:\/\/my-alps.de\/?p=360","url_meta":{"origin":981,"position":4},"title":"Sippentreffen &#8211; oder &#8222;Der Wilde Osten&#8220;","date":"15. Juli 2013","format":"gallery","excerpt":"So - das letzte Wochenende waren wir wieder mal in Sachen \"Die Familie\" unterwegs. Also war nichts mit herumbasteln an unserem Schneckenhaus. Wir sind also mal zu dem Familienteil von meinem \"Stiefvater\" gefahren um uns dem j\u00e4hrlichen Sippentreffen in Scharfenstein anzuschlie\u00dfen. Dieses Treffen findet jedes Jahr bei einem anderen Familienteil\u2026","rel":"","context":"In &quot;News&quot;","img":{"alt_text":"","src":"https:\/\/i0.wp.com\/my-alps.de\/wp-content\/uploads\/2013\/07\/Der-kleine-Drache-II.jpg?resize=350%2C200","width":350,"height":200},"classes":[]},{"id":1598,"url":"http:\/\/my-alps.de\/?p=1598","url_meta":{"origin":981,"position":5},"title":"Einreiseformalit\u00e4ten","date":"11. September 2014","format":"gallery","excerpt":"Nachdem unsere \u201eTraumstra\u00dfe\u201c wieder einer normalen\u00a0Stra\u00dfe durch ganz normales Peru gewichen ist, fahren\u00a0wir \u00fcber Jaen und St. Ignazio in Richtung Grenze nach Ecuador. Die Stra\u00dfe ist asphaltiert und gut ausgebaut, es herrscht kaum Verkehr, lediglich in den Orten und den beiden St\u00e4dten das \u00fcbliche Chaos an Taxis, Tuk-Tuk\u2019s und Ochsenkarren.\u2026","rel":"","context":"In &quot;News&quot;","img":{"alt_text":"","src":"https:\/\/i0.wp.com\/my-alps.de\/wp-content\/uploads\/2014\/09\/Grenze-Ecuador.jpg?resize=350%2C200","width":350,"height":200},"classes":[]}],"_links":{"self":[{"href":"http:\/\/my-alps.de\/index.php?rest_route=\/wp\/v2\/posts\/981"}],"collection":[{"href":"http:\/\/my-alps.de\/index.php?rest_route=\/wp\/v2\/posts"}],"about":[{"href":"http:\/\/my-alps.de\/index.php?rest_route=\/wp\/v2\/types\/post"}],"author":[{"embeddable":true,"href":"http:\/\/my-alps.de\/index.php?rest_route=\/wp\/v2\/users\/1"}],"replies":[{"embeddable":true,"href":"http:\/\/my-alps.de\/index.php?rest_route=%2Fwp%2Fv2%2Fcomments&post=981"}],"version-history":[{"count":4,"href":"http:\/\/my-alps.de\/index.php?rest_route=\/wp\/v2\/posts\/981\/revisions"}],"predecessor-version":[{"id":989,"href":"http:\/\/my-alps.de\/index.php?rest_route=\/wp\/v2\/posts\/981\/revisions\/989"}],"wp:attachment":[{"href":"http:\/\/my-alps.de\/index.php?rest_route=%2Fwp%2Fv2%2Fmedia&parent=981"}],"wp:term":[{"taxonomy":"category","embeddable":true,"href":"http:\/\/my-alps.de\/index.php?rest_route=%2Fwp%2Fv2%2Fcategories&post=981"},{"taxonomy":"post_tag","embeddable":true,"href":"http:\/\/my-alps.de\/index.php?rest_route=%2Fwp%2Fv2%2Ftags&post=981"}],"curies":[{"name":"wp","href":"https:\/\/api.w.org\/{rel}","templated":true}]}}