{"id":961,"date":"2014-04-04T20:20:58","date_gmt":"2014-04-04T18:20:58","guid":{"rendered":"http:\/\/my-alps.de\/?p=961"},"modified":"2014-04-07T18:58:14","modified_gmt":"2014-04-07T16:58:14","slug":"vulkan-osorno-und-lago-llanquihue","status":"publish","type":"post","link":"http:\/\/my-alps.de\/?p=961","title":{"rendered":"Vulkan Osorno und Lago Llanquihue"},"content":{"rendered":"<p>Wir sind auf dem Weg zur\u00fcck von der Insel Chiloe\u2019 \u00fcber Puerto Montt nach Puerto Varas gefahren und machen am Lago Llanquihue Station.<\/p>\n<div id=\"attachment_967\" style=\"width: 1034px\" class=\"wp-caption aligncenter\"><a href=\"https:\/\/i0.wp.com\/my-alps.de\/wp-content\/uploads\/2014\/04\/Sundowner-Gustavos-Bucht-ce4.jpg\"><img aria-describedby=\"caption-attachment-967\" data-attachment-id=\"967\" data-permalink=\"http:\/\/my-alps.de\/?attachment_id=967\" data-orig-file=\"https:\/\/i0.wp.com\/my-alps.de\/wp-content\/uploads\/2014\/04\/Sundowner-Gustavos-Bucht-ce4.jpg?fit=1024%2C683\" data-orig-size=\"1024,683\" data-comments-opened=\"1\" data-image-meta=\"{&quot;aperture&quot;:&quot;8&quot;,&quot;credit&quot;:&quot;&quot;,&quot;camera&quot;:&quot;SLT-A99V&quot;,&quot;caption&quot;:&quot;&quot;,&quot;created_timestamp&quot;:&quot;1396556796&quot;,&quot;copyright&quot;:&quot;&quot;,&quot;focal_length&quot;:&quot;24&quot;,&quot;iso&quot;:&quot;100&quot;,&quot;shutter_speed&quot;:&quot;0.005&quot;,&quot;title&quot;:&quot;&quot;}\" data-image-title=\"Sundowner &#8211; Gustavos Bucht &#8211; ce4\" data-image-description=\"&lt;p&gt;Sundowner &#8211; Gustavos Bucht&lt;\/p&gt;\n\" data-image-caption=\"&lt;p&gt;Sundowner &#8211; Gustavos Bucht&lt;\/p&gt;\n\" data-medium-file=\"https:\/\/i0.wp.com\/my-alps.de\/wp-content\/uploads\/2014\/04\/Sundowner-Gustavos-Bucht-ce4.jpg?fit=300%2C200\" data-large-file=\"https:\/\/i0.wp.com\/my-alps.de\/wp-content\/uploads\/2014\/04\/Sundowner-Gustavos-Bucht-ce4.jpg?fit=625%2C417\" loading=\"lazy\" class=\"size-full wp-image-967\" alt=\"Sundowner - Gustavos Bucht\" src=\"https:\/\/i0.wp.com\/my-alps.de\/wp-content\/uploads\/2014\/04\/Sundowner-Gustavos-Bucht-ce4.jpg?resize=625%2C417\" width=\"625\" height=\"417\" srcset=\"https:\/\/i0.wp.com\/my-alps.de\/wp-content\/uploads\/2014\/04\/Sundowner-Gustavos-Bucht-ce4.jpg?w=1024 1024w, https:\/\/i0.wp.com\/my-alps.de\/wp-content\/uploads\/2014\/04\/Sundowner-Gustavos-Bucht-ce4.jpg?resize=300%2C200 300w\" sizes=\"(max-width: 625px) 100vw, 625px\" data-recalc-dims=\"1\" \/><\/a><p id=\"caption-attachment-967\" class=\"wp-caption-text\">Sundowner &#8211; Gustavos Bucht<\/p><\/div>\n<p><!--more--><\/p>\n<p>Zuerst mussten wir ein heftiges Unwetter zwei Tage \u00fcber uns ergehen lassen, bei dem Regenmassen vom Himmel gefallen sind, die bei uns in Deutschland f\u00fcr ein gesamtes Jahr ausreichen w\u00fcrden.<\/p>\n<div id=\"attachment_968\" style=\"width: 693px\" class=\"wp-caption aligncenter\"><a href=\"https:\/\/i0.wp.com\/my-alps.de\/wp-content\/uploads\/2014\/04\/letzte-Vulkanschlammlieferung-sw.jpg\"><img aria-describedby=\"caption-attachment-968\" data-attachment-id=\"968\" data-permalink=\"http:\/\/my-alps.de\/?attachment_id=968\" data-orig-file=\"https:\/\/i0.wp.com\/my-alps.de\/wp-content\/uploads\/2014\/04\/letzte-Vulkanschlammlieferung-sw.jpg?fit=683%2C1024\" data-orig-size=\"683,1024\" data-comments-opened=\"1\" data-image-meta=\"{&quot;aperture&quot;:&quot;6.7&quot;,&quot;credit&quot;:&quot;&quot;,&quot;camera&quot;:&quot;SLT-A99V&quot;,&quot;caption&quot;:&quot;&quot;,&quot;created_timestamp&quot;:&quot;1396270328&quot;,&quot;copyright&quot;:&quot;&quot;,&quot;focal_length&quot;:&quot;70&quot;,&quot;iso&quot;:&quot;100&quot;,&quot;shutter_speed&quot;:&quot;0.005&quot;,&quot;title&quot;:&quot;&quot;}\" data-image-title=\"letzte Vulkanschlammlieferung &#8211; sw\" data-image-description=\"&lt;p&gt;letzte Vulkanschlammlieferung&lt;\/p&gt;\n\" data-image-caption=\"&lt;p&gt;letzte Vulkanschlammlieferung&lt;\/p&gt;\n\" data-medium-file=\"https:\/\/i0.wp.com\/my-alps.de\/wp-content\/uploads\/2014\/04\/letzte-Vulkanschlammlieferung-sw.jpg?fit=200%2C300\" data-large-file=\"https:\/\/i0.wp.com\/my-alps.de\/wp-content\/uploads\/2014\/04\/letzte-Vulkanschlammlieferung-sw.jpg?fit=625%2C937\" loading=\"lazy\" class=\"size-full wp-image-968\" alt=\"letzte Vulkanschlammlieferung\" src=\"https:\/\/i0.wp.com\/my-alps.de\/wp-content\/uploads\/2014\/04\/letzte-Vulkanschlammlieferung-sw.jpg?resize=625%2C937\" width=\"625\" height=\"937\" srcset=\"https:\/\/i0.wp.com\/my-alps.de\/wp-content\/uploads\/2014\/04\/letzte-Vulkanschlammlieferung-sw.jpg?w=683 683w, https:\/\/i0.wp.com\/my-alps.de\/wp-content\/uploads\/2014\/04\/letzte-Vulkanschlammlieferung-sw.jpg?resize=200%2C300 200w\" sizes=\"(max-width: 625px) 100vw, 625px\" data-recalc-dims=\"1\" \/><\/a><p id=\"caption-attachment-968\" class=\"wp-caption-text\">letzte Vulkanschlammlieferung<\/p><\/div>\n<p>Nach den heftigen Regenf\u00e4llen mussten wir vorher auf einen Campingplatz ausweichen, der offen hatte damit wir 220 Volt anschlie\u00dfen konnten. Der Stromkasten war nicht sehr vertrauenserweckend, aber<\/p>\n<div id=\"attachment_970\" style=\"width: 1034px\" class=\"wp-caption aligncenter\"><a href=\"https:\/\/i0.wp.com\/my-alps.de\/wp-content\/uploads\/2014\/04\/dem-Chilenen-sein-Strom.jpg\"><img aria-describedby=\"caption-attachment-970\" data-attachment-id=\"970\" data-permalink=\"http:\/\/my-alps.de\/?attachment_id=970\" data-orig-file=\"https:\/\/i0.wp.com\/my-alps.de\/wp-content\/uploads\/2014\/04\/dem-Chilenen-sein-Strom.jpg?fit=1024%2C1024\" data-orig-size=\"1024,1024\" data-comments-opened=\"1\" data-image-meta=\"{&quot;aperture&quot;:&quot;4&quot;,&quot;credit&quot;:&quot;&quot;,&quot;camera&quot;:&quot;SLT-A99V&quot;,&quot;caption&quot;:&quot;&quot;,&quot;created_timestamp&quot;:&quot;1396261023&quot;,&quot;copyright&quot;:&quot;&quot;,&quot;focal_length&quot;:&quot;35&quot;,&quot;iso&quot;:&quot;100&quot;,&quot;shutter_speed&quot;:&quot;0.005&quot;,&quot;title&quot;:&quot;&quot;}\" data-image-title=\"dem Chilenen sein Strom\" data-image-description=\"&lt;p&gt;dem Chilenen sein Strom&lt;\/p&gt;\n\" data-image-caption=\"&lt;p&gt;dem Chilenen sein Strom&lt;\/p&gt;\n\" data-medium-file=\"https:\/\/i0.wp.com\/my-alps.de\/wp-content\/uploads\/2014\/04\/dem-Chilenen-sein-Strom.jpg?fit=300%2C300\" data-large-file=\"https:\/\/i0.wp.com\/my-alps.de\/wp-content\/uploads\/2014\/04\/dem-Chilenen-sein-Strom.jpg?fit=625%2C625\" loading=\"lazy\" class=\"size-full wp-image-970\" alt=\"dem Chilenen sein Strom\" src=\"https:\/\/i0.wp.com\/my-alps.de\/wp-content\/uploads\/2014\/04\/dem-Chilenen-sein-Strom.jpg?resize=625%2C625\" width=\"625\" height=\"625\" srcset=\"https:\/\/i0.wp.com\/my-alps.de\/wp-content\/uploads\/2014\/04\/dem-Chilenen-sein-Strom.jpg?w=1024 1024w, https:\/\/i0.wp.com\/my-alps.de\/wp-content\/uploads\/2014\/04\/dem-Chilenen-sein-Strom.jpg?resize=290%2C290 290w, https:\/\/i0.wp.com\/my-alps.de\/wp-content\/uploads\/2014\/04\/dem-Chilenen-sein-Strom.jpg?resize=300%2C300 300w\" sizes=\"(max-width: 625px) 100vw, 625px\" data-recalc-dims=\"1\" \/><\/a><p id=\"caption-attachment-970\" class=\"wp-caption-text\">dem Chilenen sein Strom<\/p><\/div>\n<p>die Heizung hat\u2019s \u00fcberlebt.<\/p>\n<p>Danach haben wir einen Ausflug zum Vulkan Osorno gemacht.<br \/>\nAm Ufer vom Lago \u201eTodos Los Santos\u201c war der Campingplatz leider schon geschlossen, aber die Parkranger haben uns direkt am Strand stehen lassen. \u201eNo Problem\u201c<\/p>\n<div id=\"attachment_972\" style=\"width: 1034px\" class=\"wp-caption aligncenter\"><a href=\"https:\/\/i0.wp.com\/my-alps.de\/wp-content\/uploads\/2014\/04\/Bimobil-und-Vulkan-Osorno.jpg\"><img aria-describedby=\"caption-attachment-972\" data-attachment-id=\"972\" data-permalink=\"http:\/\/my-alps.de\/?attachment_id=972\" data-orig-file=\"https:\/\/i0.wp.com\/my-alps.de\/wp-content\/uploads\/2014\/04\/Bimobil-und-Vulkan-Osorno.jpg?fit=1024%2C683\" data-orig-size=\"1024,683\" data-comments-opened=\"1\" data-image-meta=\"{&quot;aperture&quot;:&quot;11&quot;,&quot;credit&quot;:&quot;&quot;,&quot;camera&quot;:&quot;SLT-A99V&quot;,&quot;caption&quot;:&quot;&quot;,&quot;created_timestamp&quot;:&quot;1396289377&quot;,&quot;copyright&quot;:&quot;&quot;,&quot;focal_length&quot;:&quot;55&quot;,&quot;iso&quot;:&quot;100&quot;,&quot;shutter_speed&quot;:&quot;0.008&quot;,&quot;title&quot;:&quot;&quot;}\" data-image-title=\"Bimobil und Vulkan Osorno\" data-image-description=\"&lt;p&gt;Bimobil und Vulkan Osorno&lt;\/p&gt;\n\" data-image-caption=\"&lt;p&gt;Bimobil und Vulkan Osorno&lt;\/p&gt;\n\" data-medium-file=\"https:\/\/i0.wp.com\/my-alps.de\/wp-content\/uploads\/2014\/04\/Bimobil-und-Vulkan-Osorno.jpg?fit=300%2C200\" data-large-file=\"https:\/\/i0.wp.com\/my-alps.de\/wp-content\/uploads\/2014\/04\/Bimobil-und-Vulkan-Osorno.jpg?fit=625%2C417\" loading=\"lazy\" class=\"size-full wp-image-972\" alt=\"Bimobil und Vulkan Osorno\" src=\"https:\/\/i0.wp.com\/my-alps.de\/wp-content\/uploads\/2014\/04\/Bimobil-und-Vulkan-Osorno.jpg?resize=625%2C417\" width=\"625\" height=\"417\" srcset=\"https:\/\/i0.wp.com\/my-alps.de\/wp-content\/uploads\/2014\/04\/Bimobil-und-Vulkan-Osorno.jpg?w=1024 1024w, https:\/\/i0.wp.com\/my-alps.de\/wp-content\/uploads\/2014\/04\/Bimobil-und-Vulkan-Osorno.jpg?resize=300%2C200 300w\" sizes=\"(max-width: 625px) 100vw, 625px\" data-recalc-dims=\"1\" \/><\/a><p id=\"caption-attachment-972\" class=\"wp-caption-text\">Bimobil und Vulkan Osorno<\/p><\/div>\n<p>Fr\u00fch aufgestanden um den Sonnenaufgang am Vulkan zu erleben.<\/p>\n<div id=\"attachment_965\" style=\"width: 1034px\" class=\"wp-caption aligncenter\"><a href=\"https:\/\/i0.wp.com\/my-alps.de\/wp-content\/uploads\/2014\/04\/vor-Sonnenaufgang-am-Osorno-HD.jpg\"><img aria-describedby=\"caption-attachment-965\" data-attachment-id=\"965\" data-permalink=\"http:\/\/my-alps.de\/?attachment_id=965\" data-orig-file=\"https:\/\/i0.wp.com\/my-alps.de\/wp-content\/uploads\/2014\/04\/vor-Sonnenaufgang-am-Osorno-HD.jpg?fit=1024%2C576\" data-orig-size=\"1024,576\" data-comments-opened=\"1\" data-image-meta=\"{&quot;aperture&quot;:&quot;4&quot;,&quot;credit&quot;:&quot;&quot;,&quot;camera&quot;:&quot;SLT-A99V&quot;,&quot;caption&quot;:&quot;&quot;,&quot;created_timestamp&quot;:&quot;1396339099&quot;,&quot;copyright&quot;:&quot;&quot;,&quot;focal_length&quot;:&quot;40&quot;,&quot;iso&quot;:&quot;400&quot;,&quot;shutter_speed&quot;:&quot;0.008&quot;,&quot;title&quot;:&quot;&quot;}\" data-image-title=\"vor Sonnenaufgang am Osorno &#8211; HD\" data-image-description=\"&lt;p&gt;vor Sonnenaufgang am Osorno&lt;\/p&gt;\n\" data-image-caption=\"&lt;p&gt;vor Sonnenaufgang am Osorno&lt;\/p&gt;\n\" data-medium-file=\"https:\/\/i0.wp.com\/my-alps.de\/wp-content\/uploads\/2014\/04\/vor-Sonnenaufgang-am-Osorno-HD.jpg?fit=300%2C168\" data-large-file=\"https:\/\/i0.wp.com\/my-alps.de\/wp-content\/uploads\/2014\/04\/vor-Sonnenaufgang-am-Osorno-HD.jpg?fit=625%2C352\" loading=\"lazy\" class=\"size-full wp-image-965\" alt=\"vor Sonnenaufgang am Osorno\" src=\"https:\/\/i0.wp.com\/my-alps.de\/wp-content\/uploads\/2014\/04\/vor-Sonnenaufgang-am-Osorno-HD.jpg?resize=625%2C352\" width=\"625\" height=\"352\" srcset=\"https:\/\/i0.wp.com\/my-alps.de\/wp-content\/uploads\/2014\/04\/vor-Sonnenaufgang-am-Osorno-HD.jpg?w=1024 1024w, https:\/\/i0.wp.com\/my-alps.de\/wp-content\/uploads\/2014\/04\/vor-Sonnenaufgang-am-Osorno-HD.jpg?resize=300%2C168 300w\" sizes=\"(max-width: 625px) 100vw, 625px\" data-recalc-dims=\"1\" \/><\/a><p id=\"caption-attachment-965\" class=\"wp-caption-text\">vor Sonnenaufgang am Osorno<\/p><\/div>\n<div id=\"attachment_969\" style=\"width: 1034px\" class=\"wp-caption aligncenter\"><a href=\"https:\/\/i0.wp.com\/my-alps.de\/wp-content\/uploads\/2014\/04\/sanfter-Morning-Glow.ce4_.jpg\"><img aria-describedby=\"caption-attachment-969\" data-attachment-id=\"969\" data-permalink=\"http:\/\/my-alps.de\/?attachment_id=969\" data-orig-file=\"https:\/\/i0.wp.com\/my-alps.de\/wp-content\/uploads\/2014\/04\/sanfter-Morning-Glow.ce4_.jpg?fit=1024%2C683\" data-orig-size=\"1024,683\" data-comments-opened=\"1\" data-image-meta=\"{&quot;aperture&quot;:&quot;5.6&quot;,&quot;credit&quot;:&quot;&quot;,&quot;camera&quot;:&quot;SLT-A99V&quot;,&quot;caption&quot;:&quot;&quot;,&quot;created_timestamp&quot;:&quot;1396339920&quot;,&quot;copyright&quot;:&quot;&quot;,&quot;focal_length&quot;:&quot;70&quot;,&quot;iso&quot;:&quot;200&quot;,&quot;shutter_speed&quot;:&quot;0.008&quot;,&quot;title&quot;:&quot;&quot;}\" data-image-title=\"sanfter Morning-Glow.ce4\" data-image-description=\"&lt;p&gt;sanfter Morning-Glow&lt;\/p&gt;\n\" data-image-caption=\"&lt;p&gt;sanfter Morning-Glow&lt;\/p&gt;\n\" data-medium-file=\"https:\/\/i0.wp.com\/my-alps.de\/wp-content\/uploads\/2014\/04\/sanfter-Morning-Glow.ce4_.jpg?fit=300%2C200\" data-large-file=\"https:\/\/i0.wp.com\/my-alps.de\/wp-content\/uploads\/2014\/04\/sanfter-Morning-Glow.ce4_.jpg?fit=625%2C417\" loading=\"lazy\" class=\"size-full wp-image-969\" alt=\"sanfter Morning-Glow\" src=\"https:\/\/i0.wp.com\/my-alps.de\/wp-content\/uploads\/2014\/04\/sanfter-Morning-Glow.ce4_.jpg?resize=625%2C417\" width=\"625\" height=\"417\" srcset=\"https:\/\/i0.wp.com\/my-alps.de\/wp-content\/uploads\/2014\/04\/sanfter-Morning-Glow.ce4_.jpg?w=1024 1024w, https:\/\/i0.wp.com\/my-alps.de\/wp-content\/uploads\/2014\/04\/sanfter-Morning-Glow.ce4_.jpg?resize=300%2C200 300w\" sizes=\"(max-width: 625px) 100vw, 625px\" data-recalc-dims=\"1\" \/><\/a><p id=\"caption-attachment-969\" class=\"wp-caption-text\">sanfter Morning-Glow<\/p><\/div>\n<p>Ganz langsam ist die Morgend\u00e4mmerung der aufgehenden Sonne gewichen\u00a0<span style=\"line-height: 1.5;\">und hat die Spitze des Vulkans in sanftem Licht erstrahlen lassen.<\/span><\/p>\n<div id=\"attachment_966\" style=\"width: 1034px\" class=\"wp-caption aligncenter\"><a href=\"https:\/\/i0.wp.com\/my-alps.de\/wp-content\/uploads\/2014\/04\/Sonne-und-Wolken-am-Vulkan-Osorno-Sonneneruption.jpg\"><img aria-describedby=\"caption-attachment-966\" data-attachment-id=\"966\" data-permalink=\"http:\/\/my-alps.de\/?attachment_id=966\" data-orig-file=\"https:\/\/i0.wp.com\/my-alps.de\/wp-content\/uploads\/2014\/04\/Sonne-und-Wolken-am-Vulkan-Osorno-Sonneneruption.jpg?fit=1024%2C683\" data-orig-size=\"1024,683\" data-comments-opened=\"1\" data-image-meta=\"{&quot;aperture&quot;:&quot;13&quot;,&quot;credit&quot;:&quot;&quot;,&quot;camera&quot;:&quot;SLT-A99V&quot;,&quot;caption&quot;:&quot;&quot;,&quot;created_timestamp&quot;:&quot;1396289788&quot;,&quot;copyright&quot;:&quot;&quot;,&quot;focal_length&quot;:&quot;150&quot;,&quot;iso&quot;:&quot;100&quot;,&quot;shutter_speed&quot;:&quot;0.002&quot;,&quot;title&quot;:&quot;&quot;}\" data-image-title=\"Sonne und Wolken am Vulkan Osorno &#8211; Sonneneruption\" data-image-description=\"&lt;p&gt;Sonne und Wolken am Vulkan Osorno &#8211; Sonneneruption&lt;\/p&gt;\n\" data-image-caption=\"&lt;p&gt;Sonne und Wolken am Vulkan Osorno &#8211; Sonneneruption&lt;\/p&gt;\n\" data-medium-file=\"https:\/\/i0.wp.com\/my-alps.de\/wp-content\/uploads\/2014\/04\/Sonne-und-Wolken-am-Vulkan-Osorno-Sonneneruption.jpg?fit=300%2C200\" data-large-file=\"https:\/\/i0.wp.com\/my-alps.de\/wp-content\/uploads\/2014\/04\/Sonne-und-Wolken-am-Vulkan-Osorno-Sonneneruption.jpg?fit=625%2C417\" loading=\"lazy\" class=\"size-full wp-image-966\" alt=\"Sonne und Wolken am Vulkan Osorno - Sonneneruption\" src=\"https:\/\/i0.wp.com\/my-alps.de\/wp-content\/uploads\/2014\/04\/Sonne-und-Wolken-am-Vulkan-Osorno-Sonneneruption.jpg?resize=625%2C417\" width=\"625\" height=\"417\" srcset=\"https:\/\/i0.wp.com\/my-alps.de\/wp-content\/uploads\/2014\/04\/Sonne-und-Wolken-am-Vulkan-Osorno-Sonneneruption.jpg?w=1024 1024w, https:\/\/i0.wp.com\/my-alps.de\/wp-content\/uploads\/2014\/04\/Sonne-und-Wolken-am-Vulkan-Osorno-Sonneneruption.jpg?resize=300%2C200 300w\" sizes=\"(max-width: 625px) 100vw, 625px\" data-recalc-dims=\"1\" \/><\/a><p id=\"caption-attachment-966\" class=\"wp-caption-text\">Sonne und Wolken am Vulkan Osorno &#8211; Sonneneruption<\/p><\/div>\n<p>Nachmittags gab es dann ein furioses Wolkenschauspiel.<\/p>\n<div id=\"attachment_971\" style=\"width: 1034px\" class=\"wp-caption aligncenter\"><a href=\"https:\/\/i0.wp.com\/my-alps.de\/wp-content\/uploads\/2014\/04\/Erdgeschichte-I-HD.jpg\"><img aria-describedby=\"caption-attachment-971\" data-attachment-id=\"971\" data-permalink=\"http:\/\/my-alps.de\/?attachment_id=971\" data-orig-file=\"https:\/\/i0.wp.com\/my-alps.de\/wp-content\/uploads\/2014\/04\/Erdgeschichte-I-HD.jpg?fit=1024%2C576\" data-orig-size=\"1024,576\" data-comments-opened=\"1\" data-image-meta=\"{&quot;aperture&quot;:&quot;11&quot;,&quot;credit&quot;:&quot;&quot;,&quot;camera&quot;:&quot;SLT-A99V&quot;,&quot;caption&quot;:&quot;&quot;,&quot;created_timestamp&quot;:&quot;1396267270&quot;,&quot;copyright&quot;:&quot;&quot;,&quot;focal_length&quot;:&quot;24&quot;,&quot;iso&quot;:&quot;100&quot;,&quot;shutter_speed&quot;:&quot;0.008&quot;,&quot;title&quot;:&quot;&quot;}\" data-image-title=\"Erdgeschichte-I &#8211; HD\" data-image-description=\"&lt;p&gt;Erdgeschichte&lt;\/p&gt;\n\" data-image-caption=\"&lt;p&gt;Erdgeschichte&lt;\/p&gt;\n\" data-medium-file=\"https:\/\/i0.wp.com\/my-alps.de\/wp-content\/uploads\/2014\/04\/Erdgeschichte-I-HD.jpg?fit=300%2C168\" data-large-file=\"https:\/\/i0.wp.com\/my-alps.de\/wp-content\/uploads\/2014\/04\/Erdgeschichte-I-HD.jpg?fit=625%2C352\" loading=\"lazy\" class=\"size-full wp-image-971\" alt=\"Erdgeschichte\" src=\"https:\/\/i0.wp.com\/my-alps.de\/wp-content\/uploads\/2014\/04\/Erdgeschichte-I-HD.jpg?resize=625%2C352\" width=\"625\" height=\"352\" srcset=\"https:\/\/i0.wp.com\/my-alps.de\/wp-content\/uploads\/2014\/04\/Erdgeschichte-I-HD.jpg?w=1024 1024w, https:\/\/i0.wp.com\/my-alps.de\/wp-content\/uploads\/2014\/04\/Erdgeschichte-I-HD.jpg?resize=300%2C168 300w\" sizes=\"(max-width: 625px) 100vw, 625px\" data-recalc-dims=\"1\" \/><\/a><p id=\"caption-attachment-971\" class=\"wp-caption-text\">Erdgeschichte<\/p><\/div>\n<p>Wir sind an dem Strand zwei Tage geblieben und haben unser WOMO erst mal wieder trockengelegt. Am zweiten Tag sind Toni und Gabi, unsere \u201eLuxusburger\u201c auch wieder aufgetaucht. Wir \u201eBummelberger\u201c und die beiden treffen uns schon einen ganzen Monat immer wieder an den gleichen Pl\u00e4tzen, da wir die gleiche Reiseroute haben.<\/p>\n<div id=\"attachment_964\" style=\"width: 1034px\" class=\"wp-caption aligncenter\"><a href=\"https:\/\/i0.wp.com\/my-alps.de\/wp-content\/uploads\/2014\/04\/Vulkan-Chacabuco-ce4.jpg\"><img aria-describedby=\"caption-attachment-964\" data-attachment-id=\"964\" data-permalink=\"http:\/\/my-alps.de\/?attachment_id=964\" data-orig-file=\"https:\/\/i0.wp.com\/my-alps.de\/wp-content\/uploads\/2014\/04\/Vulkan-Chacabuco-ce4.jpg?fit=1024%2C683\" data-orig-size=\"1024,683\" data-comments-opened=\"1\" data-image-meta=\"{&quot;aperture&quot;:&quot;8&quot;,&quot;credit&quot;:&quot;&quot;,&quot;camera&quot;:&quot;SLT-A99V&quot;,&quot;caption&quot;:&quot;&quot;,&quot;created_timestamp&quot;:&quot;1396552711&quot;,&quot;copyright&quot;:&quot;&quot;,&quot;focal_length&quot;:&quot;70&quot;,&quot;iso&quot;:&quot;100&quot;,&quot;shutter_speed&quot;:&quot;0.004&quot;,&quot;title&quot;:&quot;&quot;}\" data-image-title=\"Vulkan Chacabuco &#8211; ce4\" data-image-description=\"&lt;p&gt;Vulkan Chacabuco&lt;\/p&gt;\n\" data-image-caption=\"&lt;p&gt;Vulkan Chacabuco&lt;\/p&gt;\n\" data-medium-file=\"https:\/\/i0.wp.com\/my-alps.de\/wp-content\/uploads\/2014\/04\/Vulkan-Chacabuco-ce4.jpg?fit=300%2C200\" data-large-file=\"https:\/\/i0.wp.com\/my-alps.de\/wp-content\/uploads\/2014\/04\/Vulkan-Chacabuco-ce4.jpg?fit=625%2C417\" loading=\"lazy\" class=\"size-full wp-image-964\" alt=\"Vulkan Chacabuco\" src=\"https:\/\/i0.wp.com\/my-alps.de\/wp-content\/uploads\/2014\/04\/Vulkan-Chacabuco-ce4.jpg?resize=625%2C417\" width=\"625\" height=\"417\" srcset=\"https:\/\/i0.wp.com\/my-alps.de\/wp-content\/uploads\/2014\/04\/Vulkan-Chacabuco-ce4.jpg?w=1024 1024w, https:\/\/i0.wp.com\/my-alps.de\/wp-content\/uploads\/2014\/04\/Vulkan-Chacabuco-ce4.jpg?resize=300%2C200 300w\" sizes=\"(max-width: 625px) 100vw, 625px\" data-recalc-dims=\"1\" \/><\/a><p id=\"caption-attachment-964\" class=\"wp-caption-text\">Vulkan Chacabuco<\/p><\/div>\n<p>Toni und Gabi haben auch den \u201eGustavo\u201c, einen Deutsch-Chilenen kennengelernt. \u201eGustavo\u201c hat eine \u201ekleine\u201c Farm direkt vom Ufer des See\u2019s bis zur Schneegrenze am Vulkan. Er ist begeisterter WOMO &#8211; Fahrer und wir haben ihn am Lago Fagnano in Feuerland getroffen. Nun wollen wir ihn gemeinsam einen Besuch abstatten.<\/p>\n<div id=\"attachment_963\" style=\"width: 1034px\" class=\"wp-caption aligncenter\"><a href=\"https:\/\/i0.wp.com\/my-alps.de\/wp-content\/uploads\/2014\/04\/Die-Bummelberger-und-die-Luxusburger.jpg\"><img aria-describedby=\"caption-attachment-963\" data-attachment-id=\"963\" data-permalink=\"http:\/\/my-alps.de\/?attachment_id=963\" data-orig-file=\"https:\/\/i0.wp.com\/my-alps.de\/wp-content\/uploads\/2014\/04\/Die-Bummelberger-und-die-Luxusburger.jpg?fit=1024%2C682\" data-orig-size=\"1024,682\" data-comments-opened=\"1\" data-image-meta=\"{&quot;aperture&quot;:&quot;5.6&quot;,&quot;credit&quot;:&quot;&quot;,&quot;camera&quot;:&quot;SLT-A99V&quot;,&quot;caption&quot;:&quot;&quot;,&quot;created_timestamp&quot;:&quot;1396453284&quot;,&quot;copyright&quot;:&quot;&quot;,&quot;focal_length&quot;:&quot;26&quot;,&quot;iso&quot;:&quot;100&quot;,&quot;shutter_speed&quot;:&quot;0.0028571428571429&quot;,&quot;title&quot;:&quot;&quot;}\" data-image-title=\"Die Bummelberger und die Luxusburger\" data-image-description=\"&lt;p&gt;Die Bummelberger und die Luxusburger&lt;\/p&gt;\n\" data-image-caption=\"&lt;p&gt;Die Bummelberger und die Luxusburger&lt;\/p&gt;\n\" data-medium-file=\"https:\/\/i0.wp.com\/my-alps.de\/wp-content\/uploads\/2014\/04\/Die-Bummelberger-und-die-Luxusburger.jpg?fit=300%2C199\" data-large-file=\"https:\/\/i0.wp.com\/my-alps.de\/wp-content\/uploads\/2014\/04\/Die-Bummelberger-und-die-Luxusburger.jpg?fit=625%2C416\" loading=\"lazy\" class=\"size-full wp-image-963\" alt=\"Die Bummelberger und die Luxusburger\" src=\"https:\/\/i0.wp.com\/my-alps.de\/wp-content\/uploads\/2014\/04\/Die-Bummelberger-und-die-Luxusburger.jpg?resize=625%2C416\" width=\"625\" height=\"416\" srcset=\"https:\/\/i0.wp.com\/my-alps.de\/wp-content\/uploads\/2014\/04\/Die-Bummelberger-und-die-Luxusburger.jpg?w=1024 1024w, https:\/\/i0.wp.com\/my-alps.de\/wp-content\/uploads\/2014\/04\/Die-Bummelberger-und-die-Luxusburger.jpg?resize=300%2C199 300w\" sizes=\"(max-width: 625px) 100vw, 625px\" data-recalc-dims=\"1\" \/><\/a><p id=\"caption-attachment-963\" class=\"wp-caption-text\">Die Bummelberger und die Luxusburger<\/p><\/div>\n<p>&nbsp;<\/p>\n","protected":false},"excerpt":{"rendered":"<p>Wir sind auf dem Weg zur\u00fcck von der Insel Chiloe\u2019 \u00fcber Puerto Montt nach Puerto Varas gefahren und machen am Lago Llanquihue Station.<\/p>\n","protected":false},"author":1,"featured_media":0,"comment_status":"open","ping_status":"open","sticky":false,"template":"","format":"gallery","meta":{"spay_email":"","jetpack_publicize_message":"","jetpack_is_tweetstorm":false,"jetpack_publicize_feature_enabled":true},"categories":[1],"tags":[],"jetpack_featured_media_url":"","jetpack_publicize_connections":[],"jetpack_sharing_enabled":true,"jetpack_shortlink":"https:\/\/wp.me\/p6huce-fv","jetpack-related-posts":[{"id":1120,"url":"http:\/\/my-alps.de\/?p=1120","url_meta":{"origin":961,"position":0},"title":"Araukanien &#8211; 2. Versuch","date":"11. Mai 2014","format":"gallery","excerpt":"Unser \u201ekurzer\u201c Abstecher in Argentinien neigt sich dem Ende zu. Wir haben die starken Regenf\u00e4lle \u201eabgewettert\u201c und stehen nun wieder am Grenz\u00fcbergang am Vulkan Lanin. Wir \u00fcbernachten an der Rangerstation im Nationalpark und machen einen kleinen Ausflug zum Lago Tromen. Hier gibt es schon die ersten Araukarienw\u00e4lder und dieser Methusalem\u2026","rel":"","context":"In &quot;News&quot;","img":{"alt_text":"","src":"https:\/\/i0.wp.com\/my-alps.de\/wp-content\/uploads\/2014\/05\/Vulkan-Lanin-ce4-3x2.jpg?resize=350%2C200","width":350,"height":200},"classes":[]},{"id":1059,"url":"http:\/\/my-alps.de\/?p=1059","url_meta":{"origin":961,"position":1},"title":"Indian Summer im Mapuche Land","date":"28. April 2014","format":"gallery","excerpt":"Nachdem wir unsere Ersatzteile f\u00fcr die Reparatur unseres Allradantriebes in Deutschland bestellt hatten, war es an der Zeit in Osorno aufzubrechen. Wir werden einige Tage nach Argentinien fahren, da unser 90 Tage Aufenthaltsvisum in Chile bald abl\u00e4uft, und wir durch den Grenz\u00fcbertritt das Visum ganz einfach wieder erneuern k\u00f6nnen. Es\u2026","rel":"","context":"In &quot;News&quot;","img":{"alt_text":"","src":"https:\/\/i0.wp.com\/my-alps.de\/wp-content\/uploads\/2014\/04\/Lago-Villarino-ce4-beschnitten.jpg?resize=350%2C200","width":350,"height":200},"classes":[]},{"id":1653,"url":"http:\/\/my-alps.de\/?p=1653","url_meta":{"origin":961,"position":2},"title":"zum aktiven Vulkan Tungurahua","date":"24. September 2014","format":"gallery","excerpt":"Den ersten Tag, den wir in Banos verbracht haben konnten wir den Vulkan nur hinter dichten Wolken erahnen. Wir haben deshalb einige Ausfl\u00fcge zu den Wasserf\u00e4llen in der Gegend gemacht und uns Banos angeschaut. Doch am zweiten Tag hat das Wetter f\u00fcr einige Minuten etwas Nachsicht ge\u00fcbt und wir haben\u2026","rel":"","context":"In &quot;News&quot;","img":{"alt_text":"","src":"https:\/\/i0.wp.com\/my-alps.de\/wp-content\/uploads\/2014\/09\/Vulkan-Tungurahua-II-ce4-dfine.jpg?resize=350%2C200","width":350,"height":200},"classes":[]},{"id":959,"url":"http:\/\/my-alps.de\/?p=959","url_meta":{"origin":961,"position":3},"title":"Keine Panik &#8211; kein Erdbeben und kein Tsunami","date":"4. April 2014","format":"gallery","excerpt":"Beruhigung f\u00fcr ALLE - wir sind an einem See - dem Lago Llanquihue! Kein Erdbeben, kein Seebeben und kein Tsunami! Wir sind eben \u00a0(Ortszeit 15:30 Uhr + 5 Stunden f\u00fcr euch) in ein Caf\u00e9' gekommen und haben unsere Mails \u00fcberpr\u00fcft. Das Erdbeben und die Tsunami Warnung haben wir nicht \u00a0mitbekommen\u2026","rel":"","context":"In &quot;News&quot;","img":{"alt_text":"","src":"https:\/\/i0.wp.com\/my-alps.de\/wp-content\/uploads\/2014\/04\/CA-mit-Vulkan-Osorno.jpg?resize=350%2C200","width":350,"height":200},"classes":[]},{"id":573,"url":"http:\/\/my-alps.de\/?p=573","url_meta":{"origin":961,"position":4},"title":"weiter geht&#8217;s &#8211; die Atlantikk\u00fcste entlang nach S\u00fcden","date":"17. Januar 2014","format":"gallery","excerpt":"Von Puerto San Julian, dem Ort ohne Menschen, daf\u00fcr mit viel Wind, sind wir wieder auf die Ruta 3 zur\u00fcckgekehrt und nach Rio Gallegos gefahren. Tja was soll man zu Rio Gallegos sagen - kaum ist man dort - ist man schon wieder weg. Der Ort hat einen super neuen\u2026","rel":"","context":"In &quot;News&quot;","img":{"alt_text":"","src":"https:\/\/i0.wp.com\/my-alps.de\/wp-content\/uploads\/2014\/01\/Vulkan-Kratersee-Laguna-Azul-300x200.jpg?resize=350%2C200","width":350,"height":200},"classes":[]},{"id":740,"url":"http:\/\/my-alps.de\/?p=740","url_meta":{"origin":961,"position":5},"title":"Von Cochcrane nach Puerto Guadal","date":"3. M\u00e4rz 2014","format":"gallery","excerpt":"Von Cochrane folgen wir dem Lauf des Rio Baker stromaufw\u00e4rts durch tief eingeschnittene T\u00e4ler, gr\u00fcne S\u00fcdbuchenw\u00e4lder und von Gletschern glattgeschliffenen Felsen. Unser n\u00e4chster Ort heisst \u201ePuerto Guadal\u201c, am Lago General Carrera. Man k\u00f6nnte fast den Eindruck bekommen die Reise f\u00fchrt am Comer See, oder am Lago Maggiore vorbei - nur\u2026","rel":"","context":"In &quot;News&quot;","img":{"alt_text":"","src":"https:\/\/i0.wp.com\/my-alps.de\/wp-content\/uploads\/2014\/03\/Lago-Gen.-Carrera-und-Andengipfel-HD1.jpg?resize=350%2C200","width":350,"height":200},"classes":[]}],"_links":{"self":[{"href":"http:\/\/my-alps.de\/index.php?rest_route=\/wp\/v2\/posts\/961"}],"collection":[{"href":"http:\/\/my-alps.de\/index.php?rest_route=\/wp\/v2\/posts"}],"about":[{"href":"http:\/\/my-alps.de\/index.php?rest_route=\/wp\/v2\/types\/post"}],"author":[{"embeddable":true,"href":"http:\/\/my-alps.de\/index.php?rest_route=\/wp\/v2\/users\/1"}],"replies":[{"embeddable":true,"href":"http:\/\/my-alps.de\/index.php?rest_route=%2Fwp%2Fv2%2Fcomments&post=961"}],"version-history":[{"count":5,"href":"http:\/\/my-alps.de\/index.php?rest_route=\/wp\/v2\/posts\/961\/revisions"}],"predecessor-version":[{"id":979,"href":"http:\/\/my-alps.de\/index.php?rest_route=\/wp\/v2\/posts\/961\/revisions\/979"}],"wp:attachment":[{"href":"http:\/\/my-alps.de\/index.php?rest_route=%2Fwp%2Fv2%2Fmedia&parent=961"}],"wp:term":[{"taxonomy":"category","embeddable":true,"href":"http:\/\/my-alps.de\/index.php?rest_route=%2Fwp%2Fv2%2Fcategories&post=961"},{"taxonomy":"post_tag","embeddable":true,"href":"http:\/\/my-alps.de\/index.php?rest_route=%2Fwp%2Fv2%2Ftags&post=961"}],"curies":[{"name":"wp","href":"https:\/\/api.w.org\/{rel}","templated":true}]}}