{"id":959,"date":"2014-04-04T20:19:53","date_gmt":"2014-04-04T18:19:53","guid":{"rendered":"http:\/\/my-alps.de\/?p=959"},"modified":"2014-04-04T20:42:05","modified_gmt":"2014-04-04T18:42:05","slug":"keine-panik-kein-erdbeben-und-kein-tsunami","status":"publish","type":"post","link":"http:\/\/my-alps.de\/?p=959","title":{"rendered":"Keine Panik &#8211; kein Erdbeben und kein Tsunami"},"content":{"rendered":"<p>Beruhigung f\u00fcr ALLE &#8211; wir sind an einem See &#8211; dem Lago Llanquihue! Kein Erdbeben, kein Seebeben und kein Tsunami!<br \/>\nWir sind eben \u00a0(Ortszeit 15:30 Uhr + 5 Stunden f\u00fcr euch)<br \/>\nin ein Caf\u00e9&#8216; gekommen und haben unsere Mails \u00fcberpr\u00fcft.<br \/>\nDas Erdbeben und die Tsunami Warnung haben wir nicht \u00a0mitbekommen &#8211; es ist ca. 1.000 km weiter n\u00f6rdlich.<\/p>\n<p>Wir sind gesund und munter &#8211; hier ist&#8217;s wie am Chiemsee!<\/p>\n<p>Claus und Annette<\/p>\n<div id=\"attachment_976\" style=\"width: 1034px\" class=\"wp-caption aligncenter\"><a href=\"https:\/\/i0.wp.com\/my-alps.de\/wp-content\/uploads\/2014\/04\/CA-mit-Vulkan-Osorno.jpg\"><img aria-describedby=\"caption-attachment-976\" data-attachment-id=\"976\" data-permalink=\"http:\/\/my-alps.de\/?attachment_id=976\" data-orig-file=\"https:\/\/i0.wp.com\/my-alps.de\/wp-content\/uploads\/2014\/04\/CA-mit-Vulkan-Osorno.jpg?fit=1024%2C683\" data-orig-size=\"1024,683\" data-comments-opened=\"1\" data-image-meta=\"{&quot;aperture&quot;:&quot;11&quot;,&quot;credit&quot;:&quot;&quot;,&quot;camera&quot;:&quot;SLT-A99V&quot;,&quot;caption&quot;:&quot;&quot;,&quot;created_timestamp&quot;:&quot;1396354003&quot;,&quot;copyright&quot;:&quot;&quot;,&quot;focal_length&quot;:&quot;55&quot;,&quot;iso&quot;:&quot;100&quot;,&quot;shutter_speed&quot;:&quot;0.008&quot;,&quot;title&quot;:&quot;&quot;}\" data-image-title=\"C&#038;A mit Vulkan Osorno\" data-image-description=\"&lt;p&gt;C&#038;A mit Vulkan Osorno&lt;\/p&gt;\n\" data-image-caption=\"&lt;p&gt;C&#038;A mit Vulkan Osorno&lt;\/p&gt;\n\" data-medium-file=\"https:\/\/i0.wp.com\/my-alps.de\/wp-content\/uploads\/2014\/04\/CA-mit-Vulkan-Osorno.jpg?fit=300%2C200\" data-large-file=\"https:\/\/i0.wp.com\/my-alps.de\/wp-content\/uploads\/2014\/04\/CA-mit-Vulkan-Osorno.jpg?fit=625%2C417\" loading=\"lazy\" class=\"size-full wp-image-976\" alt=\"C&amp;A mit Vulkan Osorno\" src=\"https:\/\/i0.wp.com\/my-alps.de\/wp-content\/uploads\/2014\/04\/CA-mit-Vulkan-Osorno.jpg?resize=625%2C417\" width=\"625\" height=\"417\" srcset=\"https:\/\/i0.wp.com\/my-alps.de\/wp-content\/uploads\/2014\/04\/CA-mit-Vulkan-Osorno.jpg?w=1024 1024w, https:\/\/i0.wp.com\/my-alps.de\/wp-content\/uploads\/2014\/04\/CA-mit-Vulkan-Osorno.jpg?resize=300%2C200 300w\" sizes=\"(max-width: 625px) 100vw, 625px\" data-recalc-dims=\"1\" \/><\/a><p id=\"caption-attachment-976\" class=\"wp-caption-text\">C&amp;A mit Vulkan Osorno<\/p><\/div>\n","protected":false},"excerpt":{"rendered":"<p>Beruhigung f\u00fcr ALLE &#8211; wir sind an einem See &#8211; dem Lago Llanquihue! Kein Erdbeben, kein Seebeben und kein Tsunami! Wir sind eben \u00a0(Ortszeit 15:30 Uhr + 5 Stunden f\u00fcr euch) in ein Caf\u00e9&#8216; gekommen und haben unsere Mails \u00fcberpr\u00fcft. Das Erdbeben und die Tsunami Warnung haben wir nicht \u00a0mitbekommen &#8211; es ist ca. 1.000 [&hellip;]<\/p>\n","protected":false},"author":1,"featured_media":0,"comment_status":"open","ping_status":"open","sticky":false,"template":"","format":"gallery","meta":{"spay_email":"","jetpack_publicize_message":"","jetpack_is_tweetstorm":false,"jetpack_publicize_feature_enabled":true},"categories":[1],"tags":[],"jetpack_featured_media_url":"","jetpack_publicize_connections":[],"jetpack_sharing_enabled":true,"jetpack_shortlink":"https:\/\/wp.me\/p6huce-ft","jetpack-related-posts":[{"id":1178,"url":"http:\/\/my-alps.de\/?p=1178","url_meta":{"origin":959,"position":0},"title":"Epilog &#8211; Osorno","date":"3. Juni 2014","format":"gallery","excerpt":"Nach erfolgreicher Implementierung des nagelneuen Steuerger\u00e4tes in unseren Allradantrieb -\u00a0(er funktioniert wieder!) - steht einer Fortsetzung der Reise nach Norden, Richtung Bolivien und Peru nichts mehr im Weg. Doch vorher ein kleiner R\u00fcckblick: Wir haben hier in der Stadt richtige Freunde gefunden, Mario, Gustavo und ihre Familien sind so gastfreundlich\u2026","rel":"","context":"In &quot;News&quot;","img":{"alt_text":"","src":"","width":0,"height":0},"classes":[]},{"id":1664,"url":"http:\/\/my-alps.de\/?p=1664","url_meta":{"origin":959,"position":1},"title":"Paramo und Papallacta","date":"28. September 2014","format":"gallery","excerpt":"Im schwefelhaltigen Wasser der Thermen \u00a0von Papallacta haben wir uns sch\u00f6n entspannt (und gereinigt!). Die Landschaft hat ihr Bild\u00a0total ver\u00e4ndert und wir sind schon wieder auf 3.300 Meter. \u00dcberall dr\u00e4ngen Wasserf\u00e4lle aus den Bergen in das schmale Tal und die Stra\u00dfe ist durch die vielen Erdbeben und aktiven Vulkane einem\u2026","rel":"","context":"In &quot;News&quot;","img":{"alt_text":"","src":"https:\/\/i0.wp.com\/my-alps.de\/wp-content\/uploads\/2014\/09\/Cerro-Antisana-5.700-m-ce4.jpg?resize=350%2C200","width":350,"height":200},"classes":[]},{"id":745,"url":"http:\/\/my-alps.de\/?p=745","url_meta":{"origin":959,"position":2},"title":"Carretera Austral &#8211; Richtung Coyhaique","date":"3. M\u00e4rz 2014","format":"gallery","excerpt":"Weiter geht\u2019s Richtung Norden. Weiter auf der Carretera Austral, der Hauptverbindungsstra\u00dfe in den S\u00fcden, die in den 70iger Jahren erst gebaut wurde. Schotterkilometer reiht sich an Schotterkilometer - mal besser - mal f\u00fcrchterlicher zu fahren. An einem Tag schaffen wir gerade mal knapp 170 Kilometer - und ich bin total\u2026","rel":"","context":"In &quot;News&quot;","img":{"alt_text":"","src":"https:\/\/i0.wp.com\/my-alps.de\/wp-content\/uploads\/2014\/03\/das-Ende-des-Schotters.jpg?resize=350%2C200","width":350,"height":200},"classes":[]},{"id":585,"url":"http:\/\/my-alps.de\/?p=585","url_meta":{"origin":959,"position":3},"title":"Kurze Meldung &#8211; alles ok!","date":"25. Januar 2014","format":"gallery","excerpt":"Aber hier gibt es so tolle Landschaften das wir eine Woche am See verbracht haben - im Herz von Feuerland - da gibts kein Internet. Jetzt brauchen wir erst mal Strom um alle Akkus wieder aufzuladen. Berichterstattung folgt - versprochen! UND - Danke f\u00fcr alle die am 24igsten an mich\u2026","rel":"","context":"In &quot;News&quot;","img":{"alt_text":"","src":"","width":0,"height":0},"classes":[]},{"id":881,"url":"http:\/\/my-alps.de\/?p=881","url_meta":{"origin":959,"position":4},"title":"Puerto Montt","date":"26. M\u00e4rz 2014","format":"gallery","excerpt":"Nach 8.808 km (und wahrscheinlich ein paar mehr) die wir jetzt hier in S\u00fcdamerika unterwegs sind haben wir unserem WOMO auch mal etwas Gutes geg\u00f6nnt. Hier in Puerto Montt habe ich eine Werkstatt entdeckt die jegliche Art von Service f\u00fcr \u201egesch\u00fcttelte\u201c Autos anbietet. Wir haben uns f\u00fcr: \u00d6lwechsel und Luftfilterwechsel\u2026","rel":"","context":"In &quot;News&quot;","img":{"alt_text":"","src":"https:\/\/i0.wp.com\/my-alps.de\/wp-content\/uploads\/2014\/03\/Pisco-sour-6x6.jpg?resize=350%2C200","width":350,"height":200},"classes":[]},{"id":693,"url":"http:\/\/my-alps.de\/?p=693","url_meta":{"origin":959,"position":5},"title":"&#8230;.wieder mal ein Lebenszeichen!","date":"22. Februar 2014","format":"gallery","excerpt":"Hallo wir geben mal ein kleines Lebenszeichen von uns. Die letzten Tage seit unserem Aufenhalt am Lago Roca haben wir mit viel Abenteur verbracht. Erst waren wir in El Chalten am Cerro Torre und am Fitz Roy und haben tolle Trekkingtouren unternommen. Fitz Roy im Vollmond und bei Sonnenaufgang -\u2026","rel":"","context":"In &quot;News&quot;","img":{"alt_text":"","src":"","width":0,"height":0},"classes":[]}],"_links":{"self":[{"href":"http:\/\/my-alps.de\/index.php?rest_route=\/wp\/v2\/posts\/959"}],"collection":[{"href":"http:\/\/my-alps.de\/index.php?rest_route=\/wp\/v2\/posts"}],"about":[{"href":"http:\/\/my-alps.de\/index.php?rest_route=\/wp\/v2\/types\/post"}],"author":[{"embeddable":true,"href":"http:\/\/my-alps.de\/index.php?rest_route=\/wp\/v2\/users\/1"}],"replies":[{"embeddable":true,"href":"http:\/\/my-alps.de\/index.php?rest_route=%2Fwp%2Fv2%2Fcomments&post=959"}],"version-history":[{"count":3,"href":"http:\/\/my-alps.de\/index.php?rest_route=\/wp\/v2\/posts\/959\/revisions"}],"predecessor-version":[{"id":977,"href":"http:\/\/my-alps.de\/index.php?rest_route=\/wp\/v2\/posts\/959\/revisions\/977"}],"wp:attachment":[{"href":"http:\/\/my-alps.de\/index.php?rest_route=%2Fwp%2Fv2%2Fmedia&parent=959"}],"wp:term":[{"taxonomy":"category","embeddable":true,"href":"http:\/\/my-alps.de\/index.php?rest_route=%2Fwp%2Fv2%2Fcategories&post=959"},{"taxonomy":"post_tag","embeddable":true,"href":"http:\/\/my-alps.de\/index.php?rest_route=%2Fwp%2Fv2%2Ftags&post=959"}],"curies":[{"name":"wp","href":"https:\/\/api.w.org\/{rel}","templated":true}]}}