{"id":955,"date":"2014-03-30T17:05:19","date_gmt":"2014-03-30T15:05:19","guid":{"rendered":"http:\/\/my-alps.de\/?p=955"},"modified":"2014-03-30T17:06:34","modified_gmt":"2014-03-30T15:06:34","slug":"die-kehrseite-guenstiger-fisch-fuer-die-gesamte-welt","status":"publish","type":"post","link":"http:\/\/my-alps.de\/?p=955","title":{"rendered":"Die Kehrseite &#8211; g\u00fcnstiger Fisch f\u00fcr die gesamte Welt"},"content":{"rendered":"<p>Wir sind ja nun schon eine ganze Weile an den Fjorden des Pazifiks im S\u00fcden von Chile unterwegs und uns ist bewusst geworden mit welchem Ausma\u00df die Fischindustrie hier die Landschaft in Besitz genommen hat.<\/p>\n<p><!--more--><br \/>\nWaren fr\u00fcher viele Fischer mit ihren Booten drau\u00dfen im Pazifik unterwegs um den frischen Fisch zu fangen wird er nun \u201egeerntet\u201c.<\/p>\n<div id=\"attachment_950\" style=\"width: 2010px\" class=\"wp-caption aligncenter\"><a href=\"https:\/\/i0.wp.com\/my-alps.de\/wp-content\/uploads\/2014\/03\/Fischfarmen.jpg\"><img aria-describedby=\"caption-attachment-950\" data-attachment-id=\"950\" data-permalink=\"http:\/\/my-alps.de\/?attachment_id=950\" data-orig-file=\"https:\/\/i0.wp.com\/my-alps.de\/wp-content\/uploads\/2014\/03\/Fischfarmen.jpg?fit=2000%2C453\" data-orig-size=\"2000,453\" data-comments-opened=\"1\" data-image-meta=\"{&quot;aperture&quot;:&quot;0&quot;,&quot;credit&quot;:&quot;&quot;,&quot;camera&quot;:&quot;&quot;,&quot;caption&quot;:&quot;&quot;,&quot;created_timestamp&quot;:&quot;0&quot;,&quot;copyright&quot;:&quot;&quot;,&quot;focal_length&quot;:&quot;0&quot;,&quot;iso&quot;:&quot;0&quot;,&quot;shutter_speed&quot;:&quot;0&quot;,&quot;title&quot;:&quot;&quot;}\" data-image-title=\"Fischfarmen\" data-image-description=\"&lt;p&gt;Fischfarmen&lt;\/p&gt;\n\" data-image-caption=\"&lt;p&gt;Fischfarmen&lt;\/p&gt;\n\" data-medium-file=\"https:\/\/i0.wp.com\/my-alps.de\/wp-content\/uploads\/2014\/03\/Fischfarmen.jpg?fit=300%2C67\" data-large-file=\"https:\/\/i0.wp.com\/my-alps.de\/wp-content\/uploads\/2014\/03\/Fischfarmen.jpg?fit=625%2C141\" loading=\"lazy\" class=\"size-full wp-image-950\" alt=\"Fischfarmen\" src=\"https:\/\/i0.wp.com\/my-alps.de\/wp-content\/uploads\/2014\/03\/Fischfarmen.jpg?resize=625%2C142\" width=\"625\" height=\"142\" srcset=\"https:\/\/i0.wp.com\/my-alps.de\/wp-content\/uploads\/2014\/03\/Fischfarmen.jpg?w=2000 2000w, https:\/\/i0.wp.com\/my-alps.de\/wp-content\/uploads\/2014\/03\/Fischfarmen.jpg?resize=300%2C67 300w, https:\/\/i0.wp.com\/my-alps.de\/wp-content\/uploads\/2014\/03\/Fischfarmen.jpg?resize=1024%2C231 1024w, https:\/\/i0.wp.com\/my-alps.de\/wp-content\/uploads\/2014\/03\/Fischfarmen.jpg?w=1250 1250w, https:\/\/i0.wp.com\/my-alps.de\/wp-content\/uploads\/2014\/03\/Fischfarmen.jpg?w=1875 1875w\" sizes=\"(max-width: 625px) 100vw, 625px\" data-recalc-dims=\"1\" \/><\/a><p id=\"caption-attachment-950\" class=\"wp-caption-text\">Fischfarmen<\/p><\/div>\n<p>Von dem sch\u00f6n gelegenen Campingplatz in \u201eDalcahue\u201c hatten wir einen tollen Blick auf den Fjord\u00a0 mit seinen Fischfarmen. Hier werden Lachse, Muscheln und Austern gez\u00fcchtet. Der gesamte Meeresarm ist mit Schwimmbojen und Pontons neu gestaltet worden. Sieht sehr sch\u00f6n aus, die ganzen bunten B\u00e4lle und Netze. Es riecht nach Dieselabgas und es stinkt nach Fischabf\u00e4llen der nahen Fischfabrik.<br \/>\nEine Umweltverschmutzung sind die mit Antibiotika versetzten Futtermittel, die Reste sinken auf den Meeresgrund und vernichten die nat\u00fcrliche Pflanzenwelt.<\/p>\n<p>Es schlimm mit anzusehen, das die Fehler mit \u201eIMMER MEHR -UND BILLIGER\u201c diese grandiose Landschaft zerst\u00f6ren.<\/p>\n<p>Ok &#8211; wir haben auch frisches Chevechi an der kleinen Fischbude auf dem Fischmarkt in Castro gekauft und d\u00fcrften uns \u00fcber die Wertsch\u00f6pfung der Chilenen an ihrer Landschaft eigentlich keine Urteile erlauben &#8211; aber den anderen Fisch, den wir bisher gegessen haben &#8211; den habe ich selbst geangelt.<br \/>\nMein kleiner Beitrag zum Umweltschutz.<\/p>\n","protected":false},"excerpt":{"rendered":"<p>Wir sind ja nun schon eine ganze Weile an den Fjorden des Pazifiks im S\u00fcden von Chile unterwegs und uns ist bewusst geworden mit welchem Ausma\u00df die Fischindustrie hier die Landschaft in Besitz genommen hat.<\/p>\n","protected":false},"author":1,"featured_media":0,"comment_status":"open","ping_status":"open","sticky":false,"template":"","format":"gallery","meta":{"spay_email":"","jetpack_publicize_message":"","jetpack_is_tweetstorm":false,"jetpack_publicize_feature_enabled":true},"categories":[9],"tags":[],"jetpack_featured_media_url":"","jetpack_publicize_connections":[],"jetpack_sharing_enabled":true,"jetpack_shortlink":"https:\/\/wp.me\/p6huce-fp","jetpack-related-posts":[{"id":1308,"url":"http:\/\/my-alps.de\/?p=1308","url_meta":{"origin":955,"position":0},"title":"Cafayate und durch das Valle Calchaquies nach Salta","date":"30. Juni 2014","format":"gallery","excerpt":"Nach Amaicha haben wir noch die \u201eRuinas de Quilmes\u201c besucht. Die Terrassenanlage wurde teilweise wieder ausgegraben und die Geschichte der Quilmesindianer hat ein trauriges Kapitel. Nach langem Wiederstand gegen die Spanier wurden sie doch unterworfen und der gesamte Stamm nach Buenos Aires deportiert. Nur 600 kamen lebend dort an mehr\u2026","rel":"","context":"In &quot;News&quot;","img":{"alt_text":"","src":"https:\/\/i0.wp.com\/my-alps.de\/wp-content\/uploads\/2014\/06\/Felsfarben-1-Sonnenuntergang-ce4.jpg?resize=350%2C200","width":350,"height":200},"classes":[]},{"id":881,"url":"http:\/\/my-alps.de\/?p=881","url_meta":{"origin":955,"position":1},"title":"Puerto Montt","date":"26. M\u00e4rz 2014","format":"gallery","excerpt":"Nach 8.808 km (und wahrscheinlich ein paar mehr) die wir jetzt hier in S\u00fcdamerika unterwegs sind haben wir unserem WOMO auch mal etwas Gutes geg\u00f6nnt. Hier in Puerto Montt habe ich eine Werkstatt entdeckt die jegliche Art von Service f\u00fcr \u201egesch\u00fcttelte\u201c Autos anbietet. Wir haben uns f\u00fcr: \u00d6lwechsel und Luftfilterwechsel\u2026","rel":"","context":"In &quot;News&quot;","img":{"alt_text":"","src":"https:\/\/i0.wp.com\/my-alps.de\/wp-content\/uploads\/2014\/03\/Pisco-sour-6x6.jpg?resize=350%2C200","width":350,"height":200},"classes":[]},{"id":450,"url":"http:\/\/my-alps.de\/?p=450","url_meta":{"origin":955,"position":2},"title":"Das sagt sie und das meint ER (1von2)","date":"15. Dezember 2013","format":"gallery","excerpt":"Hallo, ihr ZUHAUSEgebliebenen, wir sind heute in Colonia di Sacramento angekommen und sin somit in Uruguay. Dem esten Fussballweltmeister, und wenn's nach den URU'S geht, auch dem kommenden in Brasilien. Die Bilder zu diesem Blog f\u00fcge ich sp\u00e4ter mal ein, das WIFI hier in Uruguay ist nicht so von der\u2026","rel":"","context":"In &quot;News&quot;","img":{"alt_text":"","src":"","width":0,"height":0},"classes":[]},{"id":995,"url":"http:\/\/my-alps.de\/?p=995","url_meta":{"origin":955,"position":3},"title":"April, April &#8211; Halbzeit bei der Auszeit","date":"10. April 2014","format":"gallery","excerpt":"Am 11.11.2013 sind wir in Hamburg an Bord der \u201eGrande Cameroon\u201c gegangen und \u00fcber den Atlantik nach S\u00fcdamerika geschippert. Zugegeben, es war nicht immer gerade Hochstimmung mit Karneval und Fasching an Bord, aber es ist uns wirklich nicht langweilig geworden. So eine Frachterreise hat auch etwas besonderes. (Beinahe meditativ!) Nun\u2026","rel":"","context":"In &quot;News&quot;","img":{"alt_text":"","src":"","width":0,"height":0},"classes":[]},{"id":1327,"url":"http:\/\/my-alps.de\/?p=1327","url_meta":{"origin":955,"position":4},"title":"Tatio Geysire","date":"17. Juli 2014","format":"gallery","excerpt":"Es geht wieder hoch hinauf - \u00a0zu den Tatio Geysiren. Das Geysirfeld,\u2028liegt in 4.300 Meter H\u00f6he, und wir kommen am sp\u00e4ten Nachmittag\u2028dort an. \u00dcberall h\u00e4ngen Dampfschwaden in der Luft und es weht\u2028ein heftiger und eisiger Wind. Wir spazieren zwischen den kleinen\u2028\u201eMinivulkanen\u201c herum und baden in einem salzhaltigem Thermalbecken. Am n\u00e4chsten\u2026","rel":"","context":"In &quot;News&quot;","img":{"alt_text":"","src":"","width":0,"height":0},"classes":[]},{"id":1120,"url":"http:\/\/my-alps.de\/?p=1120","url_meta":{"origin":955,"position":5},"title":"Araukanien &#8211; 2. Versuch","date":"11. Mai 2014","format":"gallery","excerpt":"Unser \u201ekurzer\u201c Abstecher in Argentinien neigt sich dem Ende zu. Wir haben die starken Regenf\u00e4lle \u201eabgewettert\u201c und stehen nun wieder am Grenz\u00fcbergang am Vulkan Lanin. Wir \u00fcbernachten an der Rangerstation im Nationalpark und machen einen kleinen Ausflug zum Lago Tromen. Hier gibt es schon die ersten Araukarienw\u00e4lder und dieser Methusalem\u2026","rel":"","context":"In &quot;News&quot;","img":{"alt_text":"","src":"https:\/\/i0.wp.com\/my-alps.de\/wp-content\/uploads\/2014\/05\/Vulkan-Lanin-ce4-3x2.jpg?resize=350%2C200","width":350,"height":200},"classes":[]}],"_links":{"self":[{"href":"http:\/\/my-alps.de\/index.php?rest_route=\/wp\/v2\/posts\/955"}],"collection":[{"href":"http:\/\/my-alps.de\/index.php?rest_route=\/wp\/v2\/posts"}],"about":[{"href":"http:\/\/my-alps.de\/index.php?rest_route=\/wp\/v2\/types\/post"}],"author":[{"embeddable":true,"href":"http:\/\/my-alps.de\/index.php?rest_route=\/wp\/v2\/users\/1"}],"replies":[{"embeddable":true,"href":"http:\/\/my-alps.de\/index.php?rest_route=%2Fwp%2Fv2%2Fcomments&post=955"}],"version-history":[{"count":2,"href":"http:\/\/my-alps.de\/index.php?rest_route=\/wp\/v2\/posts\/955\/revisions"}],"predecessor-version":[{"id":957,"href":"http:\/\/my-alps.de\/index.php?rest_route=\/wp\/v2\/posts\/955\/revisions\/957"}],"wp:attachment":[{"href":"http:\/\/my-alps.de\/index.php?rest_route=%2Fwp%2Fv2%2Fmedia&parent=955"}],"wp:term":[{"taxonomy":"category","embeddable":true,"href":"http:\/\/my-alps.de\/index.php?rest_route=%2Fwp%2Fv2%2Fcategories&post=955"},{"taxonomy":"post_tag","embeddable":true,"href":"http:\/\/my-alps.de\/index.php?rest_route=%2Fwp%2Fv2%2Ftags&post=955"}],"curies":[{"name":"wp","href":"https:\/\/api.w.org\/{rel}","templated":true}]}}