{"id":934,"date":"2014-03-30T16:45:16","date_gmt":"2014-03-30T14:45:16","guid":{"rendered":"http:\/\/my-alps.de\/?p=934"},"modified":"2014-03-30T17:02:30","modified_gmt":"2014-03-30T15:02:30","slug":"fortsetzung-castro-von-schoenen-holzkirchen-und-frischen-fischen","status":"publish","type":"post","link":"http:\/\/my-alps.de\/?p=934","title":{"rendered":"Fortsetzung Castro &#8211; von sch\u00f6nen Holzkirchen und frischen Fischen"},"content":{"rendered":"<p>Wir sind im zweiten Teil unserer Reise \u00fcber die Insel Chiloe\u2019 in der kleinen Stadt \u201eCastro\u201c gelandet.<br \/>\nCastro ist, wie der Rest der Insel auch, ber\u00fchmt f\u00fcr seine einzigartige Holzkirche.<\/p>\n<div id=\"attachment_940\" style=\"width: 1034px\" class=\"wp-caption aligncenter\"><a href=\"https:\/\/i0.wp.com\/my-alps.de\/wp-content\/uploads\/2014\/03\/Castro-Holzkirche-6x6.jpg\"><img aria-describedby=\"caption-attachment-940\" data-attachment-id=\"940\" data-permalink=\"http:\/\/my-alps.de\/?attachment_id=940\" data-orig-file=\"https:\/\/i0.wp.com\/my-alps.de\/wp-content\/uploads\/2014\/03\/Castro-Holzkirche-6x6.jpg?fit=1024%2C1024\" data-orig-size=\"1024,1024\" data-comments-opened=\"1\" data-image-meta=\"{&quot;aperture&quot;:&quot;11&quot;,&quot;credit&quot;:&quot;&quot;,&quot;camera&quot;:&quot;SLT-A99V&quot;,&quot;caption&quot;:&quot;&quot;,&quot;created_timestamp&quot;:&quot;1395848938&quot;,&quot;copyright&quot;:&quot;&quot;,&quot;focal_length&quot;:&quot;55&quot;,&quot;iso&quot;:&quot;100&quot;,&quot;shutter_speed&quot;:&quot;0.0028571428571429&quot;,&quot;title&quot;:&quot;&quot;}\" data-image-title=\"Castro &#8211; Holzkirche &#8211; 6&#215;6\" data-image-description=\"&lt;p&gt;Castro &#8211; Holzkirche&lt;\/p&gt;\n\" data-image-caption=\"&lt;p&gt;Castro &#8211; Holzkirche&lt;\/p&gt;\n\" data-medium-file=\"https:\/\/i0.wp.com\/my-alps.de\/wp-content\/uploads\/2014\/03\/Castro-Holzkirche-6x6.jpg?fit=300%2C300\" data-large-file=\"https:\/\/i0.wp.com\/my-alps.de\/wp-content\/uploads\/2014\/03\/Castro-Holzkirche-6x6.jpg?fit=625%2C625\" loading=\"lazy\" class=\"size-full wp-image-940\" alt=\"Castro - Holzkirche\" src=\"https:\/\/i0.wp.com\/my-alps.de\/wp-content\/uploads\/2014\/03\/Castro-Holzkirche-6x6.jpg?resize=625%2C625\" width=\"625\" height=\"625\" srcset=\"https:\/\/i0.wp.com\/my-alps.de\/wp-content\/uploads\/2014\/03\/Castro-Holzkirche-6x6.jpg?w=1024 1024w, https:\/\/i0.wp.com\/my-alps.de\/wp-content\/uploads\/2014\/03\/Castro-Holzkirche-6x6.jpg?resize=290%2C290 290w, https:\/\/i0.wp.com\/my-alps.de\/wp-content\/uploads\/2014\/03\/Castro-Holzkirche-6x6.jpg?resize=300%2C300 300w\" sizes=\"(max-width: 625px) 100vw, 625px\" data-recalc-dims=\"1\" \/><\/a><p id=\"caption-attachment-940\" class=\"wp-caption-text\">Castro &#8211; Holzkirche<\/p><\/div>\n<p>Zugegeben, von aussen wirkt die \u201eKathedrale\u201c etwas kitschig, und die Fassade ist mit Blechtafeln verkleidet, aber sobald man durch einen der Eing\u00e4nge in\u2019s innere der Kirche tritt, das ist schon einzigartig.<\/p>\n<div id=\"attachment_941\" style=\"width: 1034px\" class=\"wp-caption aligncenter\"><a href=\"https:\/\/i0.wp.com\/my-alps.de\/wp-content\/uploads\/2014\/03\/Castro-Holzkirche-II.ce4-2.jpg\"><img aria-describedby=\"caption-attachment-941\" data-attachment-id=\"941\" data-permalink=\"http:\/\/my-alps.de\/?attachment_id=941\" data-orig-file=\"https:\/\/i0.wp.com\/my-alps.de\/wp-content\/uploads\/2014\/03\/Castro-Holzkirche-II.ce4-2.jpg?fit=1024%2C683\" data-orig-size=\"1024,683\" data-comments-opened=\"1\" data-image-meta=\"{&quot;aperture&quot;:&quot;4&quot;,&quot;credit&quot;:&quot;&quot;,&quot;camera&quot;:&quot;SLT-A99V&quot;,&quot;caption&quot;:&quot;&quot;,&quot;created_timestamp&quot;:&quot;1395849141&quot;,&quot;copyright&quot;:&quot;&quot;,&quot;focal_length&quot;:&quot;24&quot;,&quot;iso&quot;:&quot;2000&quot;,&quot;shutter_speed&quot;:&quot;0.005&quot;,&quot;title&quot;:&quot;&quot;}\" data-image-title=\"Castro &#8211; Holzkirche &#8211; II.ce4-2\" data-image-description=\"&lt;p&gt;Castro &#8211; Holzkirche &#8211; II&lt;\/p&gt;\n\" data-image-caption=\"&lt;p&gt;Castro &#8211; Holzkirche &#8211; II&lt;\/p&gt;\n\" data-medium-file=\"https:\/\/i0.wp.com\/my-alps.de\/wp-content\/uploads\/2014\/03\/Castro-Holzkirche-II.ce4-2.jpg?fit=300%2C200\" data-large-file=\"https:\/\/i0.wp.com\/my-alps.de\/wp-content\/uploads\/2014\/03\/Castro-Holzkirche-II.ce4-2.jpg?fit=625%2C417\" loading=\"lazy\" class=\"size-full wp-image-941\" alt=\"Castro - Holzkirche - II\" src=\"https:\/\/i0.wp.com\/my-alps.de\/wp-content\/uploads\/2014\/03\/Castro-Holzkirche-II.ce4-2.jpg?resize=625%2C417\" width=\"625\" height=\"417\" srcset=\"https:\/\/i0.wp.com\/my-alps.de\/wp-content\/uploads\/2014\/03\/Castro-Holzkirche-II.ce4-2.jpg?w=1024 1024w, https:\/\/i0.wp.com\/my-alps.de\/wp-content\/uploads\/2014\/03\/Castro-Holzkirche-II.ce4-2.jpg?resize=300%2C200 300w\" sizes=\"(max-width: 625px) 100vw, 625px\" data-recalc-dims=\"1\" \/><\/a><p id=\"caption-attachment-941\" class=\"wp-caption-text\">Castro &#8211; Holzkirche &#8211; II<\/p><\/div>\n<p>Die Schritte quietschen auf dem frisch gewachsten Parkett und es riecht nach Holz und R\u00e4ucherst\u00e4bchen. (kommt wahrscheinlich vom Weihrauch). Man hat den Eindruck als komme man als Erstkl\u00e4ssler in die Schule (so hatte ich jedenfalls den Eindruck &#8211; meine alte Grundschule hatte auch noch richtige Holzb\u00e4nke und frisch gebohnertes Parkett.)<\/p>\n<div id=\"attachment_942\" style=\"width: 693px\" class=\"wp-caption aligncenter\"><a href=\"https:\/\/i0.wp.com\/my-alps.de\/wp-content\/uploads\/2014\/03\/Castro-Holzkirche-III.ce4_.jpg\"><img aria-describedby=\"caption-attachment-942\" data-attachment-id=\"942\" data-permalink=\"http:\/\/my-alps.de\/?attachment_id=942\" data-orig-file=\"https:\/\/i0.wp.com\/my-alps.de\/wp-content\/uploads\/2014\/03\/Castro-Holzkirche-III.ce4_.jpg?fit=683%2C1024\" data-orig-size=\"683,1024\" data-comments-opened=\"1\" data-image-meta=\"{&quot;aperture&quot;:&quot;2.8&quot;,&quot;credit&quot;:&quot;&quot;,&quot;camera&quot;:&quot;SLT-A99V&quot;,&quot;caption&quot;:&quot;&quot;,&quot;created_timestamp&quot;:&quot;1395849565&quot;,&quot;copyright&quot;:&quot;&quot;,&quot;focal_length&quot;:&quot;24&quot;,&quot;iso&quot;:&quot;400&quot;,&quot;shutter_speed&quot;:&quot;0.008&quot;,&quot;title&quot;:&quot;&quot;}\" data-image-title=\"Castro &#8211; Holzkirche &#8211; III.ce4\" data-image-description=\"&lt;p&gt;Castro &#8211; Holzkirche &#8211; III&lt;\/p&gt;\n\" data-image-caption=\"&lt;p&gt;Castro &#8211; Holzkirche &#8211; III&lt;\/p&gt;\n\" data-medium-file=\"https:\/\/i0.wp.com\/my-alps.de\/wp-content\/uploads\/2014\/03\/Castro-Holzkirche-III.ce4_.jpg?fit=200%2C300\" data-large-file=\"https:\/\/i0.wp.com\/my-alps.de\/wp-content\/uploads\/2014\/03\/Castro-Holzkirche-III.ce4_.jpg?fit=625%2C937\" loading=\"lazy\" class=\"size-full wp-image-942\" alt=\"Castro - Holzkirche - III\" src=\"https:\/\/i0.wp.com\/my-alps.de\/wp-content\/uploads\/2014\/03\/Castro-Holzkirche-III.ce4_.jpg?resize=625%2C937\" width=\"625\" height=\"937\" srcset=\"https:\/\/i0.wp.com\/my-alps.de\/wp-content\/uploads\/2014\/03\/Castro-Holzkirche-III.ce4_.jpg?w=683 683w, https:\/\/i0.wp.com\/my-alps.de\/wp-content\/uploads\/2014\/03\/Castro-Holzkirche-III.ce4_.jpg?resize=200%2C300 200w\" sizes=\"(max-width: 625px) 100vw, 625px\" data-recalc-dims=\"1\" \/><\/a><p id=\"caption-attachment-942\" class=\"wp-caption-text\">Castro &#8211; Holzkirche &#8211; III<\/p><\/div>\n<p>Das Licht wird durch einfache Fenster mit bunten Scheiben wunderbar \u201eweich\u201c gemacht. An den W\u00e4nden stehen kleine Abbildungen von Heiligen und in den Seitenschiffen befinden sich ein Marienaltar und eine Beichtecke.<\/p>\n<div id=\"attachment_935\" style=\"width: 1034px\" class=\"wp-caption aligncenter\"><a href=\"https:\/\/i0.wp.com\/my-alps.de\/wp-content\/uploads\/2014\/03\/Castro-Holzkirche-IV_DxO.jpg\"><img aria-describedby=\"caption-attachment-935\" data-attachment-id=\"935\" data-permalink=\"http:\/\/my-alps.de\/?attachment_id=935\" data-orig-file=\"https:\/\/i0.wp.com\/my-alps.de\/wp-content\/uploads\/2014\/03\/Castro-Holzkirche-IV_DxO.jpg?fit=1024%2C683\" data-orig-size=\"1024,683\" data-comments-opened=\"1\" data-image-meta=\"{&quot;aperture&quot;:&quot;2.8&quot;,&quot;credit&quot;:&quot;&quot;,&quot;camera&quot;:&quot;SLT-A99V&quot;,&quot;caption&quot;:&quot;&quot;,&quot;created_timestamp&quot;:&quot;1395849746&quot;,&quot;copyright&quot;:&quot;&quot;,&quot;focal_length&quot;:&quot;24&quot;,&quot;iso&quot;:&quot;400&quot;,&quot;shutter_speed&quot;:&quot;0.008&quot;,&quot;title&quot;:&quot;&quot;}\" data-image-title=\"Castro &#8211; Holzkirche &#8211; IV_DxO\" data-image-description=\"&lt;p&gt;Castro &#8211; Holzkirche &#8211; IV&lt;\/p&gt;\n\" data-image-caption=\"&lt;p&gt;Castro &#8211; Holzkirche &#8211; IV&lt;\/p&gt;\n\" data-medium-file=\"https:\/\/i0.wp.com\/my-alps.de\/wp-content\/uploads\/2014\/03\/Castro-Holzkirche-IV_DxO.jpg?fit=300%2C200\" data-large-file=\"https:\/\/i0.wp.com\/my-alps.de\/wp-content\/uploads\/2014\/03\/Castro-Holzkirche-IV_DxO.jpg?fit=625%2C417\" loading=\"lazy\" class=\"size-full wp-image-935\" alt=\"Castro - Holzkirche - IV\" src=\"https:\/\/i0.wp.com\/my-alps.de\/wp-content\/uploads\/2014\/03\/Castro-Holzkirche-IV_DxO.jpg?resize=625%2C417\" width=\"625\" height=\"417\" srcset=\"https:\/\/i0.wp.com\/my-alps.de\/wp-content\/uploads\/2014\/03\/Castro-Holzkirche-IV_DxO.jpg?w=1024 1024w, https:\/\/i0.wp.com\/my-alps.de\/wp-content\/uploads\/2014\/03\/Castro-Holzkirche-IV_DxO.jpg?resize=300%2C200 300w\" sizes=\"(max-width: 625px) 100vw, 625px\" data-recalc-dims=\"1\" \/><\/a><p id=\"caption-attachment-935\" class=\"wp-caption-text\">Castro &#8211; Holzkirche &#8211; IV<\/p><\/div>\n<p>Alles ist aus Holz &#8211; auch die St\u00fctzen und die Kuppelstreben.<\/p>\n<p>Hier auf der Insel Chiloe\u2019 gibt es noch eine ganze Anzahl von diesen Holzkirchen, doch die in Castro ist die gr\u00f6sste und sch\u00f6nste. Sie war eigentlich nach den Vorstellungen und der Pl\u00e4ne des Italienischen Architekten in Beton und Stahl gedacht &#8211; doch die Bewohner von Castro haben einfach das \u201ebilligere\u201c Baumaterial genommen das auf der Insel verf\u00fcgbar war &#8211; wundersch\u00f6nes Alerce Holz. Es gibt zwar jetzt kaum noch Alerceb\u00e4ume auf der Insel, daf\u00fcr ist jedoch der tolle Eindruck in der Kirche erhalten geblieben. W\u00e4hre die Kirche anstatt aus Holz in Beton gebaut worden &#8211; es g\u00e4be genausowenig Alerceb\u00e4ume und keine so sch\u00f6ne Kirche.<\/p>\n<div id=\"attachment_939\" style=\"width: 1034px\" class=\"wp-caption aligncenter\"><a href=\"https:\/\/i0.wp.com\/my-alps.de\/wp-content\/uploads\/2014\/03\/Castro-bunte-Stelzenh\u00e4user-II-ce4.jpg\"><img aria-describedby=\"caption-attachment-939\" data-attachment-id=\"939\" data-permalink=\"http:\/\/my-alps.de\/?attachment_id=939\" data-orig-file=\"https:\/\/i0.wp.com\/my-alps.de\/wp-content\/uploads\/2014\/03\/Castro-bunte-Stelzenh\u00e4user-II-ce4.jpg?fit=1024%2C501\" data-orig-size=\"1024,501\" data-comments-opened=\"1\" data-image-meta=\"{&quot;aperture&quot;:&quot;11&quot;,&quot;credit&quot;:&quot;&quot;,&quot;camera&quot;:&quot;SLT-A99V&quot;,&quot;caption&quot;:&quot;&quot;,&quot;created_timestamp&quot;:&quot;1395917199&quot;,&quot;copyright&quot;:&quot;&quot;,&quot;focal_length&quot;:&quot;24&quot;,&quot;iso&quot;:&quot;100&quot;,&quot;shutter_speed&quot;:&quot;0.005&quot;,&quot;title&quot;:&quot;&quot;}\" data-image-title=\"Castro &#8211; bunte Stelzenh\u00e4user-II-ce4\" data-image-description=\"&lt;p&gt;Castro &#8211; bunte Stelzenh\u00e4user &#8211; I&lt;\/p&gt;\n\" data-image-caption=\"&lt;p&gt;Castro &#8211; bunte Stelzenh\u00e4user -I&lt;\/p&gt;\n\" data-medium-file=\"https:\/\/i0.wp.com\/my-alps.de\/wp-content\/uploads\/2014\/03\/Castro-bunte-Stelzenh\u00e4user-II-ce4.jpg?fit=300%2C146\" data-large-file=\"https:\/\/i0.wp.com\/my-alps.de\/wp-content\/uploads\/2014\/03\/Castro-bunte-Stelzenh\u00e4user-II-ce4.jpg?fit=625%2C306\" loading=\"lazy\" class=\"size-full wp-image-939\" alt=\"Castro - bunte Stelzenh\u00e4user -I\" src=\"https:\/\/i0.wp.com\/my-alps.de\/wp-content\/uploads\/2014\/03\/Castro-bunte-Stelzenh\u00e4user-II-ce4.jpg?resize=625%2C306\" width=\"625\" height=\"306\" srcset=\"https:\/\/i0.wp.com\/my-alps.de\/wp-content\/uploads\/2014\/03\/Castro-bunte-Stelzenh\u00e4user-II-ce4.jpg?w=1024 1024w, https:\/\/i0.wp.com\/my-alps.de\/wp-content\/uploads\/2014\/03\/Castro-bunte-Stelzenh\u00e4user-II-ce4.jpg?resize=300%2C146 300w\" sizes=\"(max-width: 625px) 100vw, 625px\" data-recalc-dims=\"1\" \/><\/a><p id=\"caption-attachment-939\" class=\"wp-caption-text\">Castro &#8211; bunte Stelzenh\u00e4user -I<\/p><\/div>\n<p>Der zweite Grund f\u00fcr einen Besuch von Castro sind die alten \u201eStelzenh\u00e4user\u201c am Strand. Es gibt einen ziemlichen Unterschied zwischen Ebbe und Flut, und so haben die Fischer ihre H\u00e4user mit St\u00fctzen zum Strand hin gebaut.<\/p>\n<div id=\"attachment_938\" style=\"width: 1034px\" class=\"wp-caption aligncenter\"><a href=\"https:\/\/i0.wp.com\/my-alps.de\/wp-content\/uploads\/2014\/03\/Castro-bunte-Stelzenh\u00e4user-I-ce4.jpg\"><img aria-describedby=\"caption-attachment-938\" data-attachment-id=\"938\" data-permalink=\"http:\/\/my-alps.de\/?attachment_id=938\" data-orig-file=\"https:\/\/i0.wp.com\/my-alps.de\/wp-content\/uploads\/2014\/03\/Castro-bunte-Stelzenh\u00e4user-I-ce4.jpg?fit=1024%2C471\" data-orig-size=\"1024,471\" data-comments-opened=\"1\" data-image-meta=\"{&quot;aperture&quot;:&quot;6.7&quot;,&quot;credit&quot;:&quot;&quot;,&quot;camera&quot;:&quot;SLT-A99V&quot;,&quot;caption&quot;:&quot;&quot;,&quot;created_timestamp&quot;:&quot;1395917059&quot;,&quot;copyright&quot;:&quot;&quot;,&quot;focal_length&quot;:&quot;24&quot;,&quot;iso&quot;:&quot;100&quot;,&quot;shutter_speed&quot;:&quot;0.004&quot;,&quot;title&quot;:&quot;&quot;}\" data-image-title=\"Castro &#8211; bunte Stelzenh\u00e4user-I-ce4\" data-image-description=\"&lt;p&gt;Castro &#8211; bunte Stelzenh\u00e4user-II&lt;\/p&gt;\n\" data-image-caption=\"&lt;p&gt;Castro &#8211; bunte Stelzenh\u00e4user-II&lt;\/p&gt;\n\" data-medium-file=\"https:\/\/i0.wp.com\/my-alps.de\/wp-content\/uploads\/2014\/03\/Castro-bunte-Stelzenh\u00e4user-I-ce4.jpg?fit=300%2C137\" data-large-file=\"https:\/\/i0.wp.com\/my-alps.de\/wp-content\/uploads\/2014\/03\/Castro-bunte-Stelzenh\u00e4user-I-ce4.jpg?fit=625%2C287\" loading=\"lazy\" class=\"size-full wp-image-938\" alt=\"Castro - bunte Stelzenh\u00e4user-II\" src=\"https:\/\/i0.wp.com\/my-alps.de\/wp-content\/uploads\/2014\/03\/Castro-bunte-Stelzenh\u00e4user-I-ce4.jpg?resize=625%2C287\" width=\"625\" height=\"287\" srcset=\"https:\/\/i0.wp.com\/my-alps.de\/wp-content\/uploads\/2014\/03\/Castro-bunte-Stelzenh\u00e4user-I-ce4.jpg?w=1024 1024w, https:\/\/i0.wp.com\/my-alps.de\/wp-content\/uploads\/2014\/03\/Castro-bunte-Stelzenh\u00e4user-I-ce4.jpg?resize=300%2C137 300w\" sizes=\"(max-width: 625px) 100vw, 625px\" data-recalc-dims=\"1\" \/><\/a><p id=\"caption-attachment-938\" class=\"wp-caption-text\">Castro &#8211; bunte Stelzenh\u00e4user-II<\/p><\/div>\n<p>Alle sind ebenfalls aus Holz gebaut und bunt gestrichen.<\/p>\n<div id=\"attachment_952\" style=\"width: 1034px\" class=\"wp-caption aligncenter\"><a href=\"https:\/\/i0.wp.com\/my-alps.de\/wp-content\/uploads\/2014\/03\/Klein-Venedig-ganz-klein.jpg\"><img aria-describedby=\"caption-attachment-952\" data-attachment-id=\"952\" data-permalink=\"http:\/\/my-alps.de\/?attachment_id=952\" data-orig-file=\"https:\/\/i0.wp.com\/my-alps.de\/wp-content\/uploads\/2014\/03\/Klein-Venedig-ganz-klein.jpg?fit=1024%2C683\" data-orig-size=\"1024,683\" data-comments-opened=\"1\" data-image-meta=\"{&quot;aperture&quot;:&quot;9&quot;,&quot;credit&quot;:&quot;&quot;,&quot;camera&quot;:&quot;SLT-A77V&quot;,&quot;caption&quot;:&quot;&quot;,&quot;created_timestamp&quot;:&quot;1374521105&quot;,&quot;copyright&quot;:&quot;&quot;,&quot;focal_length&quot;:&quot;45&quot;,&quot;iso&quot;:&quot;125&quot;,&quot;shutter_speed&quot;:&quot;0.0025&quot;,&quot;title&quot;:&quot;&quot;}\" data-image-title=\"Klein Venedig &#8211; ganz klein\" data-image-description=\"&lt;p&gt;Klein Venedig &#8211; ganz klein&lt;\/p&gt;\n\" data-image-caption=\"&lt;p&gt;Klein Venedig &#8211; ganz klein&lt;\/p&gt;\n\" data-medium-file=\"https:\/\/i0.wp.com\/my-alps.de\/wp-content\/uploads\/2014\/03\/Klein-Venedig-ganz-klein.jpg?fit=300%2C200\" data-large-file=\"https:\/\/i0.wp.com\/my-alps.de\/wp-content\/uploads\/2014\/03\/Klein-Venedig-ganz-klein.jpg?fit=625%2C417\" loading=\"lazy\" class=\"size-full wp-image-952\" alt=\"Klein Venedig - ganz klein\" src=\"https:\/\/i0.wp.com\/my-alps.de\/wp-content\/uploads\/2014\/03\/Klein-Venedig-ganz-klein.jpg?resize=625%2C417\" width=\"625\" height=\"417\" srcset=\"https:\/\/i0.wp.com\/my-alps.de\/wp-content\/uploads\/2014\/03\/Klein-Venedig-ganz-klein.jpg?w=1024 1024w, https:\/\/i0.wp.com\/my-alps.de\/wp-content\/uploads\/2014\/03\/Klein-Venedig-ganz-klein.jpg?resize=300%2C200 300w\" sizes=\"(max-width: 625px) 100vw, 625px\" data-recalc-dims=\"1\" \/><\/a><p id=\"caption-attachment-952\" class=\"wp-caption-text\">Klein Venedig &#8211; ganz klein<\/p><\/div>\n<p>Fast so wie \u201edaham\u201c &#8211; da gibt es auch kleine putzige H\u00e4user direkt am Wasser.\u00a0Wir hatten Gl\u00fcck und das Wetter hat fr\u00fch bei Flut eine gute Laune bewiesen &#8211; eine halbe Stunde kam die Sonne durch die Wolken und hat die kleinen H\u00e4uschen richtig strahlen lassen.<\/p>\n<div id=\"attachment_951\" style=\"width: 1034px\" class=\"wp-caption aligncenter\"><a href=\"https:\/\/i0.wp.com\/my-alps.de\/wp-content\/uploads\/2014\/03\/Herbststimmung-am-Pazifik-HD-ce4.jpg\"><img aria-describedby=\"caption-attachment-951\" data-attachment-id=\"951\" data-permalink=\"http:\/\/my-alps.de\/?attachment_id=951\" data-orig-file=\"https:\/\/i0.wp.com\/my-alps.de\/wp-content\/uploads\/2014\/03\/Herbststimmung-am-Pazifik-HD-ce4.jpg?fit=1024%2C576\" data-orig-size=\"1024,576\" data-comments-opened=\"1\" data-image-meta=\"{&quot;aperture&quot;:&quot;11&quot;,&quot;credit&quot;:&quot;&quot;,&quot;camera&quot;:&quot;SLT-A99V&quot;,&quot;caption&quot;:&quot;&quot;,&quot;created_timestamp&quot;:&quot;1395917354&quot;,&quot;copyright&quot;:&quot;&quot;,&quot;focal_length&quot;:&quot;24&quot;,&quot;iso&quot;:&quot;100&quot;,&quot;shutter_speed&quot;:&quot;0.0028571428571429&quot;,&quot;title&quot;:&quot;&quot;}\" data-image-title=\"Herbststimmung am  Pazifik &#8211; HD &#8211; ce4\" data-image-description=\"&lt;p&gt;Herbststimmung am  Pazifik&lt;\/p&gt;\n\" data-image-caption=\"&lt;p&gt;Herbststimmung am  Pazifik&lt;\/p&gt;\n\" data-medium-file=\"https:\/\/i0.wp.com\/my-alps.de\/wp-content\/uploads\/2014\/03\/Herbststimmung-am-Pazifik-HD-ce4.jpg?fit=300%2C168\" data-large-file=\"https:\/\/i0.wp.com\/my-alps.de\/wp-content\/uploads\/2014\/03\/Herbststimmung-am-Pazifik-HD-ce4.jpg?fit=625%2C352\" loading=\"lazy\" class=\"size-full wp-image-951\" alt=\"Herbststimmung am  Pazifik\" src=\"https:\/\/i0.wp.com\/my-alps.de\/wp-content\/uploads\/2014\/03\/Herbststimmung-am-Pazifik-HD-ce4.jpg?resize=625%2C352\" width=\"625\" height=\"352\" srcset=\"https:\/\/i0.wp.com\/my-alps.de\/wp-content\/uploads\/2014\/03\/Herbststimmung-am-Pazifik-HD-ce4.jpg?w=1024 1024w, https:\/\/i0.wp.com\/my-alps.de\/wp-content\/uploads\/2014\/03\/Herbststimmung-am-Pazifik-HD-ce4.jpg?resize=300%2C168 300w\" sizes=\"(max-width: 625px) 100vw, 625px\" data-recalc-dims=\"1\" \/><\/a><p id=\"caption-attachment-951\" class=\"wp-caption-text\">Herbststimmung am Pazifik<\/p><\/div>\n<p>Das Wetter war die letzten 3 Tage herrlich sonnig und mild &#8211; heute hat jedoch wieder der ber\u00fchmte chilotische Regen zugeschlagen. So haben wir noch eine weitere Variante von \u201enasswerden\u201c mitbekommen &#8211; SEAD-Regen. SEAD-Regen? Ist ganz einfach &#8211; Sofort &#8211; Einh\u00fcllender &#8211; Alles &#8211; Durchn\u00e4ssender &#8211; Regen. Ein Spezialit\u00e4t Chiloe\u2019s. Die Einwohner verzichten sogar auf Regenschirme, da diese nichts n\u00fctzen &#8211; das Wasser wird durch den aufbrausenden Wind in Myriaden kleiner und kleinster Tr\u00f6pfchen verwirbelt die von oben-unten-links und rechts gleichzeitig auf dich eindringen. Wiederstand? &#8211; Zwecklos! Einfach geduldig ertragen und hoffen das deine GoreTex Jacke auch wirklich dicht h\u00e4lt.<\/p>\n<p>Nachdem wir so einen Spr\u00fchflaschen-Waschgang hinter uns gebracht haben mussten wir uns eine\u00a0 Belohnung g\u00f6nnen.<\/p>\n<p>Am Fischmarkt sind ein paar kleine St\u00e4nde die frisches \u201eChevechi\u201c verkaufen.<\/p>\n<div id=\"attachment_937\" style=\"width: 1034px\" class=\"wp-caption aligncenter\"><a href=\"https:\/\/i0.wp.com\/my-alps.de\/wp-content\/uploads\/2014\/03\/Bratwurschtstand-a-la-Chiloe-HD.jpg\"><img aria-describedby=\"caption-attachment-937\" data-attachment-id=\"937\" data-permalink=\"http:\/\/my-alps.de\/?attachment_id=937\" data-orig-file=\"https:\/\/i0.wp.com\/my-alps.de\/wp-content\/uploads\/2014\/03\/Bratwurschtstand-a-la-Chiloe-HD.jpg?fit=1024%2C576\" data-orig-size=\"1024,576\" data-comments-opened=\"1\" data-image-meta=\"{&quot;aperture&quot;:&quot;4&quot;,&quot;credit&quot;:&quot;&quot;,&quot;camera&quot;:&quot;SLT-A99V&quot;,&quot;caption&quot;:&quot;&quot;,&quot;created_timestamp&quot;:&quot;1395921658&quot;,&quot;copyright&quot;:&quot;&quot;,&quot;focal_length&quot;:&quot;35&quot;,&quot;iso&quot;:&quot;1000&quot;,&quot;shutter_speed&quot;:&quot;0.005&quot;,&quot;title&quot;:&quot;&quot;}\" data-image-title=\"Bratwurschtstand a&#8216; la Chiloe&#8216; &#8211; HD\" data-image-description=\"&lt;p&gt;Bratwurschtstand a&#8216; la Chiloe&#8216; &lt;\/p&gt;\n\" data-image-caption=\"&lt;p&gt;Bratwurschtstand a&#8216; la Chiloe&#8216; &lt;\/p&gt;\n\" data-medium-file=\"https:\/\/i0.wp.com\/my-alps.de\/wp-content\/uploads\/2014\/03\/Bratwurschtstand-a-la-Chiloe-HD.jpg?fit=300%2C168\" data-large-file=\"https:\/\/i0.wp.com\/my-alps.de\/wp-content\/uploads\/2014\/03\/Bratwurschtstand-a-la-Chiloe-HD.jpg?fit=625%2C352\" loading=\"lazy\" class=\"size-full wp-image-937\" alt=\"Bratwurschtstand a' la Chiloe' \" src=\"https:\/\/i0.wp.com\/my-alps.de\/wp-content\/uploads\/2014\/03\/Bratwurschtstand-a-la-Chiloe-HD.jpg?resize=625%2C352\" width=\"625\" height=\"352\" srcset=\"https:\/\/i0.wp.com\/my-alps.de\/wp-content\/uploads\/2014\/03\/Bratwurschtstand-a-la-Chiloe-HD.jpg?w=1024 1024w, https:\/\/i0.wp.com\/my-alps.de\/wp-content\/uploads\/2014\/03\/Bratwurschtstand-a-la-Chiloe-HD.jpg?resize=300%2C168 300w\" sizes=\"(max-width: 625px) 100vw, 625px\" data-recalc-dims=\"1\" \/><\/a><p id=\"caption-attachment-937\" class=\"wp-caption-text\">Bratwurschtstand a&#8216; la Chiloe&#8216;<\/p><\/div>\n<p>Frischer Lachs (oder anderes Meeresgetier) mit Zitrone mariniert.<br \/>\nEine Art chilenisches Sushi und ein MUSS f\u00fcr den geneigten Fischesser.<\/p>\n<div id=\"attachment_943\" style=\"width: 1034px\" class=\"wp-caption aligncenter\"><a href=\"https:\/\/i0.wp.com\/my-alps.de\/wp-content\/uploads\/2014\/03\/Chevechi-I-6x6.jpg\"><img aria-describedby=\"caption-attachment-943\" data-attachment-id=\"943\" data-permalink=\"http:\/\/my-alps.de\/?attachment_id=943\" data-orig-file=\"https:\/\/i0.wp.com\/my-alps.de\/wp-content\/uploads\/2014\/03\/Chevechi-I-6x6.jpg?fit=1024%2C1024\" data-orig-size=\"1024,1024\" data-comments-opened=\"1\" data-image-meta=\"{&quot;aperture&quot;:&quot;4&quot;,&quot;credit&quot;:&quot;&quot;,&quot;camera&quot;:&quot;SLT-A99V&quot;,&quot;caption&quot;:&quot;&quot;,&quot;created_timestamp&quot;:&quot;1395921706&quot;,&quot;copyright&quot;:&quot;&quot;,&quot;focal_length&quot;:&quot;35&quot;,&quot;iso&quot;:&quot;2000&quot;,&quot;shutter_speed&quot;:&quot;0.005&quot;,&quot;title&quot;:&quot;&quot;}\" data-image-title=\"Chevechi &#8211; I &#8211; 6&#215;6\" data-image-description=\"&lt;p&gt;Chevechi &#8211; I&lt;\/p&gt;\n\" data-image-caption=\"&lt;p&gt;Chevechi &#8211; I&lt;\/p&gt;\n\" data-medium-file=\"https:\/\/i0.wp.com\/my-alps.de\/wp-content\/uploads\/2014\/03\/Chevechi-I-6x6.jpg?fit=300%2C300\" data-large-file=\"https:\/\/i0.wp.com\/my-alps.de\/wp-content\/uploads\/2014\/03\/Chevechi-I-6x6.jpg?fit=625%2C625\" loading=\"lazy\" class=\"size-full wp-image-943\" alt=\"Chevechi - I\" src=\"https:\/\/i0.wp.com\/my-alps.de\/wp-content\/uploads\/2014\/03\/Chevechi-I-6x6.jpg?resize=625%2C625\" width=\"625\" height=\"625\" srcset=\"https:\/\/i0.wp.com\/my-alps.de\/wp-content\/uploads\/2014\/03\/Chevechi-I-6x6.jpg?w=1024 1024w, https:\/\/i0.wp.com\/my-alps.de\/wp-content\/uploads\/2014\/03\/Chevechi-I-6x6.jpg?resize=290%2C290 290w, https:\/\/i0.wp.com\/my-alps.de\/wp-content\/uploads\/2014\/03\/Chevechi-I-6x6.jpg?resize=300%2C300 300w\" sizes=\"(max-width: 625px) 100vw, 625px\" data-recalc-dims=\"1\" \/><\/a><p id=\"caption-attachment-943\" class=\"wp-caption-text\">Chevechi &#8211; I<\/p><\/div>\n<p>Ich habe mich also angestrengt und mit meinem \u201eFrankospanisch\u201c dem \u201eJorge\u201c vom Fischverkauf erz\u00e4hlt das wir gerne \u201eeins mit allem\u201c und \u201ezwei ohne allem\u201c h\u00e4tten.<\/p>\n<div id=\"attachment_945\" style=\"width: 1034px\" class=\"wp-caption aligncenter\"><a href=\"https:\/\/i0.wp.com\/my-alps.de\/wp-content\/uploads\/2014\/03\/Chevechi-III-6x6.jpg\"><img aria-describedby=\"caption-attachment-945\" data-attachment-id=\"945\" data-permalink=\"http:\/\/my-alps.de\/?attachment_id=945\" data-orig-file=\"https:\/\/i0.wp.com\/my-alps.de\/wp-content\/uploads\/2014\/03\/Chevechi-III-6x6.jpg?fit=1024%2C1024\" data-orig-size=\"1024,1024\" data-comments-opened=\"1\" data-image-meta=\"{&quot;aperture&quot;:&quot;4&quot;,&quot;credit&quot;:&quot;&quot;,&quot;camera&quot;:&quot;SLT-A99V&quot;,&quot;caption&quot;:&quot;&quot;,&quot;created_timestamp&quot;:&quot;1395921557&quot;,&quot;copyright&quot;:&quot;&quot;,&quot;focal_length&quot;:&quot;70&quot;,&quot;iso&quot;:&quot;500&quot;,&quot;shutter_speed&quot;:&quot;0.005&quot;,&quot;title&quot;:&quot;&quot;}\" data-image-title=\"Chevechi &#8211; III &#8211; 6&#215;6\" data-image-description=\"&lt;p&gt;Chevechi &#8211; III &lt;\/p&gt;\n\" data-image-caption=\"&lt;p&gt;Chevechi &#8211; III &lt;\/p&gt;\n\" data-medium-file=\"https:\/\/i0.wp.com\/my-alps.de\/wp-content\/uploads\/2014\/03\/Chevechi-III-6x6.jpg?fit=300%2C300\" data-large-file=\"https:\/\/i0.wp.com\/my-alps.de\/wp-content\/uploads\/2014\/03\/Chevechi-III-6x6.jpg?fit=625%2C625\" loading=\"lazy\" class=\"size-full wp-image-945\" alt=\"Chevechi - III \" src=\"https:\/\/i0.wp.com\/my-alps.de\/wp-content\/uploads\/2014\/03\/Chevechi-III-6x6.jpg?resize=625%2C625\" width=\"625\" height=\"625\" srcset=\"https:\/\/i0.wp.com\/my-alps.de\/wp-content\/uploads\/2014\/03\/Chevechi-III-6x6.jpg?w=1024 1024w, https:\/\/i0.wp.com\/my-alps.de\/wp-content\/uploads\/2014\/03\/Chevechi-III-6x6.jpg?resize=290%2C290 290w, https:\/\/i0.wp.com\/my-alps.de\/wp-content\/uploads\/2014\/03\/Chevechi-III-6x6.jpg?resize=300%2C300 300w\" sizes=\"(max-width: 625px) 100vw, 625px\" data-recalc-dims=\"1\" \/><\/a><p id=\"caption-attachment-945\" class=\"wp-caption-text\">Chevechi &#8211; III<\/p><\/div>\n<p>Er hat uns auch wirklich 3 Sch\u00e4lchen verkauft<\/p>\n<div id=\"attachment_944\" style=\"width: 1034px\" class=\"wp-caption aligncenter\"><a href=\"https:\/\/i0.wp.com\/my-alps.de\/wp-content\/uploads\/2014\/03\/Chevechi-II-6x6.jpg\"><img aria-describedby=\"caption-attachment-944\" data-attachment-id=\"944\" data-permalink=\"http:\/\/my-alps.de\/?attachment_id=944\" data-orig-file=\"https:\/\/i0.wp.com\/my-alps.de\/wp-content\/uploads\/2014\/03\/Chevechi-II-6x6.jpg?fit=1024%2C1024\" data-orig-size=\"1024,1024\" data-comments-opened=\"1\" data-image-meta=\"{&quot;aperture&quot;:&quot;4&quot;,&quot;credit&quot;:&quot;&quot;,&quot;camera&quot;:&quot;SLT-A99V&quot;,&quot;caption&quot;:&quot;&quot;,&quot;created_timestamp&quot;:&quot;1395921949&quot;,&quot;copyright&quot;:&quot;&quot;,&quot;focal_length&quot;:&quot;35&quot;,&quot;iso&quot;:&quot;1000&quot;,&quot;shutter_speed&quot;:&quot;0.005&quot;,&quot;title&quot;:&quot;&quot;}\" data-image-title=\"Chevechi &#8211; II &#8211; 6&#215;6\" data-image-description=\"&lt;p&gt;Chevechi &#8211; II&lt;\/p&gt;\n\" data-image-caption=\"&lt;p&gt;Chevechi &#8211; II&lt;\/p&gt;\n\" data-medium-file=\"https:\/\/i0.wp.com\/my-alps.de\/wp-content\/uploads\/2014\/03\/Chevechi-II-6x6.jpg?fit=300%2C300\" data-large-file=\"https:\/\/i0.wp.com\/my-alps.de\/wp-content\/uploads\/2014\/03\/Chevechi-II-6x6.jpg?fit=625%2C625\" loading=\"lazy\" class=\"size-full wp-image-944\" alt=\"Chevechi - II\" src=\"https:\/\/i0.wp.com\/my-alps.de\/wp-content\/uploads\/2014\/03\/Chevechi-II-6x6.jpg?resize=625%2C625\" width=\"625\" height=\"625\" srcset=\"https:\/\/i0.wp.com\/my-alps.de\/wp-content\/uploads\/2014\/03\/Chevechi-II-6x6.jpg?w=1024 1024w, https:\/\/i0.wp.com\/my-alps.de\/wp-content\/uploads\/2014\/03\/Chevechi-II-6x6.jpg?resize=290%2C290 290w, https:\/\/i0.wp.com\/my-alps.de\/wp-content\/uploads\/2014\/03\/Chevechi-II-6x6.jpg?resize=300%2C300 300w\" sizes=\"(max-width: 625px) 100vw, 625px\" data-recalc-dims=\"1\" \/><\/a><p id=\"caption-attachment-944\" class=\"wp-caption-text\">Chevechi &#8211; II<\/p><\/div>\n<p>eins zum gleich essen und die anderen beiden f\u00fcr sp\u00e4ter &#8211; mit frischem Koriandergr\u00fcn und Spaghetti. Einfach zum Umfallen lecker!<\/p>\n<p>Wir sind sp\u00e4ter noch bis \u201eConchi\u201c gefahren, einem kleinem Dorf das auch f\u00fcr einen Westernfilm herhalten k\u00f6nnte.<\/p>\n<div id=\"attachment_949\" style=\"width: 1034px\" class=\"wp-caption aligncenter\"><a href=\"https:\/\/i0.wp.com\/my-alps.de\/wp-content\/uploads\/2014\/03\/Cochi-Hauptstrasse-ce4.jpg\"><img aria-describedby=\"caption-attachment-949\" data-attachment-id=\"949\" data-permalink=\"http:\/\/my-alps.de\/?attachment_id=949\" data-orig-file=\"https:\/\/i0.wp.com\/my-alps.de\/wp-content\/uploads\/2014\/03\/Cochi-Hauptstrasse-ce4.jpg?fit=1024%2C683\" data-orig-size=\"1024,683\" data-comments-opened=\"1\" data-image-meta=\"{&quot;aperture&quot;:&quot;6.7&quot;,&quot;credit&quot;:&quot;&quot;,&quot;camera&quot;:&quot;SLT-A99V&quot;,&quot;caption&quot;:&quot;&quot;,&quot;created_timestamp&quot;:&quot;1395933563&quot;,&quot;copyright&quot;:&quot;&quot;,&quot;focal_length&quot;:&quot;70&quot;,&quot;iso&quot;:&quot;100&quot;,&quot;shutter_speed&quot;:&quot;0.011111111111111&quot;,&quot;title&quot;:&quot;&quot;}\" data-image-title=\"Conchi &#8211; Hauptstrasse &#8211; ce4\" data-image-description=\"&lt;p&gt;Conchi &#8211; Hauptstrasse&lt;\/p&gt;\n\" data-image-caption=\"&lt;p&gt;Conchi &#8211; Hauptstrasse&lt;\/p&gt;\n\" data-medium-file=\"https:\/\/i0.wp.com\/my-alps.de\/wp-content\/uploads\/2014\/03\/Cochi-Hauptstrasse-ce4.jpg?fit=300%2C200\" data-large-file=\"https:\/\/i0.wp.com\/my-alps.de\/wp-content\/uploads\/2014\/03\/Cochi-Hauptstrasse-ce4.jpg?fit=625%2C417\" loading=\"lazy\" class=\"size-full wp-image-949\" alt=\"Conchi - Hauptstrasse\" src=\"https:\/\/i0.wp.com\/my-alps.de\/wp-content\/uploads\/2014\/03\/Cochi-Hauptstrasse-ce4.jpg?resize=625%2C417\" width=\"625\" height=\"417\" srcset=\"https:\/\/i0.wp.com\/my-alps.de\/wp-content\/uploads\/2014\/03\/Cochi-Hauptstrasse-ce4.jpg?w=1024 1024w, https:\/\/i0.wp.com\/my-alps.de\/wp-content\/uploads\/2014\/03\/Cochi-Hauptstrasse-ce4.jpg?resize=300%2C200 300w\" sizes=\"(max-width: 625px) 100vw, 625px\" data-recalc-dims=\"1\" \/><\/a><p id=\"caption-attachment-949\" class=\"wp-caption-text\">Conchi &#8211; Hauptstrasse<\/p><\/div>\n<p>Alles etwas morsch geworden mit der Zeit.<\/p>\n<div id=\"attachment_948\" style=\"width: 1034px\" class=\"wp-caption aligncenter\"><a href=\"https:\/\/i0.wp.com\/my-alps.de\/wp-content\/uploads\/2014\/03\/Cochi-Gemischtwarenladen.-ce4.jpg\"><img aria-describedby=\"caption-attachment-948\" data-attachment-id=\"948\" data-permalink=\"http:\/\/my-alps.de\/?attachment_id=948\" data-orig-file=\"https:\/\/i0.wp.com\/my-alps.de\/wp-content\/uploads\/2014\/03\/Cochi-Gemischtwarenladen.-ce4.jpg?fit=1024%2C819\" data-orig-size=\"1024,819\" data-comments-opened=\"1\" data-image-meta=\"{&quot;aperture&quot;:&quot;8&quot;,&quot;credit&quot;:&quot;&quot;,&quot;camera&quot;:&quot;SLT-A99V&quot;,&quot;caption&quot;:&quot;&quot;,&quot;created_timestamp&quot;:&quot;1395933272&quot;,&quot;copyright&quot;:&quot;&quot;,&quot;focal_length&quot;:&quot;35&quot;,&quot;iso&quot;:&quot;100&quot;,&quot;shutter_speed&quot;:&quot;0.011111111111111&quot;,&quot;title&quot;:&quot;&quot;}\" data-image-title=\"Conchi &#8211; Gemischtwarenladen.-ce4\" data-image-description=\"&lt;p&gt;Conchi &#8211; Gemischtwarenladen&lt;\/p&gt;\n\" data-image-caption=\"&lt;p&gt;Conchi &#8211; Gemischtwarenladen&lt;\/p&gt;\n\" data-medium-file=\"https:\/\/i0.wp.com\/my-alps.de\/wp-content\/uploads\/2014\/03\/Cochi-Gemischtwarenladen.-ce4.jpg?fit=300%2C239\" data-large-file=\"https:\/\/i0.wp.com\/my-alps.de\/wp-content\/uploads\/2014\/03\/Cochi-Gemischtwarenladen.-ce4.jpg?fit=625%2C500\" loading=\"lazy\" class=\"size-full wp-image-948\" alt=\"Conchi - Gemischtwarenladen\" src=\"https:\/\/i0.wp.com\/my-alps.de\/wp-content\/uploads\/2014\/03\/Cochi-Gemischtwarenladen.-ce4.jpg?resize=625%2C500\" width=\"625\" height=\"500\" srcset=\"https:\/\/i0.wp.com\/my-alps.de\/wp-content\/uploads\/2014\/03\/Cochi-Gemischtwarenladen.-ce4.jpg?w=1024 1024w, https:\/\/i0.wp.com\/my-alps.de\/wp-content\/uploads\/2014\/03\/Cochi-Gemischtwarenladen.-ce4.jpg?resize=300%2C239 300w\" sizes=\"(max-width: 625px) 100vw, 625px\" data-recalc-dims=\"1\" \/><\/a><p id=\"caption-attachment-948\" class=\"wp-caption-text\">Conchi &#8211; Gemischtwarenladen<\/p><\/div>\n<p>Da das Wetter richtig fies geworden ist,<br \/>\n(das erste Pazifik-Herbst-Tief ist angerauscht)<br \/>\nhaben wir hier umgedreht und uns den Rest der Insel f\u00fcr \u201esp\u00e4ter\u201c aufgehoben.<br \/>\n<span style=\"line-height: 1.5;\">Jetzt geht es erst mal wieder nach Norden, Richtung Puerto Varas &#8211; und zum Vulkan Osorno.<\/span><\/p>\n<p>Die kleine Sirene \u201ePincoya\u201c, eine von vielen aus der Mythologie der Insel, wird uns bestimmt wieder mit ihren Ges\u00e4ngen den richtigen Weg in den S\u00fcden weisen.<\/p>\n<div id=\"attachment_946\" style=\"width: 1034px\" class=\"wp-caption aligncenter\"><a href=\"https:\/\/i0.wp.com\/my-alps.de\/wp-content\/uploads\/2014\/03\/Chiloes-Pincoya-h\u00e4lt-Ausschau-nach-uns.jpg\"><img aria-describedby=\"caption-attachment-946\" data-attachment-id=\"946\" data-permalink=\"http:\/\/my-alps.de\/?attachment_id=946\" data-orig-file=\"https:\/\/i0.wp.com\/my-alps.de\/wp-content\/uploads\/2014\/03\/Chiloes-Pincoya-h\u00e4lt-Ausschau-nach-uns.jpg?fit=1024%2C576\" data-orig-size=\"1024,576\" data-comments-opened=\"1\" data-image-meta=\"{&quot;aperture&quot;:&quot;4&quot;,&quot;credit&quot;:&quot;&quot;,&quot;camera&quot;:&quot;SLT-A99V&quot;,&quot;caption&quot;:&quot;&quot;,&quot;created_timestamp&quot;:&quot;1395920896&quot;,&quot;copyright&quot;:&quot;&quot;,&quot;focal_length&quot;:&quot;70&quot;,&quot;iso&quot;:&quot;5000&quot;,&quot;shutter_speed&quot;:&quot;0.005&quot;,&quot;title&quot;:&quot;&quot;}\" data-image-title=\"Chiloe&#8217;s Pincoya h\u00e4lt Ausschau nach uns\" data-image-description=\"&lt;p&gt;Chiloe&#8217;s Pincoya h\u00e4lt Ausschau nach uns&lt;\/p&gt;\n\" data-image-caption=\"&lt;p&gt;Chiloe&#8217;s Pincoya h\u00e4lt Ausschau nach uns&lt;\/p&gt;\n\" data-medium-file=\"https:\/\/i0.wp.com\/my-alps.de\/wp-content\/uploads\/2014\/03\/Chiloes-Pincoya-h\u00e4lt-Ausschau-nach-uns.jpg?fit=300%2C168\" data-large-file=\"https:\/\/i0.wp.com\/my-alps.de\/wp-content\/uploads\/2014\/03\/Chiloes-Pincoya-h\u00e4lt-Ausschau-nach-uns.jpg?fit=625%2C352\" loading=\"lazy\" class=\"size-full wp-image-946\" alt=\"Chiloe's Pincoya h\u00e4lt Ausschau nach uns\" src=\"https:\/\/i0.wp.com\/my-alps.de\/wp-content\/uploads\/2014\/03\/Chiloes-Pincoya-h\u00e4lt-Ausschau-nach-uns.jpg?resize=625%2C352\" width=\"625\" height=\"352\" srcset=\"https:\/\/i0.wp.com\/my-alps.de\/wp-content\/uploads\/2014\/03\/Chiloes-Pincoya-h\u00e4lt-Ausschau-nach-uns.jpg?w=1024 1024w, https:\/\/i0.wp.com\/my-alps.de\/wp-content\/uploads\/2014\/03\/Chiloes-Pincoya-h\u00e4lt-Ausschau-nach-uns.jpg?resize=300%2C168 300w\" sizes=\"(max-width: 625px) 100vw, 625px\" data-recalc-dims=\"1\" \/><\/a><p id=\"caption-attachment-946\" class=\"wp-caption-text\">Chiloe&#8217;s Pincoya h\u00e4lt Ausschau nach uns<\/p><\/div>\n<p>&nbsp;<\/p>\n","protected":false},"excerpt":{"rendered":"<p>Wir sind im zweiten Teil unserer Reise \u00fcber die Insel Chiloe\u2019 in der kleinen Stadt \u201eCastro\u201c gelandet. Castro ist, wie der Rest der Insel auch, ber\u00fchmt f\u00fcr seine einzigartige Holzkirche. Zugegeben, von aussen wirkt die \u201eKathedrale\u201c etwas kitschig, und die Fassade ist mit Blechtafeln verkleidet, aber sobald man durch einen der Eing\u00e4nge in\u2019s innere der [&hellip;]<\/p>\n","protected":false},"author":1,"featured_media":0,"comment_status":"open","ping_status":"open","sticky":false,"template":"","format":"gallery","meta":{"spay_email":"","jetpack_publicize_message":"","jetpack_is_tweetstorm":false,"jetpack_publicize_feature_enabled":true},"categories":[1],"tags":[],"jetpack_featured_media_url":"","jetpack_publicize_connections":[],"jetpack_sharing_enabled":true,"jetpack_shortlink":"https:\/\/wp.me\/p6huce-f4","jetpack-related-posts":[{"id":932,"url":"http:\/\/my-alps.de\/?p=932","url_meta":{"origin":934,"position":0},"title":"Chiloe&#8216; Teil II &#8211; Castro","date":"27. M\u00e4rz 2014","format":"gallery","excerpt":"Heute war wieder ein Tag, an dem wir unsere \"Householddutys\" erledigen konnten. Es gibt hier eine tolle W\u00e4scherei in Castro und unser ganzes Bettzeugs war in den letzten Tagen durch die hohe Luftfeuchtigkeit ziemlich muffig geworden. Also alle Schlaf\u00e4cke, Decken und Kopfkissenbez\u00fcge in eine gro\u00dfe Plastikt\u00fcte stopfen und 10 Kilo\u2026","rel":"","context":"In &quot;News&quot;","img":{"alt_text":"","src":"","width":0,"height":0},"classes":[]},{"id":955,"url":"http:\/\/my-alps.de\/?p=955","url_meta":{"origin":934,"position":1},"title":"Die Kehrseite &#8211; g\u00fcnstiger Fisch f\u00fcr die gesamte Welt","date":"30. M\u00e4rz 2014","format":"gallery","excerpt":"Wir sind ja nun schon eine ganze Weile an den Fjorden des Pazifiks im S\u00fcden von Chile unterwegs und uns ist bewusst geworden mit welchem Ausma\u00df die Fischindustrie hier die Landschaft in Besitz genommen hat. Waren fr\u00fcher viele Fischer mit ihren Booten drau\u00dfen im Pazifik unterwegs um den frischen Fisch\u2026","rel":"","context":"In &quot;unter uns&quot;","img":{"alt_text":"","src":"https:\/\/i0.wp.com\/my-alps.de\/wp-content\/uploads\/2014\/03\/Fischfarmen.jpg?resize=350%2C200","width":350,"height":200},"classes":[]},{"id":1304,"url":"http:\/\/my-alps.de\/?p=1304","url_meta":{"origin":934,"position":2},"title":"Chilecito, Hualko, Amaicha und Tafi del Valles","date":"30. Juni 2014","format":"gallery","excerpt":"Chronologisch unserer Reiseroute ging es nach dem NP Talampaya in Richtung Chilecito. Da die Ruta 40 zur dieser Zeit \u00fcber die\u00a0\u201eCuesta de Miranda\u201c gesperrt war, mussten wir einen \u201ekleinen\u201c\u00a0Umweg von ca. 250 Kilometer machen. Die Fahrt ging zur\u00fcck \u00fcber die Ruta 76 bis nach Pataguia und dann die Ruta 74\u2026","rel":"","context":"In &quot;News&quot;","img":{"alt_text":"","src":"https:\/\/i0.wp.com\/my-alps.de\/wp-content\/uploads\/2014\/06\/DSC03910.jpg?resize=350%2C200","width":350,"height":200},"classes":[]},{"id":883,"url":"http:\/\/my-alps.de\/?p=883","url_meta":{"origin":934,"position":3},"title":"Insel Chiloe\u2019","date":"26. M\u00e4rz 2014","format":"gallery","excerpt":"Die Insel Chiloe\u2019 ist von Puerto Montt auf einer gut ausgebauten Autobahn in ca. 1 1\/2 Stunden Fahrt zu erreichen. \u00dcber die Meerenge zwischen dem Festland und der Insel wird (wie in Chile \u00fcblich) mit einer offenen F\u00e4hre \u00fcbergesetzt. Die Fahrtzeit betr\u00e4gt etwa eine halbe Stunde und kostet f\u00fcr unser\u2026","rel":"","context":"In &quot;News&quot;","img":{"alt_text":"","src":"https:\/\/i0.wp.com\/my-alps.de\/wp-content\/uploads\/2014\/03\/wir-sind-auf.....jpg?resize=350%2C200","width":350,"height":200},"classes":[]},{"id":881,"url":"http:\/\/my-alps.de\/?p=881","url_meta":{"origin":934,"position":4},"title":"Puerto Montt","date":"26. M\u00e4rz 2014","format":"gallery","excerpt":"Nach 8.808 km (und wahrscheinlich ein paar mehr) die wir jetzt hier in S\u00fcdamerika unterwegs sind haben wir unserem WOMO auch mal etwas Gutes geg\u00f6nnt. Hier in Puerto Montt habe ich eine Werkstatt entdeckt die jegliche Art von Service f\u00fcr \u201egesch\u00fcttelte\u201c Autos anbietet. Wir haben uns f\u00fcr: \u00d6lwechsel und Luftfilterwechsel\u2026","rel":"","context":"In &quot;News&quot;","img":{"alt_text":"","src":"https:\/\/i0.wp.com\/my-alps.de\/wp-content\/uploads\/2014\/03\/Pisco-sour-6x6.jpg?resize=350%2C200","width":350,"height":200},"classes":[]},{"id":1373,"url":"http:\/\/my-alps.de\/?p=1373","url_meta":{"origin":934,"position":5},"title":"Salar de Uyuni &#8211; der gr\u00f6sste Salzsee der Welt","date":"24. Juli 2014","format":"gallery","excerpt":"Unsere Fahrt f\u00fchrt uns in die erste Stadt in Bolivien - Uyuni. Uyuni ist der ideale Ausgangsort um auf den gr\u00f6ssten Salzsee der Welt zu fahren. Als wir in der Uyuni ankommen geraten wir mitten\u00a0in den Trubel eines Stadtfestes. \u00dcberall Frauen in ihrer indianischen\u00a0Tracht, mit den ausladenden R\u00f6cken, den typischen\u2026","rel":"","context":"In &quot;News&quot;","img":{"alt_text":"","src":"https:\/\/i0.wp.com\/my-alps.de\/wp-content\/uploads\/2014\/07\/passt-doch.jpg?resize=350%2C200","width":350,"height":200},"classes":[]}],"_links":{"self":[{"href":"http:\/\/my-alps.de\/index.php?rest_route=\/wp\/v2\/posts\/934"}],"collection":[{"href":"http:\/\/my-alps.de\/index.php?rest_route=\/wp\/v2\/posts"}],"about":[{"href":"http:\/\/my-alps.de\/index.php?rest_route=\/wp\/v2\/types\/post"}],"author":[{"embeddable":true,"href":"http:\/\/my-alps.de\/index.php?rest_route=\/wp\/v2\/users\/1"}],"replies":[{"embeddable":true,"href":"http:\/\/my-alps.de\/index.php?rest_route=%2Fwp%2Fv2%2Fcomments&post=934"}],"version-history":[{"count":3,"href":"http:\/\/my-alps.de\/index.php?rest_route=\/wp\/v2\/posts\/934\/revisions"}],"predecessor-version":[{"id":954,"href":"http:\/\/my-alps.de\/index.php?rest_route=\/wp\/v2\/posts\/934\/revisions\/954"}],"wp:attachment":[{"href":"http:\/\/my-alps.de\/index.php?rest_route=%2Fwp%2Fv2%2Fmedia&parent=934"}],"wp:term":[{"taxonomy":"category","embeddable":true,"href":"http:\/\/my-alps.de\/index.php?rest_route=%2Fwp%2Fv2%2Fcategories&post=934"},{"taxonomy":"post_tag","embeddable":true,"href":"http:\/\/my-alps.de\/index.php?rest_route=%2Fwp%2Fv2%2Ftags&post=934"}],"curies":[{"name":"wp","href":"https:\/\/api.w.org\/{rel}","templated":true}]}}