{"id":932,"date":"2014-03-27T17:21:49","date_gmt":"2014-03-27T16:21:49","guid":{"rendered":"http:\/\/my-alps.de\/?p=932"},"modified":"2014-03-27T17:21:49","modified_gmt":"2014-03-27T16:21:49","slug":"chiloe-teil-ii-castro","status":"publish","type":"post","link":"http:\/\/my-alps.de\/?p=932","title":{"rendered":"Chiloe&#8216; Teil II &#8211; Castro"},"content":{"rendered":"<p>Heute war wieder ein Tag, an dem wir unsere &#8222;Householddutys&#8220; erledigen konnten. Es gibt hier eine tolle W\u00e4scherei in Castro und unser ganzes Bettzeugs war in den letzten Tagen durch die hohe Luftfeuchtigkeit ziemlich muffig geworden. Also alle Schlaf\u00e4cke, Decken und Kopfkissenbez\u00fcge in eine gro\u00dfe Plastikt\u00fcte stopfen und 10 Kilo W\u00e4sche durch den Ort tragen. Der nette Herr hat uns gesagt &#8211; morgen um 11 Uhr k\u00f6nnen wir es wieder abholen. Da haben wir den Augenblick gleich genutzt und den ganzen Ort angeschaut. Hier gibt es eine wundersch\u00f6ne Holzkirche und viele bunte Stelzenh\u00e4user. Wir haben frischen Lachs auf dem Fischmarkt eingekauft und uns endlich eine &#8222;Bombilla&#8220; f\u00fcr unseren Matetee geg\u00f6nnt. So richtig aus einer K\u00fcrbisflasche und mit Metallstrohhalm. Bin mal gespannt.<br \/>\nBilder muss ich erst noch bearbeiten.<br \/>\nVielen Dank an alle die uns bei der Organisation f\u00fcr unsere Ersatzteile geholfen haben. Das Paket ist unterwegs. Wird auch h\u00f6chste Zeit die Teile auszutauschen &#8211; zu unserer provisorischen Scheibe im Alkoven kommt schon viel Feuchtigkeit in der Nacht herein &#8211; es wird halt langsam Herbst hier.<\/p>\n<p><a href=\"https:\/\/i0.wp.com\/my-alps.de\/wp-content\/uploads\/2014\/03\/20140327-132129.jpg\"><img src=\"https:\/\/i0.wp.com\/my-alps.de\/wp-content\/uploads\/2014\/03\/20140327-132129.jpg?w=625\" alt=\"20140327-132129.jpg\" class=\"alignnone size-full\" data-recalc-dims=\"1\" \/><\/a><\/p>\n","protected":false},"excerpt":{"rendered":"<p>Heute war wieder ein Tag, an dem wir unsere &#8222;Householddutys&#8220; erledigen konnten. Es gibt hier eine tolle W\u00e4scherei in Castro und unser ganzes Bettzeugs war in den letzten Tagen durch die hohe Luftfeuchtigkeit ziemlich muffig geworden. Also alle Schlaf\u00e4cke, Decken und Kopfkissenbez\u00fcge in eine gro\u00dfe Plastikt\u00fcte stopfen und 10 Kilo W\u00e4sche durch den Ort tragen. [&hellip;]<\/p>\n","protected":false},"author":1,"featured_media":0,"comment_status":"open","ping_status":"open","sticky":false,"template":"","format":"gallery","meta":{"spay_email":"","jetpack_publicize_message":"","jetpack_is_tweetstorm":false,"jetpack_publicize_feature_enabled":true},"categories":[1],"tags":[],"jetpack_featured_media_url":"","jetpack_publicize_connections":[],"jetpack_sharing_enabled":true,"jetpack_shortlink":"https:\/\/wp.me\/p6huce-f2","jetpack-related-posts":[{"id":934,"url":"http:\/\/my-alps.de\/?p=934","url_meta":{"origin":932,"position":0},"title":"Fortsetzung Castro &#8211; von sch\u00f6nen Holzkirchen und frischen Fischen","date":"30. M\u00e4rz 2014","format":"gallery","excerpt":"Wir sind im zweiten Teil unserer Reise \u00fcber die Insel Chiloe\u2019 in der kleinen Stadt \u201eCastro\u201c gelandet. Castro ist, wie der Rest der Insel auch, ber\u00fchmt f\u00fcr seine einzigartige Holzkirche. Zugegeben, von aussen wirkt die \u201eKathedrale\u201c etwas kitschig, und die Fassade ist mit Blechtafeln verkleidet, aber sobald man durch einen\u2026","rel":"","context":"In &quot;News&quot;","img":{"alt_text":"","src":"https:\/\/i0.wp.com\/my-alps.de\/wp-content\/uploads\/2014\/03\/Klein-Venedig-ganz-klein.jpg?resize=350%2C200","width":350,"height":200},"classes":[]},{"id":1091,"url":"http:\/\/my-alps.de\/?p=1091","url_meta":{"origin":932,"position":1},"title":"Weckruf der Mapuche Indianer","date":"4. Mai 2014","format":"gallery","excerpt":"Unser Camp am Rio Malleo, irgendwo im nirgendwo, auf dem Weg zum Vulkan Lanin lag in der N\u00e4he einer Mapuche Siedlung. Wir hatten die Schilder bei der Hin- und R\u00fcckfahrt bemerkt. Da f\u00fcr den 01. Mai sch\u00f6nes Wetter angesagt war, wollten wir den Nationalpark \u201eVolkan Lanin\u201c besuchen. Tja. wie schon\u2026","rel":"","context":"In &quot;unter uns&quot;","img":{"alt_text":"","src":"","width":0,"height":0},"classes":[]},{"id":1304,"url":"http:\/\/my-alps.de\/?p=1304","url_meta":{"origin":932,"position":2},"title":"Chilecito, Hualko, Amaicha und Tafi del Valles","date":"30. Juni 2014","format":"gallery","excerpt":"Chronologisch unserer Reiseroute ging es nach dem NP Talampaya in Richtung Chilecito. Da die Ruta 40 zur dieser Zeit \u00fcber die\u00a0\u201eCuesta de Miranda\u201c gesperrt war, mussten wir einen \u201ekleinen\u201c\u00a0Umweg von ca. 250 Kilometer machen. Die Fahrt ging zur\u00fcck \u00fcber die Ruta 76 bis nach Pataguia und dann die Ruta 74\u2026","rel":"","context":"In &quot;News&quot;","img":{"alt_text":"","src":"https:\/\/i0.wp.com\/my-alps.de\/wp-content\/uploads\/2014\/06\/DSC03910.jpg?resize=350%2C200","width":350,"height":200},"classes":[]},{"id":1327,"url":"http:\/\/my-alps.de\/?p=1327","url_meta":{"origin":932,"position":3},"title":"Tatio Geysire","date":"17. Juli 2014","format":"gallery","excerpt":"Es geht wieder hoch hinauf - \u00a0zu den Tatio Geysiren. Das Geysirfeld,\u2028liegt in 4.300 Meter H\u00f6he, und wir kommen am sp\u00e4ten Nachmittag\u2028dort an. \u00dcberall h\u00e4ngen Dampfschwaden in der Luft und es weht\u2028ein heftiger und eisiger Wind. Wir spazieren zwischen den kleinen\u2028\u201eMinivulkanen\u201c herum und baden in einem salzhaltigem Thermalbecken. Am n\u00e4chsten\u2026","rel":"","context":"In &quot;News&quot;","img":{"alt_text":"","src":"","width":0,"height":0},"classes":[]},{"id":1658,"url":"http:\/\/my-alps.de\/?p=1658","url_meta":{"origin":932,"position":4},"title":"Dschungelcamp in Warami Sinti","date":"28. September 2014","format":"gallery","excerpt":"Na, das mit der klaren Nacht am Vulkan war wohl nichts - ganz kurz am fr\u00fchen morgen bei Sonnenaufgang hat er sich f\u00fcr 2 Minuten gezeigt - als sch\u00f6n rosa schimmernder, mit schneebedeckter Spitze, rauchender Vulkan. Bis ich aus dem Auto war, und die Kamera auf das Stativ geschraubt hatte\u2026","rel":"","context":"In &quot;News&quot;","img":{"alt_text":"","src":"https:\/\/i0.wp.com\/my-alps.de\/wp-content\/uploads\/2014\/09\/Dschungel-I-ce4.jpg?resize=350%2C200","width":350,"height":200},"classes":[]},{"id":883,"url":"http:\/\/my-alps.de\/?p=883","url_meta":{"origin":932,"position":5},"title":"Insel Chiloe\u2019","date":"26. M\u00e4rz 2014","format":"gallery","excerpt":"Die Insel Chiloe\u2019 ist von Puerto Montt auf einer gut ausgebauten Autobahn in ca. 1 1\/2 Stunden Fahrt zu erreichen. \u00dcber die Meerenge zwischen dem Festland und der Insel wird (wie in Chile \u00fcblich) mit einer offenen F\u00e4hre \u00fcbergesetzt. Die Fahrtzeit betr\u00e4gt etwa eine halbe Stunde und kostet f\u00fcr unser\u2026","rel":"","context":"In &quot;News&quot;","img":{"alt_text":"","src":"https:\/\/i0.wp.com\/my-alps.de\/wp-content\/uploads\/2014\/03\/wir-sind-auf.....jpg?resize=350%2C200","width":350,"height":200},"classes":[]}],"_links":{"self":[{"href":"http:\/\/my-alps.de\/index.php?rest_route=\/wp\/v2\/posts\/932"}],"collection":[{"href":"http:\/\/my-alps.de\/index.php?rest_route=\/wp\/v2\/posts"}],"about":[{"href":"http:\/\/my-alps.de\/index.php?rest_route=\/wp\/v2\/types\/post"}],"author":[{"embeddable":true,"href":"http:\/\/my-alps.de\/index.php?rest_route=\/wp\/v2\/users\/1"}],"replies":[{"embeddable":true,"href":"http:\/\/my-alps.de\/index.php?rest_route=%2Fwp%2Fv2%2Fcomments&post=932"}],"version-history":[{"count":1,"href":"http:\/\/my-alps.de\/index.php?rest_route=\/wp\/v2\/posts\/932\/revisions"}],"predecessor-version":[{"id":933,"href":"http:\/\/my-alps.de\/index.php?rest_route=\/wp\/v2\/posts\/932\/revisions\/933"}],"wp:attachment":[{"href":"http:\/\/my-alps.de\/index.php?rest_route=%2Fwp%2Fv2%2Fmedia&parent=932"}],"wp:term":[{"taxonomy":"category","embeddable":true,"href":"http:\/\/my-alps.de\/index.php?rest_route=%2Fwp%2Fv2%2Fcategories&post=932"},{"taxonomy":"post_tag","embeddable":true,"href":"http:\/\/my-alps.de\/index.php?rest_route=%2Fwp%2Fv2%2Ftags&post=932"}],"curies":[{"name":"wp","href":"https:\/\/api.w.org\/{rel}","templated":true}]}}