{"id":885,"date":"2014-03-26T16:05:05","date_gmt":"2014-03-26T15:05:05","guid":{"rendered":"http:\/\/my-alps.de\/?p=885"},"modified":"2014-03-26T16:24:18","modified_gmt":"2014-03-26T15:24:18","slug":"cerveza-artesanal","status":"publish","type":"post","link":"http:\/\/my-alps.de\/?p=885","title":{"rendered":"Cerveza artesanal"},"content":{"rendered":"<p>Ich bin ja in Kulmbach geboren und aufgewachsen, jetzt wohne ich (nach einigen Umwegen) in Bamberg. Da hat man im Laufe der Zeit einen besonderen Bezug zu Bier aufgebaut. In Puerto Montt habe ich beim Einkaufen im Supermarkt ein Regal mit \u201eLandbier\u201c entdeckt. Die musste ich unbedingt probieren, das war sicher. Obwohl ich f\u00fcr den Preis einer KLEINEN Flasche auch einen Sixpack \u201eEscudo\u201c &#8211; das ist so was wie \u201e\u00d6ttinger\u201c bei uns, bekommen h\u00e4tte. Egal &#8211; so sind erst mal drei Flaschen im Korb gewandert und warten nun auf ihre Verk\u00f6stigung.<\/p>\n<div id=\"attachment_891\" style=\"width: 1034px\" class=\"wp-caption aligncenter\"><a href=\"https:\/\/i0.wp.com\/my-alps.de\/wp-content\/uploads\/2014\/03\/Chilenische-Bierprobe.jpg\"><img aria-describedby=\"caption-attachment-891\" data-attachment-id=\"891\" data-permalink=\"http:\/\/my-alps.de\/?attachment_id=891\" data-orig-file=\"https:\/\/i0.wp.com\/my-alps.de\/wp-content\/uploads\/2014\/03\/Chilenische-Bierprobe.jpg?fit=1024%2C768\" data-orig-size=\"1024,768\" data-comments-opened=\"1\" data-image-meta=\"{&quot;aperture&quot;:&quot;5.6&quot;,&quot;credit&quot;:&quot;&quot;,&quot;camera&quot;:&quot;DSC-RX100&quot;,&quot;caption&quot;:&quot;&quot;,&quot;created_timestamp&quot;:&quot;1395698675&quot;,&quot;copyright&quot;:&quot;&quot;,&quot;focal_length&quot;:&quot;10.4&quot;,&quot;iso&quot;:&quot;100&quot;,&quot;shutter_speed&quot;:&quot;0.005&quot;,&quot;title&quot;:&quot;&quot;}\" data-image-title=\"Chilenische Bierprobe\" data-image-description=\"&lt;p&gt;Chilenische Bierprobe&lt;\/p&gt;\n\" data-image-caption=\"&lt;p&gt;Chilenische Bierprobe&lt;\/p&gt;\n\" data-medium-file=\"https:\/\/i0.wp.com\/my-alps.de\/wp-content\/uploads\/2014\/03\/Chilenische-Bierprobe.jpg?fit=300%2C225\" data-large-file=\"https:\/\/i0.wp.com\/my-alps.de\/wp-content\/uploads\/2014\/03\/Chilenische-Bierprobe.jpg?fit=625%2C469\" loading=\"lazy\" class=\"size-full wp-image-891\" alt=\"Chilenische Bierprobe\" src=\"https:\/\/i0.wp.com\/my-alps.de\/wp-content\/uploads\/2014\/03\/Chilenische-Bierprobe.jpg?resize=625%2C469\" width=\"625\" height=\"469\" srcset=\"https:\/\/i0.wp.com\/my-alps.de\/wp-content\/uploads\/2014\/03\/Chilenische-Bierprobe.jpg?w=1024 1024w, https:\/\/i0.wp.com\/my-alps.de\/wp-content\/uploads\/2014\/03\/Chilenische-Bierprobe.jpg?resize=300%2C225 300w\" sizes=\"(max-width: 625px) 100vw, 625px\" data-recalc-dims=\"1\" \/><\/a><p id=\"caption-attachment-891\" class=\"wp-caption-text\">Chilenische Bierprobe<\/p><\/div>\n<p>Gestern Abend war es soweit &#8211; es gab einen kleinen Anfall von Heimweh, Grund genug ihn mit einer B\u00fcchse G\u00f6ttinger und einer Flasche Bier zu bek\u00e4mpfen. Und was soll ich sagen &#8211; die einen Chilenen k\u00f6nnen auch Bier brauen -wie wir zu Hause &#8211; allerdings trinken die anderen Chilenen davon anscheinend zu wenig. Es wird wohl ein Nischenprodukt bleiben. Schade eigentlich. Fehlt nur noch eine \u201eSKY\u201c &#8211; Bar zum Fussiball schauen und ich k\u00f6nnte es hier f\u00fcr immer aushalten. \u2026\u2026\u2026..ich glaube ich habe gerade eine Marktl\u00fccke f\u00fcr Chile entdeckt\u2026\u2026\u2026\u2026Mike, ich muss dich mal was fragen\u2026\u2026.<\/p>\n<div id=\"attachment_890\" style=\"width: 1034px\" class=\"wp-caption aligncenter\"><a href=\"https:\/\/i0.wp.com\/my-alps.de\/wp-content\/uploads\/2014\/03\/Bullauge-6x6.jpg\"><img aria-describedby=\"caption-attachment-890\" data-attachment-id=\"890\" data-permalink=\"http:\/\/my-alps.de\/?attachment_id=890\" data-orig-file=\"https:\/\/i0.wp.com\/my-alps.de\/wp-content\/uploads\/2014\/03\/Bullauge-6x6.jpg?fit=1024%2C1024\" data-orig-size=\"1024,1024\" data-comments-opened=\"1\" data-image-meta=\"{&quot;aperture&quot;:&quot;4&quot;,&quot;credit&quot;:&quot;&quot;,&quot;camera&quot;:&quot;SLT-A99V&quot;,&quot;caption&quot;:&quot;&quot;,&quot;created_timestamp&quot;:&quot;1395668200&quot;,&quot;copyright&quot;:&quot;&quot;,&quot;focal_length&quot;:&quot;70&quot;,&quot;iso&quot;:&quot;160&quot;,&quot;shutter_speed&quot;:&quot;0.005&quot;,&quot;title&quot;:&quot;&quot;}\" data-image-title=\"Bullauge &#8211; 6&#215;6\" data-image-description=\"&lt;p&gt;Bullauge&lt;\/p&gt;\n\" data-image-caption=\"&lt;p&gt;Bullauge&lt;\/p&gt;\n\" data-medium-file=\"https:\/\/i0.wp.com\/my-alps.de\/wp-content\/uploads\/2014\/03\/Bullauge-6x6.jpg?fit=300%2C300\" data-large-file=\"https:\/\/i0.wp.com\/my-alps.de\/wp-content\/uploads\/2014\/03\/Bullauge-6x6.jpg?fit=625%2C625\" loading=\"lazy\" class=\"size-full wp-image-890\" alt=\"Bullauge\" src=\"https:\/\/i0.wp.com\/my-alps.de\/wp-content\/uploads\/2014\/03\/Bullauge-6x6.jpg?resize=625%2C625\" width=\"625\" height=\"625\" srcset=\"https:\/\/i0.wp.com\/my-alps.de\/wp-content\/uploads\/2014\/03\/Bullauge-6x6.jpg?w=1024 1024w, https:\/\/i0.wp.com\/my-alps.de\/wp-content\/uploads\/2014\/03\/Bullauge-6x6.jpg?resize=290%2C290 290w, https:\/\/i0.wp.com\/my-alps.de\/wp-content\/uploads\/2014\/03\/Bullauge-6x6.jpg?resize=300%2C300 300w\" sizes=\"(max-width: 625px) 100vw, 625px\" data-recalc-dims=\"1\" \/><\/a><p id=\"caption-attachment-890\" class=\"wp-caption-text\">Bullauge<\/p><\/div>\n","protected":false},"excerpt":{"rendered":"<p>Ich bin ja in Kulmbach geboren und aufgewachsen, jetzt wohne ich (nach einigen Umwegen) in Bamberg. Da hat man im Laufe der Zeit einen besonderen Bezug zu Bier aufgebaut. In Puerto Montt habe ich beim Einkaufen im Supermarkt ein Regal mit \u201eLandbier\u201c entdeckt. Die musste ich unbedingt probieren, das war sicher. Obwohl ich f\u00fcr den [&hellip;]<\/p>\n","protected":false},"author":1,"featured_media":0,"comment_status":"open","ping_status":"open","sticky":false,"template":"","format":"gallery","meta":{"spay_email":"","jetpack_publicize_message":"","jetpack_is_tweetstorm":false,"jetpack_publicize_feature_enabled":true},"categories":[9],"tags":[],"jetpack_featured_media_url":"","jetpack_publicize_connections":[],"jetpack_sharing_enabled":true,"jetpack_shortlink":"https:\/\/wp.me\/p6huce-eh","jetpack-related-posts":[{"id":579,"url":"http:\/\/my-alps.de\/?p=579","url_meta":{"origin":885,"position":0},"title":"&#8211; Einschub &#8211; f\u00fcr einen Beitrag den ich noch nicht hochgeladen habe:","date":"17. Januar 2014","format":"gallery","excerpt":"Es ging ums GRILLEN: Frau Hack schrieb: Ich habe einen gro\u00dfen Bruder und der hat einen sch\u00f6nen Grill. Ist ja klar, wobei, wenn ich mich recht erinnere ist dieser nicht mal von WEBER. Das mit dem Grillen wird auch zu allen passenden und unpassenden Gelegenheiten zelebriert, und selbst bei der\u2026","rel":"","context":"In &quot;News&quot;","img":{"alt_text":"","src":"https:\/\/i0.wp.com\/my-alps.de\/wp-content\/uploads\/2014\/01\/Eduardo-mit-seiner-Vorspeise.jpg?resize=350%2C200","width":350,"height":200},"classes":[]},{"id":1091,"url":"http:\/\/my-alps.de\/?p=1091","url_meta":{"origin":885,"position":1},"title":"Weckruf der Mapuche Indianer","date":"4. Mai 2014","format":"gallery","excerpt":"Unser Camp am Rio Malleo, irgendwo im nirgendwo, auf dem Weg zum Vulkan Lanin lag in der N\u00e4he einer Mapuche Siedlung. Wir hatten die Schilder bei der Hin- und R\u00fcckfahrt bemerkt. Da f\u00fcr den 01. Mai sch\u00f6nes Wetter angesagt war, wollten wir den Nationalpark \u201eVolkan Lanin\u201c besuchen. Tja. wie schon\u2026","rel":"","context":"In &quot;unter uns&quot;","img":{"alt_text":"","src":"","width":0,"height":0},"classes":[]},{"id":881,"url":"http:\/\/my-alps.de\/?p=881","url_meta":{"origin":885,"position":2},"title":"Puerto Montt","date":"26. M\u00e4rz 2014","format":"gallery","excerpt":"Nach 8.808 km (und wahrscheinlich ein paar mehr) die wir jetzt hier in S\u00fcdamerika unterwegs sind haben wir unserem WOMO auch mal etwas Gutes geg\u00f6nnt. Hier in Puerto Montt habe ich eine Werkstatt entdeckt die jegliche Art von Service f\u00fcr \u201egesch\u00fcttelte\u201c Autos anbietet. Wir haben uns f\u00fcr: \u00d6lwechsel und Luftfilterwechsel\u2026","rel":"","context":"In &quot;News&quot;","img":{"alt_text":"","src":"https:\/\/i0.wp.com\/my-alps.de\/wp-content\/uploads\/2014\/03\/Pisco-sour-6x6.jpg?resize=350%2C200","width":350,"height":200},"classes":[]},{"id":1712,"url":"http:\/\/my-alps.de\/?p=1712","url_meta":{"origin":885,"position":3},"title":"Festgefahren","date":"12. Oktober 2014","format":"gallery","excerpt":"Wir hatten bis jetzt ja immer Gl\u00fcck auf unserer gesamten Fahrt durch S\u00fcdamerika - keine Pannen und wir sind immer gut durchgekommen. Doch auf der Fahrt von Salento nach Villa de Leyva hat es uns doch mal erwischt. Es hat in der Nacht ein schweres Unwetter gegeben, und wir haben\u2026","rel":"","context":"In &quot;News&quot;","img":{"alt_text":"","src":"https:\/\/i0.wp.com\/my-alps.de\/wp-content\/uploads\/2014\/10\/es-wird-Regen-geben-ce4.jpg?resize=350%2C200","width":350,"height":200},"classes":[]},{"id":221,"url":"http:\/\/my-alps.de\/?p=221","url_meta":{"origin":885,"position":4},"title":"&#8230;haaaben sie RESERVIERT ?????","date":"24. M\u00e4rz 2013","format":false,"excerpt":"Gestern - nach einem sch\u00f6nen Spaziergang durch den Hainpark \u00fcberkam uns pl\u00f6tzlich dieses gewisse Gef\u00fchl, das eingefleischte Trinker aus der Fr\u00e4nkischen kennen .... DURST und wir steuerten auch gleich die n\u00e4chstgelegene Kneipe an sch\u00f6n gelegen mitten in der Altstadt in den Gassen versteckt, mit einer sch\u00f6nen Sch\u00e4nke und gutem Bier.\u2026","rel":"","context":"In &quot;unter uns&quot;","img":{"alt_text":"","src":"","width":0,"height":0},"classes":[]},{"id":883,"url":"http:\/\/my-alps.de\/?p=883","url_meta":{"origin":885,"position":5},"title":"Insel Chiloe\u2019","date":"26. M\u00e4rz 2014","format":"gallery","excerpt":"Die Insel Chiloe\u2019 ist von Puerto Montt auf einer gut ausgebauten Autobahn in ca. 1 1\/2 Stunden Fahrt zu erreichen. \u00dcber die Meerenge zwischen dem Festland und der Insel wird (wie in Chile \u00fcblich) mit einer offenen F\u00e4hre \u00fcbergesetzt. Die Fahrtzeit betr\u00e4gt etwa eine halbe Stunde und kostet f\u00fcr unser\u2026","rel":"","context":"In &quot;News&quot;","img":{"alt_text":"","src":"https:\/\/i0.wp.com\/my-alps.de\/wp-content\/uploads\/2014\/03\/wir-sind-auf.....jpg?resize=350%2C200","width":350,"height":200},"classes":[]}],"_links":{"self":[{"href":"http:\/\/my-alps.de\/index.php?rest_route=\/wp\/v2\/posts\/885"}],"collection":[{"href":"http:\/\/my-alps.de\/index.php?rest_route=\/wp\/v2\/posts"}],"about":[{"href":"http:\/\/my-alps.de\/index.php?rest_route=\/wp\/v2\/types\/post"}],"author":[{"embeddable":true,"href":"http:\/\/my-alps.de\/index.php?rest_route=\/wp\/v2\/users\/1"}],"replies":[{"embeddable":true,"href":"http:\/\/my-alps.de\/index.php?rest_route=%2Fwp%2Fv2%2Fcomments&post=885"}],"version-history":[{"count":3,"href":"http:\/\/my-alps.de\/index.php?rest_route=\/wp\/v2\/posts\/885\/revisions"}],"predecessor-version":[{"id":917,"href":"http:\/\/my-alps.de\/index.php?rest_route=\/wp\/v2\/posts\/885\/revisions\/917"}],"wp:attachment":[{"href":"http:\/\/my-alps.de\/index.php?rest_route=%2Fwp%2Fv2%2Fmedia&parent=885"}],"wp:term":[{"taxonomy":"category","embeddable":true,"href":"http:\/\/my-alps.de\/index.php?rest_route=%2Fwp%2Fv2%2Fcategories&post=885"},{"taxonomy":"post_tag","embeddable":true,"href":"http:\/\/my-alps.de\/index.php?rest_route=%2Fwp%2Fv2%2Ftags&post=885"}],"curies":[{"name":"wp","href":"https:\/\/api.w.org\/{rel}","templated":true}]}}