{"id":883,"date":"2014-03-26T16:04:21","date_gmt":"2014-03-26T15:04:21","guid":{"rendered":"http:\/\/my-alps.de\/?p=883"},"modified":"2014-03-26T16:34:05","modified_gmt":"2014-03-26T15:34:05","slug":"insel-chiloe","status":"publish","type":"post","link":"http:\/\/my-alps.de\/?p=883","title":{"rendered":"Insel Chiloe\u2019"},"content":{"rendered":"<div id=\"attachment_909\" style=\"width: 1034px\" class=\"wp-caption aligncenter\"><a href=\"https:\/\/i0.wp.com\/my-alps.de\/wp-content\/uploads\/2014\/03\/wir-sind-auf.....jpg\"><img aria-describedby=\"caption-attachment-909\" data-attachment-id=\"909\" data-permalink=\"http:\/\/my-alps.de\/?attachment_id=909\" data-orig-file=\"https:\/\/i0.wp.com\/my-alps.de\/wp-content\/uploads\/2014\/03\/wir-sind-auf.....jpg?fit=1024%2C683\" data-orig-size=\"1024,683\" data-comments-opened=\"1\" data-image-meta=\"{&quot;aperture&quot;:&quot;6.7&quot;,&quot;credit&quot;:&quot;&quot;,&quot;camera&quot;:&quot;SLT-A99V&quot;,&quot;caption&quot;:&quot;&quot;,&quot;created_timestamp&quot;:&quot;1395667439&quot;,&quot;copyright&quot;:&quot;&quot;,&quot;focal_length&quot;:&quot;70&quot;,&quot;iso&quot;:&quot;100&quot;,&quot;shutter_speed&quot;:&quot;0.0028571428571429&quot;,&quot;title&quot;:&quot;&quot;}\" data-image-title=\"wir sind auf&#8230;.???\" data-image-description=\"&lt;p&gt;wir sind auf&#8230;.???&lt;\/p&gt;\n\" data-image-caption=\"&lt;p&gt;wir sind auf&#8230;.???&lt;\/p&gt;\n\" data-medium-file=\"https:\/\/i0.wp.com\/my-alps.de\/wp-content\/uploads\/2014\/03\/wir-sind-auf.....jpg?fit=300%2C200\" data-large-file=\"https:\/\/i0.wp.com\/my-alps.de\/wp-content\/uploads\/2014\/03\/wir-sind-auf.....jpg?fit=625%2C417\" loading=\"lazy\" class=\"size-full wp-image-909\" alt=\"wir sind auf....???\" src=\"https:\/\/i0.wp.com\/my-alps.de\/wp-content\/uploads\/2014\/03\/wir-sind-auf.....jpg?resize=625%2C417\" width=\"625\" height=\"417\" srcset=\"https:\/\/i0.wp.com\/my-alps.de\/wp-content\/uploads\/2014\/03\/wir-sind-auf.....jpg?w=1024 1024w, https:\/\/i0.wp.com\/my-alps.de\/wp-content\/uploads\/2014\/03\/wir-sind-auf.....jpg?resize=300%2C200 300w\" sizes=\"(max-width: 625px) 100vw, 625px\" data-recalc-dims=\"1\" \/><\/a><p id=\"caption-attachment-909\" class=\"wp-caption-text\">wir sind auf&#8230;.???<\/p><\/div>\n<p>Die Insel Chiloe\u2019 ist von Puerto Montt auf einer gut ausgebauten Autobahn in ca. 1 1\/2 Stunden Fahrt zu erreichen. \u00dcber die Meerenge zwischen dem Festland und der Insel wird (wie in Chile \u00fcblich) mit einer offenen F\u00e4hre \u00fcbergesetzt. Die Fahrtzeit betr\u00e4gt etwa eine halbe Stunde und kostet f\u00fcr unser WOMO mit zwei Personen 13.000.- CLP. Das sind umgerechnet ungef\u00e4hr 16 Euro. Die F\u00e4hren transportieren im Ro &#8211; Ro System &#8211; vorne rauffahren &#8211; \u00dcberfahrt &#8211; hinten runterfahren. Meistens bleibt man im Auto sitzen, da die nette Dame zum Kassieren ans Auto kommt. Diesmal waren wir von LKW\u2019s umzingelt &#8211; vor uns ein Laster mit Holz &#8211; links neben uns ein K\u00fchltransporter &#8211; rechts einer mit allem was der Landwirt so an Maschinen braucht und hinter uns einer mit &#8211; keine Ahnung &#8211; ich konnte eh\u2019 nicht mehr aussteigen um nachzusehen. Wenn die Kasse geklingelt hat sollte man sofort die \u201eOhren\u201c anlegen &#8211; sprich Spiegel anklappen und Fenster schnell zumachen. Die T\u00fcren kann man n\u00e4mlich nicht mehr \u00f6ffnen, so eng stehen die Fahrzeuge zusammen. Von der \u00dcberfahrt sieht man also nichts ausser Wolken und Himmel wenn man sich nach vorne beugt und durch die Windschutzscheibe sp\u00e4ht. Mittlerweile haben wir schon Routine mit dem F\u00e4hrefahren. 20 Minuten reichen um schnell eine Snack hinten in der Komb\u00fcse (wir sind ja auf dem Wasser!) zuzubereiten um dann gest\u00e4rkt weiterzufahren.<\/p>\n<div id=\"attachment_897\" style=\"width: 1034px\" class=\"wp-caption aligncenter\"><a href=\"https:\/\/i0.wp.com\/my-alps.de\/wp-content\/uploads\/2014\/03\/F\u00e4hre-nach-Chiloe-HD.jpg\"><img aria-describedby=\"caption-attachment-897\" data-attachment-id=\"897\" data-permalink=\"http:\/\/my-alps.de\/?attachment_id=897\" data-orig-file=\"https:\/\/i0.wp.com\/my-alps.de\/wp-content\/uploads\/2014\/03\/F\u00e4hre-nach-Chiloe-HD.jpg?fit=1024%2C576\" data-orig-size=\"1024,576\" data-comments-opened=\"1\" data-image-meta=\"{&quot;aperture&quot;:&quot;5.6&quot;,&quot;credit&quot;:&quot;&quot;,&quot;camera&quot;:&quot;DSC-RX100&quot;,&quot;caption&quot;:&quot;&quot;,&quot;created_timestamp&quot;:&quot;1395424219&quot;,&quot;copyright&quot;:&quot;&quot;,&quot;focal_length&quot;:&quot;25.32&quot;,&quot;iso&quot;:&quot;125&quot;,&quot;shutter_speed&quot;:&quot;0.002&quot;,&quot;title&quot;:&quot;&quot;}\" data-image-title=\"F\u00e4hre nach Chiloe&#8216; &#8211; HD\" data-image-description=\"&lt;p&gt;F\u00e4hre nach Chiloe&#8216;&lt;\/p&gt;\n\" data-image-caption=\"&lt;p&gt;F\u00e4hre nach Chiloe&#8216;&lt;\/p&gt;\n\" data-medium-file=\"https:\/\/i0.wp.com\/my-alps.de\/wp-content\/uploads\/2014\/03\/F\u00e4hre-nach-Chiloe-HD.jpg?fit=300%2C168\" data-large-file=\"https:\/\/i0.wp.com\/my-alps.de\/wp-content\/uploads\/2014\/03\/F\u00e4hre-nach-Chiloe-HD.jpg?fit=625%2C352\" loading=\"lazy\" class=\"size-full wp-image-897\" alt=\"F\u00e4hre nach Chiloe'\" src=\"https:\/\/i0.wp.com\/my-alps.de\/wp-content\/uploads\/2014\/03\/F\u00e4hre-nach-Chiloe-HD.jpg?resize=625%2C352\" width=\"625\" height=\"352\" srcset=\"https:\/\/i0.wp.com\/my-alps.de\/wp-content\/uploads\/2014\/03\/F\u00e4hre-nach-Chiloe-HD.jpg?w=1024 1024w, https:\/\/i0.wp.com\/my-alps.de\/wp-content\/uploads\/2014\/03\/F\u00e4hre-nach-Chiloe-HD.jpg?resize=300%2C168 300w\" sizes=\"(max-width: 625px) 100vw, 625px\" data-recalc-dims=\"1\" \/><\/a><p id=\"caption-attachment-897\" class=\"wp-caption-text\">F\u00e4hre nach Chiloe&#8216;<\/p><\/div>\n<p>Chiloe\u2019s Landschaft ist ein Mix aus Bretagne und Irland gew\u00fcrzt mit etwas Korsika.<\/p>\n<div id=\"attachment_893\" style=\"width: 1034px\" class=\"wp-caption aligncenter\"><a href=\"https:\/\/i0.wp.com\/my-alps.de\/wp-content\/uploads\/2014\/03\/Chiloe-Rio-Chepu-II-HD.jpg\"><img aria-describedby=\"caption-attachment-893\" data-attachment-id=\"893\" data-permalink=\"http:\/\/my-alps.de\/?attachment_id=893\" data-orig-file=\"https:\/\/i0.wp.com\/my-alps.de\/wp-content\/uploads\/2014\/03\/Chiloe-Rio-Chepu-II-HD.jpg?fit=1024%2C576\" data-orig-size=\"1024,576\" data-comments-opened=\"1\" data-image-meta=\"{&quot;aperture&quot;:&quot;8&quot;,&quot;credit&quot;:&quot;&quot;,&quot;camera&quot;:&quot;SLT-A99V&quot;,&quot;caption&quot;:&quot;&quot;,&quot;created_timestamp&quot;:&quot;1395597953&quot;,&quot;copyright&quot;:&quot;&quot;,&quot;focal_length&quot;:&quot;30&quot;,&quot;iso&quot;:&quot;100&quot;,&quot;shutter_speed&quot;:&quot;0.004&quot;,&quot;title&quot;:&quot;&quot;}\" data-image-title=\"Chiloe&#8216; &#8211; Rio Chepu II &#8211; HD\" data-image-description=\"&lt;p&gt;Chiloe&#8216; &#8211; Rio Chepu II&lt;\/p&gt;\n\" data-image-caption=\"&lt;p&gt;Chiloe&#8216; &#8211; Rio Chepu II&lt;\/p&gt;\n\" data-medium-file=\"https:\/\/i0.wp.com\/my-alps.de\/wp-content\/uploads\/2014\/03\/Chiloe-Rio-Chepu-II-HD.jpg?fit=300%2C168\" data-large-file=\"https:\/\/i0.wp.com\/my-alps.de\/wp-content\/uploads\/2014\/03\/Chiloe-Rio-Chepu-II-HD.jpg?fit=625%2C352\" loading=\"lazy\" class=\"size-full wp-image-893\" alt=\"Chiloe' - Rio Chepu II\" src=\"https:\/\/i0.wp.com\/my-alps.de\/wp-content\/uploads\/2014\/03\/Chiloe-Rio-Chepu-II-HD.jpg?resize=625%2C352\" width=\"625\" height=\"352\" srcset=\"https:\/\/i0.wp.com\/my-alps.de\/wp-content\/uploads\/2014\/03\/Chiloe-Rio-Chepu-II-HD.jpg?w=1024 1024w, https:\/\/i0.wp.com\/my-alps.de\/wp-content\/uploads\/2014\/03\/Chiloe-Rio-Chepu-II-HD.jpg?resize=300%2C168 300w\" sizes=\"(max-width: 625px) 100vw, 625px\" data-recalc-dims=\"1\" \/><\/a><p id=\"caption-attachment-893\" class=\"wp-caption-text\">Chiloe&#8216; &#8211; Rio Chepu II<\/p><\/div>\n<p>Wir sind vom Anleger in die n\u00e4chste Stadt &#8211; Ancud gefahren und von dort weiter Richtung Pazifik. Hier gibt es einige sch\u00f6ne lange Sandstr\u00e4nde. Gleich hinter den D\u00fcnen haben wir einen sch\u00f6nen Stellplatz zum Campen gefunden und ich bin gleich vor zum Strand. Laut tosend kamen wundersch\u00f6ne Wellen herein und sind auf dem flachen Strand langsam abgelaufen. Alles voll mit Muscheln und das Licht am Abend war getr\u00fcbt vom Wasserstaub der brechenden Wellen. Wie es sich f\u00fcr den Pazifik geh\u00f6rt gab es auch einen klasse Sundowner.<\/p>\n<div id=\"attachment_908\" style=\"width: 1034px\" class=\"wp-caption aligncenter\"><a href=\"https:\/\/i0.wp.com\/my-alps.de\/wp-content\/uploads\/2014\/03\/Sundowner-in-Mar-Brava.jpg\"><img aria-describedby=\"caption-attachment-908\" data-attachment-id=\"908\" data-permalink=\"http:\/\/my-alps.de\/?attachment_id=908\" data-orig-file=\"https:\/\/i0.wp.com\/my-alps.de\/wp-content\/uploads\/2014\/03\/Sundowner-in-Mar-Brava.jpg?fit=1024%2C576\" data-orig-size=\"1024,576\" data-comments-opened=\"1\" data-image-meta=\"{&quot;aperture&quot;:&quot;5.6&quot;,&quot;credit&quot;:&quot;&quot;,&quot;camera&quot;:&quot;SLT-A99V&quot;,&quot;caption&quot;:&quot;&quot;,&quot;created_timestamp&quot;:&quot;1395518243&quot;,&quot;copyright&quot;:&quot;&quot;,&quot;focal_length&quot;:&quot;24&quot;,&quot;iso&quot;:&quot;100&quot;,&quot;shutter_speed&quot;:&quot;0.0028571428571429&quot;,&quot;title&quot;:&quot;&quot;}\" data-image-title=\"Sundowner in Mar Brava\" data-image-description=\"&lt;p&gt;Sundowner in Mar Brava&lt;\/p&gt;\n\" data-image-caption=\"&lt;p&gt;Sundowner in Mar Brava&lt;\/p&gt;\n\" data-medium-file=\"https:\/\/i0.wp.com\/my-alps.de\/wp-content\/uploads\/2014\/03\/Sundowner-in-Mar-Brava.jpg?fit=300%2C168\" data-large-file=\"https:\/\/i0.wp.com\/my-alps.de\/wp-content\/uploads\/2014\/03\/Sundowner-in-Mar-Brava.jpg?fit=625%2C352\" loading=\"lazy\" class=\"size-full wp-image-908\" alt=\"Sundowner in Mar Brava\" src=\"https:\/\/i0.wp.com\/my-alps.de\/wp-content\/uploads\/2014\/03\/Sundowner-in-Mar-Brava.jpg?resize=625%2C352\" width=\"625\" height=\"352\" srcset=\"https:\/\/i0.wp.com\/my-alps.de\/wp-content\/uploads\/2014\/03\/Sundowner-in-Mar-Brava.jpg?w=1024 1024w, https:\/\/i0.wp.com\/my-alps.de\/wp-content\/uploads\/2014\/03\/Sundowner-in-Mar-Brava.jpg?resize=300%2C168 300w\" sizes=\"(max-width: 625px) 100vw, 625px\" data-recalc-dims=\"1\" \/><\/a><p id=\"caption-attachment-908\" class=\"wp-caption-text\">Sundowner in Mar Brava<\/p><\/div>\n<p>Am n\u00e4chsten Tag sind wir dann weiter in den S\u00fcden, auf der \u201eK\u00fcstenstra\u00dfe\u201c, gefahren. Na ja &#8211; ehrlich gesagt war es eher eine Etappe der Rallye Korsika. Die Stra\u00dfe war eine Schotterpiste wie eine Achterbahn. Rauf und runter in heftigen Steigungen, gelegentlich mit Felsstufen und tiefem lockeren Kies. Aber eine offizielle Stra\u00dfe, die viele Bauernh\u00f6fe miteinander verbindet.<\/p>\n<div id=\"attachment_905\" style=\"width: 1034px\" class=\"wp-caption aligncenter\"><a href=\"https:\/\/i0.wp.com\/my-alps.de\/wp-content\/uploads\/2014\/03\/Rally-Chiloe-I.jpg\"><img aria-describedby=\"caption-attachment-905\" data-attachment-id=\"905\" data-permalink=\"http:\/\/my-alps.de\/?attachment_id=905\" data-orig-file=\"https:\/\/i0.wp.com\/my-alps.de\/wp-content\/uploads\/2014\/03\/Rally-Chiloe-I.jpg?fit=1024%2C683\" data-orig-size=\"1024,683\" data-comments-opened=\"1\" data-image-meta=\"{&quot;aperture&quot;:&quot;5.6&quot;,&quot;credit&quot;:&quot;&quot;,&quot;camera&quot;:&quot;SLT-A99V&quot;,&quot;caption&quot;:&quot;&quot;,&quot;created_timestamp&quot;:&quot;1395595028&quot;,&quot;copyright&quot;:&quot;&quot;,&quot;focal_length&quot;:&quot;24&quot;,&quot;iso&quot;:&quot;100&quot;,&quot;shutter_speed&quot;:&quot;0.004&quot;,&quot;title&quot;:&quot;&quot;}\" data-image-title=\"Rally Chiloe&#8216; I\" data-image-description=\"&lt;p&gt;Rally Chiloe&#8216; I&lt;\/p&gt;\n\" data-image-caption=\"&lt;p&gt;Rally Chiloe&#8216; I&lt;\/p&gt;\n\" data-medium-file=\"https:\/\/i0.wp.com\/my-alps.de\/wp-content\/uploads\/2014\/03\/Rally-Chiloe-I.jpg?fit=300%2C200\" data-large-file=\"https:\/\/i0.wp.com\/my-alps.de\/wp-content\/uploads\/2014\/03\/Rally-Chiloe-I.jpg?fit=625%2C417\" loading=\"lazy\" class=\"size-full wp-image-905\" alt=\"Rally Chiloe' I\" src=\"https:\/\/i0.wp.com\/my-alps.de\/wp-content\/uploads\/2014\/03\/Rally-Chiloe-I.jpg?resize=625%2C417\" width=\"625\" height=\"417\" srcset=\"https:\/\/i0.wp.com\/my-alps.de\/wp-content\/uploads\/2014\/03\/Rally-Chiloe-I.jpg?w=1024 1024w, https:\/\/i0.wp.com\/my-alps.de\/wp-content\/uploads\/2014\/03\/Rally-Chiloe-I.jpg?resize=300%2C200 300w\" sizes=\"(max-width: 625px) 100vw, 625px\" data-recalc-dims=\"1\" \/><\/a><p id=\"caption-attachment-905\" class=\"wp-caption-text\">Rally Chiloe&#8216; I<\/p><\/div>\n<p>Die Stra\u00dfe f\u00fchrt von Pumillahue (sehr sch\u00f6ner Strand mit Felsen und spektakul\u00e4rer Aussicht)<\/p>\n<div id=\"attachment_906\" style=\"width: 1034px\" class=\"wp-caption aligncenter\"><a href=\"https:\/\/i0.wp.com\/my-alps.de\/wp-content\/uploads\/2014\/03\/Rally-Chiloe-II-HD.jpg\"><img aria-describedby=\"caption-attachment-906\" data-attachment-id=\"906\" data-permalink=\"http:\/\/my-alps.de\/?attachment_id=906\" data-orig-file=\"https:\/\/i0.wp.com\/my-alps.de\/wp-content\/uploads\/2014\/03\/Rally-Chiloe-II-HD.jpg?fit=1024%2C576\" data-orig-size=\"1024,576\" data-comments-opened=\"1\" data-image-meta=\"{&quot;aperture&quot;:&quot;9.5&quot;,&quot;credit&quot;:&quot;&quot;,&quot;camera&quot;:&quot;SLT-A99V&quot;,&quot;caption&quot;:&quot;&quot;,&quot;created_timestamp&quot;:&quot;1395594995&quot;,&quot;copyright&quot;:&quot;&quot;,&quot;focal_length&quot;:&quot;70&quot;,&quot;iso&quot;:&quot;100&quot;,&quot;shutter_speed&quot;:&quot;0.004&quot;,&quot;title&quot;:&quot;&quot;}\" data-image-title=\"Rally Chiloe&#8216; II &#8211; HD\" data-image-description=\"&lt;p&gt;Rally Chiloe&#8216; II&lt;\/p&gt;\n\" data-image-caption=\"&lt;p&gt;Rally Chiloe&#8216; II&lt;\/p&gt;\n\" data-medium-file=\"https:\/\/i0.wp.com\/my-alps.de\/wp-content\/uploads\/2014\/03\/Rally-Chiloe-II-HD.jpg?fit=300%2C168\" data-large-file=\"https:\/\/i0.wp.com\/my-alps.de\/wp-content\/uploads\/2014\/03\/Rally-Chiloe-II-HD.jpg?fit=625%2C352\" loading=\"lazy\" class=\"size-full wp-image-906\" alt=\"Rally Chiloe' II\" src=\"https:\/\/i0.wp.com\/my-alps.de\/wp-content\/uploads\/2014\/03\/Rally-Chiloe-II-HD.jpg?resize=625%2C352\" width=\"625\" height=\"352\" srcset=\"https:\/\/i0.wp.com\/my-alps.de\/wp-content\/uploads\/2014\/03\/Rally-Chiloe-II-HD.jpg?w=1024 1024w, https:\/\/i0.wp.com\/my-alps.de\/wp-content\/uploads\/2014\/03\/Rally-Chiloe-II-HD.jpg?resize=300%2C168 300w\" sizes=\"(max-width: 625px) 100vw, 625px\" data-recalc-dims=\"1\" \/><\/a><p id=\"caption-attachment-906\" class=\"wp-caption-text\">Rally Chiloe&#8216; II<\/p><\/div>\n<p>nach Chepu. Das an gleichnamigen Flu\u00df liegt. Der \u201eOrt\u201c ist eine Ansammlung von einigen H\u00e4usern und Bauernh\u00f6fen. Es gibt einen Kiosk und eine Kirche. Das Tal wurde einmal von einem Tsunami komplett \u00fcberschwemmt, und so hat sich dort ein einzigartiges Mikroklima mit S\u00fcmpfen und Sandb\u00e4nken gebildet. Wir sind dann die Stra\u00dfe weitergefahren und haben einen \u00dcbernachtungsplatz gesucht. Die Stra\u00dfe wurde immer enger und enger und ist von einer Schotterpiste zu einer Lehmpiste mit Felsstufen mutiert. Die Piste wurde immer steiler und mehr unkontrolliert rutschend als kontrolliert fahrend sind wir schlie\u00dflich am Strand gestanden. Die Blicke von 4 ungl\u00e4ubig staunenden Chilenen auf uns gerichtet &#8211; \u201ewie wollen die denn DA wieder hochkommen, mit ihrem europ\u00e4ischen Wohnmobil?\u201c (Ich war schon stolz, das ich \u00fcberhaupt runtergekommen bin!). Jedenfalls sind wir ausgestiegen, als ob wir das jeden Tag mehrmal machen, sind zum Strand gegangen und haben ein paar Fotos gemacht. Die 4 Chilenen haben extra lange gebraucht um ihr Angelzeug fertig zu machen. Und wir sind locker in\u2019s WOMO gestiegen und haben uns an den Aufstieg gemacht. Ich hatte schon etwas feuchte H\u00e4nde &#8211; aber unser WOMO steckt auch was weg &#8211; und so sind wir die Piste wieder hochger\u00f6hrt &#8211; sch\u00f6n gleichm\u00e4\u00dfig im ersten Gang, haben die Felsstufen sch\u00f6n schr\u00e4g angefahren und alles richtig gemacht. Als wir oben waren habe im im R\u00fcckspiegel die 4 Chilenen unten stehen sehen &#8211; die haben die Welt nicht mehr verstanden. Ihre Pickup\u2019s mit Monsterreifen und Portalachsen. L\u00e4ngs- und Quersperre, Differentialsperre, Untersetzung, Monroe &#8211; Federbeinen und allem was man(n) offroad so braucht. Und dann kommt da ein deutsches WOMO mit 4-Motion und Teerschneidern.<\/p>\n<div id=\"attachment_892\" style=\"width: 1034px\" class=\"wp-caption aligncenter\"><a href=\"https:\/\/i0.wp.com\/my-alps.de\/wp-content\/uploads\/2014\/03\/Chiloe-Rio-Chepu-I-HD.jpg\"><img aria-describedby=\"caption-attachment-892\" data-attachment-id=\"892\" data-permalink=\"http:\/\/my-alps.de\/?attachment_id=892\" data-orig-file=\"https:\/\/i0.wp.com\/my-alps.de\/wp-content\/uploads\/2014\/03\/Chiloe-Rio-Chepu-I-HD.jpg?fit=1024%2C576\" data-orig-size=\"1024,576\" data-comments-opened=\"1\" data-image-meta=\"{&quot;aperture&quot;:&quot;11&quot;,&quot;credit&quot;:&quot;&quot;,&quot;camera&quot;:&quot;SLT-A99V&quot;,&quot;caption&quot;:&quot;&quot;,&quot;created_timestamp&quot;:&quot;1395659057&quot;,&quot;copyright&quot;:&quot;&quot;,&quot;focal_length&quot;:&quot;24&quot;,&quot;iso&quot;:&quot;100&quot;,&quot;shutter_speed&quot;:&quot;0.004&quot;,&quot;title&quot;:&quot;&quot;}\" data-image-title=\"Chiloe&#8216; &#8211; Rio Chepu &#8211; I HD\" data-image-description=\"&lt;p&gt;Chiloe&#8216; &#8211; Rio Chepu&lt;\/p&gt;\n\" data-image-caption=\"&lt;p&gt;Chiloe&#8216; &#8211; Rio Chepu&lt;\/p&gt;\n\" data-medium-file=\"https:\/\/i0.wp.com\/my-alps.de\/wp-content\/uploads\/2014\/03\/Chiloe-Rio-Chepu-I-HD.jpg?fit=300%2C168\" data-large-file=\"https:\/\/i0.wp.com\/my-alps.de\/wp-content\/uploads\/2014\/03\/Chiloe-Rio-Chepu-I-HD.jpg?fit=625%2C352\" loading=\"lazy\" class=\"size-full wp-image-892\" alt=\"Chiloe' - Rio Chepu\" src=\"https:\/\/i0.wp.com\/my-alps.de\/wp-content\/uploads\/2014\/03\/Chiloe-Rio-Chepu-I-HD.jpg?resize=625%2C352\" width=\"625\" height=\"352\" srcset=\"https:\/\/i0.wp.com\/my-alps.de\/wp-content\/uploads\/2014\/03\/Chiloe-Rio-Chepu-I-HD.jpg?w=1024 1024w, https:\/\/i0.wp.com\/my-alps.de\/wp-content\/uploads\/2014\/03\/Chiloe-Rio-Chepu-I-HD.jpg?resize=300%2C168 300w\" sizes=\"(max-width: 625px) 100vw, 625px\" data-recalc-dims=\"1\" \/><\/a><p id=\"caption-attachment-892\" class=\"wp-caption-text\">Chiloe&#8216; &#8211; Rio Chepu<\/p><\/div>\n<p>Wir sind dann vern\u00fcnftigerweise auf einen kleinen Campingplatz gegangen und haben dort \u00fcbernachtet.<\/p>\n<div id=\"attachment_894\" style=\"width: 1034px\" class=\"wp-caption aligncenter\"><a href=\"https:\/\/i0.wp.com\/my-alps.de\/wp-content\/uploads\/2014\/03\/Chiloe-Rio-Chepu-III-HD.jpg\"><img aria-describedby=\"caption-attachment-894\" data-attachment-id=\"894\" data-permalink=\"http:\/\/my-alps.de\/?attachment_id=894\" data-orig-file=\"https:\/\/i0.wp.com\/my-alps.de\/wp-content\/uploads\/2014\/03\/Chiloe-Rio-Chepu-III-HD.jpg?fit=1024%2C576\" data-orig-size=\"1024,576\" data-comments-opened=\"1\" data-image-meta=\"{&quot;aperture&quot;:&quot;11&quot;,&quot;credit&quot;:&quot;&quot;,&quot;camera&quot;:&quot;SLT-A99V&quot;,&quot;caption&quot;:&quot;&quot;,&quot;created_timestamp&quot;:&quot;1395596813&quot;,&quot;copyright&quot;:&quot;&quot;,&quot;focal_length&quot;:&quot;24&quot;,&quot;iso&quot;:&quot;100&quot;,&quot;shutter_speed&quot;:&quot;0.004&quot;,&quot;title&quot;:&quot;&quot;}\" data-image-title=\"Chiloe&#8216; &#8211; Rio Chepu III &#8211; HD\" data-image-description=\"&lt;p&gt;Chiloe&#8216; &#8211; Rio Chepu III&lt;\/p&gt;\n\" data-image-caption=\"&lt;p&gt;Chiloe&#8216; &#8211; Rio Chepu III&lt;\/p&gt;\n\" data-medium-file=\"https:\/\/i0.wp.com\/my-alps.de\/wp-content\/uploads\/2014\/03\/Chiloe-Rio-Chepu-III-HD.jpg?fit=300%2C168\" data-large-file=\"https:\/\/i0.wp.com\/my-alps.de\/wp-content\/uploads\/2014\/03\/Chiloe-Rio-Chepu-III-HD.jpg?fit=625%2C352\" loading=\"lazy\" class=\"size-full wp-image-894\" alt=\"Chiloe' - Rio Chepu III\" src=\"https:\/\/i0.wp.com\/my-alps.de\/wp-content\/uploads\/2014\/03\/Chiloe-Rio-Chepu-III-HD.jpg?resize=625%2C352\" width=\"625\" height=\"352\" srcset=\"https:\/\/i0.wp.com\/my-alps.de\/wp-content\/uploads\/2014\/03\/Chiloe-Rio-Chepu-III-HD.jpg?w=1024 1024w, https:\/\/i0.wp.com\/my-alps.de\/wp-content\/uploads\/2014\/03\/Chiloe-Rio-Chepu-III-HD.jpg?resize=300%2C168 300w\" sizes=\"(max-width: 625px) 100vw, 625px\" data-recalc-dims=\"1\" \/><\/a><p id=\"caption-attachment-894\" class=\"wp-caption-text\">Chiloe&#8216; &#8211; Rio Chepu III<\/p><\/div>\n<p>Der n\u00e4chste Tag hat uns dann nach \u201eDalcahue\u201c gebracht. Wir sind wieder auf die (befestigte) Inselhauptstra\u00dfe zur\u00fcckgekehrt und alle 10 Kilometer hat uns ein Schild am Stra\u00dfenrand dezent darauf hingewiesen, das es man \u201eDalcahue\u201c dringend besuchen sollte.<\/p>\n<div id=\"attachment_900\" style=\"width: 1034px\" class=\"wp-caption aligncenter\"><a href=\"https:\/\/i0.wp.com\/my-alps.de\/wp-content\/uploads\/2014\/03\/Hasta-luego....jpg\"><img aria-describedby=\"caption-attachment-900\" data-attachment-id=\"900\" data-permalink=\"http:\/\/my-alps.de\/?attachment_id=900\" data-orig-file=\"https:\/\/i0.wp.com\/my-alps.de\/wp-content\/uploads\/2014\/03\/Hasta-luego....jpg?fit=1024%2C576\" data-orig-size=\"1024,576\" data-comments-opened=\"1\" data-image-meta=\"{&quot;aperture&quot;:&quot;4&quot;,&quot;credit&quot;:&quot;&quot;,&quot;camera&quot;:&quot;SLT-A99V&quot;,&quot;caption&quot;:&quot;&quot;,&quot;created_timestamp&quot;:&quot;1395668974&quot;,&quot;copyright&quot;:&quot;&quot;,&quot;focal_length&quot;:&quot;50&quot;,&quot;iso&quot;:&quot;100&quot;,&quot;shutter_speed&quot;:&quot;0.005&quot;,&quot;title&quot;:&quot;&quot;}\" data-image-title=\"H&#8217;asta luego&#8230;\" data-image-description=\"&lt;p&gt;H&#8217;asta luego&#8230;&lt;\/p&gt;\n\" data-image-caption=\"&lt;p&gt;H&#8217;asta luego&#8230;&lt;\/p&gt;\n\" data-medium-file=\"https:\/\/i0.wp.com\/my-alps.de\/wp-content\/uploads\/2014\/03\/Hasta-luego....jpg?fit=300%2C168\" data-large-file=\"https:\/\/i0.wp.com\/my-alps.de\/wp-content\/uploads\/2014\/03\/Hasta-luego....jpg?fit=625%2C352\" loading=\"lazy\" class=\"size-full wp-image-900\" alt=\"H'asta luego...\" src=\"https:\/\/i0.wp.com\/my-alps.de\/wp-content\/uploads\/2014\/03\/Hasta-luego....jpg?resize=625%2C352\" width=\"625\" height=\"352\" srcset=\"https:\/\/i0.wp.com\/my-alps.de\/wp-content\/uploads\/2014\/03\/Hasta-luego....jpg?w=1024 1024w, https:\/\/i0.wp.com\/my-alps.de\/wp-content\/uploads\/2014\/03\/Hasta-luego....jpg?resize=300%2C168 300w\" sizes=\"(max-width: 625px) 100vw, 625px\" data-recalc-dims=\"1\" \/><\/a><p id=\"caption-attachment-900\" class=\"wp-caption-text\">H&#8217;asta luego&#8230;<\/p><\/div>\n<p>Haben wir auch brav gemacht &#8211; es ist ein kleiner Ort am Ende eines Fjordes auf der Ostseite der Insel. H\u00fcbsch mit alten Holzh\u00e4usern<\/p>\n<div id=\"attachment_899\" style=\"width: 1034px\" class=\"wp-caption aligncenter\"><a href=\"https:\/\/i0.wp.com\/my-alps.de\/wp-content\/uploads\/2014\/03\/gr\u00fcnes-Holzhaus-auf-Chiloe.jpg\"><img aria-describedby=\"caption-attachment-899\" data-attachment-id=\"899\" data-permalink=\"http:\/\/my-alps.de\/?attachment_id=899\" data-orig-file=\"https:\/\/i0.wp.com\/my-alps.de\/wp-content\/uploads\/2014\/03\/gr\u00fcnes-Holzhaus-auf-Chiloe.jpg?fit=1024%2C576\" data-orig-size=\"1024,576\" data-comments-opened=\"1\" data-image-meta=\"{&quot;aperture&quot;:&quot;11&quot;,&quot;credit&quot;:&quot;&quot;,&quot;camera&quot;:&quot;SLT-A99V&quot;,&quot;caption&quot;:&quot;&quot;,&quot;created_timestamp&quot;:&quot;1395668641&quot;,&quot;copyright&quot;:&quot;&quot;,&quot;focal_length&quot;:&quot;45&quot;,&quot;iso&quot;:&quot;100&quot;,&quot;shutter_speed&quot;:&quot;0.008&quot;,&quot;title&quot;:&quot;&quot;}\" data-image-title=\"gr\u00fcnes Holzhaus auf Chiloe&#8216;\" data-image-description=\"&lt;p&gt;gr\u00fcnes Holzhaus auf Chiloe&#8216;&lt;\/p&gt;\n\" data-image-caption=\"&lt;p&gt;gr\u00fcnes Holzhaus auf Chiloe&#8216;&lt;\/p&gt;\n\" data-medium-file=\"https:\/\/i0.wp.com\/my-alps.de\/wp-content\/uploads\/2014\/03\/gr\u00fcnes-Holzhaus-auf-Chiloe.jpg?fit=300%2C168\" data-large-file=\"https:\/\/i0.wp.com\/my-alps.de\/wp-content\/uploads\/2014\/03\/gr\u00fcnes-Holzhaus-auf-Chiloe.jpg?fit=625%2C352\" loading=\"lazy\" class=\"size-full wp-image-899\" alt=\"gr\u00fcnes Holzhaus auf Chiloe'\" src=\"https:\/\/i0.wp.com\/my-alps.de\/wp-content\/uploads\/2014\/03\/gr\u00fcnes-Holzhaus-auf-Chiloe.jpg?resize=625%2C352\" width=\"625\" height=\"352\" srcset=\"https:\/\/i0.wp.com\/my-alps.de\/wp-content\/uploads\/2014\/03\/gr\u00fcnes-Holzhaus-auf-Chiloe.jpg?w=1024 1024w, https:\/\/i0.wp.com\/my-alps.de\/wp-content\/uploads\/2014\/03\/gr\u00fcnes-Holzhaus-auf-Chiloe.jpg?resize=300%2C168 300w\" sizes=\"(max-width: 625px) 100vw, 625px\" data-recalc-dims=\"1\" \/><\/a><p id=\"caption-attachment-899\" class=\"wp-caption-text\">gr\u00fcnes Holzhaus auf Chiloe&#8216;<\/p><\/div>\n<p>&nbsp;<\/p>\n<div id=\"attachment_889\" style=\"width: 1034px\" class=\"wp-caption aligncenter\"><a href=\"https:\/\/i0.wp.com\/my-alps.de\/wp-content\/uploads\/2014\/03\/blaus-Schindelhaus-auf-Chiloe.jpg\"><img aria-describedby=\"caption-attachment-889\" data-attachment-id=\"889\" data-permalink=\"http:\/\/my-alps.de\/?attachment_id=889\" data-orig-file=\"https:\/\/i0.wp.com\/my-alps.de\/wp-content\/uploads\/2014\/03\/blaus-Schindelhaus-auf-Chiloe.jpg?fit=1024%2C683\" data-orig-size=\"1024,683\" data-comments-opened=\"1\" data-image-meta=\"{&quot;aperture&quot;:&quot;6.7&quot;,&quot;credit&quot;:&quot;&quot;,&quot;camera&quot;:&quot;SLT-A99V&quot;,&quot;caption&quot;:&quot;&quot;,&quot;created_timestamp&quot;:&quot;1395668700&quot;,&quot;copyright&quot;:&quot;&quot;,&quot;focal_length&quot;:&quot;45&quot;,&quot;iso&quot;:&quot;100&quot;,&quot;shutter_speed&quot;:&quot;0.0028571428571429&quot;,&quot;title&quot;:&quot;&quot;}\" data-image-title=\"blaus Schindelhaus auf Chiloe&#8216;\" data-image-description=\"&lt;p&gt;blaus Schindelhaus auf Chiloe&#8216;&lt;\/p&gt;\n\" data-image-caption=\"&lt;p&gt;blaus Schindelhaus auf Chiloe&#8216;&lt;\/p&gt;\n\" data-medium-file=\"https:\/\/i0.wp.com\/my-alps.de\/wp-content\/uploads\/2014\/03\/blaus-Schindelhaus-auf-Chiloe.jpg?fit=300%2C200\" data-large-file=\"https:\/\/i0.wp.com\/my-alps.de\/wp-content\/uploads\/2014\/03\/blaus-Schindelhaus-auf-Chiloe.jpg?fit=625%2C417\" loading=\"lazy\" class=\"size-full wp-image-889\" alt=\"blaus Schindelhaus auf Chiloe'\" src=\"https:\/\/i0.wp.com\/my-alps.de\/wp-content\/uploads\/2014\/03\/blaus-Schindelhaus-auf-Chiloe.jpg?resize=625%2C417\" width=\"625\" height=\"417\" srcset=\"https:\/\/i0.wp.com\/my-alps.de\/wp-content\/uploads\/2014\/03\/blaus-Schindelhaus-auf-Chiloe.jpg?w=1024 1024w, https:\/\/i0.wp.com\/my-alps.de\/wp-content\/uploads\/2014\/03\/blaus-Schindelhaus-auf-Chiloe.jpg?resize=300%2C200 300w\" sizes=\"(max-width: 625px) 100vw, 625px\" data-recalc-dims=\"1\" \/><\/a><p id=\"caption-attachment-889\" class=\"wp-caption-text\">blaus Schindelhaus auf Chiloe&#8216;<\/p><\/div>\n<p>und einem \u00fcberdachten Markt mit vielen handwerklich hergestellten Sachen.<\/p>\n<div id=\"attachment_907\" style=\"width: 1034px\" class=\"wp-caption aligncenter\"><a href=\"https:\/\/i0.wp.com\/my-alps.de\/wp-content\/uploads\/2014\/03\/Strickwaren.jpg\"><img aria-describedby=\"caption-attachment-907\" data-attachment-id=\"907\" data-permalink=\"http:\/\/my-alps.de\/?attachment_id=907\" data-orig-file=\"https:\/\/i0.wp.com\/my-alps.de\/wp-content\/uploads\/2014\/03\/Strickwaren.jpg?fit=1024%2C683\" data-orig-size=\"1024,683\" data-comments-opened=\"1\" data-image-meta=\"{&quot;aperture&quot;:&quot;4&quot;,&quot;credit&quot;:&quot;&quot;,&quot;camera&quot;:&quot;SLT-A99V&quot;,&quot;caption&quot;:&quot;&quot;,&quot;created_timestamp&quot;:&quot;1395667467&quot;,&quot;copyright&quot;:&quot;&quot;,&quot;focal_length&quot;:&quot;24&quot;,&quot;iso&quot;:&quot;2500&quot;,&quot;shutter_speed&quot;:&quot;0.005&quot;,&quot;title&quot;:&quot;&quot;}\" data-image-title=\"Strickwaren\" data-image-description=\"&lt;p&gt;Strickwaren&lt;\/p&gt;\n\" data-image-caption=\"&lt;p&gt;Strickwaren&lt;\/p&gt;\n\" data-medium-file=\"https:\/\/i0.wp.com\/my-alps.de\/wp-content\/uploads\/2014\/03\/Strickwaren.jpg?fit=300%2C200\" data-large-file=\"https:\/\/i0.wp.com\/my-alps.de\/wp-content\/uploads\/2014\/03\/Strickwaren.jpg?fit=625%2C417\" loading=\"lazy\" class=\"size-full wp-image-907\" alt=\"Strickwaren\" src=\"https:\/\/i0.wp.com\/my-alps.de\/wp-content\/uploads\/2014\/03\/Strickwaren.jpg?resize=625%2C417\" width=\"625\" height=\"417\" srcset=\"https:\/\/i0.wp.com\/my-alps.de\/wp-content\/uploads\/2014\/03\/Strickwaren.jpg?w=1024 1024w, https:\/\/i0.wp.com\/my-alps.de\/wp-content\/uploads\/2014\/03\/Strickwaren.jpg?resize=300%2C200 300w\" sizes=\"(max-width: 625px) 100vw, 625px\" data-recalc-dims=\"1\" \/><\/a><p id=\"caption-attachment-907\" class=\"wp-caption-text\">Strickwaren<\/p><\/div>\n<p>Na ja &#8211;\u00a0 haupts\u00e4chlich Strickwaren. Pullover und Ponchos in allen erdenklichen Farben und Formen. Handschuhe und &#8211; M\u00fctzen. Ja &#8211; richtigen Strickm\u00fctzen! Ich habe nur etwas herumgeknipst und aus den Augenwinkeln den Korb mit den \u201eBommelm\u00fctzen\u201c gesehen. Nun muss man wissen, das wir Tr\u00fcbi\u2019s ein besonderes Verh\u00e4ltnis zu Zipfel- oder Bommelm\u00fctzen haben. Ich kann mich eigentlich nicht daran erinnern, das mein Vater fr\u00fcher etwas anderes getragen h\u00e4tte als seine klassische, schwarze Zipfelm\u00fctze und meine Mutter bunte Bommelm\u00fctzen &#8211; je gr\u00f6\u00dfer der Bommel desto besser. Da bleibt genetisch schon was h\u00e4ngen. Ich habe also in meinen neuen Kopfschmuck investiert. (Obwohl ich schon von der Natur recht gut mit Wolle auf dem Kopf ausgestattet wurde) Diese Wolle ist super flauschig und h\u00e4lt den Kopf sch\u00f6n warm ohne zu kratzen. Ein Kumpel von meinem Vater ist in die Rocky Mountains ausgewandert, der hat mir mal erkl\u00e4rt das man 50 % der K\u00f6rperw\u00e4rme \u00fcber den Kopf verliert wenn man keine M\u00fctze aufhat. Ich jetzt nicht mehr!<\/p>\n<div id=\"attachment_903\" style=\"width: 1034px\" class=\"wp-caption aligncenter\"><a href=\"https:\/\/i0.wp.com\/my-alps.de\/wp-content\/uploads\/2014\/03\/neue-M\u00fctze-6x6.jpg\"><img aria-describedby=\"caption-attachment-903\" data-attachment-id=\"903\" data-permalink=\"http:\/\/my-alps.de\/?attachment_id=903\" data-orig-file=\"https:\/\/i0.wp.com\/my-alps.de\/wp-content\/uploads\/2014\/03\/neue-M\u00fctze-6x6.jpg?fit=1024%2C1024\" data-orig-size=\"1024,1024\" data-comments-opened=\"1\" data-image-meta=\"{&quot;aperture&quot;:&quot;11&quot;,&quot;credit&quot;:&quot;&quot;,&quot;camera&quot;:&quot;SLT-A99V&quot;,&quot;caption&quot;:&quot;&quot;,&quot;created_timestamp&quot;:&quot;1395668094&quot;,&quot;copyright&quot;:&quot;&quot;,&quot;focal_length&quot;:&quot;40&quot;,&quot;iso&quot;:&quot;100&quot;,&quot;shutter_speed&quot;:&quot;0.011111111111111&quot;,&quot;title&quot;:&quot;&quot;}\" data-image-title=\"neue M\u00fctze &#8211; 6&#215;6\" data-image-description=\"&lt;p&gt;neue M\u00fctze&lt;\/p&gt;\n\" data-image-caption=\"&lt;p&gt;neue M\u00fctze&lt;\/p&gt;\n\" data-medium-file=\"https:\/\/i0.wp.com\/my-alps.de\/wp-content\/uploads\/2014\/03\/neue-M\u00fctze-6x6.jpg?fit=300%2C300\" data-large-file=\"https:\/\/i0.wp.com\/my-alps.de\/wp-content\/uploads\/2014\/03\/neue-M\u00fctze-6x6.jpg?fit=625%2C625\" loading=\"lazy\" class=\"size-full wp-image-903\" alt=\"neue M\u00fctze\" src=\"https:\/\/i0.wp.com\/my-alps.de\/wp-content\/uploads\/2014\/03\/neue-M\u00fctze-6x6.jpg?resize=625%2C625\" width=\"625\" height=\"625\" srcset=\"https:\/\/i0.wp.com\/my-alps.de\/wp-content\/uploads\/2014\/03\/neue-M\u00fctze-6x6.jpg?w=1024 1024w, https:\/\/i0.wp.com\/my-alps.de\/wp-content\/uploads\/2014\/03\/neue-M\u00fctze-6x6.jpg?resize=290%2C290 290w, https:\/\/i0.wp.com\/my-alps.de\/wp-content\/uploads\/2014\/03\/neue-M\u00fctze-6x6.jpg?resize=300%2C300 300w\" sizes=\"(max-width: 625px) 100vw, 625px\" data-recalc-dims=\"1\" \/><\/a><p id=\"caption-attachment-903\" class=\"wp-caption-text\">neue M\u00fctze<\/p><\/div>\n<p>&nbsp;<\/p>\n","protected":false},"excerpt":{"rendered":"<p>Die Insel Chiloe\u2019 ist von Puerto Montt auf einer gut ausgebauten Autobahn in ca. 1 1\/2 Stunden Fahrt zu erreichen. \u00dcber die Meerenge zwischen dem Festland und der Insel wird (wie in Chile \u00fcblich) mit einer offenen F\u00e4hre \u00fcbergesetzt. Die Fahrtzeit betr\u00e4gt etwa eine halbe Stunde und kostet f\u00fcr unser WOMO mit zwei Personen 13.000.- [&hellip;]<\/p>\n","protected":false},"author":1,"featured_media":0,"comment_status":"open","ping_status":"open","sticky":false,"template":"","format":"gallery","meta":{"spay_email":"","jetpack_publicize_message":"","jetpack_is_tweetstorm":false,"jetpack_publicize_feature_enabled":true},"categories":[1],"tags":[],"jetpack_featured_media_url":"","jetpack_publicize_connections":[],"jetpack_sharing_enabled":true,"jetpack_shortlink":"https:\/\/wp.me\/p6huce-ef","jetpack-related-posts":[{"id":934,"url":"http:\/\/my-alps.de\/?p=934","url_meta":{"origin":883,"position":0},"title":"Fortsetzung Castro &#8211; von sch\u00f6nen Holzkirchen und frischen Fischen","date":"30. M\u00e4rz 2014","format":"gallery","excerpt":"Wir sind im zweiten Teil unserer Reise \u00fcber die Insel Chiloe\u2019 in der kleinen Stadt \u201eCastro\u201c gelandet. Castro ist, wie der Rest der Insel auch, ber\u00fchmt f\u00fcr seine einzigartige Holzkirche. Zugegeben, von aussen wirkt die \u201eKathedrale\u201c etwas kitschig, und die Fassade ist mit Blechtafeln verkleidet, aber sobald man durch einen\u2026","rel":"","context":"In &quot;News&quot;","img":{"alt_text":"","src":"https:\/\/i0.wp.com\/my-alps.de\/wp-content\/uploads\/2014\/03\/Klein-Venedig-ganz-klein.jpg?resize=350%2C200","width":350,"height":200},"classes":[]},{"id":881,"url":"http:\/\/my-alps.de\/?p=881","url_meta":{"origin":883,"position":1},"title":"Puerto Montt","date":"26. M\u00e4rz 2014","format":"gallery","excerpt":"Nach 8.808 km (und wahrscheinlich ein paar mehr) die wir jetzt hier in S\u00fcdamerika unterwegs sind haben wir unserem WOMO auch mal etwas Gutes geg\u00f6nnt. Hier in Puerto Montt habe ich eine Werkstatt entdeckt die jegliche Art von Service f\u00fcr \u201egesch\u00fcttelte\u201c Autos anbietet. Wir haben uns f\u00fcr: \u00d6lwechsel und Luftfilterwechsel\u2026","rel":"","context":"In &quot;News&quot;","img":{"alt_text":"","src":"https:\/\/i0.wp.com\/my-alps.de\/wp-content\/uploads\/2014\/03\/Pisco-sour-6x6.jpg?resize=350%2C200","width":350,"height":200},"classes":[]},{"id":851,"url":"http:\/\/my-alps.de\/?p=851","url_meta":{"origin":883,"position":2},"title":"von Chaiten ans Ende der Carretera Austral","date":"19. M\u00e4rz 2014","format":"gallery","excerpt":"Wir sind jetzt fast 4 Wochen lang auf der Ruta 7, der Carretera Austral, aus dem S\u00fcden Chiles Richtung Norden gefahren. Der Eine oder Andere Abstecher hat der einsamen Stra\u00dfe noch etwas mehr Reiz beschert, als sie selbst schon besitzt. Doch jetzt ist es an der Zeit die Zivilisation mal\u2026","rel":"","context":"In &quot;News&quot;","img":{"alt_text":"","src":"https:\/\/i0.wp.com\/my-alps.de\/wp-content\/uploads\/2014\/03\/El-Cap-light-sw.jpg?resize=350%2C200","width":350,"height":200},"classes":[]},{"id":961,"url":"http:\/\/my-alps.de\/?p=961","url_meta":{"origin":883,"position":3},"title":"Vulkan Osorno und Lago Llanquihue","date":"4. April 2014","format":"gallery","excerpt":"Wir sind auf dem Weg zur\u00fcck von der Insel Chiloe\u2019 \u00fcber Puerto Montt nach Puerto Varas gefahren und machen am Lago Llanquihue Station. Zuerst mussten wir ein heftiges Unwetter zwei Tage \u00fcber uns ergehen lassen, bei dem Regenmassen vom Himmel gefallen sind, die bei uns in Deutschland f\u00fcr ein gesamtes\u2026","rel":"","context":"In &quot;News&quot;","img":{"alt_text":"","src":"https:\/\/i0.wp.com\/my-alps.de\/wp-content\/uploads\/2014\/04\/Bimobil-und-Vulkan-Osorno.jpg?resize=350%2C200","width":350,"height":200},"classes":[]},{"id":1373,"url":"http:\/\/my-alps.de\/?p=1373","url_meta":{"origin":883,"position":4},"title":"Salar de Uyuni &#8211; der gr\u00f6sste Salzsee der Welt","date":"24. Juli 2014","format":"gallery","excerpt":"Unsere Fahrt f\u00fchrt uns in die erste Stadt in Bolivien - Uyuni. Uyuni ist der ideale Ausgangsort um auf den gr\u00f6ssten Salzsee der Welt zu fahren. Als wir in der Uyuni ankommen geraten wir mitten\u00a0in den Trubel eines Stadtfestes. \u00dcberall Frauen in ihrer indianischen\u00a0Tracht, mit den ausladenden R\u00f6cken, den typischen\u2026","rel":"","context":"In &quot;News&quot;","img":{"alt_text":"","src":"https:\/\/i0.wp.com\/my-alps.de\/wp-content\/uploads\/2014\/07\/passt-doch.jpg?resize=350%2C200","width":350,"height":200},"classes":[]},{"id":932,"url":"http:\/\/my-alps.de\/?p=932","url_meta":{"origin":883,"position":5},"title":"Chiloe&#8216; Teil II &#8211; Castro","date":"27. M\u00e4rz 2014","format":"gallery","excerpt":"Heute war wieder ein Tag, an dem wir unsere \"Householddutys\" erledigen konnten. Es gibt hier eine tolle W\u00e4scherei in Castro und unser ganzes Bettzeugs war in den letzten Tagen durch die hohe Luftfeuchtigkeit ziemlich muffig geworden. Also alle Schlaf\u00e4cke, Decken und Kopfkissenbez\u00fcge in eine gro\u00dfe Plastikt\u00fcte stopfen und 10 Kilo\u2026","rel":"","context":"In &quot;News&quot;","img":{"alt_text":"","src":"","width":0,"height":0},"classes":[]}],"_links":{"self":[{"href":"http:\/\/my-alps.de\/index.php?rest_route=\/wp\/v2\/posts\/883"}],"collection":[{"href":"http:\/\/my-alps.de\/index.php?rest_route=\/wp\/v2\/posts"}],"about":[{"href":"http:\/\/my-alps.de\/index.php?rest_route=\/wp\/v2\/types\/post"}],"author":[{"embeddable":true,"href":"http:\/\/my-alps.de\/index.php?rest_route=\/wp\/v2\/users\/1"}],"replies":[{"embeddable":true,"href":"http:\/\/my-alps.de\/index.php?rest_route=%2Fwp%2Fv2%2Fcomments&post=883"}],"version-history":[{"count":5,"href":"http:\/\/my-alps.de\/index.php?rest_route=\/wp\/v2\/posts\/883\/revisions"}],"predecessor-version":[{"id":920,"href":"http:\/\/my-alps.de\/index.php?rest_route=\/wp\/v2\/posts\/883\/revisions\/920"}],"wp:attachment":[{"href":"http:\/\/my-alps.de\/index.php?rest_route=%2Fwp%2Fv2%2Fmedia&parent=883"}],"wp:term":[{"taxonomy":"category","embeddable":true,"href":"http:\/\/my-alps.de\/index.php?rest_route=%2Fwp%2Fv2%2Fcategories&post=883"},{"taxonomy":"post_tag","embeddable":true,"href":"http:\/\/my-alps.de\/index.php?rest_route=%2Fwp%2Fv2%2Ftags&post=883"}],"curies":[{"name":"wp","href":"https:\/\/api.w.org\/{rel}","templated":true}]}}