{"id":881,"date":"2014-03-26T16:02:47","date_gmt":"2014-03-26T15:02:47","guid":{"rendered":"http:\/\/my-alps.de\/?p=881"},"modified":"2014-03-26T16:27:24","modified_gmt":"2014-03-26T15:27:24","slug":"puerto-montt","status":"publish","type":"post","link":"http:\/\/my-alps.de\/?p=881","title":{"rendered":"Puerto Montt"},"content":{"rendered":"<p>Nach 8.808 km (und wahrscheinlich ein paar mehr) die wir jetzt hier in S\u00fcdamerika unterwegs sind haben wir unserem WOMO auch mal etwas Gutes geg\u00f6nnt. Hier in Puerto Montt habe ich eine Werkstatt entdeckt die jegliche Art von Service f\u00fcr \u201egesch\u00fcttelte\u201c Autos anbietet.<br \/>\nWir haben uns f\u00fcr: \u00d6lwechsel und Luftfilterwechsel entschieden.<\/p>\n<p>Beide Teile habe ich vorsorglich (vielen Dank an Jens!!) aus Deutschland schon mitgebracht.<\/p>\n<p>Der Cheffe der Werkstatt hat mich erst mal in meinem besten Spanisch alles erkl\u00e4ren lassen was wir so machen wollen, und hat mir dann locker auf Englisch geantwortet das w\u00e4re kein Problem f\u00fcr\u00a0 ihn &#8211; ich solle einfach morgen um 10:00 Uhr kommen.<br \/>\nSo haben die Jungs unser WOMO erst mal auf die B\u00fchne gestellt und alles vorbereitet. Ich habe ihnen dann gezeigt wo der \u00d6lfilter beim T5 versteckt ist.<br \/>\n(Hey ihr Techniker von VW &#8211; tolles Versteck habt ihr euch da ausgedacht &#8211; ihr m\u00fcsst ja Gummih\u00e4nde haben wenn ihr da ohne Probleme rankommt!)<br \/>\nAber da wir das Luftfiltergeh\u00e4use eh\u2019 ausgebaut hatten war das kein Problem.<br \/>\nIm Luftfilter war eine ganze Sammlung von Fliegen und M\u00fccken begraben, und im \u00d6lfilter &#8211; man glaubt es kaum &#8211; eine ganz kleine Blume. Wer da wohl mit dem Motor anbandeln wollte?<\/p>\n<p>Unser WOMO hat dann 7,4 Liter frisches \u00d6l bekommen, dem wir ein wenig Schwefelneutralisator beigemixt haben &#8211; der Diesel hier in Chile ist halt noch richtiger Diesel. Die Jungs haben ganz feine Arbeit gemacht. Alles sauber und das Alt\u00f6l auch gleich in eine Recycling Box gef\u00fcllt.<br \/>\nPrima Werkstatt &#8211; LEON &#8211; gleich gegen\u00fcber dem Busterminal &#8211; kann ich nur empfehlen.<br \/>\nWir durften das WIFI in der Werkstatt benutzen und haben gleich das Dokument mit den Zollformularen f\u00fcr unsere Ersatzteile erledigt. Der Versand geht dann in der n\u00e4chsten Woche \u00fcber die B\u00fchne. Die Adresse f\u00fcr den Versand nach Chile ist auch gekl\u00e4rt (DANKE &#8211; Christine)!<br \/>\nDer Versand wird von der GCD organisiert.<br \/>\n(DANKE Ernst)!<\/p>\n<div id=\"attachment_898\" style=\"width: 1034px\" class=\"wp-caption aligncenter\"><a href=\"https:\/\/i0.wp.com\/my-alps.de\/wp-content\/uploads\/2014\/03\/Gastanken.jpg\"><img aria-describedby=\"caption-attachment-898\" data-attachment-id=\"898\" data-permalink=\"http:\/\/my-alps.de\/?attachment_id=898\" data-orig-file=\"https:\/\/i0.wp.com\/my-alps.de\/wp-content\/uploads\/2014\/03\/Gastanken.jpg?fit=1024%2C1024\" data-orig-size=\"1024,1024\" data-comments-opened=\"1\" data-image-meta=\"{&quot;aperture&quot;:&quot;3.5&quot;,&quot;credit&quot;:&quot;&quot;,&quot;camera&quot;:&quot;DSC-RX100&quot;,&quot;caption&quot;:&quot;&quot;,&quot;created_timestamp&quot;:&quot;1395326657&quot;,&quot;copyright&quot;:&quot;&quot;,&quot;focal_length&quot;:&quot;10.4&quot;,&quot;iso&quot;:&quot;125&quot;,&quot;shutter_speed&quot;:&quot;0.01&quot;,&quot;title&quot;:&quot;&quot;}\" data-image-title=\"Gastanken\" data-image-description=\"&lt;p&gt;Gastanken&lt;\/p&gt;\n\" data-image-caption=\"&lt;p&gt;Gastanken&lt;\/p&gt;\n\" data-medium-file=\"https:\/\/i0.wp.com\/my-alps.de\/wp-content\/uploads\/2014\/03\/Gastanken.jpg?fit=300%2C300\" data-large-file=\"https:\/\/i0.wp.com\/my-alps.de\/wp-content\/uploads\/2014\/03\/Gastanken.jpg?fit=625%2C625\" loading=\"lazy\" class=\"size-full wp-image-898\" alt=\"Gastanken\" src=\"https:\/\/i0.wp.com\/my-alps.de\/wp-content\/uploads\/2014\/03\/Gastanken.jpg?resize=625%2C625\" width=\"625\" height=\"625\" srcset=\"https:\/\/i0.wp.com\/my-alps.de\/wp-content\/uploads\/2014\/03\/Gastanken.jpg?w=1024 1024w, https:\/\/i0.wp.com\/my-alps.de\/wp-content\/uploads\/2014\/03\/Gastanken.jpg?resize=290%2C290 290w, https:\/\/i0.wp.com\/my-alps.de\/wp-content\/uploads\/2014\/03\/Gastanken.jpg?resize=300%2C300 300w\" sizes=\"(max-width: 625px) 100vw, 625px\" data-recalc-dims=\"1\" \/><\/a><p id=\"caption-attachment-898\" class=\"wp-caption-text\">Gastanken<\/p><\/div>\n<p>Da wir gerade bei der Technik waren sind wir noch auf die Suche nach einer Tankstelle mit GPL f\u00fcr unsere Gastanks gegangen. In Punta Arenas hatten wir an einer Tankstelle von Petrobras ja Gl\u00fcck gehabt, also wieso nicht auch hier in Puerto Montt. Der nette Tankwart hat uns dann den Weg zu einer extra GPL Tankstelle beschrieben. Die haben wir auch trotz gro\u00dfer Stra\u00dfenbauma\u00dfnahmen gefunden. Und jetzt wei\u00df ich auch wo ich das n\u00e4chste Mal nachfragen mu\u00df &#8211; alle Taxis tanken GPL &#8211; also einfach einen Taxifahrer ansprechen!<\/p>\n<p>Das mit den festen ALU-Gasflaschen funktioniert echt prima. Eine Flasche war komplett leer, die zweite hatten wir jetzt fast 3 Wochen benutzt. Das Auff\u00fcllen mit dem Anschlu\u00df zum Aufschrauben und dem Umschaltventil klappt ohne Probleme. Kann ich nur jedem empfehlen.<\/p>\n<p>&nbsp;<\/p>\n<p>Puerto Montt hat aber noch mehr zu bieten &#8211; es gibt einen sch\u00f6nen Fischmarkt in Angelmo. Alles was das Meer (und die Fischfarmen) so bieten, kann man hier bewundern und kaufen.<\/p>\n<div id=\"attachment_901\" style=\"width: 1034px\" class=\"wp-caption aligncenter\"><a href=\"https:\/\/i0.wp.com\/my-alps.de\/wp-content\/uploads\/2014\/03\/kleine-Fischauswahl.jpg\"><img aria-describedby=\"caption-attachment-901\" data-attachment-id=\"901\" data-permalink=\"http:\/\/my-alps.de\/?attachment_id=901\" data-orig-file=\"https:\/\/i0.wp.com\/my-alps.de\/wp-content\/uploads\/2014\/03\/kleine-Fischauswahl.jpg?fit=1024%2C576\" data-orig-size=\"1024,576\" data-comments-opened=\"1\" data-image-meta=\"{&quot;aperture&quot;:&quot;4&quot;,&quot;credit&quot;:&quot;&quot;,&quot;camera&quot;:&quot;SLT-A99V&quot;,&quot;caption&quot;:&quot;&quot;,&quot;created_timestamp&quot;:&quot;1395234542&quot;,&quot;copyright&quot;:&quot;&quot;,&quot;focal_length&quot;:&quot;24&quot;,&quot;iso&quot;:&quot;500&quot;,&quot;shutter_speed&quot;:&quot;0.005&quot;,&quot;title&quot;:&quot;&quot;}\" data-image-title=\"kleine Fischauswahl\" data-image-description=\"&lt;p&gt;kleine Fischauswahl&lt;\/p&gt;\n\" data-image-caption=\"&lt;p&gt;kleine Fischauswahl&lt;\/p&gt;\n\" data-medium-file=\"https:\/\/i0.wp.com\/my-alps.de\/wp-content\/uploads\/2014\/03\/kleine-Fischauswahl.jpg?fit=300%2C168\" data-large-file=\"https:\/\/i0.wp.com\/my-alps.de\/wp-content\/uploads\/2014\/03\/kleine-Fischauswahl.jpg?fit=625%2C352\" loading=\"lazy\" class=\"size-full wp-image-901\" alt=\"kleine Fischauswahl\" src=\"https:\/\/i0.wp.com\/my-alps.de\/wp-content\/uploads\/2014\/03\/kleine-Fischauswahl.jpg?resize=625%2C352\" width=\"625\" height=\"352\" srcset=\"https:\/\/i0.wp.com\/my-alps.de\/wp-content\/uploads\/2014\/03\/kleine-Fischauswahl.jpg?w=1024 1024w, https:\/\/i0.wp.com\/my-alps.de\/wp-content\/uploads\/2014\/03\/kleine-Fischauswahl.jpg?resize=300%2C168 300w\" sizes=\"(max-width: 625px) 100vw, 625px\" data-recalc-dims=\"1\" \/><\/a><p id=\"caption-attachment-901\" class=\"wp-caption-text\">kleine Fischauswahl<\/p><\/div>\n<p>Es gibt frische Lachse, die sind richtig gro\u00df. Frische Muscheln in allen Formen und Variationen. Camarones bis zum abwinken und alles was krabbeln kann.<\/p>\n<div id=\"attachment_896\" style=\"width: 1034px\" class=\"wp-caption aligncenter\"><a href=\"https:\/\/i0.wp.com\/my-alps.de\/wp-content\/uploads\/2014\/03\/Das-grosse-Krabbeln-HD.jpg\"><img aria-describedby=\"caption-attachment-896\" data-attachment-id=\"896\" data-permalink=\"http:\/\/my-alps.de\/?attachment_id=896\" data-orig-file=\"https:\/\/i0.wp.com\/my-alps.de\/wp-content\/uploads\/2014\/03\/Das-grosse-Krabbeln-HD.jpg?fit=1024%2C576\" data-orig-size=\"1024,576\" data-comments-opened=\"1\" data-image-meta=\"{&quot;aperture&quot;:&quot;4&quot;,&quot;credit&quot;:&quot;&quot;,&quot;camera&quot;:&quot;SLT-A99V&quot;,&quot;caption&quot;:&quot;&quot;,&quot;created_timestamp&quot;:&quot;1395234654&quot;,&quot;copyright&quot;:&quot;&quot;,&quot;focal_length&quot;:&quot;24&quot;,&quot;iso&quot;:&quot;160&quot;,&quot;shutter_speed&quot;:&quot;0.005&quot;,&quot;title&quot;:&quot;&quot;}\" data-image-title=\"Das grosse Krabbeln-HD\" data-image-description=\"&lt;p&gt;Das grosse Krabbeln&lt;\/p&gt;\n\" data-image-caption=\"&lt;p&gt;Das grosse Krabbeln&lt;\/p&gt;\n\" data-medium-file=\"https:\/\/i0.wp.com\/my-alps.de\/wp-content\/uploads\/2014\/03\/Das-grosse-Krabbeln-HD.jpg?fit=300%2C168\" data-large-file=\"https:\/\/i0.wp.com\/my-alps.de\/wp-content\/uploads\/2014\/03\/Das-grosse-Krabbeln-HD.jpg?fit=625%2C352\" loading=\"lazy\" class=\"size-full wp-image-896\" alt=\"Das grosse Krabbeln\" src=\"https:\/\/i0.wp.com\/my-alps.de\/wp-content\/uploads\/2014\/03\/Das-grosse-Krabbeln-HD.jpg?resize=625%2C352\" width=\"625\" height=\"352\" srcset=\"https:\/\/i0.wp.com\/my-alps.de\/wp-content\/uploads\/2014\/03\/Das-grosse-Krabbeln-HD.jpg?w=1024 1024w, https:\/\/i0.wp.com\/my-alps.de\/wp-content\/uploads\/2014\/03\/Das-grosse-Krabbeln-HD.jpg?resize=300%2C168 300w\" sizes=\"(max-width: 625px) 100vw, 625px\" data-recalc-dims=\"1\" \/><\/a><p id=\"caption-attachment-896\" class=\"wp-caption-text\">Das grosse Krabbeln<\/p><\/div>\n<p>&nbsp;<\/p>\n<p>Wir haben uns dann f\u00fcr das Nationalgericht der Insel Chiloe\u2019 entschieden. \u201eCuranto\u201c . ein Eintopf mit R\u00e4ucherfleisch, H\u00fchnchen, Wurst, Fisch und Muscheln. Dazu gibt\u2019s eine Kartoffel und ein Teil, das wie ein Ufo aussieht, aber nach Klo\u00df schmeckt.<\/p>\n<div id=\"attachment_895\" style=\"width: 1034px\" class=\"wp-caption aligncenter\"><a href=\"https:\/\/i0.wp.com\/my-alps.de\/wp-content\/uploads\/2014\/03\/Curanto-Chiloe.jpg\"><img aria-describedby=\"caption-attachment-895\" data-attachment-id=\"895\" data-permalink=\"http:\/\/my-alps.de\/?attachment_id=895\" data-orig-file=\"https:\/\/i0.wp.com\/my-alps.de\/wp-content\/uploads\/2014\/03\/Curanto-Chiloe.jpg?fit=1024%2C576\" data-orig-size=\"1024,576\" data-comments-opened=\"1\" data-image-meta=\"{&quot;aperture&quot;:&quot;4&quot;,&quot;credit&quot;:&quot;&quot;,&quot;camera&quot;:&quot;SLT-A99V&quot;,&quot;caption&quot;:&quot;&quot;,&quot;created_timestamp&quot;:&quot;1395234398&quot;,&quot;copyright&quot;:&quot;&quot;,&quot;focal_length&quot;:&quot;45&quot;,&quot;iso&quot;:&quot;1600&quot;,&quot;shutter_speed&quot;:&quot;0.005&quot;,&quot;title&quot;:&quot;&quot;}\" data-image-title=\"Curanto &#8211; Chiloe&#8216;\" data-image-description=\"&lt;p&gt;Curanto&lt;\/p&gt;\n\" data-image-caption=\"&lt;p&gt;Curanto&lt;\/p&gt;\n\" data-medium-file=\"https:\/\/i0.wp.com\/my-alps.de\/wp-content\/uploads\/2014\/03\/Curanto-Chiloe.jpg?fit=300%2C168\" data-large-file=\"https:\/\/i0.wp.com\/my-alps.de\/wp-content\/uploads\/2014\/03\/Curanto-Chiloe.jpg?fit=625%2C352\" loading=\"lazy\" class=\"size-full wp-image-895\" alt=\"Curanto\" src=\"https:\/\/i0.wp.com\/my-alps.de\/wp-content\/uploads\/2014\/03\/Curanto-Chiloe.jpg?resize=625%2C352\" width=\"625\" height=\"352\" srcset=\"https:\/\/i0.wp.com\/my-alps.de\/wp-content\/uploads\/2014\/03\/Curanto-Chiloe.jpg?w=1024 1024w, https:\/\/i0.wp.com\/my-alps.de\/wp-content\/uploads\/2014\/03\/Curanto-Chiloe.jpg?resize=300%2C168 300w\" sizes=\"(max-width: 625px) 100vw, 625px\" data-recalc-dims=\"1\" \/><\/a><p id=\"caption-attachment-895\" class=\"wp-caption-text\">Curanto<\/p><\/div>\n<p>Zuerst wird die Suppe serviert, dann der Rest.<br \/>\nSchmeckt echt lecker und ist mal eine Abwechslung nach den ganzen \u201eNudeln mit Tomatenso\u00dfe\u201c<br \/>\n&#8211; Praktisch, den Pisco Sour gibt es gleich mit dazu<\/p>\n<div id=\"attachment_904\" style=\"width: 1034px\" class=\"wp-caption aligncenter\"><a href=\"https:\/\/i0.wp.com\/my-alps.de\/wp-content\/uploads\/2014\/03\/Pisco-sour-6x6.jpg\"><img aria-describedby=\"caption-attachment-904\" data-attachment-id=\"904\" data-permalink=\"http:\/\/my-alps.de\/?attachment_id=904\" data-orig-file=\"https:\/\/i0.wp.com\/my-alps.de\/wp-content\/uploads\/2014\/03\/Pisco-sour-6x6.jpg?fit=1024%2C1024\" data-orig-size=\"1024,1024\" data-comments-opened=\"1\" data-image-meta=\"{&quot;aperture&quot;:&quot;4.5&quot;,&quot;credit&quot;:&quot;&quot;,&quot;camera&quot;:&quot;SLT-A99V&quot;,&quot;caption&quot;:&quot;&quot;,&quot;created_timestamp&quot;:&quot;1395235058&quot;,&quot;copyright&quot;:&quot;&quot;,&quot;focal_length&quot;:&quot;45&quot;,&quot;iso&quot;:&quot;100&quot;,&quot;shutter_speed&quot;:&quot;0.005&quot;,&quot;title&quot;:&quot;&quot;}\" data-image-title=\"Pisco sour 6&#215;6\" data-image-description=\"&lt;p&gt;Pisco sour &lt;\/p&gt;\n\" data-image-caption=\"&lt;p&gt;Pisco sour &lt;\/p&gt;\n\" data-medium-file=\"https:\/\/i0.wp.com\/my-alps.de\/wp-content\/uploads\/2014\/03\/Pisco-sour-6x6.jpg?fit=300%2C300\" data-large-file=\"https:\/\/i0.wp.com\/my-alps.de\/wp-content\/uploads\/2014\/03\/Pisco-sour-6x6.jpg?fit=625%2C625\" loading=\"lazy\" class=\"size-full wp-image-904\" alt=\"Pisco sour \" src=\"https:\/\/i0.wp.com\/my-alps.de\/wp-content\/uploads\/2014\/03\/Pisco-sour-6x6.jpg?resize=625%2C625\" width=\"625\" height=\"625\" srcset=\"https:\/\/i0.wp.com\/my-alps.de\/wp-content\/uploads\/2014\/03\/Pisco-sour-6x6.jpg?w=1024 1024w, https:\/\/i0.wp.com\/my-alps.de\/wp-content\/uploads\/2014\/03\/Pisco-sour-6x6.jpg?resize=290%2C290 290w, https:\/\/i0.wp.com\/my-alps.de\/wp-content\/uploads\/2014\/03\/Pisco-sour-6x6.jpg?resize=300%2C300 300w\" sizes=\"(max-width: 625px) 100vw, 625px\" data-recalc-dims=\"1\" \/><\/a><p id=\"caption-attachment-904\" class=\"wp-caption-text\">Pisco sour<\/p><\/div>\n<p>So haben wir zwei Tage mit viel Abwechslung in Puerto Montt verbracht und sind dann zur Insel Chiloe\u2019 aufgebrochen.<\/p>\n","protected":false},"excerpt":{"rendered":"<p>Nach 8.808 km (und wahrscheinlich ein paar mehr) die wir jetzt hier in S\u00fcdamerika unterwegs sind haben wir unserem WOMO auch mal etwas Gutes geg\u00f6nnt. Hier in Puerto Montt habe ich eine Werkstatt entdeckt die jegliche Art von Service f\u00fcr \u201egesch\u00fcttelte\u201c Autos anbietet. Wir haben uns f\u00fcr: \u00d6lwechsel und Luftfilterwechsel entschieden. Beide Teile habe ich [&hellip;]<\/p>\n","protected":false},"author":1,"featured_media":0,"comment_status":"open","ping_status":"open","sticky":false,"template":"","format":"gallery","meta":{"spay_email":"","jetpack_publicize_message":"","jetpack_is_tweetstorm":false,"jetpack_publicize_feature_enabled":true},"categories":[1],"tags":[],"jetpack_featured_media_url":"","jetpack_publicize_connections":[],"jetpack_sharing_enabled":true,"jetpack_shortlink":"https:\/\/wp.me\/p6huce-ed","jetpack-related-posts":[{"id":1033,"url":"http:\/\/my-alps.de\/?p=1033","url_meta":{"origin":881,"position":0},"title":"Werkstatt &#8211; 911 &#8211; Wurzelbehandlung am Sto\u00dfd\u00e4mpfer","date":"24. April 2014","format":"gallery","excerpt":"Nach dem wir unser lang ersehntes Paket mit den Ersatzteilen in der Hauptpost Puerto Montt in Empfang genommen haben steht einem Werkstattaufenthalt nichts mehr im Weg. Erst mu\u00df ich allerdings noch das \u201eP\u00e4ckchen\u201c durch die halbe Stadt zum Parkplatz tragen. Ich f\u00fchle mich wie ein Lastesel und bin dann doch\u2026","rel":"","context":"In &quot;News&quot;","img":{"alt_text":"","src":"https:\/\/i0.wp.com\/my-alps.de\/wp-content\/uploads\/2014\/04\/zuerst-die-Scheibe.jpg?resize=350%2C200","width":350,"height":200},"classes":[]},{"id":748,"url":"http:\/\/my-alps.de\/?p=748","url_meta":{"origin":881,"position":1},"title":"Von Puerto Tranquilo in\u2019s Valle de Exploradores mit dem \u201eKlapperfritz\u201c","date":"3. M\u00e4rz 2014","format":"gallery","excerpt":"Dann geht\u2019s wieder weiter, die \u201eCarretera Austral\u201c hinauf. Immer wieder halten wir an und bestaunen die Fjordlandschaft mit den tief eingeschnittenen Buchten und den kleinen Inseln. In \u201ePuerto Tranquilo\u201c biegen wir links ab in das Tal: \u201eValle de Exploradores\u201c. Die Schotterpiste f\u00e4hrt sich wie ein besseres Flussbett und zu allem\u2026","rel":"","context":"In &quot;News&quot;","img":{"alt_text":"","src":"https:\/\/i0.wp.com\/my-alps.de\/wp-content\/uploads\/2014\/03\/kalter-Regenwald-HD.jpg?resize=350%2C200","width":350,"height":200},"classes":[]},{"id":1182,"url":"http:\/\/my-alps.de\/?p=1182","url_meta":{"origin":881,"position":2},"title":"\u2026.immer diese Grenzer!","date":"4. Juni 2014","format":"gallery","excerpt":"Als Angeh\u00f6riger des Schengener Abkommens ist einem der Umgang bei der Grenzabfertigung etwas abhanden gekommen. So haben wir uns bei der \u00dcberquerung der Grenze von Chile nach Argentinien am \u201ePaso Cristo Redentor\u201c von einen netten Herrn erst mal an der falschen Zollstelle anstellen lassen. Die Dame am Zoll hat flei\u00dfig\u2026","rel":"","context":"In &quot;News&quot;","img":{"alt_text":"","src":"https:\/\/i0.wp.com\/my-alps.de\/wp-content\/uploads\/2014\/06\/Via-PanAm-Argentinien.jpg?resize=350%2C200","width":350,"height":200},"classes":[]},{"id":1149,"url":"http:\/\/my-alps.de\/?p=1149","url_meta":{"origin":881,"position":3},"title":"Schlaf &#8211; St\u00f6rung","date":"19. Mai 2014","format":"gallery","excerpt":"Wenn man so auf Reisen ist, dann stellt sich jeden Tag, \u2028an dem man unterwegs ist, das gleiche Problem: Einen ruhigen und sicheren \u00dcbernachtungsplatz zu finden. Nun haben wir im letzten halben Jahr schon viele Pl\u00e4tze gefunden an denen wir \u00fcbernachtet haben. Mal mehr oder weniger ruhig,\u2028Angst hatten wir (fast)\u2026","rel":"","context":"In &quot;News&quot;","img":{"alt_text":"","src":"","width":0,"height":0},"classes":[]},{"id":883,"url":"http:\/\/my-alps.de\/?p=883","url_meta":{"origin":881,"position":4},"title":"Insel Chiloe\u2019","date":"26. M\u00e4rz 2014","format":"gallery","excerpt":"Die Insel Chiloe\u2019 ist von Puerto Montt auf einer gut ausgebauten Autobahn in ca. 1 1\/2 Stunden Fahrt zu erreichen. \u00dcber die Meerenge zwischen dem Festland und der Insel wird (wie in Chile \u00fcblich) mit einer offenen F\u00e4hre \u00fcbergesetzt. Die Fahrtzeit betr\u00e4gt etwa eine halbe Stunde und kostet f\u00fcr unser\u2026","rel":"","context":"In &quot;News&quot;","img":{"alt_text":"","src":"https:\/\/i0.wp.com\/my-alps.de\/wp-content\/uploads\/2014\/03\/wir-sind-auf.....jpg?resize=350%2C200","width":350,"height":200},"classes":[]},{"id":425,"url":"http:\/\/my-alps.de\/?p=425","url_meta":{"origin":881,"position":5},"title":"Verschoben ist nicht aufgehoben","date":"6. November 2013","format":"gallery","excerpt":"Jetzt sind wir soweit - alles fertig! Wir haben p\u00fcnktlich unsere Wohnung zusammengepackt und f\u00fcr unsere Zwischenmieter freigemacht. Unser WOMO ist einsatzbereit. In den letzten Wochen hatten wir noch einige Bastelarbeiten zu erledigen. Die Firma SMV, die unsere Luftfeder hergestellt hat lie\u00df uns eine spezielle Erh\u00f6hungsplatte fertigen um das Seikel\u2026","rel":"","context":"In &quot;News&quot;","img":{"alt_text":"","src":"","width":0,"height":0},"classes":[]}],"_links":{"self":[{"href":"http:\/\/my-alps.de\/index.php?rest_route=\/wp\/v2\/posts\/881"}],"collection":[{"href":"http:\/\/my-alps.de\/index.php?rest_route=\/wp\/v2\/posts"}],"about":[{"href":"http:\/\/my-alps.de\/index.php?rest_route=\/wp\/v2\/types\/post"}],"author":[{"embeddable":true,"href":"http:\/\/my-alps.de\/index.php?rest_route=\/wp\/v2\/users\/1"}],"replies":[{"embeddable":true,"href":"http:\/\/my-alps.de\/index.php?rest_route=%2Fwp%2Fv2%2Fcomments&post=881"}],"version-history":[{"count":4,"href":"http:\/\/my-alps.de\/index.php?rest_route=\/wp\/v2\/posts\/881\/revisions"}],"predecessor-version":[{"id":918,"href":"http:\/\/my-alps.de\/index.php?rest_route=\/wp\/v2\/posts\/881\/revisions\/918"}],"wp:attachment":[{"href":"http:\/\/my-alps.de\/index.php?rest_route=%2Fwp%2Fv2%2Fmedia&parent=881"}],"wp:term":[{"taxonomy":"category","embeddable":true,"href":"http:\/\/my-alps.de\/index.php?rest_route=%2Fwp%2Fv2%2Fcategories&post=881"},{"taxonomy":"post_tag","embeddable":true,"href":"http:\/\/my-alps.de\/index.php?rest_route=%2Fwp%2Fv2%2Ftags&post=881"}],"curies":[{"name":"wp","href":"https:\/\/api.w.org\/{rel}","templated":true}]}}