{"id":851,"date":"2014-03-19T20:25:56","date_gmt":"2014-03-19T19:25:56","guid":{"rendered":"http:\/\/my-alps.de\/?p=851"},"modified":"2014-03-19T20:47:30","modified_gmt":"2014-03-19T19:47:30","slug":"von-chaiten-ans-ende-der-carretera-austral","status":"publish","type":"post","link":"http:\/\/my-alps.de\/?p=851","title":{"rendered":"von Chaiten ans Ende der Carretera Austral"},"content":{"rendered":"<p>Wir sind jetzt fast 4 Wochen lang auf der Ruta 7, der Carretera Austral, aus dem S\u00fcden Chiles Richtung Norden gefahren. Der Eine oder Andere Abstecher hat der einsamen Stra\u00dfe noch etwas mehr Reiz beschert, als sie selbst schon besitzt. Doch jetzt ist es an der Zeit die Zivilisation mal wieder zu besuchen.<\/p>\n<div id=\"attachment_853\" style=\"width: 1034px\" class=\"wp-caption aligncenter\"><a href=\"https:\/\/i0.wp.com\/my-alps.de\/wp-content\/uploads\/2014\/03\/ab-in-den-Norden-HD.jpg\"><img aria-describedby=\"caption-attachment-853\" data-attachment-id=\"853\" data-permalink=\"http:\/\/my-alps.de\/?attachment_id=853\" data-orig-file=\"https:\/\/i0.wp.com\/my-alps.de\/wp-content\/uploads\/2014\/03\/ab-in-den-Norden-HD.jpg?fit=1024%2C576\" data-orig-size=\"1024,576\" data-comments-opened=\"1\" data-image-meta=\"{&quot;aperture&quot;:&quot;13&quot;,&quot;credit&quot;:&quot;&quot;,&quot;camera&quot;:&quot;NEX-7&quot;,&quot;caption&quot;:&quot;&quot;,&quot;created_timestamp&quot;:&quot;1394623664&quot;,&quot;copyright&quot;:&quot;&quot;,&quot;focal_length&quot;:&quot;29.9&quot;,&quot;iso&quot;:&quot;100&quot;,&quot;shutter_speed&quot;:&quot;0.002&quot;,&quot;title&quot;:&quot;&quot;}\" data-image-title=\"ab in den Norden &#8211; HD\" data-image-description=\"&lt;p&gt;ab in den Norden&lt;\/p&gt;\n\" data-image-caption=\"&lt;p&gt;ab in den Norden&lt;\/p&gt;\n\" data-medium-file=\"https:\/\/i0.wp.com\/my-alps.de\/wp-content\/uploads\/2014\/03\/ab-in-den-Norden-HD.jpg?fit=300%2C168\" data-large-file=\"https:\/\/i0.wp.com\/my-alps.de\/wp-content\/uploads\/2014\/03\/ab-in-den-Norden-HD.jpg?fit=625%2C352\" loading=\"lazy\" class=\"size-full wp-image-853\" alt=\"ab in den Norden\" src=\"https:\/\/i0.wp.com\/my-alps.de\/wp-content\/uploads\/2014\/03\/ab-in-den-Norden-HD.jpg?resize=625%2C352\" width=\"625\" height=\"352\" srcset=\"https:\/\/i0.wp.com\/my-alps.de\/wp-content\/uploads\/2014\/03\/ab-in-den-Norden-HD.jpg?w=1024 1024w, https:\/\/i0.wp.com\/my-alps.de\/wp-content\/uploads\/2014\/03\/ab-in-den-Norden-HD.jpg?resize=300%2C168 300w\" sizes=\"(max-width: 625px) 100vw, 625px\" data-recalc-dims=\"1\" \/><\/a><p id=\"caption-attachment-853\" class=\"wp-caption-text\">ab in den Norden<\/p><\/div>\n<p>Unser letzter Abschnitt f\u00fchrte von Chaiten, das durch einen Vulkanausbruch im Jahre 2008 nahezu vollst\u00e4ndig zerst\u00f6rt wurde, durch den gr\u00f6\u00dften privaten Nationalpark, dem Parque Pumalin von Douglas Thompkins, \u00fcber Stock und Stein und 3 x F\u00e4hre nach Puerto Montt.<\/p>\n<p>(\u00fcber Chaiten und Douglas Thompkins schreibe ich sp\u00e4ter noch mal etwas genauer)<\/p>\n<div id=\"attachment_862\" style=\"width: 1034px\" class=\"wp-caption aligncenter\"><a href=\"https:\/\/i0.wp.com\/my-alps.de\/wp-content\/uploads\/2014\/03\/Glacier-Yelcho-HDII-ooorch-sch\u00f6\u00f6.jpg\"><img aria-describedby=\"caption-attachment-862\" data-attachment-id=\"862\" data-permalink=\"http:\/\/my-alps.de\/?attachment_id=862\" data-orig-file=\"https:\/\/i0.wp.com\/my-alps.de\/wp-content\/uploads\/2014\/03\/Glacier-Yelcho-HDII-ooorch-sch\u00f6\u00f6.jpg?fit=1024%2C576\" data-orig-size=\"1024,576\" data-comments-opened=\"1\" data-image-meta=\"{&quot;aperture&quot;:&quot;13&quot;,&quot;credit&quot;:&quot;&quot;,&quot;camera&quot;:&quot;SLT-A99V&quot;,&quot;caption&quot;:&quot;&quot;,&quot;created_timestamp&quot;:&quot;1394713744&quot;,&quot;copyright&quot;:&quot;&quot;,&quot;focal_length&quot;:&quot;70&quot;,&quot;iso&quot;:&quot;100&quot;,&quot;shutter_speed&quot;:&quot;0.004&quot;,&quot;title&quot;:&quot;&quot;}\" data-image-title=\"Glacier Yelcho &#8211; HDII &#8211; ooorch sch\u00f6\u00f6\" data-image-description=\"&lt;p&gt;Glacier Yelcho&lt;\/p&gt;\n\" data-image-caption=\"&lt;p&gt;Glacier Yelcho&lt;\/p&gt;\n\" data-medium-file=\"https:\/\/i0.wp.com\/my-alps.de\/wp-content\/uploads\/2014\/03\/Glacier-Yelcho-HDII-ooorch-sch\u00f6\u00f6.jpg?fit=300%2C168\" data-large-file=\"https:\/\/i0.wp.com\/my-alps.de\/wp-content\/uploads\/2014\/03\/Glacier-Yelcho-HDII-ooorch-sch\u00f6\u00f6.jpg?fit=625%2C352\" loading=\"lazy\" class=\"size-full wp-image-862\" alt=\"Glacier Yelcho\" src=\"https:\/\/i0.wp.com\/my-alps.de\/wp-content\/uploads\/2014\/03\/Glacier-Yelcho-HDII-ooorch-sch\u00f6\u00f6.jpg?resize=625%2C352\" width=\"625\" height=\"352\" srcset=\"https:\/\/i0.wp.com\/my-alps.de\/wp-content\/uploads\/2014\/03\/Glacier-Yelcho-HDII-ooorch-sch\u00f6\u00f6.jpg?w=1024 1024w, https:\/\/i0.wp.com\/my-alps.de\/wp-content\/uploads\/2014\/03\/Glacier-Yelcho-HDII-ooorch-sch\u00f6\u00f6.jpg?resize=300%2C168 300w\" sizes=\"(max-width: 625px) 100vw, 625px\" data-recalc-dims=\"1\" \/><\/a><p id=\"caption-attachment-862\" class=\"wp-caption-text\">Glacier Yelcho<\/p><\/div>\n<p>Die Eindr\u00fccke, die diese einzigartige Landschaft bei uns hinterlassen hat werden noch lange nachwirken &#8211; nach den endlosen Weiten der Steppe in Argentinien\u00a0 &#8211; nur G R \u00dc N &#8211; in allen seinen Facetten und Schattierungen.<\/p>\n<div id=\"attachment_856\" style=\"width: 1034px\" class=\"wp-caption aligncenter\"><a href=\"https:\/\/i0.wp.com\/my-alps.de\/wp-content\/uploads\/2014\/03\/Dschungelpfad-HD.jpg\"><img aria-describedby=\"caption-attachment-856\" data-attachment-id=\"856\" data-permalink=\"http:\/\/my-alps.de\/?attachment_id=856\" data-orig-file=\"https:\/\/i0.wp.com\/my-alps.de\/wp-content\/uploads\/2014\/03\/Dschungelpfad-HD.jpg?fit=1024%2C576\" data-orig-size=\"1024,576\" data-comments-opened=\"1\" data-image-meta=\"{&quot;aperture&quot;:&quot;3.2&quot;,&quot;credit&quot;:&quot;&quot;,&quot;camera&quot;:&quot;DSC-RX100&quot;,&quot;caption&quot;:&quot;&quot;,&quot;created_timestamp&quot;:&quot;1394736573&quot;,&quot;copyright&quot;:&quot;&quot;,&quot;focal_length&quot;:&quot;10.4&quot;,&quot;iso&quot;:&quot;400&quot;,&quot;shutter_speed&quot;:&quot;0.01&quot;,&quot;title&quot;:&quot;&quot;}\" data-image-title=\"Dschungelpfad &#8211; HD\" data-image-description=\"&lt;p&gt;Dschungelpfad&lt;\/p&gt;\n\" data-image-caption=\"&lt;p&gt;Dschungelpfad&lt;\/p&gt;\n\" data-medium-file=\"https:\/\/i0.wp.com\/my-alps.de\/wp-content\/uploads\/2014\/03\/Dschungelpfad-HD.jpg?fit=300%2C168\" data-large-file=\"https:\/\/i0.wp.com\/my-alps.de\/wp-content\/uploads\/2014\/03\/Dschungelpfad-HD.jpg?fit=625%2C352\" loading=\"lazy\" class=\"size-full wp-image-856\" alt=\"Dschungelpfad\" src=\"https:\/\/i0.wp.com\/my-alps.de\/wp-content\/uploads\/2014\/03\/Dschungelpfad-HD.jpg?resize=625%2C352\" width=\"625\" height=\"352\" srcset=\"https:\/\/i0.wp.com\/my-alps.de\/wp-content\/uploads\/2014\/03\/Dschungelpfad-HD.jpg?w=1024 1024w, https:\/\/i0.wp.com\/my-alps.de\/wp-content\/uploads\/2014\/03\/Dschungelpfad-HD.jpg?resize=300%2C168 300w\" sizes=\"(max-width: 625px) 100vw, 625px\" data-recalc-dims=\"1\" \/><\/a><p id=\"caption-attachment-856\" class=\"wp-caption-text\">Dschungelpfad<\/p><\/div>\n<div id=\"attachment_857\" style=\"width: 1034px\" class=\"wp-caption aligncenter\"><a href=\"https:\/\/i0.wp.com\/my-alps.de\/wp-content\/uploads\/2014\/03\/Dschungelpfad-II-HD.jpg\"><img aria-describedby=\"caption-attachment-857\" data-attachment-id=\"857\" data-permalink=\"http:\/\/my-alps.de\/?attachment_id=857\" data-orig-file=\"https:\/\/i0.wp.com\/my-alps.de\/wp-content\/uploads\/2014\/03\/Dschungelpfad-II-HD.jpg?fit=1024%2C576\" data-orig-size=\"1024,576\" data-comments-opened=\"1\" data-image-meta=\"{&quot;aperture&quot;:&quot;4&quot;,&quot;credit&quot;:&quot;&quot;,&quot;camera&quot;:&quot;SLT-A99V&quot;,&quot;caption&quot;:&quot;&quot;,&quot;created_timestamp&quot;:&quot;1394714024&quot;,&quot;copyright&quot;:&quot;&quot;,&quot;focal_length&quot;:&quot;24&quot;,&quot;iso&quot;:&quot;1000&quot;,&quot;shutter_speed&quot;:&quot;0.005&quot;,&quot;title&quot;:&quot;&quot;}\" data-image-title=\"Dschungelpfad II &#8211; HD\" data-image-description=\"&lt;p&gt;Dschungelpfad II&lt;\/p&gt;\n\" data-image-caption=\"&lt;p&gt;Dschungelpfad II&lt;\/p&gt;\n\" data-medium-file=\"https:\/\/i0.wp.com\/my-alps.de\/wp-content\/uploads\/2014\/03\/Dschungelpfad-II-HD.jpg?fit=300%2C168\" data-large-file=\"https:\/\/i0.wp.com\/my-alps.de\/wp-content\/uploads\/2014\/03\/Dschungelpfad-II-HD.jpg?fit=625%2C352\" loading=\"lazy\" class=\"size-full wp-image-857\" alt=\"Dschungelpfad II\" src=\"https:\/\/i0.wp.com\/my-alps.de\/wp-content\/uploads\/2014\/03\/Dschungelpfad-II-HD.jpg?resize=625%2C352\" width=\"625\" height=\"352\" srcset=\"https:\/\/i0.wp.com\/my-alps.de\/wp-content\/uploads\/2014\/03\/Dschungelpfad-II-HD.jpg?w=1024 1024w, https:\/\/i0.wp.com\/my-alps.de\/wp-content\/uploads\/2014\/03\/Dschungelpfad-II-HD.jpg?resize=300%2C168 300w\" sizes=\"(max-width: 625px) 100vw, 625px\" data-recalc-dims=\"1\" \/><\/a><p id=\"caption-attachment-857\" class=\"wp-caption-text\">Dschungelpfad II<\/p><\/div>\n<p>Das Wetter hier ist genauso einzigartig! Es kann einen ganzen Tag aus Eimern sch\u00fctten, das einem normaler deutscher Regen wie \u201eerh\u00f6hte Luftfeuchtigkeit\u201c vorkommt. Und am n\u00e4chsten Tag blinzelt die Sonne unschuldig durch den Dunst der aus den Regenw\u00e4ldern aufsteigt und alles liegt in einem klaren und hellen Licht da.<\/p>\n<div id=\"attachment_866\" style=\"width: 1034px\" class=\"wp-caption aligncenter\"><a href=\"https:\/\/i0.wp.com\/my-alps.de\/wp-content\/uploads\/2014\/03\/St.-Lucia-Downtown.jpg\"><img aria-describedby=\"caption-attachment-866\" data-attachment-id=\"866\" data-permalink=\"http:\/\/my-alps.de\/?attachment_id=866\" data-orig-file=\"https:\/\/i0.wp.com\/my-alps.de\/wp-content\/uploads\/2014\/03\/St.-Lucia-Downtown.jpg?fit=1024%2C576\" data-orig-size=\"1024,576\" data-comments-opened=\"1\" data-image-meta=\"{&quot;aperture&quot;:&quot;5.6&quot;,&quot;credit&quot;:&quot;&quot;,&quot;camera&quot;:&quot;DSC-RX100&quot;,&quot;caption&quot;:&quot;&quot;,&quot;created_timestamp&quot;:&quot;1394724523&quot;,&quot;copyright&quot;:&quot;&quot;,&quot;focal_length&quot;:&quot;23.55&quot;,&quot;iso&quot;:&quot;100&quot;,&quot;shutter_speed&quot;:&quot;0.002&quot;,&quot;title&quot;:&quot;&quot;}\" data-image-title=\"St. Lucia &#8211; Downtown\" data-image-description=\"&lt;p&gt;St. Lucia &#8211; Downtown&lt;\/p&gt;\n\" data-image-caption=\"&lt;p&gt;St. Lucia &#8211; Downtown&lt;\/p&gt;\n\" data-medium-file=\"https:\/\/i0.wp.com\/my-alps.de\/wp-content\/uploads\/2014\/03\/St.-Lucia-Downtown.jpg?fit=300%2C168\" data-large-file=\"https:\/\/i0.wp.com\/my-alps.de\/wp-content\/uploads\/2014\/03\/St.-Lucia-Downtown.jpg?fit=625%2C352\" loading=\"lazy\" class=\"size-full wp-image-866\" alt=\"St. Lucia - Downtown\" src=\"https:\/\/i0.wp.com\/my-alps.de\/wp-content\/uploads\/2014\/03\/St.-Lucia-Downtown.jpg?resize=625%2C352\" width=\"625\" height=\"352\" srcset=\"https:\/\/i0.wp.com\/my-alps.de\/wp-content\/uploads\/2014\/03\/St.-Lucia-Downtown.jpg?w=1024 1024w, https:\/\/i0.wp.com\/my-alps.de\/wp-content\/uploads\/2014\/03\/St.-Lucia-Downtown.jpg?resize=300%2C168 300w\" sizes=\"(max-width: 625px) 100vw, 625px\" data-recalc-dims=\"1\" \/><\/a><p id=\"caption-attachment-866\" class=\"wp-caption-text\">St. Lucia &#8211; Downtown<\/p><\/div>\n<p>Der Zustand der \u201eStra\u00dfe\u201c \u00e4hnelt einem bessern Feldweg und so k\u00e4mpfen alle mit Schlagl\u00f6chern, riesengro\u00dfen Pf\u00fctzen in denen man bis zur Achse versinkt und Br\u00fccken die man mit geschlossenen Augen \u00fcberf\u00e4hrt. (Jedenfalls meine Beifahrerin)<\/p>\n<div id=\"attachment_867\" style=\"width: 1034px\" class=\"wp-caption aligncenter\"><a href=\"https:\/\/i0.wp.com\/my-alps.de\/wp-content\/uploads\/2014\/03\/Pf\u00fctzenbr\u00fccke.jpg\"><img aria-describedby=\"caption-attachment-867\" data-attachment-id=\"867\" data-permalink=\"http:\/\/my-alps.de\/?attachment_id=867\" data-orig-file=\"https:\/\/i0.wp.com\/my-alps.de\/wp-content\/uploads\/2014\/03\/Pf\u00fctzenbr\u00fccke.jpg?fit=1024%2C683\" data-orig-size=\"1024,683\" data-comments-opened=\"1\" data-image-meta=\"{&quot;aperture&quot;:&quot;4&quot;,&quot;credit&quot;:&quot;&quot;,&quot;camera&quot;:&quot;SLT-A99V&quot;,&quot;caption&quot;:&quot;&quot;,&quot;created_timestamp&quot;:&quot;1395052341&quot;,&quot;copyright&quot;:&quot;&quot;,&quot;focal_length&quot;:&quot;24&quot;,&quot;iso&quot;:&quot;100&quot;,&quot;shutter_speed&quot;:&quot;0.005&quot;,&quot;title&quot;:&quot;&quot;}\" data-image-title=\"Pf\u00fctzenbr\u00fccke\" data-image-description=\"&lt;p&gt;Pf\u00fctzenbr\u00fccke&lt;\/p&gt;\n\" data-image-caption=\"&lt;p&gt;Pf\u00fctzenbr\u00fccke&lt;\/p&gt;\n\" data-medium-file=\"https:\/\/i0.wp.com\/my-alps.de\/wp-content\/uploads\/2014\/03\/Pf\u00fctzenbr\u00fccke.jpg?fit=300%2C200\" data-large-file=\"https:\/\/i0.wp.com\/my-alps.de\/wp-content\/uploads\/2014\/03\/Pf\u00fctzenbr\u00fccke.jpg?fit=625%2C417\" loading=\"lazy\" class=\"size-full wp-image-867\" alt=\"Pf\u00fctzenbr\u00fccke\" src=\"https:\/\/i0.wp.com\/my-alps.de\/wp-content\/uploads\/2014\/03\/Pf\u00fctzenbr\u00fccke.jpg?resize=625%2C417\" width=\"625\" height=\"417\" srcset=\"https:\/\/i0.wp.com\/my-alps.de\/wp-content\/uploads\/2014\/03\/Pf\u00fctzenbr\u00fccke.jpg?w=1024 1024w, https:\/\/i0.wp.com\/my-alps.de\/wp-content\/uploads\/2014\/03\/Pf\u00fctzenbr\u00fccke.jpg?resize=300%2C200 300w\" sizes=\"(max-width: 625px) 100vw, 625px\" data-recalc-dims=\"1\" \/><\/a><p id=\"caption-attachment-867\" class=\"wp-caption-text\">Pf\u00fctzenbr\u00fccke<\/p><\/div>\n<p>Um Kontakt mit der Heimat aufzunehmen sucht man \u00f6fters vergeblich das Zauberwort: WIFI.<br \/>\nEs gibt einfach nichts &#8211; hier im Nichts.<\/p>\n<div id=\"attachment_861\" style=\"width: 1034px\" class=\"wp-caption aligncenter\"><a href=\"https:\/\/i0.wp.com\/my-alps.de\/wp-content\/uploads\/2014\/03\/Fjorde-II.jpg\"><img aria-describedby=\"caption-attachment-861\" data-attachment-id=\"861\" data-permalink=\"http:\/\/my-alps.de\/?attachment_id=861\" data-orig-file=\"https:\/\/i0.wp.com\/my-alps.de\/wp-content\/uploads\/2014\/03\/Fjorde-II.jpg?fit=1024%2C683\" data-orig-size=\"1024,683\" data-comments-opened=\"1\" data-image-meta=\"{&quot;aperture&quot;:&quot;8&quot;,&quot;credit&quot;:&quot;&quot;,&quot;camera&quot;:&quot;SLT-A99V&quot;,&quot;caption&quot;:&quot;&quot;,&quot;created_timestamp&quot;:&quot;1395062954&quot;,&quot;copyright&quot;:&quot;&quot;,&quot;focal_length&quot;:&quot;24&quot;,&quot;iso&quot;:&quot;100&quot;,&quot;shutter_speed&quot;:&quot;0.0028571428571429&quot;,&quot;title&quot;:&quot;&quot;}\" data-image-title=\"Fjorde &#8211; II\" data-image-description=\"&lt;p&gt;Fjorde&lt;\/p&gt;\n\" data-image-caption=\"&lt;p&gt;Fjorde&lt;\/p&gt;\n\" data-medium-file=\"https:\/\/i0.wp.com\/my-alps.de\/wp-content\/uploads\/2014\/03\/Fjorde-II.jpg?fit=300%2C200\" data-large-file=\"https:\/\/i0.wp.com\/my-alps.de\/wp-content\/uploads\/2014\/03\/Fjorde-II.jpg?fit=625%2C417\" loading=\"lazy\" class=\"size-full wp-image-861\" alt=\"Fjorde\" src=\"https:\/\/i0.wp.com\/my-alps.de\/wp-content\/uploads\/2014\/03\/Fjorde-II.jpg?resize=625%2C417\" width=\"625\" height=\"417\" srcset=\"https:\/\/i0.wp.com\/my-alps.de\/wp-content\/uploads\/2014\/03\/Fjorde-II.jpg?w=1024 1024w, https:\/\/i0.wp.com\/my-alps.de\/wp-content\/uploads\/2014\/03\/Fjorde-II.jpg?resize=300%2C200 300w\" sizes=\"(max-width: 625px) 100vw, 625px\" data-recalc-dims=\"1\" \/><\/a><p id=\"caption-attachment-861\" class=\"wp-caption-text\">Fjorde<\/p><\/div>\n<p><span style=\"line-height: 1.5;\">Teilweise geht es auch auf der Strasse nicht weiter &#8211; dann braucht man mal wieder eine F\u00e4hre.<\/span><\/p>\n<div id=\"attachment_854\" style=\"width: 1034px\" class=\"wp-caption aligncenter\"><a href=\"https:\/\/i0.wp.com\/my-alps.de\/wp-content\/uploads\/2014\/03\/Autof\u00e4hre-I.jpg\"><img aria-describedby=\"caption-attachment-854\" data-attachment-id=\"854\" data-permalink=\"http:\/\/my-alps.de\/?attachment_id=854\" data-orig-file=\"https:\/\/i0.wp.com\/my-alps.de\/wp-content\/uploads\/2014\/03\/Autof\u00e4hre-I.jpg?fit=1024%2C683\" data-orig-size=\"1024,683\" data-comments-opened=\"1\" data-image-meta=\"{&quot;aperture&quot;:&quot;11&quot;,&quot;credit&quot;:&quot;&quot;,&quot;camera&quot;:&quot;SLT-A99V&quot;,&quot;caption&quot;:&quot;&quot;,&quot;created_timestamp&quot;:&quot;1395061434&quot;,&quot;copyright&quot;:&quot;&quot;,&quot;focal_length&quot;:&quot;24&quot;,&quot;iso&quot;:&quot;100&quot;,&quot;shutter_speed&quot;:&quot;0.005&quot;,&quot;title&quot;:&quot;&quot;}\" data-image-title=\"Autof\u00e4hre &#8211; I\" data-image-description=\"&lt;p&gt;Autof\u00e4hre &#8211; I&lt;\/p&gt;\n\" data-image-caption=\"&lt;p&gt;Autof\u00e4hre &#8211; I&lt;\/p&gt;\n\" data-medium-file=\"https:\/\/i0.wp.com\/my-alps.de\/wp-content\/uploads\/2014\/03\/Autof\u00e4hre-I.jpg?fit=300%2C200\" data-large-file=\"https:\/\/i0.wp.com\/my-alps.de\/wp-content\/uploads\/2014\/03\/Autof\u00e4hre-I.jpg?fit=625%2C417\" loading=\"lazy\" class=\"size-full wp-image-854\" alt=\"Autof\u00e4hre - I\" src=\"https:\/\/i0.wp.com\/my-alps.de\/wp-content\/uploads\/2014\/03\/Autof\u00e4hre-I.jpg?resize=625%2C417\" width=\"625\" height=\"417\" srcset=\"https:\/\/i0.wp.com\/my-alps.de\/wp-content\/uploads\/2014\/03\/Autof\u00e4hre-I.jpg?w=1024 1024w, https:\/\/i0.wp.com\/my-alps.de\/wp-content\/uploads\/2014\/03\/Autof\u00e4hre-I.jpg?resize=300%2C200 300w\" sizes=\"(max-width: 625px) 100vw, 625px\" data-recalc-dims=\"1\" \/><\/a><p id=\"caption-attachment-854\" class=\"wp-caption-text\">Autof\u00e4hre &#8211; I<\/p><\/div>\n<p>So f\u00e4hrt dann auch mal ne&#8216; Kuh mit. (versteckt in den LKW&#8217;s)<\/p>\n<div id=\"attachment_855\" style=\"width: 1034px\" class=\"wp-caption aligncenter\"><a href=\"https:\/\/i0.wp.com\/my-alps.de\/wp-content\/uploads\/2014\/03\/Autof\u00e4hre-II.jpg\"><img aria-describedby=\"caption-attachment-855\" data-attachment-id=\"855\" data-permalink=\"http:\/\/my-alps.de\/?attachment_id=855\" data-orig-file=\"https:\/\/i0.wp.com\/my-alps.de\/wp-content\/uploads\/2014\/03\/Autof\u00e4hre-II.jpg?fit=1024%2C683\" data-orig-size=\"1024,683\" data-comments-opened=\"1\" data-image-meta=\"{&quot;aperture&quot;:&quot;6.7&quot;,&quot;credit&quot;:&quot;&quot;,&quot;camera&quot;:&quot;SLT-A99V&quot;,&quot;caption&quot;:&quot;&quot;,&quot;created_timestamp&quot;:&quot;1395063011&quot;,&quot;copyright&quot;:&quot;&quot;,&quot;focal_length&quot;:&quot;24&quot;,&quot;iso&quot;:&quot;100&quot;,&quot;shutter_speed&quot;:&quot;0.004&quot;,&quot;title&quot;:&quot;&quot;}\" data-image-title=\"Autof\u00e4hre &#8211; II\" data-image-description=\"&lt;p&gt;Autof\u00e4hre &#8211; II&lt;\/p&gt;\n\" data-image-caption=\"&lt;p&gt;Autof\u00e4hre &#8211; II&lt;\/p&gt;\n\" data-medium-file=\"https:\/\/i0.wp.com\/my-alps.de\/wp-content\/uploads\/2014\/03\/Autof\u00e4hre-II.jpg?fit=300%2C200\" data-large-file=\"https:\/\/i0.wp.com\/my-alps.de\/wp-content\/uploads\/2014\/03\/Autof\u00e4hre-II.jpg?fit=625%2C417\" loading=\"lazy\" class=\"size-full wp-image-855\" alt=\"Autof\u00e4hre - II\" src=\"https:\/\/i0.wp.com\/my-alps.de\/wp-content\/uploads\/2014\/03\/Autof\u00e4hre-II.jpg?resize=625%2C417\" width=\"625\" height=\"417\" srcset=\"https:\/\/i0.wp.com\/my-alps.de\/wp-content\/uploads\/2014\/03\/Autof\u00e4hre-II.jpg?w=1024 1024w, https:\/\/i0.wp.com\/my-alps.de\/wp-content\/uploads\/2014\/03\/Autof\u00e4hre-II.jpg?resize=300%2C200 300w\" sizes=\"(max-width: 625px) 100vw, 625px\" data-recalc-dims=\"1\" \/><\/a><p id=\"caption-attachment-855\" class=\"wp-caption-text\">Autof\u00e4hre &#8211; II<\/p><\/div>\n<p><span style=\"line-height: 1.5;\">Neben der Stra\u00dfe ist teilweise so dichter Urwald, das noch nie ein Mensch seinen Fu\u00df in das eine oder andere Tal gesetzt hat.<\/span><\/p>\n<div id=\"attachment_864\" style=\"width: 1034px\" class=\"wp-caption aligncenter\"><a href=\"https:\/\/i0.wp.com\/my-alps.de\/wp-content\/uploads\/2014\/03\/kein-botanischer-Garten-HD.jpg\"><img aria-describedby=\"caption-attachment-864\" data-attachment-id=\"864\" data-permalink=\"http:\/\/my-alps.de\/?attachment_id=864\" data-orig-file=\"https:\/\/i0.wp.com\/my-alps.de\/wp-content\/uploads\/2014\/03\/kein-botanischer-Garten-HD.jpg?fit=1024%2C576\" data-orig-size=\"1024,576\" data-comments-opened=\"1\" data-image-meta=\"{&quot;aperture&quot;:&quot;3.5&quot;,&quot;credit&quot;:&quot;&quot;,&quot;camera&quot;:&quot;SLT-A77V&quot;,&quot;caption&quot;:&quot;&quot;,&quot;created_timestamp&quot;:&quot;1394565610&quot;,&quot;copyright&quot;:&quot;&quot;,&quot;focal_length&quot;:&quot;17&quot;,&quot;iso&quot;:&quot;200&quot;,&quot;shutter_speed&quot;:&quot;0.008&quot;,&quot;title&quot;:&quot;&quot;}\" data-image-title=\"kein botanischer Garten &#8211; HD\" data-image-description=\"&lt;p&gt;kein botanischer Garten &lt;\/p&gt;\n\" data-image-caption=\"&lt;p&gt;kein botanischer Garten &lt;\/p&gt;\n\" data-medium-file=\"https:\/\/i0.wp.com\/my-alps.de\/wp-content\/uploads\/2014\/03\/kein-botanischer-Garten-HD.jpg?fit=300%2C168\" data-large-file=\"https:\/\/i0.wp.com\/my-alps.de\/wp-content\/uploads\/2014\/03\/kein-botanischer-Garten-HD.jpg?fit=625%2C352\" loading=\"lazy\" class=\"size-full wp-image-864\" alt=\"kein botanischer Garten \" src=\"https:\/\/i0.wp.com\/my-alps.de\/wp-content\/uploads\/2014\/03\/kein-botanischer-Garten-HD.jpg?resize=625%2C352\" width=\"625\" height=\"352\" srcset=\"https:\/\/i0.wp.com\/my-alps.de\/wp-content\/uploads\/2014\/03\/kein-botanischer-Garten-HD.jpg?w=1024 1024w, https:\/\/i0.wp.com\/my-alps.de\/wp-content\/uploads\/2014\/03\/kein-botanischer-Garten-HD.jpg?resize=300%2C168 300w\" sizes=\"(max-width: 625px) 100vw, 625px\" data-recalc-dims=\"1\" \/><\/a><p id=\"caption-attachment-864\" class=\"wp-caption-text\">kein botanischer Garten<\/p><\/div>\n<p>Es geht einfach nicht.<\/p>\n<div id=\"attachment_859\" style=\"width: 1034px\" class=\"wp-caption aligncenter\"><a href=\"https:\/\/i0.wp.com\/my-alps.de\/wp-content\/uploads\/2014\/03\/Eiskappen.pan_.jpg\"><img aria-describedby=\"caption-attachment-859\" data-attachment-id=\"859\" data-permalink=\"http:\/\/my-alps.de\/?attachment_id=859\" data-orig-file=\"https:\/\/i0.wp.com\/my-alps.de\/wp-content\/uploads\/2014\/03\/Eiskappen.pan_.jpg?fit=1024%2C195\" data-orig-size=\"1024,195\" data-comments-opened=\"1\" data-image-meta=\"{&quot;aperture&quot;:&quot;13&quot;,&quot;credit&quot;:&quot;&quot;,&quot;camera&quot;:&quot;SLT-A99V&quot;,&quot;caption&quot;:&quot;&quot;,&quot;created_timestamp&quot;:&quot;1394718626&quot;,&quot;copyright&quot;:&quot;&quot;,&quot;focal_length&quot;:&quot;85&quot;,&quot;iso&quot;:&quot;100&quot;,&quot;shutter_speed&quot;:&quot;0.0028571428571429&quot;,&quot;title&quot;:&quot;&quot;}\" data-image-title=\"Eiskappen.pan\" data-image-description=\"&lt;p&gt;Eiskappen&lt;\/p&gt;\n\" data-image-caption=\"&lt;p&gt;Eiskappen&lt;\/p&gt;\n\" data-medium-file=\"https:\/\/i0.wp.com\/my-alps.de\/wp-content\/uploads\/2014\/03\/Eiskappen.pan_.jpg?fit=300%2C57\" data-large-file=\"https:\/\/i0.wp.com\/my-alps.de\/wp-content\/uploads\/2014\/03\/Eiskappen.pan_.jpg?fit=625%2C119\" loading=\"lazy\" class=\"size-full wp-image-859\" alt=\"Eiskappen\" src=\"https:\/\/i0.wp.com\/my-alps.de\/wp-content\/uploads\/2014\/03\/Eiskappen.pan_.jpg?resize=625%2C119\" width=\"625\" height=\"119\" srcset=\"https:\/\/i0.wp.com\/my-alps.de\/wp-content\/uploads\/2014\/03\/Eiskappen.pan_.jpg?w=1024 1024w, https:\/\/i0.wp.com\/my-alps.de\/wp-content\/uploads\/2014\/03\/Eiskappen.pan_.jpg?resize=300%2C57 300w\" sizes=\"(max-width: 625px) 100vw, 625px\" data-recalc-dims=\"1\" \/><\/a><p id=\"caption-attachment-859\" class=\"wp-caption-text\">Eiskappen<\/p><\/div>\n<p>\u00dcber den undurchdringlichen W\u00e4ldern wachsen Gipfel in die H\u00f6he auf denen wundersch\u00f6ne Gletscher liegen &#8211; doch du kommst nicht hin!<\/p>\n<div id=\"attachment_869\" style=\"width: 1034px\" class=\"wp-caption aligncenter\"><a href=\"https:\/\/i0.wp.com\/my-alps.de\/wp-content\/uploads\/2014\/03\/El-Cap-light-sw.jpg\"><img aria-describedby=\"caption-attachment-869\" data-attachment-id=\"869\" data-permalink=\"http:\/\/my-alps.de\/?attachment_id=869\" data-orig-file=\"https:\/\/i0.wp.com\/my-alps.de\/wp-content\/uploads\/2014\/03\/El-Cap-light-sw.jpg?fit=1024%2C576\" data-orig-size=\"1024,576\" data-comments-opened=\"1\" data-image-meta=\"{&quot;aperture&quot;:&quot;10&quot;,&quot;credit&quot;:&quot;&quot;,&quot;camera&quot;:&quot;SLT-A77V&quot;,&quot;caption&quot;:&quot;&quot;,&quot;created_timestamp&quot;:&quot;1395089118&quot;,&quot;copyright&quot;:&quot;&quot;,&quot;focal_length&quot;:&quot;105&quot;,&quot;iso&quot;:&quot;100&quot;,&quot;shutter_speed&quot;:&quot;0.003125&quot;,&quot;title&quot;:&quot;&quot;}\" data-image-title=\"El Cap &#8211; light &#8211; sw\" data-image-description=\"&lt;p&gt;El Cap &#8211; light&lt;\/p&gt;\n\" data-image-caption=\"&lt;p&gt;El Cap &#8211; light&lt;\/p&gt;\n\" data-medium-file=\"https:\/\/i0.wp.com\/my-alps.de\/wp-content\/uploads\/2014\/03\/El-Cap-light-sw.jpg?fit=300%2C168\" data-large-file=\"https:\/\/i0.wp.com\/my-alps.de\/wp-content\/uploads\/2014\/03\/El-Cap-light-sw.jpg?fit=625%2C352\" loading=\"lazy\" class=\"size-full wp-image-869\" alt=\"El Cap - light\" src=\"https:\/\/i0.wp.com\/my-alps.de\/wp-content\/uploads\/2014\/03\/El-Cap-light-sw.jpg?resize=625%2C352\" width=\"625\" height=\"352\" srcset=\"https:\/\/i0.wp.com\/my-alps.de\/wp-content\/uploads\/2014\/03\/El-Cap-light-sw.jpg?w=1024 1024w, https:\/\/i0.wp.com\/my-alps.de\/wp-content\/uploads\/2014\/03\/El-Cap-light-sw.jpg?resize=300%2C168 300w\" sizes=\"(max-width: 625px) 100vw, 625px\" data-recalc-dims=\"1\" \/><\/a><p id=\"caption-attachment-869\" class=\"wp-caption-text\">El Cap &#8211; light<\/p><\/div>\n<p>Die Felsw\u00e4nde sind einzigartige Granitschluchten &#8211; jede sch\u00f6ner als der Grimselpa\u00df in der Schweiz &#8211; doch du kommst nicht hin!<br \/>\nSo blickst du sehns\u00fcchtig nach links und rechts &#8211; und mit der Zeit denkst du dir &#8211; ja, es ist gut so, wir Menschen m\u00fcssen nicht jedes Fleckchen Natur betreten &#8211; es reicht auch anschauen!<\/p>\n<div id=\"attachment_865\" style=\"width: 1034px\" class=\"wp-caption aligncenter\"><a href=\"https:\/\/i0.wp.com\/my-alps.de\/wp-content\/uploads\/2014\/03\/kleines-Stadthaus-im-Gr\u00fcnen.jpg\"><img aria-describedby=\"caption-attachment-865\" data-attachment-id=\"865\" data-permalink=\"http:\/\/my-alps.de\/?attachment_id=865\" data-orig-file=\"https:\/\/i0.wp.com\/my-alps.de\/wp-content\/uploads\/2014\/03\/kleines-Stadthaus-im-Gr\u00fcnen.jpg?fit=1024%2C768\" data-orig-size=\"1024,768\" data-comments-opened=\"1\" data-image-meta=\"{&quot;aperture&quot;:&quot;5.6&quot;,&quot;credit&quot;:&quot;&quot;,&quot;camera&quot;:&quot;DSC-RX100&quot;,&quot;caption&quot;:&quot;&quot;,&quot;created_timestamp&quot;:&quot;1394724468&quot;,&quot;copyright&quot;:&quot;&quot;,&quot;focal_length&quot;:&quot;12.03&quot;,&quot;iso&quot;:&quot;100&quot;,&quot;shutter_speed&quot;:&quot;0.004&quot;,&quot;title&quot;:&quot;&quot;}\" data-image-title=\"kleines Stadthaus im Gr\u00fcnen\" data-image-description=\"&lt;p&gt;kleines Stadthaus im Gr\u00fcnen&lt;\/p&gt;\n\" data-image-caption=\"&lt;p&gt;kleines Stadthaus im Gr\u00fcnen&lt;\/p&gt;\n\" data-medium-file=\"https:\/\/i0.wp.com\/my-alps.de\/wp-content\/uploads\/2014\/03\/kleines-Stadthaus-im-Gr\u00fcnen.jpg?fit=300%2C225\" data-large-file=\"https:\/\/i0.wp.com\/my-alps.de\/wp-content\/uploads\/2014\/03\/kleines-Stadthaus-im-Gr\u00fcnen.jpg?fit=625%2C469\" loading=\"lazy\" class=\"size-full wp-image-865\" alt=\"kleines Stadthaus im Gr\u00fcnen\" src=\"https:\/\/i0.wp.com\/my-alps.de\/wp-content\/uploads\/2014\/03\/kleines-Stadthaus-im-Gr\u00fcnen.jpg?resize=625%2C469\" width=\"625\" height=\"469\" srcset=\"https:\/\/i0.wp.com\/my-alps.de\/wp-content\/uploads\/2014\/03\/kleines-Stadthaus-im-Gr\u00fcnen.jpg?w=1024 1024w, https:\/\/i0.wp.com\/my-alps.de\/wp-content\/uploads\/2014\/03\/kleines-Stadthaus-im-Gr\u00fcnen.jpg?resize=300%2C225 300w\" sizes=\"(max-width: 625px) 100vw, 625px\" data-recalc-dims=\"1\" \/><\/a><p id=\"caption-attachment-865\" class=\"wp-caption-text\">kleines Stadthaus im Gr\u00fcnen<\/p><\/div>\n<p>Die Menschen die du am Wegesrand triffst sind ausnahmslos freundlich. Sie sind stolz darauf, das du den weiten Weg auf dich genommen hast um IHR Land zu besuchen. Sie recken den Daumen in die H\u00f6he oder winken beim vorbeifahren. Jedes L\u00e4cheln das du aus dem vorbeifahrenden Auto heraus in die Gesichter l\u00e4chelst kommt sofort strahlend zur\u00fcck.<br \/>\nDie Chilenen sind einfach gut drauf!<br \/>\n(wahrscheinlich kommt \u201echillen\u201c von den Chilenen ;-)))<\/p>\n<p>(nur beim Schlagl\u00f6cherflicken k\u00f6nntet ihr einen Zahn zulegen!)<\/p>\n<p>&nbsp;<\/p>\n<p>So &#8211; wir gehen jetzt erst mal:<\/p>\n<p>Einkaufen &#8211; \u00d6lwechsel machen &#8211; Luftfilter austauschen &#8211; Reifen checken &#8211; Gas auftanken &#8211; Ersatzteiltransport nach Chile organisieren &#8211; Geld tauschen &#8211; Auto saubermachen &#8211; W\u00e4sche waschen &#8211; und ALLES was klappert wieder festschrauben.<br \/>\nUnd Fisch essen bis wir wieder einen Eiwei\u00df-schock bekommen damit wir gest\u00e4rkt zur Insel Chiloe\u2019 fahren k\u00f6nnen.<\/p>\n<p>&nbsp;<\/p>\n","protected":false},"excerpt":{"rendered":"<p>Wir sind jetzt fast 4 Wochen lang auf der Ruta 7, der Carretera Austral, aus dem S\u00fcden Chiles Richtung Norden gefahren. Der Eine oder Andere Abstecher hat der einsamen Stra\u00dfe noch etwas mehr Reiz beschert, als sie selbst schon besitzt. Doch jetzt ist es an der Zeit die Zivilisation mal wieder zu besuchen. Unser letzter [&hellip;]<\/p>\n","protected":false},"author":1,"featured_media":0,"comment_status":"open","ping_status":"open","sticky":false,"template":"","format":"gallery","meta":{"spay_email":"","jetpack_publicize_message":"","jetpack_is_tweetstorm":false,"jetpack_publicize_feature_enabled":true},"categories":[1],"tags":[],"jetpack_featured_media_url":"","jetpack_publicize_connections":[],"jetpack_sharing_enabled":true,"jetpack_shortlink":"https:\/\/wp.me\/p6huce-dJ","jetpack-related-posts":[{"id":724,"url":"http:\/\/my-alps.de\/?p=724","url_meta":{"origin":851,"position":0},"title":"Von El Chalten auf der Ruta 40 nach Chile","date":"23. Februar 2014","format":"gallery","excerpt":"Nach einer wundersch\u00f6nen Woche ist es an der Zeit weiter zu fahren. Unserer Reise f\u00fchrt nun \u00fcber die legend\u00e4re Ruta 40 (auf der wir uns schon einige Zeit bewegen) Richtung Norden. Die Gegend hier ist gepr\u00e4gt von - na ja - nichts - es gibt hier eigentlich nichts ausser Landschaft\u2026","rel":"","context":"In &quot;News&quot;","img":{"alt_text":"Ruta 40","src":"https:\/\/i0.wp.com\/my-alps.de\/wp-content\/uploads\/2014\/02\/Ruta-40.jpg?resize=350%2C200","width":350,"height":200},"classes":[]},{"id":827,"url":"http:\/\/my-alps.de\/?p=827","url_meta":{"origin":851,"position":1},"title":"Carretera Austral &#8211; die lange Stra\u00dfe in den S\u00fcden Chile&#8217;s","date":"10. M\u00e4rz 2014","format":"gallery","excerpt":"Da Chile das l\u00e4ngste Land der Welt ist und der S\u00fcden ziemlich schwer erreichbar ist gibt es nur EINE Stra\u00dfe auf der man fahren kann - die Carretera Austral. Die Stra\u00dfe f\u00fchrt durch wundersch\u00f6ne Landschaften - vorbei an Gletschern und Seen, Dschungel und kleinen Siedlerd\u00f6rfern. Dabei ist sie manchmal nur\u2026","rel":"","context":"In &quot;News&quot;","img":{"alt_text":"","src":"https:\/\/i0.wp.com\/my-alps.de\/wp-content\/uploads\/2014\/03\/nach-Norden-HD.jpg?resize=350%2C200","width":350,"height":200},"classes":[]},{"id":745,"url":"http:\/\/my-alps.de\/?p=745","url_meta":{"origin":851,"position":2},"title":"Carretera Austral &#8211; Richtung Coyhaique","date":"3. M\u00e4rz 2014","format":"gallery","excerpt":"Weiter geht\u2019s Richtung Norden. Weiter auf der Carretera Austral, der Hauptverbindungsstra\u00dfe in den S\u00fcden, die in den 70iger Jahren erst gebaut wurde. Schotterkilometer reiht sich an Schotterkilometer - mal besser - mal f\u00fcrchterlicher zu fahren. An einem Tag schaffen wir gerade mal knapp 170 Kilometer - und ich bin total\u2026","rel":"","context":"In &quot;News&quot;","img":{"alt_text":"","src":"https:\/\/i0.wp.com\/my-alps.de\/wp-content\/uploads\/2014\/03\/das-Ende-des-Schotters.jpg?resize=350%2C200","width":350,"height":200},"classes":[]},{"id":748,"url":"http:\/\/my-alps.de\/?p=748","url_meta":{"origin":851,"position":3},"title":"Von Puerto Tranquilo in\u2019s Valle de Exploradores mit dem \u201eKlapperfritz\u201c","date":"3. M\u00e4rz 2014","format":"gallery","excerpt":"Dann geht\u2019s wieder weiter, die \u201eCarretera Austral\u201c hinauf. Immer wieder halten wir an und bestaunen die Fjordlandschaft mit den tief eingeschnittenen Buchten und den kleinen Inseln. In \u201ePuerto Tranquilo\u201c biegen wir links ab in das Tal: \u201eValle de Exploradores\u201c. Die Schotterpiste f\u00e4hrt sich wie ein besseres Flussbett und zu allem\u2026","rel":"","context":"In &quot;News&quot;","img":{"alt_text":"","src":"https:\/\/i0.wp.com\/my-alps.de\/wp-content\/uploads\/2014\/03\/kalter-Regenwald-HD.jpg?resize=350%2C200","width":350,"height":200},"classes":[]},{"id":1533,"url":"http:\/\/my-alps.de\/?p=1533","url_meta":{"origin":851,"position":4},"title":"Nazca &#8211; die W\u00fcste mal von oben betrachtet","date":"26. August 2014","format":"gallery","excerpt":"Wir waren nun auf unserer Reise nach Norden auch in Nazca (oder Nasca) - es existieren verschiedene Schreibformen. Wir wollten uns die ber\u00fchmten Nazca-Linien mal von oben betrachten, da sich von der Aussichtsplattform an der Panamericana nur ein kleiner Teil sehen l\u00e4sst. So haben wir uns einen Flug in einer\u2026","rel":"","context":"In &quot;News&quot;","img":{"alt_text":"","src":"https:\/\/i0.wp.com\/my-alps.de\/wp-content\/uploads\/2014\/08\/Die-Spinne-sw.jpg?resize=350%2C200","width":350,"height":200},"classes":[]},{"id":693,"url":"http:\/\/my-alps.de\/?p=693","url_meta":{"origin":851,"position":5},"title":"&#8230;.wieder mal ein Lebenszeichen!","date":"22. Februar 2014","format":"gallery","excerpt":"Hallo wir geben mal ein kleines Lebenszeichen von uns. Die letzten Tage seit unserem Aufenhalt am Lago Roca haben wir mit viel Abenteur verbracht. Erst waren wir in El Chalten am Cerro Torre und am Fitz Roy und haben tolle Trekkingtouren unternommen. Fitz Roy im Vollmond und bei Sonnenaufgang -\u2026","rel":"","context":"In &quot;News&quot;","img":{"alt_text":"","src":"","width":0,"height":0},"classes":[]}],"_links":{"self":[{"href":"http:\/\/my-alps.de\/index.php?rest_route=\/wp\/v2\/posts\/851"}],"collection":[{"href":"http:\/\/my-alps.de\/index.php?rest_route=\/wp\/v2\/posts"}],"about":[{"href":"http:\/\/my-alps.de\/index.php?rest_route=\/wp\/v2\/types\/post"}],"author":[{"embeddable":true,"href":"http:\/\/my-alps.de\/index.php?rest_route=\/wp\/v2\/users\/1"}],"replies":[{"embeddable":true,"href":"http:\/\/my-alps.de\/index.php?rest_route=%2Fwp%2Fv2%2Fcomments&post=851"}],"version-history":[{"count":5,"href":"http:\/\/my-alps.de\/index.php?rest_route=\/wp\/v2\/posts\/851\/revisions"}],"predecessor-version":[{"id":871,"href":"http:\/\/my-alps.de\/index.php?rest_route=\/wp\/v2\/posts\/851\/revisions\/871"}],"wp:attachment":[{"href":"http:\/\/my-alps.de\/index.php?rest_route=%2Fwp%2Fv2%2Fmedia&parent=851"}],"wp:term":[{"taxonomy":"category","embeddable":true,"href":"http:\/\/my-alps.de\/index.php?rest_route=%2Fwp%2Fv2%2Fcategories&post=851"},{"taxonomy":"post_tag","embeddable":true,"href":"http:\/\/my-alps.de\/index.php?rest_route=%2Fwp%2Fv2%2Ftags&post=851"}],"curies":[{"name":"wp","href":"https:\/\/api.w.org\/{rel}","templated":true}]}}