{"id":836,"date":"2014-03-12T17:51:04","date_gmt":"2014-03-12T16:51:04","guid":{"rendered":"http:\/\/my-alps.de\/?p=836"},"modified":"2014-03-12T17:51:55","modified_gmt":"2014-03-12T16:51:55","slug":"abstecher-ins-tal-des-rio-palena","status":"publish","type":"post","link":"http:\/\/my-alps.de\/?p=836","title":{"rendered":"Abstecher in&#8217;s Tal des Rio Palena"},"content":{"rendered":"<p>Zu dem Blogeintrag mit dem Wasser haben wir auch den richtigen Weg gefunden.<br \/>\nWir sind 150 km (hin und zur\u00fcck) eine schmale Schotterpiste zum Pazifik gefahren.<\/p>\n<p>Es war beeindruckend:<\/p>\n<div id=\"attachment_837\" style=\"width: 1034px\" class=\"wp-caption aligncenter\"><a href=\"https:\/\/i0.wp.com\/my-alps.de\/wp-content\/uploads\/2014\/03\/am-Strand-HD.jpg\"><img aria-describedby=\"caption-attachment-837\" data-attachment-id=\"837\" data-permalink=\"http:\/\/my-alps.de\/?attachment_id=837\" data-orig-file=\"https:\/\/i0.wp.com\/my-alps.de\/wp-content\/uploads\/2014\/03\/am-Strand-HD.jpg?fit=1024%2C576\" data-orig-size=\"1024,576\" data-comments-opened=\"1\" data-image-meta=\"{&quot;aperture&quot;:&quot;5.6&quot;,&quot;credit&quot;:&quot;&quot;,&quot;camera&quot;:&quot;DSC-RX100&quot;,&quot;caption&quot;:&quot;&quot;,&quot;created_timestamp&quot;:&quot;1394553963&quot;,&quot;copyright&quot;:&quot;&quot;,&quot;focal_length&quot;:&quot;10.4&quot;,&quot;iso&quot;:&quot;100&quot;,&quot;shutter_speed&quot;:&quot;0.004&quot;,&quot;title&quot;:&quot;&quot;}\" data-image-title=\"am Strand &#8211; HD\" data-image-description=\"&lt;p&gt;am Strand&lt;\/p&gt;\n\" data-image-caption=\"&lt;p&gt;am Strand&lt;\/p&gt;\n\" data-medium-file=\"https:\/\/i0.wp.com\/my-alps.de\/wp-content\/uploads\/2014\/03\/am-Strand-HD.jpg?fit=300%2C168\" data-large-file=\"https:\/\/i0.wp.com\/my-alps.de\/wp-content\/uploads\/2014\/03\/am-Strand-HD.jpg?fit=625%2C352\" loading=\"lazy\" class=\"size-full wp-image-837\" alt=\"am Strand\" src=\"https:\/\/i0.wp.com\/my-alps.de\/wp-content\/uploads\/2014\/03\/am-Strand-HD.jpg?resize=625%2C352\" width=\"625\" height=\"352\" srcset=\"https:\/\/i0.wp.com\/my-alps.de\/wp-content\/uploads\/2014\/03\/am-Strand-HD.jpg?w=1024 1024w, https:\/\/i0.wp.com\/my-alps.de\/wp-content\/uploads\/2014\/03\/am-Strand-HD.jpg?resize=300%2C168 300w\" sizes=\"(max-width: 625px) 100vw, 625px\" data-recalc-dims=\"1\" \/><\/a><p id=\"caption-attachment-837\" class=\"wp-caption-text\">am Strand<\/p><\/div>\n<div id=\"attachment_840\" style=\"width: 1034px\" class=\"wp-caption aligncenter\"><a href=\"https:\/\/i0.wp.com\/my-alps.de\/wp-content\/uploads\/2014\/03\/es-regnet.jpg\"><img aria-describedby=\"caption-attachment-840\" data-attachment-id=\"840\" data-permalink=\"http:\/\/my-alps.de\/?attachment_id=840\" data-orig-file=\"https:\/\/i0.wp.com\/my-alps.de\/wp-content\/uploads\/2014\/03\/es-regnet.jpg?fit=1024%2C683\" data-orig-size=\"1024,683\" data-comments-opened=\"1\" data-image-meta=\"{&quot;aperture&quot;:&quot;4&quot;,&quot;credit&quot;:&quot;&quot;,&quot;camera&quot;:&quot;NEX-7&quot;,&quot;caption&quot;:&quot;&quot;,&quot;created_timestamp&quot;:&quot;1394548852&quot;,&quot;copyright&quot;:&quot;&quot;,&quot;focal_length&quot;:&quot;24&quot;,&quot;iso&quot;:&quot;200&quot;,&quot;shutter_speed&quot;:&quot;0.016666666666667&quot;,&quot;title&quot;:&quot;&quot;}\" data-image-title=\"es regnet\" data-image-description=\"&lt;p&gt;es regnet&lt;\/p&gt;\n\" data-image-caption=\"&lt;p&gt;es regnet&lt;\/p&gt;\n\" data-medium-file=\"https:\/\/i0.wp.com\/my-alps.de\/wp-content\/uploads\/2014\/03\/es-regnet.jpg?fit=300%2C200\" data-large-file=\"https:\/\/i0.wp.com\/my-alps.de\/wp-content\/uploads\/2014\/03\/es-regnet.jpg?fit=625%2C417\" loading=\"lazy\" class=\"size-full wp-image-840\" alt=\"es regnet\" src=\"https:\/\/i0.wp.com\/my-alps.de\/wp-content\/uploads\/2014\/03\/es-regnet.jpg?resize=625%2C417\" width=\"625\" height=\"417\" srcset=\"https:\/\/i0.wp.com\/my-alps.de\/wp-content\/uploads\/2014\/03\/es-regnet.jpg?w=1024 1024w, https:\/\/i0.wp.com\/my-alps.de\/wp-content\/uploads\/2014\/03\/es-regnet.jpg?resize=300%2C200 300w\" sizes=\"(max-width: 625px) 100vw, 625px\" data-recalc-dims=\"1\" \/><\/a><p id=\"caption-attachment-840\" class=\"wp-caption-text\">es regnet<\/p><\/div>\n<div id=\"attachment_844\" style=\"width: 1034px\" class=\"wp-caption aligncenter\"><a href=\"https:\/\/i0.wp.com\/my-alps.de\/wp-content\/uploads\/2014\/03\/Strasse-weggesp\u00fclt.jpg\"><img aria-describedby=\"caption-attachment-844\" data-attachment-id=\"844\" data-permalink=\"http:\/\/my-alps.de\/?attachment_id=844\" data-orig-file=\"https:\/\/i0.wp.com\/my-alps.de\/wp-content\/uploads\/2014\/03\/Strasse-weggesp\u00fclt.jpg?fit=1024%2C768\" data-orig-size=\"1024,768\" data-comments-opened=\"1\" data-image-meta=\"{&quot;aperture&quot;:&quot;4&quot;,&quot;credit&quot;:&quot;&quot;,&quot;camera&quot;:&quot;DSC-RX100&quot;,&quot;caption&quot;:&quot;&quot;,&quot;created_timestamp&quot;:&quot;1394464112&quot;,&quot;copyright&quot;:&quot;&quot;,&quot;focal_length&quot;:&quot;10.4&quot;,&quot;iso&quot;:&quot;250&quot;,&quot;shutter_speed&quot;:&quot;0.005&quot;,&quot;title&quot;:&quot;&quot;}\" data-image-title=\"Strasse weggesp\u00fclt\" data-image-description=\"&lt;p&gt;Strasse weggesp\u00fclt&lt;\/p&gt;\n\" data-image-caption=\"&lt;p&gt;Strasse weggesp\u00fclt&lt;\/p&gt;\n\" data-medium-file=\"https:\/\/i0.wp.com\/my-alps.de\/wp-content\/uploads\/2014\/03\/Strasse-weggesp\u00fclt.jpg?fit=300%2C225\" data-large-file=\"https:\/\/i0.wp.com\/my-alps.de\/wp-content\/uploads\/2014\/03\/Strasse-weggesp\u00fclt.jpg?fit=625%2C469\" loading=\"lazy\" class=\"size-full wp-image-844\" alt=\"Strasse weggesp\u00fclt\" src=\"https:\/\/i0.wp.com\/my-alps.de\/wp-content\/uploads\/2014\/03\/Strasse-weggesp\u00fclt.jpg?resize=625%2C469\" width=\"625\" height=\"469\" srcset=\"https:\/\/i0.wp.com\/my-alps.de\/wp-content\/uploads\/2014\/03\/Strasse-weggesp\u00fclt.jpg?w=1024 1024w, https:\/\/i0.wp.com\/my-alps.de\/wp-content\/uploads\/2014\/03\/Strasse-weggesp\u00fclt.jpg?resize=300%2C225 300w\" sizes=\"(max-width: 625px) 100vw, 625px\" data-recalc-dims=\"1\" \/><\/a><p id=\"caption-attachment-844\" class=\"wp-caption-text\">Strasse weggesp\u00fclt<\/p><\/div>\n<div id=\"attachment_842\" style=\"width: 1034px\" class=\"wp-caption aligncenter\"><a href=\"https:\/\/i0.wp.com\/my-alps.de\/wp-content\/uploads\/2014\/03\/Gegenverkehr.jpg\"><img aria-describedby=\"caption-attachment-842\" data-attachment-id=\"842\" data-permalink=\"http:\/\/my-alps.de\/?attachment_id=842\" data-orig-file=\"https:\/\/i0.wp.com\/my-alps.de\/wp-content\/uploads\/2014\/03\/Gegenverkehr.jpg?fit=1024%2C768\" data-orig-size=\"1024,768\" data-comments-opened=\"1\" data-image-meta=\"{&quot;aperture&quot;:&quot;5.6&quot;,&quot;credit&quot;:&quot;&quot;,&quot;camera&quot;:&quot;DSC-RX100&quot;,&quot;caption&quot;:&quot;&quot;,&quot;created_timestamp&quot;:&quot;1394465595&quot;,&quot;copyright&quot;:&quot;&quot;,&quot;focal_length&quot;:&quot;16.39&quot;,&quot;iso&quot;:&quot;125&quot;,&quot;shutter_speed&quot;:&quot;0.005&quot;,&quot;title&quot;:&quot;&quot;}\" data-image-title=\"Gegenverkehr\" data-image-description=\"&lt;p&gt;Gegenverkehr&lt;\/p&gt;\n\" data-image-caption=\"&lt;p&gt;Gegenverkehr&lt;\/p&gt;\n\" data-medium-file=\"https:\/\/i0.wp.com\/my-alps.de\/wp-content\/uploads\/2014\/03\/Gegenverkehr.jpg?fit=300%2C225\" data-large-file=\"https:\/\/i0.wp.com\/my-alps.de\/wp-content\/uploads\/2014\/03\/Gegenverkehr.jpg?fit=625%2C469\" loading=\"lazy\" class=\"size-full wp-image-842\" alt=\"Gegenverkehr\" src=\"https:\/\/i0.wp.com\/my-alps.de\/wp-content\/uploads\/2014\/03\/Gegenverkehr.jpg?resize=625%2C469\" width=\"625\" height=\"469\" srcset=\"https:\/\/i0.wp.com\/my-alps.de\/wp-content\/uploads\/2014\/03\/Gegenverkehr.jpg?w=1024 1024w, https:\/\/i0.wp.com\/my-alps.de\/wp-content\/uploads\/2014\/03\/Gegenverkehr.jpg?resize=300%2C225 300w\" sizes=\"(max-width: 625px) 100vw, 625px\" data-recalc-dims=\"1\" \/><\/a><p id=\"caption-attachment-842\" class=\"wp-caption-text\">Gegenverkehr<\/p><\/div>\n<div id=\"attachment_838\" style=\"width: 1034px\" class=\"wp-caption aligncenter\"><a href=\"https:\/\/i0.wp.com\/my-alps.de\/wp-content\/uploads\/2014\/03\/Br\u00fccken-am-Flu\u00df.jpg\"><img aria-describedby=\"caption-attachment-838\" data-attachment-id=\"838\" data-permalink=\"http:\/\/my-alps.de\/?attachment_id=838\" data-orig-file=\"https:\/\/i0.wp.com\/my-alps.de\/wp-content\/uploads\/2014\/03\/Br\u00fccken-am-Flu\u00df.jpg?fit=1024%2C683\" data-orig-size=\"1024,683\" data-comments-opened=\"1\" data-image-meta=\"{&quot;aperture&quot;:&quot;4.5&quot;,&quot;credit&quot;:&quot;&quot;,&quot;camera&quot;:&quot;NEX-7&quot;,&quot;caption&quot;:&quot;&quot;,&quot;created_timestamp&quot;:&quot;1394551246&quot;,&quot;copyright&quot;:&quot;&quot;,&quot;focal_length&quot;:&quot;24&quot;,&quot;iso&quot;:&quot;100&quot;,&quot;shutter_speed&quot;:&quot;0.0125&quot;,&quot;title&quot;:&quot;&quot;}\" data-image-title=\"Br\u00fccken am Flu\u00df\" data-image-description=\"&lt;p&gt;Br\u00fccken am Flu\u00df&lt;\/p&gt;\n\" data-image-caption=\"&lt;p&gt;Br\u00fccken am Flu\u00df&lt;\/p&gt;\n\" data-medium-file=\"https:\/\/i0.wp.com\/my-alps.de\/wp-content\/uploads\/2014\/03\/Br\u00fccken-am-Flu\u00df.jpg?fit=300%2C200\" data-large-file=\"https:\/\/i0.wp.com\/my-alps.de\/wp-content\/uploads\/2014\/03\/Br\u00fccken-am-Flu\u00df.jpg?fit=625%2C417\" loading=\"lazy\" class=\"size-full wp-image-838\" alt=\"Br\u00fccken am Flu\u00df\" src=\"https:\/\/i0.wp.com\/my-alps.de\/wp-content\/uploads\/2014\/03\/Br\u00fccken-am-Flu\u00df.jpg?resize=625%2C417\" width=\"625\" height=\"417\" srcset=\"https:\/\/i0.wp.com\/my-alps.de\/wp-content\/uploads\/2014\/03\/Br\u00fccken-am-Flu\u00df.jpg?w=1024 1024w, https:\/\/i0.wp.com\/my-alps.de\/wp-content\/uploads\/2014\/03\/Br\u00fccken-am-Flu\u00df.jpg?resize=300%2C200 300w\" sizes=\"(max-width: 625px) 100vw, 625px\" data-recalc-dims=\"1\" \/><\/a><p id=\"caption-attachment-838\" class=\"wp-caption-text\">Br\u00fccken am Flu\u00df<\/p><\/div>\n<div id=\"attachment_843\" style=\"width: 1034px\" class=\"wp-caption aligncenter\"><a href=\"https:\/\/i0.wp.com\/my-alps.de\/wp-content\/uploads\/2014\/03\/Stra\u00dfe-weggesp\u00fclt-II.jpg\"><img aria-describedby=\"caption-attachment-843\" data-attachment-id=\"843\" data-permalink=\"http:\/\/my-alps.de\/?attachment_id=843\" data-orig-file=\"https:\/\/i0.wp.com\/my-alps.de\/wp-content\/uploads\/2014\/03\/Stra\u00dfe-weggesp\u00fclt-II.jpg?fit=1024%2C683\" data-orig-size=\"1024,683\" data-comments-opened=\"1\" data-image-meta=\"{&quot;aperture&quot;:&quot;7.1&quot;,&quot;credit&quot;:&quot;&quot;,&quot;camera&quot;:&quot;NEX-7&quot;,&quot;caption&quot;:&quot;&quot;,&quot;created_timestamp&quot;:&quot;1394549844&quot;,&quot;copyright&quot;:&quot;&quot;,&quot;focal_length&quot;:&quot;24&quot;,&quot;iso&quot;:&quot;100&quot;,&quot;shutter_speed&quot;:&quot;0.0125&quot;,&quot;title&quot;:&quot;&quot;}\" data-image-title=\"Stra\u00dfe weggesp\u00fclt II\" data-image-description=\"&lt;p&gt;Stra\u00dfe weggesp\u00fclt II&lt;\/p&gt;\n\" data-image-caption=\"&lt;p&gt;Stra\u00dfe weggesp\u00fclt II&lt;\/p&gt;\n\" data-medium-file=\"https:\/\/i0.wp.com\/my-alps.de\/wp-content\/uploads\/2014\/03\/Stra\u00dfe-weggesp\u00fclt-II.jpg?fit=300%2C200\" data-large-file=\"https:\/\/i0.wp.com\/my-alps.de\/wp-content\/uploads\/2014\/03\/Stra\u00dfe-weggesp\u00fclt-II.jpg?fit=625%2C417\" loading=\"lazy\" class=\"size-full wp-image-843\" alt=\"Stra\u00dfe weggesp\u00fclt II\" src=\"https:\/\/i0.wp.com\/my-alps.de\/wp-content\/uploads\/2014\/03\/Stra\u00dfe-weggesp\u00fclt-II.jpg?resize=625%2C417\" width=\"625\" height=\"417\" srcset=\"https:\/\/i0.wp.com\/my-alps.de\/wp-content\/uploads\/2014\/03\/Stra\u00dfe-weggesp\u00fclt-II.jpg?w=1024 1024w, https:\/\/i0.wp.com\/my-alps.de\/wp-content\/uploads\/2014\/03\/Stra\u00dfe-weggesp\u00fclt-II.jpg?resize=300%2C200 300w\" sizes=\"(max-width: 625px) 100vw, 625px\" data-recalc-dims=\"1\" \/><\/a><p id=\"caption-attachment-843\" class=\"wp-caption-text\">Stra\u00dfe weggesp\u00fclt II<\/p><\/div>\n<p>Na &#8211; zuviel versprochen?<\/p>\n<p>Und w\u00e4hrend der Zeit im Auto erlebst du ALLE Formen von Wasser was vom Himmel fallen kann! Die Br\u00fccken waren sehr spannend! Statik haben die alle keine &#8211; wackeln und \u00e4chzen wie ein alter Schwimmsteg am Strand. Aber anscheinend halten sie.<\/p>\n<p>Gl\u00fcck gehabt ;-))))))) auch auf dem R\u00fcckweg!<\/p>\n","protected":false},"excerpt":{"rendered":"<p>Zu dem Blogeintrag mit dem Wasser haben wir auch den richtigen Weg gefunden. Wir sind 150 km (hin und zur\u00fcck) eine schmale Schotterpiste zum Pazifik gefahren. Es war beeindruckend: Na &#8211; zuviel versprochen? Und w\u00e4hrend der Zeit im Auto erlebst du ALLE Formen von Wasser was vom Himmel fallen kann! Die Br\u00fccken waren sehr spannend! [&hellip;]<\/p>\n","protected":false},"author":1,"featured_media":0,"comment_status":"open","ping_status":"open","sticky":false,"template":"","format":"gallery","meta":{"spay_email":"","jetpack_publicize_message":"","jetpack_is_tweetstorm":false,"jetpack_publicize_feature_enabled":true},"categories":[1],"tags":[],"jetpack_featured_media_url":"","jetpack_publicize_connections":[],"jetpack_sharing_enabled":true,"jetpack_shortlink":"https:\/\/wp.me\/p6huce-du","jetpack-related-posts":[{"id":1514,"url":"http:\/\/my-alps.de\/?p=1514","url_meta":{"origin":836,"position":0},"title":"Die Landschaft am Wegesrand","date":"15. August 2014","format":"gallery","excerpt":"Wir bekommen jeden Tag an dem wir unterwegs sind, Eindr\u00fccke mit,\u00a0die sehen nur wir und die LKW Fahrer. Ob die allerdings hinschauen - fraglich - denn die konzentrieren sich lieber auf's \u00fcberholen ;-)","rel":"","context":"In &quot;News&quot;","img":{"alt_text":"","src":"https:\/\/i0.wp.com\/my-alps.de\/wp-content\/uploads\/2014\/08\/Unwetter-auf-dem-Weg-nach-Cusco-ce4.jpg?resize=350%2C200","width":350,"height":200},"classes":[]},{"id":487,"url":"http:\/\/my-alps.de\/?p=487","url_meta":{"origin":836,"position":1},"title":"es ist HEISS hier im S\u00fcden","date":"25. Dezember 2013","format":"gallery","excerpt":"Uuuhhaaaaagggghhhhh - wir haben gedacht wenn wir aus Buenos Aires fliehen, dann wir es etwas k\u00fchler - falsch gedacht. Wir sind auf dem Weg Richtung Valdes und m\u00fcssen in Bahia Blanca am Montag Station machen um Bargeld zu tauschen. (Wir haben Probleme online unsere Kreditkarten mit einem h\u00f6heren Limit zu\u2026","rel":"","context":"In &quot;News&quot;","img":{"alt_text":"Heiss - Heisser - fast 45 Grad!","src":"https:\/\/i0.wp.com\/my-alps.de\/wp-content\/uploads\/2013\/12\/fast-45-Grad-im-Schatten.jpg?resize=350%2C200","width":350,"height":200},"classes":[]},{"id":450,"url":"http:\/\/my-alps.de\/?p=450","url_meta":{"origin":836,"position":2},"title":"Das sagt sie und das meint ER (1von2)","date":"15. Dezember 2013","format":"gallery","excerpt":"Hallo, ihr ZUHAUSEgebliebenen, wir sind heute in Colonia di Sacramento angekommen und sin somit in Uruguay. Dem esten Fussballweltmeister, und wenn's nach den URU'S geht, auch dem kommenden in Brasilien. Die Bilder zu diesem Blog f\u00fcge ich sp\u00e4ter mal ein, das WIFI hier in Uruguay ist nicht so von der\u2026","rel":"","context":"In &quot;News&quot;","img":{"alt_text":"","src":"","width":0,"height":0},"classes":[]},{"id":1373,"url":"http:\/\/my-alps.de\/?p=1373","url_meta":{"origin":836,"position":3},"title":"Salar de Uyuni &#8211; der gr\u00f6sste Salzsee der Welt","date":"24. Juli 2014","format":"gallery","excerpt":"Unsere Fahrt f\u00fchrt uns in die erste Stadt in Bolivien - Uyuni. Uyuni ist der ideale Ausgangsort um auf den gr\u00f6ssten Salzsee der Welt zu fahren. Als wir in der Uyuni ankommen geraten wir mitten\u00a0in den Trubel eines Stadtfestes. \u00dcberall Frauen in ihrer indianischen\u00a0Tracht, mit den ausladenden R\u00f6cken, den typischen\u2026","rel":"","context":"In &quot;News&quot;","img":{"alt_text":"","src":"https:\/\/i0.wp.com\/my-alps.de\/wp-content\/uploads\/2014\/07\/passt-doch.jpg?resize=350%2C200","width":350,"height":200},"classes":[]},{"id":1472,"url":"http:\/\/my-alps.de\/?p=1472","url_meta":{"origin":836,"position":4},"title":"vom Sajama, dem h\u00f6chsten Berg Boliviens nach Peru","date":"8. August 2014","format":"gallery","excerpt":"Da wir vom Titikakasee etwas entt\u00e4uscht waren, haben wir uns kurzerhand entschlossen doch noch einen Abstecher zum \"Sajama\" zu fahren. Er liegt zwar auf dem Weg Richtung Chile, aber\u00a0das haben wir dann mit dem Grenz\u00fcbergang in Arica\u00a0verkn\u00fcpft. auf dem AltiplanoDer \"Sajama\" ist ein wundersch\u00f6ner Vulkankegel, der sich wie eine Zipfelm\u00fctze\u2026","rel":"","context":"In &quot;News&quot;","img":{"alt_text":"","src":"https:\/\/i0.wp.com\/my-alps.de\/wp-content\/uploads\/2014\/08\/Vulkanausbruch-1-ce4.jpg?resize=350%2C200","width":350,"height":200},"classes":[]},{"id":961,"url":"http:\/\/my-alps.de\/?p=961","url_meta":{"origin":836,"position":5},"title":"Vulkan Osorno und Lago Llanquihue","date":"4. April 2014","format":"gallery","excerpt":"Wir sind auf dem Weg zur\u00fcck von der Insel Chiloe\u2019 \u00fcber Puerto Montt nach Puerto Varas gefahren und machen am Lago Llanquihue Station. Zuerst mussten wir ein heftiges Unwetter zwei Tage \u00fcber uns ergehen lassen, bei dem Regenmassen vom Himmel gefallen sind, die bei uns in Deutschland f\u00fcr ein gesamtes\u2026","rel":"","context":"In &quot;News&quot;","img":{"alt_text":"","src":"https:\/\/i0.wp.com\/my-alps.de\/wp-content\/uploads\/2014\/04\/Bimobil-und-Vulkan-Osorno.jpg?resize=350%2C200","width":350,"height":200},"classes":[]}],"_links":{"self":[{"href":"http:\/\/my-alps.de\/index.php?rest_route=\/wp\/v2\/posts\/836"}],"collection":[{"href":"http:\/\/my-alps.de\/index.php?rest_route=\/wp\/v2\/posts"}],"about":[{"href":"http:\/\/my-alps.de\/index.php?rest_route=\/wp\/v2\/types\/post"}],"author":[{"embeddable":true,"href":"http:\/\/my-alps.de\/index.php?rest_route=\/wp\/v2\/users\/1"}],"replies":[{"embeddable":true,"href":"http:\/\/my-alps.de\/index.php?rest_route=%2Fwp%2Fv2%2Fcomments&post=836"}],"version-history":[{"count":2,"href":"http:\/\/my-alps.de\/index.php?rest_route=\/wp\/v2\/posts\/836\/revisions"}],"predecessor-version":[{"id":846,"href":"http:\/\/my-alps.de\/index.php?rest_route=\/wp\/v2\/posts\/836\/revisions\/846"}],"wp:attachment":[{"href":"http:\/\/my-alps.de\/index.php?rest_route=%2Fwp%2Fv2%2Fmedia&parent=836"}],"wp:term":[{"taxonomy":"category","embeddable":true,"href":"http:\/\/my-alps.de\/index.php?rest_route=%2Fwp%2Fv2%2Fcategories&post=836"},{"taxonomy":"post_tag","embeddable":true,"href":"http:\/\/my-alps.de\/index.php?rest_route=%2Fwp%2Fv2%2Ftags&post=836"}],"curies":[{"name":"wp","href":"https:\/\/api.w.org\/{rel}","templated":true}]}}