{"id":834,"date":"2014-03-12T17:34:22","date_gmt":"2014-03-12T16:34:22","guid":{"rendered":"http:\/\/my-alps.de\/?p=834"},"modified":"2014-03-12T17:55:15","modified_gmt":"2014-03-12T16:55:15","slug":"aggregatszustaende-von-wasser","status":"publish","type":"post","link":"http:\/\/my-alps.de\/?p=834","title":{"rendered":"Aggregatszust\u00e4nde von Wasser"},"content":{"rendered":"<p>In den letzten Tagen war das Wetter &#8211; na sagen wir &#8211; chilenisch rauh.Da hatten wir die einmalige Gelegenheit alle Formen, in denen Wasser vorkommen kann, mehrfach am Tage wechselnd, zu erleben.<\/p>\n<p>Nach einer regnerischen Nacht war in aller Fr\u00fche der erste Schnee auf den umliegenden Bergen zu sehen. Wie mit frischem Puderzucker bestreut spiegelten sich die Gipfel im still daliegenden Meer.<\/p>\n<p>Eisberge fielen mit Donner und Get\u00f6se vom Gletscher in die See, schlugen hohe Wellen und schaukelten dann ruhig und friedlich im Wasser. Trieben mit der Str\u00f6mung davon, wurden kleiner und verschwanden f\u00fcr immer.<\/p>\n<p>Der Regen fiel mal als leichter Spr\u00fchregen in einer leichten Briese oder als schwere, \u00f6lige Tropfen in heftigen Windb\u00f6en, die auf Blechd\u00e4cher trommelten und in nasse Wiesen troffen.<\/p>\n<p>Die Luft war dunstig feucht, Wolken bildeten sich und l\u00f6sten sich gleich wieder auf.<\/p>\n<p>Das Wasser tropfte an feuchtem Moos von den Felsen und sammelte sich in Rinnsalen um in kleinen B\u00e4chen die H\u00e4nge herabzugurgeln.<\/p>\n<p>In den Fl\u00fcssen toste es in Stromschnellen um die Felsen um sich dann still in\u2019s Meer zu ergie\u00dfen.<\/p>\n<p>In Wasserf\u00e4llen st\u00fcrzte es rauschend und sch\u00e4umend herab, bildete Strudel und Wasserwirbel, um anschlie\u00dfend in einer Kiesbank am Fluss zu versickern.<\/p>\n<p>Am Strand schlugen die Wellen auf den Sand und rollten die feuchten Kieselsteine in ihrem Takt auf und ab.<\/p>\n<p>Ganze Sturzb\u00e4che ergossen sich aus den tiefh\u00e4ngenden Wolken und hinterlie\u00dfen gro\u00dfe Pf\u00fctzen auf den Stra\u00dfen, in denen sich alles spiegelte.<\/p>\n<p>Ach ja &#8211; und die Kaffeemaschine blubberte und zischte, Dampf entwich ihr der die Fenster beschlug.<\/p>\n<p>Das Kondenswasser wegwischend sah in nach draussen &#8211; am Horizont war die Sonne in einer Wolkenl\u00fccke zu sehen.<\/p>\n<p>&nbsp;<\/p>\n","protected":false},"excerpt":{"rendered":"<p>In den letzten Tagen war das Wetter &#8211; na sagen wir &#8211; chilenisch rauh.Da hatten wir die einmalige Gelegenheit alle Formen, in denen Wasser vorkommen kann, mehrfach am Tage wechselnd, zu erleben. Nach einer regnerischen Nacht war in aller Fr\u00fche der erste Schnee auf den umliegenden Bergen zu sehen. Wie mit frischem Puderzucker bestreut spiegelten [&hellip;]<\/p>\n","protected":false},"author":1,"featured_media":847,"comment_status":"open","ping_status":"open","sticky":false,"template":"","format":"gallery","meta":{"spay_email":"","jetpack_publicize_message":"","jetpack_is_tweetstorm":false,"jetpack_publicize_feature_enabled":true},"categories":[9],"tags":[],"jetpack_featured_media_url":"https:\/\/i0.wp.com\/my-alps.de\/wp-content\/uploads\/2014\/03\/es-reisst-auf-HD1.jpg?fit=1024%2C576","jetpack_publicize_connections":[],"jetpack_sharing_enabled":true,"jetpack_shortlink":"https:\/\/wp.me\/p6huce-ds","jetpack-related-posts":[{"id":1334,"url":"http:\/\/my-alps.de\/?p=1334","url_meta":{"origin":834,"position":0},"title":"Lagunenroute in Bolivien &#8211; Teil 2","date":"17. Juli 2014","format":"gallery","excerpt":"Lagunenroute - 2. Abschnitt Von der Laguna Colorada zu den \u201eRocas\u201c Am n\u00e4chsten Morgen (es hat in der Nacht minus 15 Grad gehabt) sind die R\u00e4nder der Lagune zugefroren und in der Ferne sieht man Salzformationen, die wie Gletscherabbr\u00fcche aussehen. Gegen Mittag ist dann alles Eis geschmolzen und man sieht\u2026","rel":"","context":"In &quot;News&quot;","img":{"alt_text":"","src":"https:\/\/i0.wp.com\/my-alps.de\/wp-content\/uploads\/2014\/07\/Rocas-2.HDR_.jpg?resize=350%2C200","width":350,"height":200},"classes":[]},{"id":1331,"url":"http:\/\/my-alps.de\/?p=1331","url_meta":{"origin":834,"position":1},"title":"Lagunenroute in Bolivien &#8211; Teil 1","date":"17. Juli 2014","format":"gallery","excerpt":"San Pedro de Atacama in Chile ist der ideale Ausgangspunkt um von dort aus die legend\u00e4re im Boliviens zu befahren. Es geht von der W\u00fcstenoase zur\u00fcck Richtung Paso Jama, von 2.400 Meter auf 4.500 Meter hinauf. Schnurgerade, bis auf wenige Kurven, zieht sich die Stra\u00dfe auf fast 30 Kilometer bergauf.\u2026","rel":"","context":"In &quot;News&quot;","img":{"alt_text":"","src":"https:\/\/i0.wp.com\/my-alps.de\/wp-content\/uploads\/2014\/07\/alt-5015hm.jpg?resize=350%2C200","width":350,"height":200},"classes":[]},{"id":1120,"url":"http:\/\/my-alps.de\/?p=1120","url_meta":{"origin":834,"position":2},"title":"Araukanien &#8211; 2. Versuch","date":"11. Mai 2014","format":"gallery","excerpt":"Unser \u201ekurzer\u201c Abstecher in Argentinien neigt sich dem Ende zu. Wir haben die starken Regenf\u00e4lle \u201eabgewettert\u201c und stehen nun wieder am Grenz\u00fcbergang am Vulkan Lanin. Wir \u00fcbernachten an der Rangerstation im Nationalpark und machen einen kleinen Ausflug zum Lago Tromen. Hier gibt es schon die ersten Araukarienw\u00e4lder und dieser Methusalem\u2026","rel":"","context":"In &quot;News&quot;","img":{"alt_text":"","src":"https:\/\/i0.wp.com\/my-alps.de\/wp-content\/uploads\/2014\/05\/Vulkan-Lanin-ce4-3x2.jpg?resize=350%2C200","width":350,"height":200},"classes":[]},{"id":1614,"url":"http:\/\/my-alps.de\/?p=1614","url_meta":{"origin":834,"position":3},"title":"Ecuador &#8211; entschleunigt leben","date":"17. September 2014","format":"gallery","excerpt":"Mittlerweile sitzen wir wieder mal an der K\u00fcste des Pazifiks und schauen auf das graue und endlose Meer hinaus. Etwa 500 Meter von uns entfernt tummeln sich ein paar Wale, machen sch\u00f6ne \"Bauchpflatscher\" oder schlagen mit ihren Schwanzflossen auf's Wasser. Pelikane und Fregattv\u00f6gel lassen sich vom Aufwind an der Steilk\u00fcste\u2026","rel":"","context":"In &quot;News&quot;","img":{"alt_text":"","src":"https:\/\/i0.wp.com\/my-alps.de\/wp-content\/uploads\/2014\/09\/wir-machen-auch-mal-Pause.jpg?resize=350%2C200","width":350,"height":200},"classes":[]},{"id":883,"url":"http:\/\/my-alps.de\/?p=883","url_meta":{"origin":834,"position":4},"title":"Insel Chiloe\u2019","date":"26. M\u00e4rz 2014","format":"gallery","excerpt":"Die Insel Chiloe\u2019 ist von Puerto Montt auf einer gut ausgebauten Autobahn in ca. 1 1\/2 Stunden Fahrt zu erreichen. \u00dcber die Meerenge zwischen dem Festland und der Insel wird (wie in Chile \u00fcblich) mit einer offenen F\u00e4hre \u00fcbergesetzt. Die Fahrtzeit betr\u00e4gt etwa eine halbe Stunde und kostet f\u00fcr unser\u2026","rel":"","context":"In &quot;News&quot;","img":{"alt_text":"","src":"https:\/\/i0.wp.com\/my-alps.de\/wp-content\/uploads\/2014\/03\/wir-sind-auf.....jpg?resize=350%2C200","width":350,"height":200},"classes":[]},{"id":800,"url":"http:\/\/my-alps.de\/?p=800","url_meta":{"origin":834,"position":5},"title":"Genetischer Code bei M\u00e4nnchen","date":"10. M\u00e4rz 2014","format":"gallery","excerpt":"Ihr alle werdet mir zustimmen, die Frauen neigen eher zum sammeln und der Mann zum Jagen.Ich habe bei mir das mit dem Jagd-Gen schon ganz fr\u00fch entdeckt, aber wir hatten daheim einen Haushalt, da gab es ausser Essbesteck keine Waffen. (obwohl meine beiden Gro\u00dfv\u00e4ter Sch\u00fctzenk\u00f6nige waren!) Und mit einer Gabel\u2026","rel":"","context":"In &quot;unter uns&quot;","img":{"alt_text":"","src":"https:\/\/i0.wp.com\/my-alps.de\/wp-content\/uploads\/2014\/03\/Nummer-Zwei-HD.jpg?resize=350%2C200","width":350,"height":200},"classes":[]}],"_links":{"self":[{"href":"http:\/\/my-alps.de\/index.php?rest_route=\/wp\/v2\/posts\/834"}],"collection":[{"href":"http:\/\/my-alps.de\/index.php?rest_route=\/wp\/v2\/posts"}],"about":[{"href":"http:\/\/my-alps.de\/index.php?rest_route=\/wp\/v2\/types\/post"}],"author":[{"embeddable":true,"href":"http:\/\/my-alps.de\/index.php?rest_route=\/wp\/v2\/users\/1"}],"replies":[{"embeddable":true,"href":"http:\/\/my-alps.de\/index.php?rest_route=%2Fwp%2Fv2%2Fcomments&post=834"}],"version-history":[{"count":1,"href":"http:\/\/my-alps.de\/index.php?rest_route=\/wp\/v2\/posts\/834\/revisions"}],"predecessor-version":[{"id":835,"href":"http:\/\/my-alps.de\/index.php?rest_route=\/wp\/v2\/posts\/834\/revisions\/835"}],"wp:featuredmedia":[{"embeddable":true,"href":"http:\/\/my-alps.de\/index.php?rest_route=\/wp\/v2\/media\/847"}],"wp:attachment":[{"href":"http:\/\/my-alps.de\/index.php?rest_route=%2Fwp%2Fv2%2Fmedia&parent=834"}],"wp:term":[{"taxonomy":"category","embeddable":true,"href":"http:\/\/my-alps.de\/index.php?rest_route=%2Fwp%2Fv2%2Fcategories&post=834"},{"taxonomy":"post_tag","embeddable":true,"href":"http:\/\/my-alps.de\/index.php?rest_route=%2Fwp%2Fv2%2Ftags&post=834"}],"curies":[{"name":"wp","href":"https:\/\/api.w.org\/{rel}","templated":true}]}}