{"id":827,"date":"2014-03-10T18:37:48","date_gmt":"2014-03-10T17:37:48","guid":{"rendered":"http:\/\/my-alps.de\/?p=827"},"modified":"2014-03-10T18:37:48","modified_gmt":"2014-03-10T17:37:48","slug":"carretera-austral-die-lange-strasse-in-den-sueden-chiles","status":"publish","type":"post","link":"http:\/\/my-alps.de\/?p=827","title":{"rendered":"Carretera Austral &#8211; die lange Stra\u00dfe in den S\u00fcden Chile&#8217;s"},"content":{"rendered":"<p>Da Chile das l\u00e4ngste Land der Welt ist und der S\u00fcden ziemlich schwer erreichbar ist gibt es nur EINE Stra\u00dfe auf der man fahren kann &#8211; die Carretera Austral.<\/p>\n<div id=\"attachment_826\" style=\"width: 585px\" class=\"wp-caption aligncenter\"><a href=\"https:\/\/i0.wp.com\/my-alps.de\/wp-content\/uploads\/2014\/03\/nach-Norden-HD.jpg\"><img aria-describedby=\"caption-attachment-826\" data-attachment-id=\"826\" data-permalink=\"http:\/\/my-alps.de\/?attachment_id=826\" data-orig-file=\"https:\/\/i0.wp.com\/my-alps.de\/wp-content\/uploads\/2014\/03\/nach-Norden-HD.jpg?fit=575%2C1024\" data-orig-size=\"575,1024\" data-comments-opened=\"1\" data-image-meta=\"{&quot;aperture&quot;:&quot;5.6&quot;,&quot;credit&quot;:&quot;&quot;,&quot;camera&quot;:&quot;SLT-A99V&quot;,&quot;caption&quot;:&quot;&quot;,&quot;created_timestamp&quot;:&quot;1394214008&quot;,&quot;copyright&quot;:&quot;&quot;,&quot;focal_length&quot;:&quot;50&quot;,&quot;iso&quot;:&quot;100&quot;,&quot;shutter_speed&quot;:&quot;0.011111111111111&quot;,&quot;title&quot;:&quot;&quot;}\" data-image-title=\"nach Norden &#8211; HD\" data-image-description=\"&lt;p&gt;nach Norden&lt;\/p&gt;\n\" data-image-caption=\"&lt;p&gt;nach Norden&lt;\/p&gt;\n\" data-medium-file=\"https:\/\/i0.wp.com\/my-alps.de\/wp-content\/uploads\/2014\/03\/nach-Norden-HD.jpg?fit=168%2C300\" data-large-file=\"https:\/\/i0.wp.com\/my-alps.de\/wp-content\/uploads\/2014\/03\/nach-Norden-HD.jpg?fit=575%2C1024\" loading=\"lazy\" class=\"size-full wp-image-826\" alt=\"nach Norden\" src=\"https:\/\/i0.wp.com\/my-alps.de\/wp-content\/uploads\/2014\/03\/nach-Norden-HD.jpg?resize=575%2C1024\" width=\"575\" height=\"1024\" srcset=\"https:\/\/i0.wp.com\/my-alps.de\/wp-content\/uploads\/2014\/03\/nach-Norden-HD.jpg?w=575 575w, https:\/\/i0.wp.com\/my-alps.de\/wp-content\/uploads\/2014\/03\/nach-Norden-HD.jpg?resize=168%2C300 168w\" sizes=\"(max-width: 575px) 100vw, 575px\" data-recalc-dims=\"1\" \/><\/a><p id=\"caption-attachment-826\" class=\"wp-caption-text\">nach Norden<\/p><\/div>\n<p>Die Stra\u00dfe f\u00fchrt durch wundersch\u00f6ne Landschaften &#8211; vorbei an Gletschern und Seen, Dschungel und kleinen Siedlerd\u00f6rfern. Dabei ist sie manchmal nur so breit wie hier, ist meistens geschottert und hat &#8211; na ja &#8211; alle 250 km eine Tankstelle &#8211; das wars.<br \/>\nAber es ist sooooooooooo sch\u00f6n!<\/p>\n","protected":false},"excerpt":{"rendered":"<p>Da Chile das l\u00e4ngste Land der Welt ist und der S\u00fcden ziemlich schwer erreichbar ist gibt es nur EINE Stra\u00dfe auf der man fahren kann &#8211; die Carretera Austral. Die Stra\u00dfe f\u00fchrt durch wundersch\u00f6ne Landschaften &#8211; vorbei an Gletschern und Seen, Dschungel und kleinen Siedlerd\u00f6rfern. Dabei ist sie manchmal nur so breit wie hier, ist [&hellip;]<\/p>\n","protected":false},"author":1,"featured_media":0,"comment_status":"open","ping_status":"open","sticky":false,"template":"","format":"gallery","meta":{"spay_email":"","jetpack_publicize_message":"","jetpack_is_tweetstorm":false,"jetpack_publicize_feature_enabled":true},"categories":[1],"tags":[],"jetpack_featured_media_url":"","jetpack_publicize_connections":[],"jetpack_sharing_enabled":true,"jetpack_shortlink":"https:\/\/wp.me\/p6huce-dl","jetpack-related-posts":[{"id":745,"url":"http:\/\/my-alps.de\/?p=745","url_meta":{"origin":827,"position":0},"title":"Carretera Austral &#8211; Richtung Coyhaique","date":"3. M\u00e4rz 2014","format":"gallery","excerpt":"Weiter geht\u2019s Richtung Norden. Weiter auf der Carretera Austral, der Hauptverbindungsstra\u00dfe in den S\u00fcden, die in den 70iger Jahren erst gebaut wurde. Schotterkilometer reiht sich an Schotterkilometer - mal besser - mal f\u00fcrchterlicher zu fahren. An einem Tag schaffen wir gerade mal knapp 170 Kilometer - und ich bin total\u2026","rel":"","context":"In &quot;News&quot;","img":{"alt_text":"","src":"https:\/\/i0.wp.com\/my-alps.de\/wp-content\/uploads\/2014\/03\/das-Ende-des-Schotters.jpg?resize=350%2C200","width":350,"height":200},"classes":[]},{"id":851,"url":"http:\/\/my-alps.de\/?p=851","url_meta":{"origin":827,"position":1},"title":"von Chaiten ans Ende der Carretera Austral","date":"19. M\u00e4rz 2014","format":"gallery","excerpt":"Wir sind jetzt fast 4 Wochen lang auf der Ruta 7, der Carretera Austral, aus dem S\u00fcden Chiles Richtung Norden gefahren. Der Eine oder Andere Abstecher hat der einsamen Stra\u00dfe noch etwas mehr Reiz beschert, als sie selbst schon besitzt. Doch jetzt ist es an der Zeit die Zivilisation mal\u2026","rel":"","context":"In &quot;News&quot;","img":{"alt_text":"","src":"https:\/\/i0.wp.com\/my-alps.de\/wp-content\/uploads\/2014\/03\/El-Cap-light-sw.jpg?resize=350%2C200","width":350,"height":200},"classes":[]},{"id":806,"url":"http:\/\/my-alps.de\/?p=806","url_meta":{"origin":827,"position":2},"title":"Kalter Regenwald in Puyuhuapi","date":"10. M\u00e4rz 2014","format":"gallery","excerpt":"Hier in Chile gibt es in den Nationalparks \u201ekalten Regenwald\u201c, also richtigen, undurchdringlichen Dschungel. Nur das dieser Dschungel den riesigen Vorteil hat - es gibt so gut wie keine wilden Tiere darin! Man(n) kann also sch\u00f6n darin herumspazieren (wenn ein Pfad vorhanden ist) und sich die Sache mal n\u00e4her betrachten.\u2026","rel":"","context":"In &quot;News&quot;","img":{"alt_text":"","src":"https:\/\/i0.wp.com\/my-alps.de\/wp-content\/uploads\/2014\/03\/unsere-kleine-Farm-HD.jpg?resize=350%2C200","width":350,"height":200},"classes":[]},{"id":1180,"url":"http:\/\/my-alps.de\/?p=1180","url_meta":{"origin":827,"position":3},"title":"Ruta 5 &#8211; die l\u00e4ngste Einkaufsmeile der Welt","date":"4. Juni 2014","format":"gallery","excerpt":"Die Ruta 5 f\u00fchrt von Santiago aus nach S\u00fcden und nach Norden, sie ist ein Teil der Pan Amerikana. Es ist eine 4-spurige Autobahn mit dem Charme einer italienischen Autostrada und s\u00fcdamerikanischer Gelassenheit. So werden am Stra\u00dfenrand kleine H\u00fctten gebaut und man kann Honig, K\u00e4se oder Empanadas kaufen. Man f\u00e4hrt\u2026","rel":"","context":"In &quot;News&quot;","img":{"alt_text":"","src":"","width":0,"height":0},"classes":[]},{"id":724,"url":"http:\/\/my-alps.de\/?p=724","url_meta":{"origin":827,"position":4},"title":"Von El Chalten auf der Ruta 40 nach Chile","date":"23. Februar 2014","format":"gallery","excerpt":"Nach einer wundersch\u00f6nen Woche ist es an der Zeit weiter zu fahren. Unserer Reise f\u00fchrt nun \u00fcber die legend\u00e4re Ruta 40 (auf der wir uns schon einige Zeit bewegen) Richtung Norden. Die Gegend hier ist gepr\u00e4gt von - na ja - nichts - es gibt hier eigentlich nichts ausser Landschaft\u2026","rel":"","context":"In &quot;News&quot;","img":{"alt_text":"Ruta 40","src":"https:\/\/i0.wp.com\/my-alps.de\/wp-content\/uploads\/2014\/02\/Ruta-40.jpg?resize=350%2C200","width":350,"height":200},"classes":[]},{"id":1614,"url":"http:\/\/my-alps.de\/?p=1614","url_meta":{"origin":827,"position":5},"title":"Ecuador &#8211; entschleunigt leben","date":"17. September 2014","format":"gallery","excerpt":"Mittlerweile sitzen wir wieder mal an der K\u00fcste des Pazifiks und schauen auf das graue und endlose Meer hinaus. Etwa 500 Meter von uns entfernt tummeln sich ein paar Wale, machen sch\u00f6ne \"Bauchpflatscher\" oder schlagen mit ihren Schwanzflossen auf's Wasser. Pelikane und Fregattv\u00f6gel lassen sich vom Aufwind an der Steilk\u00fcste\u2026","rel":"","context":"In &quot;News&quot;","img":{"alt_text":"","src":"https:\/\/i0.wp.com\/my-alps.de\/wp-content\/uploads\/2014\/09\/wir-machen-auch-mal-Pause.jpg?resize=350%2C200","width":350,"height":200},"classes":[]}],"_links":{"self":[{"href":"http:\/\/my-alps.de\/index.php?rest_route=\/wp\/v2\/posts\/827"}],"collection":[{"href":"http:\/\/my-alps.de\/index.php?rest_route=\/wp\/v2\/posts"}],"about":[{"href":"http:\/\/my-alps.de\/index.php?rest_route=\/wp\/v2\/types\/post"}],"author":[{"embeddable":true,"href":"http:\/\/my-alps.de\/index.php?rest_route=\/wp\/v2\/users\/1"}],"replies":[{"embeddable":true,"href":"http:\/\/my-alps.de\/index.php?rest_route=%2Fwp%2Fv2%2Fcomments&post=827"}],"version-history":[{"count":1,"href":"http:\/\/my-alps.de\/index.php?rest_route=\/wp\/v2\/posts\/827\/revisions"}],"predecessor-version":[{"id":828,"href":"http:\/\/my-alps.de\/index.php?rest_route=\/wp\/v2\/posts\/827\/revisions\/828"}],"wp:attachment":[{"href":"http:\/\/my-alps.de\/index.php?rest_route=%2Fwp%2Fv2%2Fmedia&parent=827"}],"wp:term":[{"taxonomy":"category","embeddable":true,"href":"http:\/\/my-alps.de\/index.php?rest_route=%2Fwp%2Fv2%2Fcategories&post=827"},{"taxonomy":"post_tag","embeddable":true,"href":"http:\/\/my-alps.de\/index.php?rest_route=%2Fwp%2Fv2%2Ftags&post=827"}],"curies":[{"name":"wp","href":"https:\/\/api.w.org\/{rel}","templated":true}]}}