{"id":806,"date":"2014-03-10T18:07:31","date_gmt":"2014-03-10T17:07:31","guid":{"rendered":"http:\/\/my-alps.de\/?p=806"},"modified":"2014-03-10T18:28:22","modified_gmt":"2014-03-10T17:28:22","slug":"kalter-regenwald-in-puyuhuapi","status":"publish","type":"post","link":"http:\/\/my-alps.de\/?p=806","title":{"rendered":"Kalter Regenwald in Puyuhuapi"},"content":{"rendered":"<p>Hier in Chile gibt es in den Nationalparks \u201ekalten Regenwald\u201c, also richtigen, undurchdringlichen Dschungel. Nur das dieser Dschungel den riesigen Vorteil hat &#8211; es gibt so gut wie keine wilden Tiere darin! Man(n) kann also sch\u00f6n darin herumspazieren (wenn ein Pfad vorhanden ist) und sich die Sache mal n\u00e4her betrachten.<\/p>\n<div id=\"attachment_811\" style=\"width: 1034px\" class=\"wp-caption aligncenter\"><a href=\"https:\/\/i0.wp.com\/my-alps.de\/wp-content\/uploads\/2014\/03\/kalter-Regenwald-I.jpg\"><img aria-describedby=\"caption-attachment-811\" data-attachment-id=\"811\" data-permalink=\"http:\/\/my-alps.de\/?attachment_id=811\" data-orig-file=\"https:\/\/i0.wp.com\/my-alps.de\/wp-content\/uploads\/2014\/03\/kalter-Regenwald-I.jpg?fit=1024%2C683\" data-orig-size=\"1024,683\" data-comments-opened=\"1\" data-image-meta=\"{&quot;aperture&quot;:&quot;4.5&quot;,&quot;credit&quot;:&quot;&quot;,&quot;camera&quot;:&quot;SLT-A99V&quot;,&quot;caption&quot;:&quot;&quot;,&quot;created_timestamp&quot;:&quot;1394374604&quot;,&quot;copyright&quot;:&quot;&quot;,&quot;focal_length&quot;:&quot;60&quot;,&quot;iso&quot;:&quot;100&quot;,&quot;shutter_speed&quot;:&quot;0.1&quot;,&quot;title&quot;:&quot;&quot;}\" data-image-title=\"kalter Regenwald &#8211; I\" data-image-description=\"&lt;p&gt;kalter Regenwald&lt;\/p&gt;\n\" data-image-caption=\"&lt;p&gt;kalter Regenwald&lt;\/p&gt;\n\" data-medium-file=\"https:\/\/i0.wp.com\/my-alps.de\/wp-content\/uploads\/2014\/03\/kalter-Regenwald-I.jpg?fit=300%2C200\" data-large-file=\"https:\/\/i0.wp.com\/my-alps.de\/wp-content\/uploads\/2014\/03\/kalter-Regenwald-I.jpg?fit=625%2C417\" loading=\"lazy\" class=\"size-full wp-image-811\" alt=\"kalter Regenwald\" src=\"https:\/\/i0.wp.com\/my-alps.de\/wp-content\/uploads\/2014\/03\/kalter-Regenwald-I.jpg?resize=625%2C417\" width=\"625\" height=\"417\" srcset=\"https:\/\/i0.wp.com\/my-alps.de\/wp-content\/uploads\/2014\/03\/kalter-Regenwald-I.jpg?w=1024 1024w, https:\/\/i0.wp.com\/my-alps.de\/wp-content\/uploads\/2014\/03\/kalter-Regenwald-I.jpg?resize=300%2C200 300w\" sizes=\"(max-width: 625px) 100vw, 625px\" data-recalc-dims=\"1\" \/><\/a><p id=\"caption-attachment-811\" class=\"wp-caption-text\">kalter Regenwald<\/p><\/div>\n<p>Ich habe hier einen Gletscher entdeckt, und zu dem Aussichtspunkt f\u00fchrt eine 2,5 Stunden Wanderung. Den Gletscher wollte ich unbedingt anschauen und fotografieren, weil ein riesiger Wasserfall neben dem Eis mit in\u2019s Tal st\u00fcrzt. So habe ich mich auf den Weg gemacht.<\/p>\n<div id=\"attachment_813\" style=\"width: 586px\" class=\"wp-caption aligncenter\"><a href=\"https:\/\/i0.wp.com\/my-alps.de\/wp-content\/uploads\/2014\/03\/h\u00e4ngender-Gletscher-HD.jpg\"><img aria-describedby=\"caption-attachment-813\" data-attachment-id=\"813\" data-permalink=\"http:\/\/my-alps.de\/?attachment_id=813\" data-orig-file=\"https:\/\/i0.wp.com\/my-alps.de\/wp-content\/uploads\/2014\/03\/h\u00e4ngender-Gletscher-HD.jpg?fit=576%2C1024\" data-orig-size=\"576,1024\" data-comments-opened=\"1\" data-image-meta=\"{&quot;aperture&quot;:&quot;5.6&quot;,&quot;credit&quot;:&quot;&quot;,&quot;camera&quot;:&quot;SLT-A99V&quot;,&quot;caption&quot;:&quot;&quot;,&quot;created_timestamp&quot;:&quot;1394378033&quot;,&quot;copyright&quot;:&quot;&quot;,&quot;focal_length&quot;:&quot;70&quot;,&quot;iso&quot;:&quot;100&quot;,&quot;shutter_speed&quot;:&quot;0.008&quot;,&quot;title&quot;:&quot;&quot;}\" data-image-title=\"h\u00e4ngender Gletscher &#8211; HD\" data-image-description=\"&lt;p&gt;h\u00e4ngender Gletscher&lt;\/p&gt;\n\" data-image-caption=\"&lt;p&gt;h\u00e4ngender Gletscher&lt;\/p&gt;\n\" data-medium-file=\"https:\/\/i0.wp.com\/my-alps.de\/wp-content\/uploads\/2014\/03\/h\u00e4ngender-Gletscher-HD.jpg?fit=168%2C300\" data-large-file=\"https:\/\/i0.wp.com\/my-alps.de\/wp-content\/uploads\/2014\/03\/h\u00e4ngender-Gletscher-HD.jpg?fit=576%2C1024\" loading=\"lazy\" class=\"size-full wp-image-813\" alt=\"h\u00e4ngender Gletscher\" src=\"https:\/\/i0.wp.com\/my-alps.de\/wp-content\/uploads\/2014\/03\/h\u00e4ngender-Gletscher-HD.jpg?resize=576%2C1024\" width=\"576\" height=\"1024\" srcset=\"https:\/\/i0.wp.com\/my-alps.de\/wp-content\/uploads\/2014\/03\/h\u00e4ngender-Gletscher-HD.jpg?w=576 576w, https:\/\/i0.wp.com\/my-alps.de\/wp-content\/uploads\/2014\/03\/h\u00e4ngender-Gletscher-HD.jpg?resize=168%2C300 168w\" sizes=\"(max-width: 576px) 100vw, 576px\" data-recalc-dims=\"1\" \/><\/a><p id=\"caption-attachment-813\" class=\"wp-caption-text\">h\u00e4ngender Gletscher<\/p><\/div>\n<p>Schon nach ein paar Metern im Dschungel war ich von den verschiedensten Gr\u00fcnt\u00f6nen umgeben. Der Weg war sumpfig und matschig, und aus allen Winkeln tropfte Wasser herunter.<\/p>\n<div id=\"attachment_816\" style=\"width: 1034px\" class=\"wp-caption aligncenter\"><a href=\"https:\/\/i0.wp.com\/my-alps.de\/wp-content\/uploads\/2014\/03\/Dschungel-HD.jpg\"><img aria-describedby=\"caption-attachment-816\" data-attachment-id=\"816\" data-permalink=\"http:\/\/my-alps.de\/?attachment_id=816\" data-orig-file=\"https:\/\/i0.wp.com\/my-alps.de\/wp-content\/uploads\/2014\/03\/Dschungel-HD.jpg?fit=1024%2C576\" data-orig-size=\"1024,576\" data-comments-opened=\"1\" data-image-meta=\"{&quot;aperture&quot;:&quot;2&quot;,&quot;credit&quot;:&quot;&quot;,&quot;camera&quot;:&quot;SLT-A99V&quot;,&quot;caption&quot;:&quot;&quot;,&quot;created_timestamp&quot;:&quot;1394380576&quot;,&quot;copyright&quot;:&quot;&quot;,&quot;focal_length&quot;:&quot;35&quot;,&quot;iso&quot;:&quot;320&quot;,&quot;shutter_speed&quot;:&quot;0.011111111111111&quot;,&quot;title&quot;:&quot;&quot;}\" data-image-title=\"Dschungel &#8211; HD\" data-image-description=\"&lt;p&gt;Dschungel&lt;\/p&gt;\n\" data-image-caption=\"&lt;p&gt;Dschungel&lt;\/p&gt;\n\" data-medium-file=\"https:\/\/i0.wp.com\/my-alps.de\/wp-content\/uploads\/2014\/03\/Dschungel-HD.jpg?fit=300%2C168\" data-large-file=\"https:\/\/i0.wp.com\/my-alps.de\/wp-content\/uploads\/2014\/03\/Dschungel-HD.jpg?fit=625%2C352\" loading=\"lazy\" class=\"size-full wp-image-816\" alt=\"Dschungel\" src=\"https:\/\/i0.wp.com\/my-alps.de\/wp-content\/uploads\/2014\/03\/Dschungel-HD.jpg?resize=625%2C352\" width=\"625\" height=\"352\" srcset=\"https:\/\/i0.wp.com\/my-alps.de\/wp-content\/uploads\/2014\/03\/Dschungel-HD.jpg?w=1024 1024w, https:\/\/i0.wp.com\/my-alps.de\/wp-content\/uploads\/2014\/03\/Dschungel-HD.jpg?resize=300%2C168 300w\" sizes=\"(max-width: 625px) 100vw, 625px\" data-recalc-dims=\"1\" \/><\/a><p id=\"caption-attachment-816\" class=\"wp-caption-text\">Dschungel<\/p><\/div>\n<p>Ich war begeistert. Die Zeit um den Aussichtspunkt zu erreichen war egal. Ich kam mir vor wie in einem M\u00e4rchenland. Bambusgr\u00e4ser, Lianen und Farne.<\/p>\n<div id=\"attachment_810\" style=\"width: 1034px\" class=\"wp-caption aligncenter\"><a href=\"https:\/\/i0.wp.com\/my-alps.de\/wp-content\/uploads\/2014\/03\/kalter-Dschungel-sw.jpg\"><img aria-describedby=\"caption-attachment-810\" data-attachment-id=\"810\" data-permalink=\"http:\/\/my-alps.de\/?attachment_id=810\" data-orig-file=\"https:\/\/i0.wp.com\/my-alps.de\/wp-content\/uploads\/2014\/03\/kalter-Dschungel-sw.jpg?fit=1024%2C683\" data-orig-size=\"1024,683\" data-comments-opened=\"1\" data-image-meta=\"{&quot;aperture&quot;:&quot;8&quot;,&quot;credit&quot;:&quot;&quot;,&quot;camera&quot;:&quot;SLT-A99V&quot;,&quot;caption&quot;:&quot;&quot;,&quot;created_timestamp&quot;:&quot;1394281119&quot;,&quot;copyright&quot;:&quot;&quot;,&quot;focal_length&quot;:&quot;200&quot;,&quot;iso&quot;:&quot;100&quot;,&quot;shutter_speed&quot;:&quot;0.005&quot;,&quot;title&quot;:&quot;&quot;}\" data-image-title=\"kalter Dschungel &#8211; sw\" data-image-description=\"&lt;p&gt;kalter Dschungel&lt;\/p&gt;\n\" data-image-caption=\"&lt;p&gt;kalter Dschungel&lt;\/p&gt;\n\" data-medium-file=\"https:\/\/i0.wp.com\/my-alps.de\/wp-content\/uploads\/2014\/03\/kalter-Dschungel-sw.jpg?fit=300%2C200\" data-large-file=\"https:\/\/i0.wp.com\/my-alps.de\/wp-content\/uploads\/2014\/03\/kalter-Dschungel-sw.jpg?fit=625%2C417\" loading=\"lazy\" class=\"size-full wp-image-810\" alt=\"kalter Dschungel\" src=\"https:\/\/i0.wp.com\/my-alps.de\/wp-content\/uploads\/2014\/03\/kalter-Dschungel-sw.jpg?resize=625%2C417\" width=\"625\" height=\"417\" srcset=\"https:\/\/i0.wp.com\/my-alps.de\/wp-content\/uploads\/2014\/03\/kalter-Dschungel-sw.jpg?w=1024 1024w, https:\/\/i0.wp.com\/my-alps.de\/wp-content\/uploads\/2014\/03\/kalter-Dschungel-sw.jpg?resize=300%2C200 300w\" sizes=\"(max-width: 625px) 100vw, 625px\" data-recalc-dims=\"1\" \/><\/a><p id=\"caption-attachment-810\" class=\"wp-caption-text\">kalter Dschungel<\/p><\/div>\n<p>Dazu \u201eNalka\u201c, das Gew\u00e4chs was unserem Rhabarber \u00e4hnelt &#8211; die Bl\u00e4tter so gro\u00df wie aufgespannte Regenschirme.\u00a0Den Gletscher habe ich zwar auch noch fotografiert &#8211; aber dazu war das Wetter dann doch zu schlecht. Wolkenverhangen und diesige Sicht. Trotzdem sehenswert.Aber auf dem R\u00fcckweg k\u00f6nnt ich ja den ganzen Zauberwald noch mal ausgiebig betrachten.<\/p>\n<div id=\"attachment_818\" style=\"width: 1034px\" class=\"wp-caption aligncenter\"><a href=\"https:\/\/i0.wp.com\/my-alps.de\/wp-content\/uploads\/2014\/03\/einzige-Stra\u00dfenverbindung-HD.jpg\"><img aria-describedby=\"caption-attachment-818\" data-attachment-id=\"818\" data-permalink=\"http:\/\/my-alps.de\/?attachment_id=818\" data-orig-file=\"https:\/\/i0.wp.com\/my-alps.de\/wp-content\/uploads\/2014\/03\/einzige-Stra\u00dfenverbindung-HD.jpg?fit=1024%2C1024\" data-orig-size=\"1024,1024\" data-comments-opened=\"1\" data-image-meta=\"{&quot;aperture&quot;:&quot;2.8&quot;,&quot;credit&quot;:&quot;&quot;,&quot;camera&quot;:&quot;DSC-RX100&quot;,&quot;caption&quot;:&quot;&quot;,&quot;created_timestamp&quot;:&quot;1394229990&quot;,&quot;copyright&quot;:&quot;&quot;,&quot;focal_length&quot;:&quot;10.4&quot;,&quot;iso&quot;:&quot;160&quot;,&quot;shutter_speed&quot;:&quot;0.008&quot;,&quot;title&quot;:&quot;&quot;}\" data-image-title=\"einzige Stra\u00dfenverbindung &#8211; HD\" data-image-description=\"&lt;p&gt;einzige Stra\u00dfenverbindung&lt;\/p&gt;\n\" data-image-caption=\"&lt;p&gt;einzige Stra\u00dfenverbindung&lt;\/p&gt;\n\" data-medium-file=\"https:\/\/i0.wp.com\/my-alps.de\/wp-content\/uploads\/2014\/03\/einzige-Stra\u00dfenverbindung-HD.jpg?fit=300%2C300\" data-large-file=\"https:\/\/i0.wp.com\/my-alps.de\/wp-content\/uploads\/2014\/03\/einzige-Stra\u00dfenverbindung-HD.jpg?fit=625%2C625\" loading=\"lazy\" class=\"size-full wp-image-818\" alt=\"einzige Stra\u00dfenverbindung\" src=\"https:\/\/i0.wp.com\/my-alps.de\/wp-content\/uploads\/2014\/03\/einzige-Stra\u00dfenverbindung-HD.jpg?resize=625%2C625\" width=\"625\" height=\"625\" srcset=\"https:\/\/i0.wp.com\/my-alps.de\/wp-content\/uploads\/2014\/03\/einzige-Stra\u00dfenverbindung-HD.jpg?w=1024 1024w, https:\/\/i0.wp.com\/my-alps.de\/wp-content\/uploads\/2014\/03\/einzige-Stra\u00dfenverbindung-HD.jpg?resize=290%2C290 290w, https:\/\/i0.wp.com\/my-alps.de\/wp-content\/uploads\/2014\/03\/einzige-Stra\u00dfenverbindung-HD.jpg?resize=300%2C300 300w\" sizes=\"(max-width: 625px) 100vw, 625px\" data-recalc-dims=\"1\" \/><\/a><p id=\"caption-attachment-818\" class=\"wp-caption-text\">einzige Stra\u00dfenverbindung<\/p><\/div>\n<p>Und durch diese Region f\u00fchrt die einzige Stra\u00dfe die den Norden von Chile mit dem S\u00fcden verbindet. Eine Schotterpiste, manchmal gerade so breit das ein LKW darauf fahren kann.<\/p>\n<div id=\"attachment_808\" style=\"width: 1034px\" class=\"wp-caption aligncenter\"><a href=\"https:\/\/i0.wp.com\/my-alps.de\/wp-content\/uploads\/2014\/03\/bitte-Vorbeilassen-HD.jpg\"><img aria-describedby=\"caption-attachment-808\" data-attachment-id=\"808\" data-permalink=\"http:\/\/my-alps.de\/?attachment_id=808\" data-orig-file=\"https:\/\/i0.wp.com\/my-alps.de\/wp-content\/uploads\/2014\/03\/bitte-Vorbeilassen-HD.jpg?fit=1024%2C576\" data-orig-size=\"1024,576\" data-comments-opened=\"1\" data-image-meta=\"{&quot;aperture&quot;:&quot;3.5&quot;,&quot;credit&quot;:&quot;&quot;,&quot;camera&quot;:&quot;DSC-RX100&quot;,&quot;caption&quot;:&quot;&quot;,&quot;created_timestamp&quot;:&quot;1394227610&quot;,&quot;copyright&quot;:&quot;&quot;,&quot;focal_length&quot;:&quot;13.42&quot;,&quot;iso&quot;:&quot;320&quot;,&quot;shutter_speed&quot;:&quot;0.004&quot;,&quot;title&quot;:&quot;&quot;}\" data-image-title=\"bitte Vorbeilassen &#8211; HD\" data-image-description=\"&lt;p&gt;bitte Vorbeilassen &lt;\/p&gt;\n\" data-image-caption=\"&lt;p&gt;bitte Vorbeilassen &lt;\/p&gt;\n\" data-medium-file=\"https:\/\/i0.wp.com\/my-alps.de\/wp-content\/uploads\/2014\/03\/bitte-Vorbeilassen-HD.jpg?fit=300%2C168\" data-large-file=\"https:\/\/i0.wp.com\/my-alps.de\/wp-content\/uploads\/2014\/03\/bitte-Vorbeilassen-HD.jpg?fit=625%2C352\" loading=\"lazy\" class=\"size-full wp-image-808\" alt=\"bitte Vorbeilassen \" src=\"https:\/\/i0.wp.com\/my-alps.de\/wp-content\/uploads\/2014\/03\/bitte-Vorbeilassen-HD.jpg?resize=625%2C352\" width=\"625\" height=\"352\" srcset=\"https:\/\/i0.wp.com\/my-alps.de\/wp-content\/uploads\/2014\/03\/bitte-Vorbeilassen-HD.jpg?w=1024 1024w, https:\/\/i0.wp.com\/my-alps.de\/wp-content\/uploads\/2014\/03\/bitte-Vorbeilassen-HD.jpg?resize=300%2C168 300w\" sizes=\"(max-width: 625px) 100vw, 625px\" data-recalc-dims=\"1\" \/><\/a><p id=\"caption-attachment-808\" class=\"wp-caption-text\">bitte Vorbeilassen<\/p><\/div>\n<p>An dieser Stra\u00dfe liegt auch Puyuhuapi<br \/>\n(muss man ganz schnell aussprechen ohne sich dabei die Zunge abzubrechen).<br \/>\nEin kleines Dorf am Pazifikfjord.<\/p>\n<div id=\"attachment_812\" style=\"width: 1034px\" class=\"wp-caption aligncenter\"><a href=\"https:\/\/i0.wp.com\/my-alps.de\/wp-content\/uploads\/2014\/03\/Puyuhuapi-Hauptstra\u00dfe.jpg\"><img aria-describedby=\"caption-attachment-812\" data-attachment-id=\"812\" data-permalink=\"http:\/\/my-alps.de\/?attachment_id=812\" data-orig-file=\"https:\/\/i0.wp.com\/my-alps.de\/wp-content\/uploads\/2014\/03\/Puyuhuapi-Hauptstra\u00dfe.jpg?fit=1024%2C576\" data-orig-size=\"1024,576\" data-comments-opened=\"1\" data-image-meta=\"{&quot;aperture&quot;:&quot;6.7&quot;,&quot;credit&quot;:&quot;&quot;,&quot;camera&quot;:&quot;SLT-A99V&quot;,&quot;caption&quot;:&quot;&quot;,&quot;created_timestamp&quot;:&quot;1394298983&quot;,&quot;copyright&quot;:&quot;&quot;,&quot;focal_length&quot;:&quot;70&quot;,&quot;iso&quot;:&quot;100&quot;,&quot;shutter_speed&quot;:&quot;0.004&quot;,&quot;title&quot;:&quot;&quot;}\" data-image-title=\"Puyuhuapi &#8211; Hauptstra\u00dfe\" data-image-description=\"&lt;p&gt;Puyuhuapi &#8211; Hauptstra\u00dfe&lt;\/p&gt;\n\" data-image-caption=\"&lt;p&gt;Puyuhuapi &#8211; Hauptstra\u00dfe&lt;\/p&gt;\n\" data-medium-file=\"https:\/\/i0.wp.com\/my-alps.de\/wp-content\/uploads\/2014\/03\/Puyuhuapi-Hauptstra\u00dfe.jpg?fit=300%2C168\" data-large-file=\"https:\/\/i0.wp.com\/my-alps.de\/wp-content\/uploads\/2014\/03\/Puyuhuapi-Hauptstra\u00dfe.jpg?fit=625%2C352\" loading=\"lazy\" class=\"size-full wp-image-812\" alt=\"Puyuhuapi - Hauptstra\u00dfe\" src=\"https:\/\/i0.wp.com\/my-alps.de\/wp-content\/uploads\/2014\/03\/Puyuhuapi-Hauptstra\u00dfe.jpg?resize=625%2C352\" width=\"625\" height=\"352\" srcset=\"https:\/\/i0.wp.com\/my-alps.de\/wp-content\/uploads\/2014\/03\/Puyuhuapi-Hauptstra\u00dfe.jpg?w=1024 1024w, https:\/\/i0.wp.com\/my-alps.de\/wp-content\/uploads\/2014\/03\/Puyuhuapi-Hauptstra\u00dfe.jpg?resize=300%2C168 300w\" sizes=\"(max-width: 625px) 100vw, 625px\" data-recalc-dims=\"1\" \/><\/a><p id=\"caption-attachment-812\" class=\"wp-caption-text\">Puyuhuapi &#8211; Hauptstra\u00dfe<\/p><\/div>\n<p>Puyuhuapi wurde von 4 Deutschen Auswanderern gegr\u00fcndet, und deshalb gibt es hier auch ein \u201e\u201cCaf\u00e9 Rossbach, eine \u201eWalter Hopperdietzl\u201c Stra\u00dfe und noch mehr Namen, die an zu Hause erinnern. Leicht hatten es diese Auswanderer nicht, hier im Nichts etwas aufzubauen. Aber heute gibt es hier ein Super Luxus Hotel, einige warme Quellen wurden erschlossen. Man kann im Wasser entspannen, den Blick auf den Pazifikfjord gerichtet, in der Ferne die wolkenverhangenen Berge und auf dem Wasser schaukeln ein paar kleine Fischerboote.<\/p>\n<div id=\"attachment_809\" style=\"width: 1034px\" class=\"wp-caption aligncenter\"><a href=\"https:\/\/i0.wp.com\/my-alps.de\/wp-content\/uploads\/2014\/03\/gestern-am-Pazifik-HD-sw.jpg\"><img aria-describedby=\"caption-attachment-809\" data-attachment-id=\"809\" data-permalink=\"http:\/\/my-alps.de\/?attachment_id=809\" data-orig-file=\"https:\/\/i0.wp.com\/my-alps.de\/wp-content\/uploads\/2014\/03\/gestern-am-Pazifik-HD-sw.jpg?fit=1024%2C576\" data-orig-size=\"1024,576\" data-comments-opened=\"1\" data-image-meta=\"{&quot;aperture&quot;:&quot;9.5&quot;,&quot;credit&quot;:&quot;&quot;,&quot;camera&quot;:&quot;SLT-A99V&quot;,&quot;caption&quot;:&quot;&quot;,&quot;created_timestamp&quot;:&quot;1394359960&quot;,&quot;copyright&quot;:&quot;&quot;,&quot;focal_length&quot;:&quot;70&quot;,&quot;iso&quot;:&quot;100&quot;,&quot;shutter_speed&quot;:&quot;0.005&quot;,&quot;title&quot;:&quot;&quot;}\" data-image-title=\"gestern &#8211; am Pazifik &#8211; HD &#8211; sw\" data-image-description=\"&lt;p&gt;gestern &#8211; am Pazifik &lt;\/p&gt;\n\" data-image-caption=\"&lt;p&gt;gestern &#8211; am Pazifik &lt;\/p&gt;\n\" data-medium-file=\"https:\/\/i0.wp.com\/my-alps.de\/wp-content\/uploads\/2014\/03\/gestern-am-Pazifik-HD-sw.jpg?fit=300%2C168\" data-large-file=\"https:\/\/i0.wp.com\/my-alps.de\/wp-content\/uploads\/2014\/03\/gestern-am-Pazifik-HD-sw.jpg?fit=625%2C352\" loading=\"lazy\" class=\"size-full wp-image-809\" alt=\"gestern - am Pazifik \" src=\"https:\/\/i0.wp.com\/my-alps.de\/wp-content\/uploads\/2014\/03\/gestern-am-Pazifik-HD-sw.jpg?resize=625%2C352\" width=\"625\" height=\"352\" srcset=\"https:\/\/i0.wp.com\/my-alps.de\/wp-content\/uploads\/2014\/03\/gestern-am-Pazifik-HD-sw.jpg?w=1024 1024w, https:\/\/i0.wp.com\/my-alps.de\/wp-content\/uploads\/2014\/03\/gestern-am-Pazifik-HD-sw.jpg?resize=300%2C168 300w\" sizes=\"(max-width: 625px) 100vw, 625px\" data-recalc-dims=\"1\" \/><\/a><p id=\"caption-attachment-809\" class=\"wp-caption-text\">gestern &#8211; am Pazifik<\/p><\/div>\n<p>&nbsp;<\/p>\n<div id=\"attachment_820\" style=\"width: 1034px\" class=\"wp-caption aligncenter\"><a href=\"https:\/\/i0.wp.com\/my-alps.de\/wp-content\/uploads\/2014\/03\/erster-Schnee-auf-den-Bergen.jpg\"><img aria-describedby=\"caption-attachment-820\" data-attachment-id=\"820\" data-permalink=\"http:\/\/my-alps.de\/?attachment_id=820\" data-orig-file=\"https:\/\/i0.wp.com\/my-alps.de\/wp-content\/uploads\/2014\/03\/erster-Schnee-auf-den-Bergen.jpg?fit=1024%2C683\" data-orig-size=\"1024,683\" data-comments-opened=\"1\" data-image-meta=\"{&quot;aperture&quot;:&quot;6.7&quot;,&quot;credit&quot;:&quot;&quot;,&quot;camera&quot;:&quot;SLT-A99V&quot;,&quot;caption&quot;:&quot;&quot;,&quot;created_timestamp&quot;:&quot;1394360009&quot;,&quot;copyright&quot;:&quot;&quot;,&quot;focal_length&quot;:&quot;55&quot;,&quot;iso&quot;:&quot;100&quot;,&quot;shutter_speed&quot;:&quot;0.008&quot;,&quot;title&quot;:&quot;&quot;}\" data-image-title=\"erster Schnee auf den Bergen\" data-image-description=\"&lt;p&gt;erster Schnee auf den Bergen&lt;\/p&gt;\n\" data-image-caption=\"&lt;p&gt;erster Schnee auf den Bergen&lt;\/p&gt;\n\" data-medium-file=\"https:\/\/i0.wp.com\/my-alps.de\/wp-content\/uploads\/2014\/03\/erster-Schnee-auf-den-Bergen.jpg?fit=300%2C200\" data-large-file=\"https:\/\/i0.wp.com\/my-alps.de\/wp-content\/uploads\/2014\/03\/erster-Schnee-auf-den-Bergen.jpg?fit=625%2C417\" loading=\"lazy\" class=\"size-full wp-image-820\" alt=\"erster Schnee auf den Bergen\" src=\"https:\/\/i0.wp.com\/my-alps.de\/wp-content\/uploads\/2014\/03\/erster-Schnee-auf-den-Bergen.jpg?resize=625%2C417\" width=\"625\" height=\"417\" srcset=\"https:\/\/i0.wp.com\/my-alps.de\/wp-content\/uploads\/2014\/03\/erster-Schnee-auf-den-Bergen.jpg?w=1024 1024w, https:\/\/i0.wp.com\/my-alps.de\/wp-content\/uploads\/2014\/03\/erster-Schnee-auf-den-Bergen.jpg?resize=300%2C200 300w\" sizes=\"(max-width: 625px) 100vw, 625px\" data-recalc-dims=\"1\" \/><\/a><p id=\"caption-attachment-820\" class=\"wp-caption-text\">erster Schnee auf den Bergen<\/p><\/div>\n<div id=\"attachment_822\" style=\"width: 1034px\" class=\"wp-caption aligncenter\"><a href=\"https:\/\/i0.wp.com\/my-alps.de\/wp-content\/uploads\/2014\/03\/unsere-kleine-Farm-HD.jpg\"><img aria-describedby=\"caption-attachment-822\" data-attachment-id=\"822\" data-permalink=\"http:\/\/my-alps.de\/?attachment_id=822\" data-orig-file=\"https:\/\/i0.wp.com\/my-alps.de\/wp-content\/uploads\/2014\/03\/unsere-kleine-Farm-HD.jpg?fit=1024%2C576\" data-orig-size=\"1024,576\" data-comments-opened=\"1\" data-image-meta=\"{&quot;aperture&quot;:&quot;5.6&quot;,&quot;credit&quot;:&quot;&quot;,&quot;camera&quot;:&quot;SLT-A99V&quot;,&quot;caption&quot;:&quot;&quot;,&quot;created_timestamp&quot;:&quot;1394109138&quot;,&quot;copyright&quot;:&quot;&quot;,&quot;focal_length&quot;:&quot;24&quot;,&quot;iso&quot;:&quot;100&quot;,&quot;shutter_speed&quot;:&quot;0.0028571428571429&quot;,&quot;title&quot;:&quot;&quot;}\" data-image-title=\"unsere kleine Farm &#8211; HD\" data-image-description=\"&lt;p&gt;unsere kleine Farm&lt;\/p&gt;\n\" data-image-caption=\"&lt;p&gt;unsere kleine Farm&lt;\/p&gt;\n\" data-medium-file=\"https:\/\/i0.wp.com\/my-alps.de\/wp-content\/uploads\/2014\/03\/unsere-kleine-Farm-HD.jpg?fit=300%2C168\" data-large-file=\"https:\/\/i0.wp.com\/my-alps.de\/wp-content\/uploads\/2014\/03\/unsere-kleine-Farm-HD.jpg?fit=625%2C352\" loading=\"lazy\" class=\"size-full wp-image-822\" alt=\"unsere kleine Farm\" src=\"https:\/\/i0.wp.com\/my-alps.de\/wp-content\/uploads\/2014\/03\/unsere-kleine-Farm-HD.jpg?resize=625%2C352\" width=\"625\" height=\"352\" srcset=\"https:\/\/i0.wp.com\/my-alps.de\/wp-content\/uploads\/2014\/03\/unsere-kleine-Farm-HD.jpg?w=1024 1024w, https:\/\/i0.wp.com\/my-alps.de\/wp-content\/uploads\/2014\/03\/unsere-kleine-Farm-HD.jpg?resize=300%2C168 300w\" sizes=\"(max-width: 625px) 100vw, 625px\" data-recalc-dims=\"1\" \/><\/a><p id=\"caption-attachment-822\" class=\"wp-caption-text\">unsere kleine Farm<\/p><\/div>\n<div id=\"attachment_821\" style=\"width: 1034px\" class=\"wp-caption aligncenter\"><a href=\"https:\/\/i0.wp.com\/my-alps.de\/wp-content\/uploads\/2014\/03\/puhhh-noch-ganz-sch\u00f6n-weit.jpg\"><img aria-describedby=\"caption-attachment-821\" data-attachment-id=\"821\" data-permalink=\"http:\/\/my-alps.de\/?attachment_id=821\" data-orig-file=\"https:\/\/i0.wp.com\/my-alps.de\/wp-content\/uploads\/2014\/03\/puhhh-noch-ganz-sch\u00f6n-weit.jpg?fit=1024%2C683\" data-orig-size=\"1024,683\" data-comments-opened=\"1\" data-image-meta=\"{&quot;aperture&quot;:&quot;9.5&quot;,&quot;credit&quot;:&quot;&quot;,&quot;camera&quot;:&quot;SLT-A99V&quot;,&quot;caption&quot;:&quot;&quot;,&quot;created_timestamp&quot;:&quot;1394109733&quot;,&quot;copyright&quot;:&quot;&quot;,&quot;focal_length&quot;:&quot;70&quot;,&quot;iso&quot;:&quot;100&quot;,&quot;shutter_speed&quot;:&quot;0.008&quot;,&quot;title&quot;:&quot;&quot;}\" data-image-title=\"puhhh &#8211; noch ganz sch\u00f6n weit!\" data-image-description=\"&lt;p&gt;puhhh &#8211; noch ganz sch\u00f6n weit!&lt;\/p&gt;\n\" data-image-caption=\"&lt;p&gt;puhhh &#8211; noch ganz sch\u00f6n weit!&lt;\/p&gt;\n\" data-medium-file=\"https:\/\/i0.wp.com\/my-alps.de\/wp-content\/uploads\/2014\/03\/puhhh-noch-ganz-sch\u00f6n-weit.jpg?fit=300%2C200\" data-large-file=\"https:\/\/i0.wp.com\/my-alps.de\/wp-content\/uploads\/2014\/03\/puhhh-noch-ganz-sch\u00f6n-weit.jpg?fit=625%2C417\" loading=\"lazy\" class=\"size-full wp-image-821\" alt=\"puhhh - noch ganz sch\u00f6n weit!\" src=\"https:\/\/i0.wp.com\/my-alps.de\/wp-content\/uploads\/2014\/03\/puhhh-noch-ganz-sch\u00f6n-weit.jpg?resize=625%2C417\" width=\"625\" height=\"417\" srcset=\"https:\/\/i0.wp.com\/my-alps.de\/wp-content\/uploads\/2014\/03\/puhhh-noch-ganz-sch\u00f6n-weit.jpg?w=1024 1024w, https:\/\/i0.wp.com\/my-alps.de\/wp-content\/uploads\/2014\/03\/puhhh-noch-ganz-sch\u00f6n-weit.jpg?resize=300%2C200 300w\" sizes=\"(max-width: 625px) 100vw, 625px\" data-recalc-dims=\"1\" \/><\/a><p id=\"caption-attachment-821\" class=\"wp-caption-text\">puhhh &#8211; noch ganz sch\u00f6n weit!<\/p><\/div>\n<div id=\"attachment_824\" style=\"width: 1034px\" class=\"wp-caption aligncenter\"><a href=\"https:\/\/i0.wp.com\/my-alps.de\/wp-content\/uploads\/2014\/03\/Gr\u00fcntal-HD.jpg\"><img aria-describedby=\"caption-attachment-824\" data-attachment-id=\"824\" data-permalink=\"http:\/\/my-alps.de\/?attachment_id=824\" data-orig-file=\"https:\/\/i0.wp.com\/my-alps.de\/wp-content\/uploads\/2014\/03\/Gr\u00fcntal-HD.jpg?fit=1024%2C576\" data-orig-size=\"1024,576\" data-comments-opened=\"1\" data-image-meta=\"{&quot;aperture&quot;:&quot;9.5&quot;,&quot;credit&quot;:&quot;&quot;,&quot;camera&quot;:&quot;SLT-A99V&quot;,&quot;caption&quot;:&quot;&quot;,&quot;created_timestamp&quot;:&quot;1394110163&quot;,&quot;copyright&quot;:&quot;&quot;,&quot;focal_length&quot;:&quot;24&quot;,&quot;iso&quot;:&quot;100&quot;,&quot;shutter_speed&quot;:&quot;0.011111111111111&quot;,&quot;title&quot;:&quot;&quot;}\" data-image-title=\"Gr\u00fcntal &#8211; HD\" data-image-description=\"&lt;p&gt;Gr\u00fcntal&lt;\/p&gt;\n\" data-image-caption=\"&lt;p&gt;Gr\u00fcntal&lt;\/p&gt;\n\" data-medium-file=\"https:\/\/i0.wp.com\/my-alps.de\/wp-content\/uploads\/2014\/03\/Gr\u00fcntal-HD.jpg?fit=300%2C168\" data-large-file=\"https:\/\/i0.wp.com\/my-alps.de\/wp-content\/uploads\/2014\/03\/Gr\u00fcntal-HD.jpg?fit=625%2C352\" loading=\"lazy\" class=\"size-full wp-image-824\" alt=\"Gr\u00fcntal\" src=\"https:\/\/i0.wp.com\/my-alps.de\/wp-content\/uploads\/2014\/03\/Gr\u00fcntal-HD.jpg?resize=625%2C352\" width=\"625\" height=\"352\" srcset=\"https:\/\/i0.wp.com\/my-alps.de\/wp-content\/uploads\/2014\/03\/Gr\u00fcntal-HD.jpg?w=1024 1024w, https:\/\/i0.wp.com\/my-alps.de\/wp-content\/uploads\/2014\/03\/Gr\u00fcntal-HD.jpg?resize=300%2C168 300w\" sizes=\"(max-width: 625px) 100vw, 625px\" data-recalc-dims=\"1\" \/><\/a><p id=\"caption-attachment-824\" class=\"wp-caption-text\">Gr\u00fcntal<\/p><\/div>\n<p>&nbsp;<\/p>\n","protected":false},"excerpt":{"rendered":"<p>Hier in Chile gibt es in den Nationalparks \u201ekalten Regenwald\u201c, also richtigen, undurchdringlichen Dschungel. Nur das dieser Dschungel den riesigen Vorteil hat &#8211; es gibt so gut wie keine wilden Tiere darin! Man(n) kann also sch\u00f6n darin herumspazieren (wenn ein Pfad vorhanden ist) und sich die Sache mal n\u00e4her betrachten. Ich habe hier einen Gletscher [&hellip;]<\/p>\n","protected":false},"author":1,"featured_media":0,"comment_status":"open","ping_status":"open","sticky":false,"template":"","format":"gallery","meta":{"spay_email":"","jetpack_publicize_message":"","jetpack_is_tweetstorm":false,"jetpack_publicize_feature_enabled":true},"categories":[1],"tags":[],"jetpack_featured_media_url":"","jetpack_publicize_connections":[],"jetpack_sharing_enabled":true,"jetpack_shortlink":"https:\/\/wp.me\/p6huce-d0","jetpack-related-posts":[{"id":748,"url":"http:\/\/my-alps.de\/?p=748","url_meta":{"origin":806,"position":0},"title":"Von Puerto Tranquilo in\u2019s Valle de Exploradores mit dem \u201eKlapperfritz\u201c","date":"3. M\u00e4rz 2014","format":"gallery","excerpt":"Dann geht\u2019s wieder weiter, die \u201eCarretera Austral\u201c hinauf. Immer wieder halten wir an und bestaunen die Fjordlandschaft mit den tief eingeschnittenen Buchten und den kleinen Inseln. In \u201ePuerto Tranquilo\u201c biegen wir links ab in das Tal: \u201eValle de Exploradores\u201c. Die Schotterpiste f\u00e4hrt sich wie ein besseres Flussbett und zu allem\u2026","rel":"","context":"In &quot;News&quot;","img":{"alt_text":"","src":"https:\/\/i0.wp.com\/my-alps.de\/wp-content\/uploads\/2014\/03\/kalter-Regenwald-HD.jpg?resize=350%2C200","width":350,"height":200},"classes":[]},{"id":1642,"url":"http:\/\/my-alps.de\/?p=1642","url_meta":{"origin":806,"position":1},"title":"nach Banos","date":"24. September 2014","format":"gallery","excerpt":"Wir fahren zickzack durch Ecuador, so kommt es uns jedenfalls vor! Nach den arbeitsreichen, aber auch erholsamen Tagen am Pazifik sind wir wieder quer durch das Landesinnere gefahren. Unser Ziel war der (sehr) aktive Vulkan \"Tungurahua\" bei Banos. Zuerst ging es an der K\u00fcste hinauf bis \"Jipijapa\" und danach durch\u2026","rel":"","context":"In &quot;News&quot;","img":{"alt_text":"","src":"https:\/\/i0.wp.com\/my-alps.de\/wp-content\/uploads\/2014\/09\/Finca-Chamanapamba-II.jpg?resize=350%2C200","width":350,"height":200},"classes":[]},{"id":682,"url":"http:\/\/my-alps.de\/?p=682","url_meta":{"origin":806,"position":2},"title":"Chillen am &#8222;Lago Roca&#8220;","date":"9. Februar 2014","format":"gallery","excerpt":"Nachdem wir den Gletscher ausgiebig beobachtet und in Ehrfurcht erstarrt waren - da mussten wir uns erst mal ein wenig erholen. Im Nationalpark, auf der anderen Seite des See's liegt ein wundersch\u00f6ner Campingplatz am Lago Roca. Hier gibt es warme Duschen - den ganzen Tag! Einen super Stellplatz f\u00fcr jeden\u2026","rel":"","context":"In &quot;News&quot;","img":{"alt_text":"","src":"https:\/\/i0.wp.com\/my-alps.de\/wp-content\/uploads\/2014\/02\/Lago-Roca-traumhafter-Stellplatz-HD.jpg?resize=350%2C200","width":350,"height":200},"classes":[]},{"id":1059,"url":"http:\/\/my-alps.de\/?p=1059","url_meta":{"origin":806,"position":3},"title":"Indian Summer im Mapuche Land","date":"28. April 2014","format":"gallery","excerpt":"Nachdem wir unsere Ersatzteile f\u00fcr die Reparatur unseres Allradantriebes in Deutschland bestellt hatten, war es an der Zeit in Osorno aufzubrechen. Wir werden einige Tage nach Argentinien fahren, da unser 90 Tage Aufenthaltsvisum in Chile bald abl\u00e4uft, und wir durch den Grenz\u00fcbertritt das Visum ganz einfach wieder erneuern k\u00f6nnen. Es\u2026","rel":"","context":"In &quot;News&quot;","img":{"alt_text":"","src":"https:\/\/i0.wp.com\/my-alps.de\/wp-content\/uploads\/2014\/04\/Lago-Villarino-ce4-beschnitten.jpg?resize=350%2C200","width":350,"height":200},"classes":[]},{"id":1658,"url":"http:\/\/my-alps.de\/?p=1658","url_meta":{"origin":806,"position":4},"title":"Dschungelcamp in Warami Sinti","date":"28. September 2014","format":"gallery","excerpt":"Na, das mit der klaren Nacht am Vulkan war wohl nichts - ganz kurz am fr\u00fchen morgen bei Sonnenaufgang hat er sich f\u00fcr 2 Minuten gezeigt - als sch\u00f6n rosa schimmernder, mit schneebedeckter Spitze, rauchender Vulkan. Bis ich aus dem Auto war, und die Kamera auf das Stativ geschraubt hatte\u2026","rel":"","context":"In &quot;News&quot;","img":{"alt_text":"","src":"https:\/\/i0.wp.com\/my-alps.de\/wp-content\/uploads\/2014\/09\/Dschungel-I-ce4.jpg?resize=350%2C200","width":350,"height":200},"classes":[]},{"id":671,"url":"http:\/\/my-alps.de\/?p=671","url_meta":{"origin":806,"position":5},"title":"Nationalpark &#8222;Los Glacieres&#8220; &#8211; Gletscher &#8222;Perito Moreno&#8220;","date":"9. Februar 2014","format":"gallery","excerpt":"Nachdem wir in Calafate das mit unserem Aussenspiegel soweit hingebogen, (und unser abgestempeltes Formular abgeholt hatten) sind wir zum Nationalpark \"Los Glacieres\" aufgebrochen. In diesem Nationalpark ist alles US - m\u00e4\u00dfig organisiert. Shuttelservice, Kiosk, Sanit\u00e4ranlagen und gef\u00fchlte 10 km Gitterroststeg durch die Natur, damit sich niemand verlaufen kann. Der Gletscher\u2026","rel":"","context":"In &quot;News&quot;","img":{"alt_text":"","src":"https:\/\/i0.wp.com\/my-alps.de\/wp-content\/uploads\/2014\/02\/Servus-Eiszacken-III.jpg?resize=350%2C200","width":350,"height":200},"classes":[]}],"_links":{"self":[{"href":"http:\/\/my-alps.de\/index.php?rest_route=\/wp\/v2\/posts\/806"}],"collection":[{"href":"http:\/\/my-alps.de\/index.php?rest_route=\/wp\/v2\/posts"}],"about":[{"href":"http:\/\/my-alps.de\/index.php?rest_route=\/wp\/v2\/types\/post"}],"author":[{"embeddable":true,"href":"http:\/\/my-alps.de\/index.php?rest_route=\/wp\/v2\/users\/1"}],"replies":[{"embeddable":true,"href":"http:\/\/my-alps.de\/index.php?rest_route=%2Fwp%2Fv2%2Fcomments&post=806"}],"version-history":[{"count":6,"href":"http:\/\/my-alps.de\/index.php?rest_route=\/wp\/v2\/posts\/806\/revisions"}],"predecessor-version":[{"id":825,"href":"http:\/\/my-alps.de\/index.php?rest_route=\/wp\/v2\/posts\/806\/revisions\/825"}],"wp:attachment":[{"href":"http:\/\/my-alps.de\/index.php?rest_route=%2Fwp%2Fv2%2Fmedia&parent=806"}],"wp:term":[{"taxonomy":"category","embeddable":true,"href":"http:\/\/my-alps.de\/index.php?rest_route=%2Fwp%2Fv2%2Fcategories&post=806"},{"taxonomy":"post_tag","embeddable":true,"href":"http:\/\/my-alps.de\/index.php?rest_route=%2Fwp%2Fv2%2Ftags&post=806"}],"curies":[{"name":"wp","href":"https:\/\/api.w.org\/{rel}","templated":true}]}}