{"id":800,"date":"2014-03-10T18:01:02","date_gmt":"2014-03-10T17:01:02","guid":{"rendered":"http:\/\/my-alps.de\/?p=800"},"modified":"2014-03-10T18:05:54","modified_gmt":"2014-03-10T17:05:54","slug":"genetischer-code-bei-maennchen","status":"publish","type":"post","link":"http:\/\/my-alps.de\/?p=800","title":{"rendered":"Genetischer Code bei M\u00e4nnchen"},"content":{"rendered":"<p>Ihr alle werdet mir zustimmen, die Frauen neigen eher zum sammeln und der Mann zum Jagen.Ich habe bei mir das mit dem Jagd-Gen schon ganz fr\u00fch entdeckt, aber wir hatten daheim einen Haushalt, da gab es ausser Essbesteck keine Waffen. (obwohl meine beiden Gro\u00dfv\u00e4ter Sch\u00fctzenk\u00f6nige waren!) Und mit einer Gabel bewaffnet wollte ich nicht in den Wald ziehen und Wildschweine erstechen, also habe ich mich f\u00fcr\u2019s Fischen entschieden. Die ersten Versuche machte ich mit einer umgebogenen B\u00fcroklammer und einem Haselnu\u00dfstecken. Der Erfolg blieb aus. Also musste ich das Problem an der Wurzel packen und machte mit 12 Jahren meine Fischerpr\u00fcfung. So konnte ich endlich mit einer richtigen Angel und einem Erlaubnisschein losziehen und richtige Fische fangen. Ich musste jedoch feststellen, das der Erlaubnisschein die Fische nicht im geringsten beeindruckte freiwillig bei mir an den Haken zu gehen. Ich habe dann an den richtigen K\u00f6dern gearbeitet um diesen den Fischen schmackhaft zu machen. Von selbstgekneteten Teigbatzen bis hin zur Gelbwurst habe ich fast alles ausprobiert was man am Haken befestigen kann. Meine Mutter habe ich zu Tode erschrocken, als ich Nachts mit einer Taschenlampe bewaffnet durch den Garten gekrochen bin und W\u00fcrmer (igittigittt) einsammelte. Da der fr\u00fche Wurm den ersten Fisch f\u00e4ngt bin ich Nachts um 3 Uhr aufgestanden, habe meine Angelausr\u00fcstung an meinem blauen 5-Gang \u201eGarelli&#8220; Rennrad befestigt und bin zum Baggersee gestrampelt. Beute war mir nicht oft beschert, ausser mal ein paar Fischchen die man prima zur Suppe verarbeiten konnte. Der Input passte irgendwie noch nicht zum Output. Bis ich auf\u2019s Forellenfischen kam. Die Gattung der Salmoniden ist in der Wahl des K\u00f6ders nicht so sehr w\u00e4hlerisch wie andere Fische, Hauptsache es bewegt sich was. Und da zwei gute Freunde meines Vaters sch\u00f6ne Forellengew\u00e4sser zum Angeln hatten, war ab da das mit der Beute auch in Ordnung. Nicht das das Jagdfieber mit mir durchgegangen w\u00e4re, denn ich musste die Fische ja auch &#8211; na ja &#8211; totmachen und zum Essen fertigmachen. Das beschr\u00e4nkt automatisch das Beutema\u00df auf das wirklich notwendige. Irgendwie ist mir im Laufe der Jahre das aber dann nicht mehr so wichtig geblieben. Ich fand heraus das man schmackhaften Fisch durchaus im Laden kaufen kann. Die Vorteile liegen auf der Hand &#8211; die Pfanne bleibt nicht leer wenn der Angler am Abend nach Hause kommt. Jedenfalls habe ich meine Ausr\u00fcstung \u00fcber die ganzen Jahre aufgehoben, meinen sch\u00f6nen blauen Angelkasten und meine kleine Forellenangel. Als ich dann die Reisef\u00fchrer \u00fcber Patagonien gelesen habe bin ich nat\u00fcrlich auch \u00fcber die Fischreichen Gew\u00e4sser gestolpert. Aha &#8211; das w\u00e4re doch eine gute Gelegenheit die alte Angel mal wieder einzupacken. Und wie es der Zufall will, gab es bei LIDL auch noch ein sch\u00f6nes Set mit allem was man so an Kleinteilen braucht. Beim Fachgesch\u00e4ft meines Vertrauens habe ich mich dann noch mit einer neuen Rolle und reichlich Schnur eingedeckt.<\/p>\n<div id=\"attachment_683\" style=\"width: 1034px\" class=\"wp-caption aligncenter\"><a href=\"https:\/\/i0.wp.com\/my-alps.de\/wp-content\/uploads\/2014\/02\/Erwartungshaltung-HD.jpg\"><img aria-describedby=\"caption-attachment-683\" data-attachment-id=\"683\" data-permalink=\"http:\/\/my-alps.de\/?attachment_id=683\" data-orig-file=\"https:\/\/i0.wp.com\/my-alps.de\/wp-content\/uploads\/2014\/02\/Erwartungshaltung-HD.jpg?fit=1024%2C576\" data-orig-size=\"1024,576\" data-comments-opened=\"1\" data-image-meta=\"{&quot;aperture&quot;:&quot;5&quot;,&quot;credit&quot;:&quot;&quot;,&quot;camera&quot;:&quot;DSC-RX100&quot;,&quot;caption&quot;:&quot;&quot;,&quot;created_timestamp&quot;:&quot;1391791538&quot;,&quot;copyright&quot;:&quot;&quot;,&quot;focal_length&quot;:&quot;10.4&quot;,&quot;iso&quot;:&quot;125&quot;,&quot;shutter_speed&quot;:&quot;0.00125&quot;,&quot;title&quot;:&quot;&quot;}\" data-image-title=\"Erwartungshaltung &#8211; HD\" data-image-description=\"&lt;p&gt;Erwartungshaltung&lt;\/p&gt;\n\" data-image-caption=\"&lt;p&gt;Erwartungshaltung&lt;\/p&gt;\n\" data-medium-file=\"https:\/\/i0.wp.com\/my-alps.de\/wp-content\/uploads\/2014\/02\/Erwartungshaltung-HD.jpg?fit=300%2C168\" data-large-file=\"https:\/\/i0.wp.com\/my-alps.de\/wp-content\/uploads\/2014\/02\/Erwartungshaltung-HD.jpg?fit=625%2C352\" loading=\"lazy\" class=\"size-full wp-image-683\" alt=\"Erwartungshaltung\" src=\"https:\/\/i0.wp.com\/my-alps.de\/wp-content\/uploads\/2014\/02\/Erwartungshaltung-HD.jpg?resize=625%2C352\" width=\"625\" height=\"352\" srcset=\"https:\/\/i0.wp.com\/my-alps.de\/wp-content\/uploads\/2014\/02\/Erwartungshaltung-HD.jpg?w=1024 1024w, https:\/\/i0.wp.com\/my-alps.de\/wp-content\/uploads\/2014\/02\/Erwartungshaltung-HD.jpg?resize=300%2C168 300w\" sizes=\"(max-width: 625px) 100vw, 625px\" data-recalc-dims=\"1\" \/><\/a><p id=\"caption-attachment-683\" class=\"wp-caption-text\">Erwartungshaltung<\/p><\/div>\n<p>Die Frau Hack hat das dann irgendwie spitzgekriegt und sich auf selbstgefangene Fische gefreut. (Ja &#8211; ICH h\u00e4tte diese nat\u00fcrlich auch zubereiten m\u00fcssen!)<\/p>\n<div id=\"attachment_803\" style=\"width: 778px\" class=\"wp-caption aligncenter\"><a href=\"https:\/\/i0.wp.com\/my-alps.de\/wp-content\/uploads\/2014\/03\/Nummer-EIns.jpg\"><img aria-describedby=\"caption-attachment-803\" data-attachment-id=\"803\" data-permalink=\"http:\/\/my-alps.de\/?attachment_id=803\" data-orig-file=\"https:\/\/i0.wp.com\/my-alps.de\/wp-content\/uploads\/2014\/03\/Nummer-EIns.jpg?fit=768%2C1024\" data-orig-size=\"768,1024\" data-comments-opened=\"1\" data-image-meta=\"{&quot;aperture&quot;:&quot;4&quot;,&quot;credit&quot;:&quot;&quot;,&quot;camera&quot;:&quot;DSC-RX100&quot;,&quot;caption&quot;:&quot;&quot;,&quot;created_timestamp&quot;:&quot;1393016293&quot;,&quot;copyright&quot;:&quot;&quot;,&quot;focal_length&quot;:&quot;10.4&quot;,&quot;iso&quot;:&quot;125&quot;,&quot;shutter_speed&quot;:&quot;0.003125&quot;,&quot;title&quot;:&quot;&quot;}\" data-image-title=\"Nummer Eins\" data-image-description=\"&lt;p&gt;Nummer Eins&lt;\/p&gt;\n\" data-image-caption=\"&lt;p&gt;Nummer Eins&lt;\/p&gt;\n\" data-medium-file=\"https:\/\/i0.wp.com\/my-alps.de\/wp-content\/uploads\/2014\/03\/Nummer-EIns.jpg?fit=225%2C300\" data-large-file=\"https:\/\/i0.wp.com\/my-alps.de\/wp-content\/uploads\/2014\/03\/Nummer-EIns.jpg?fit=625%2C833\" loading=\"lazy\" class=\"size-full wp-image-803\" alt=\"Nummer Eins\" src=\"https:\/\/i0.wp.com\/my-alps.de\/wp-content\/uploads\/2014\/03\/Nummer-EIns.jpg?resize=625%2C833\" width=\"625\" height=\"833\" srcset=\"https:\/\/i0.wp.com\/my-alps.de\/wp-content\/uploads\/2014\/03\/Nummer-EIns.jpg?w=768 768w, https:\/\/i0.wp.com\/my-alps.de\/wp-content\/uploads\/2014\/03\/Nummer-EIns.jpg?resize=225%2C300 225w\" sizes=\"(max-width: 625px) 100vw, 625px\" data-recalc-dims=\"1\" \/><\/a><p id=\"caption-attachment-803\" class=\"wp-caption-text\">Nummer Eins<\/p><\/div>\n<p>Und so bin ich in Patagonien wieder unter die J\u00e4ger gegangen. Und &#8211; was soll ich sagen &#8211; zum Gl\u00fcck handelt es sich hier um Salmoniden &#8211; also Lachs\u00e4hnliche Fische &#8211; ok &#8211; Forellen. Aber Forellen ticken anscheinend \u00fcberall auf der Welt gleich. Kaum wirfst du die Angel aus zappeln sie schon am Haken. (und wenn keine zappelt ist auch definitiv keine im Wasser!).<\/p>\n<div id=\"attachment_804\" style=\"width: 586px\" class=\"wp-caption aligncenter\"><a href=\"https:\/\/i0.wp.com\/my-alps.de\/wp-content\/uploads\/2014\/03\/Nummer-Zwei-HD.jpg\"><img aria-describedby=\"caption-attachment-804\" data-attachment-id=\"804\" data-permalink=\"http:\/\/my-alps.de\/?attachment_id=804\" data-orig-file=\"https:\/\/i0.wp.com\/my-alps.de\/wp-content\/uploads\/2014\/03\/Nummer-Zwei-HD.jpg?fit=576%2C1024\" data-orig-size=\"576,1024\" data-comments-opened=\"1\" data-image-meta=\"{&quot;aperture&quot;:&quot;5.6&quot;,&quot;credit&quot;:&quot;&quot;,&quot;camera&quot;:&quot;DSC-RX100&quot;,&quot;caption&quot;:&quot;&quot;,&quot;created_timestamp&quot;:&quot;1394211045&quot;,&quot;copyright&quot;:&quot;&quot;,&quot;focal_length&quot;:&quot;10.4&quot;,&quot;iso&quot;:&quot;100&quot;,&quot;shutter_speed&quot;:&quot;0.003125&quot;,&quot;title&quot;:&quot;&quot;}\" data-image-title=\"Nummer Zwei &#8211; HD\" data-image-description=\"&lt;p&gt;Nummer Zwei&lt;\/p&gt;\n\" data-image-caption=\"&lt;p&gt;Nummer Zwei&lt;\/p&gt;\n\" data-medium-file=\"https:\/\/i0.wp.com\/my-alps.de\/wp-content\/uploads\/2014\/03\/Nummer-Zwei-HD.jpg?fit=168%2C300\" data-large-file=\"https:\/\/i0.wp.com\/my-alps.de\/wp-content\/uploads\/2014\/03\/Nummer-Zwei-HD.jpg?fit=576%2C1024\" loading=\"lazy\" class=\"size-full wp-image-804\" alt=\"Nummer Zwei\" src=\"https:\/\/i0.wp.com\/my-alps.de\/wp-content\/uploads\/2014\/03\/Nummer-Zwei-HD.jpg?resize=576%2C1024\" width=\"576\" height=\"1024\" srcset=\"https:\/\/i0.wp.com\/my-alps.de\/wp-content\/uploads\/2014\/03\/Nummer-Zwei-HD.jpg?w=576 576w, https:\/\/i0.wp.com\/my-alps.de\/wp-content\/uploads\/2014\/03\/Nummer-Zwei-HD.jpg?resize=168%2C300 168w\" sizes=\"(max-width: 576px) 100vw, 576px\" data-recalc-dims=\"1\" \/><\/a><p id=\"caption-attachment-804\" class=\"wp-caption-text\">Nummer Zwei<\/p><\/div>\n<p>So kann ich ab und zu unseren Speiseplan mit selbstgefangenen, frischen Fischen aufwerten.<br \/>\nSchmeckt super und ist auch noch gesund!<\/p>\n<p>Und irgendwie erinnert mich das an meine Kindheit &#8211; Angel einpacken und losziehen.<br \/>\n(Fast wie Cowboy und Indianer)<\/p>\n<p>&nbsp;<\/p>\n","protected":false},"excerpt":{"rendered":"<p>Ihr alle werdet mir zustimmen, die Frauen neigen eher zum sammeln und der Mann zum Jagen.Ich habe bei mir das mit dem Jagd-Gen schon ganz fr\u00fch entdeckt, aber wir hatten daheim einen Haushalt, da gab es ausser Essbesteck keine Waffen. (obwohl meine beiden Gro\u00dfv\u00e4ter Sch\u00fctzenk\u00f6nige waren!) Und mit einer Gabel bewaffnet wollte ich nicht in [&hellip;]<\/p>\n","protected":false},"author":1,"featured_media":0,"comment_status":"open","ping_status":"open","sticky":false,"template":"","format":"gallery","meta":{"spay_email":"","jetpack_publicize_message":"","jetpack_is_tweetstorm":false,"jetpack_publicize_feature_enabled":true},"categories":[9],"tags":[],"jetpack_featured_media_url":"","jetpack_publicize_connections":[],"jetpack_sharing_enabled":true,"jetpack_shortlink":"https:\/\/wp.me\/p6huce-cU","jetpack-related-posts":[{"id":375,"url":"http:\/\/my-alps.de\/?p=375","url_meta":{"origin":800,"position":0},"title":"Bastel-Wastel (oder wieso ich kein Elektriker geworden bin)","date":"15. Juli 2013","format":"gallery","excerpt":"Ich bin euch noch die letzte Update - Phase von Boomer schuldig geblieben. (Hatte die Bilder auf einer anderen Karte und die wieder in einen anderen Foto... usw) Unsere Behausung hat innen langsam einen neuen Touch bekommen. Frau Hack hat die N\u00e4hmaschine maltr\u00e4tiert und meine Schreiner-Reiner F\u00e4higkeiten sind noch nicht\u2026","rel":"","context":"In &quot;Wohnmobil&quot;","img":{"alt_text":"","src":"https:\/\/i0.wp.com\/my-alps.de\/wp-content\/uploads\/2013\/07\/Stauraum-die-Erste.jpg?resize=350%2C200","width":350,"height":200},"classes":[]},{"id":1091,"url":"http:\/\/my-alps.de\/?p=1091","url_meta":{"origin":800,"position":1},"title":"Weckruf der Mapuche Indianer","date":"4. Mai 2014","format":"gallery","excerpt":"Unser Camp am Rio Malleo, irgendwo im nirgendwo, auf dem Weg zum Vulkan Lanin lag in der N\u00e4he einer Mapuche Siedlung. Wir hatten die Schilder bei der Hin- und R\u00fcckfahrt bemerkt. Da f\u00fcr den 01. Mai sch\u00f6nes Wetter angesagt war, wollten wir den Nationalpark \u201eVolkan Lanin\u201c besuchen. Tja. wie schon\u2026","rel":"","context":"In &quot;unter uns&quot;","img":{"alt_text":"","src":"","width":0,"height":0},"classes":[]},{"id":347,"url":"http:\/\/my-alps.de\/?p=347","url_meta":{"origin":800,"position":2},"title":"gestern war Basteltag &#8211; oder Jean P\u00fctz l\u00e4sst gr\u00fc\u00dfen","date":"22. Juni 2013","format":"gallery","excerpt":"Ich bin ganz froh selbstst\u00e4ndig zu sein, denn gestern bin ich nach dem Motto: \"Nach EINS macht jeder seins\" verfahren und habe ab Mittag, nachdem ich noch schnell auf meiner Baustelle der Schulsanierung in Eggolsheim Verwirrung stiftete, an unserem Boomer herumgebastelt. Die LED Leuchten waren im Laufe der Woche eingetroffen\u2026","rel":"","context":"In &quot;Wohnmobil&quot;","img":{"alt_text":"","src":"","width":0,"height":0},"classes":[]},{"id":695,"url":"http:\/\/my-alps.de\/?p=695","url_meta":{"origin":800,"position":3},"title":"Von El Calafate nach El Chalten &#8211; Fitz Roy und Cerro Torre","date":"23. Februar 2014","format":"gallery","excerpt":"Nachdem wir den Campingplatz Marke SUPERLUXUS am Lago Roca ausgiebig genossen haben, sind wir in den n\u00e4chsten Nationalpark auf unserer Route weitergezogen. Die Fahrt ging auf der Ruta 40 weiter von El Calafate Richtung Norden nach El Chalten Hier stehen die ber\u00fchmten Namen, die das Herz eines Alpinisten h\u00f6her schlagen\u2026","rel":"","context":"In &quot;News&quot;","img":{"alt_text":"","src":"https:\/\/i0.wp.com\/my-alps.de\/wp-content\/uploads\/2014\/02\/Panorama-El-Chalten-HD.jpg?resize=350%2C200","width":350,"height":200},"classes":[]},{"id":883,"url":"http:\/\/my-alps.de\/?p=883","url_meta":{"origin":800,"position":4},"title":"Insel Chiloe\u2019","date":"26. M\u00e4rz 2014","format":"gallery","excerpt":"Die Insel Chiloe\u2019 ist von Puerto Montt auf einer gut ausgebauten Autobahn in ca. 1 1\/2 Stunden Fahrt zu erreichen. \u00dcber die Meerenge zwischen dem Festland und der Insel wird (wie in Chile \u00fcblich) mit einer offenen F\u00e4hre \u00fcbergesetzt. Die Fahrtzeit betr\u00e4gt etwa eine halbe Stunde und kostet f\u00fcr unser\u2026","rel":"","context":"In &quot;News&quot;","img":{"alt_text":"","src":"https:\/\/i0.wp.com\/my-alps.de\/wp-content\/uploads\/2014\/03\/wir-sind-auf.....jpg?resize=350%2C200","width":350,"height":200},"classes":[]},{"id":1182,"url":"http:\/\/my-alps.de\/?p=1182","url_meta":{"origin":800,"position":5},"title":"\u2026.immer diese Grenzer!","date":"4. Juni 2014","format":"gallery","excerpt":"Als Angeh\u00f6riger des Schengener Abkommens ist einem der Umgang bei der Grenzabfertigung etwas abhanden gekommen. So haben wir uns bei der \u00dcberquerung der Grenze von Chile nach Argentinien am \u201ePaso Cristo Redentor\u201c von einen netten Herrn erst mal an der falschen Zollstelle anstellen lassen. Die Dame am Zoll hat flei\u00dfig\u2026","rel":"","context":"In &quot;News&quot;","img":{"alt_text":"","src":"https:\/\/i0.wp.com\/my-alps.de\/wp-content\/uploads\/2014\/06\/Via-PanAm-Argentinien.jpg?resize=350%2C200","width":350,"height":200},"classes":[]}],"_links":{"self":[{"href":"http:\/\/my-alps.de\/index.php?rest_route=\/wp\/v2\/posts\/800"}],"collection":[{"href":"http:\/\/my-alps.de\/index.php?rest_route=\/wp\/v2\/posts"}],"about":[{"href":"http:\/\/my-alps.de\/index.php?rest_route=\/wp\/v2\/types\/post"}],"author":[{"embeddable":true,"href":"http:\/\/my-alps.de\/index.php?rest_route=\/wp\/v2\/users\/1"}],"replies":[{"embeddable":true,"href":"http:\/\/my-alps.de\/index.php?rest_route=%2Fwp%2Fv2%2Fcomments&post=800"}],"version-history":[{"count":3,"href":"http:\/\/my-alps.de\/index.php?rest_route=\/wp\/v2\/posts\/800\/revisions"}],"predecessor-version":[{"id":805,"href":"http:\/\/my-alps.de\/index.php?rest_route=\/wp\/v2\/posts\/800\/revisions\/805"}],"wp:attachment":[{"href":"http:\/\/my-alps.de\/index.php?rest_route=%2Fwp%2Fv2%2Fmedia&parent=800"}],"wp:term":[{"taxonomy":"category","embeddable":true,"href":"http:\/\/my-alps.de\/index.php?rest_route=%2Fwp%2Fv2%2Fcategories&post=800"},{"taxonomy":"post_tag","embeddable":true,"href":"http:\/\/my-alps.de\/index.php?rest_route=%2Fwp%2Fv2%2Ftags&post=800"}],"curies":[{"name":"wp","href":"https:\/\/api.w.org\/{rel}","templated":true}]}}