{"id":793,"date":"2014-03-04T19:05:26","date_gmt":"2014-03-04T18:05:26","guid":{"rendered":"http:\/\/my-alps.de\/?p=793"},"modified":"2014-03-05T15:04:11","modified_gmt":"2014-03-05T14:04:11","slug":"mate-teestunde-und-biologisches-gemuese","status":"publish","type":"post","link":"http:\/\/my-alps.de\/?p=793","title":{"rendered":"Mate-Teestunde und biologisches Gem\u00fcse"},"content":{"rendered":"<p>Wir sind aus der &#8222;Gro\u00dfstadt&#8220; Coyhaique nach unseren Erledigungen ein kleines St\u00fcck Richtung &#8222;Puerto Aysen&#8220; weitergefahren. Denn unser WOMO ist auf Hochglanz poliert, innen ist es fast staubfrei und alle verf\u00fcgbaren Tanks sind randvoll.<br \/>\nWie es der Zufall will, stolpern wir \u00fcber ein sch\u00f6nes Holzschild am Stra\u00dfenrand &#8211; CAMPING &#8211; steht &#8218;drauf. Na ja, nach den letzten Wochen Wildnis, haben wir uns gedacht, kann ja zweimal warm duschen hintereinander nicht schaden. Also haben wir den Feldweg am Rio Simpson genommen und sind nach zwei Kilometern auf dem kleinen Landst\u00fcck eines sehr netten Mannes angekommen. Er hat uns gleich herzlich empfangen und uns seine Gew\u00e4chsh\u00e4user gezeigt. Hier gibt es Salat! Ich meine RICHTIGEN Salat! Er zieht in m\u00fchevoller Handarbeit sein Gem\u00fcse wie ein begnadeter Schreberg\u00e4rtner hoch und verkauft es an Restaurants. Voll biologisch mit Humus, Pferdemist und OHNE sonstigen D\u00fcnger. Da musst du knapp 7.000 km in S\u00fcdamerika herumfahren um dann hier endlich mal vern\u00fcnftiges Gr\u00fcnzeug zu bekommen. (sonnt futtern einem ja das Gr\u00fcnzeug immer vorher die Rinder weg!)<\/p>\n<p>Nach den Gew\u00e4chsh\u00e4usern kam dann die Einweisung in die Zeremonie des Mate Tee trinken. Wir durften uns in die K\u00fcche setzen und bekamen guten, bitters\u00fc\u00dfen Tee zu schl\u00fcrfen.<\/p>\n<div id=\"attachment_798\" style=\"width: 310px\" class=\"wp-caption aligncenter\"><a href=\"https:\/\/i0.wp.com\/my-alps.de\/wp-content\/uploads\/2014\/03\/Mateteestunde.jpg\"><img aria-describedby=\"caption-attachment-798\" data-attachment-id=\"798\" data-permalink=\"http:\/\/my-alps.de\/?attachment_id=798\" data-orig-file=\"https:\/\/i0.wp.com\/my-alps.de\/wp-content\/uploads\/2014\/03\/Mateteestunde.jpg?fit=1024%2C768\" data-orig-size=\"1024,768\" data-comments-opened=\"1\" data-image-meta=\"{&quot;aperture&quot;:&quot;1.8&quot;,&quot;credit&quot;:&quot;&quot;,&quot;camera&quot;:&quot;DSC-RX100&quot;,&quot;caption&quot;:&quot;&quot;,&quot;created_timestamp&quot;:&quot;1393950559&quot;,&quot;copyright&quot;:&quot;&quot;,&quot;focal_length&quot;:&quot;10.4&quot;,&quot;iso&quot;:&quot;200&quot;,&quot;shutter_speed&quot;:&quot;0.00625&quot;,&quot;title&quot;:&quot;&quot;}\" data-image-title=\"Mateteestunde\" data-image-description=\"&lt;p&gt;Mateteestunde&lt;\/p&gt;\n\" data-image-caption=\"&lt;p&gt;Mateteestunde&lt;\/p&gt;\n\" data-medium-file=\"https:\/\/i0.wp.com\/my-alps.de\/wp-content\/uploads\/2014\/03\/Mateteestunde.jpg?fit=300%2C225\" data-large-file=\"https:\/\/i0.wp.com\/my-alps.de\/wp-content\/uploads\/2014\/03\/Mateteestunde.jpg?fit=625%2C469\" loading=\"lazy\" class=\"size-medium wp-image-798\" alt=\"Mateteestunde\" src=\"https:\/\/i0.wp.com\/my-alps.de\/wp-content\/uploads\/2014\/03\/Mateteestunde.jpg?resize=300%2C225\" width=\"300\" height=\"225\" srcset=\"https:\/\/i0.wp.com\/my-alps.de\/wp-content\/uploads\/2014\/03\/Mateteestunde.jpg?resize=300%2C225 300w, https:\/\/i0.wp.com\/my-alps.de\/wp-content\/uploads\/2014\/03\/Mateteestunde.jpg?w=1024 1024w\" sizes=\"(max-width: 300px) 100vw, 300px\" data-recalc-dims=\"1\" \/><\/a><p id=\"caption-attachment-798\" class=\"wp-caption-text\">Mateteestunde<\/p><\/div>\n","protected":false},"excerpt":{"rendered":"<p>Wir sind aus der &#8222;Gro\u00dfstadt&#8220; Coyhaique nach unseren Erledigungen ein kleines St\u00fcck Richtung &#8222;Puerto Aysen&#8220; weitergefahren. Denn unser WOMO ist auf Hochglanz poliert, innen ist es fast staubfrei und alle verf\u00fcgbaren Tanks sind randvoll. Wie es der Zufall will, stolpern wir \u00fcber ein sch\u00f6nes Holzschild am Stra\u00dfenrand &#8211; CAMPING &#8211; steht &#8218;drauf. Na ja, nach [&hellip;]<\/p>\n","protected":false},"author":1,"featured_media":0,"comment_status":"closed","ping_status":"closed","sticky":false,"template":"","format":"gallery","meta":{"spay_email":"","jetpack_publicize_message":"","jetpack_is_tweetstorm":false,"jetpack_publicize_feature_enabled":true},"categories":[1],"tags":[],"jetpack_featured_media_url":"","jetpack_publicize_connections":[],"jetpack_sharing_enabled":true,"jetpack_shortlink":"https:\/\/wp.me\/p6huce-cN","jetpack-related-posts":[{"id":1182,"url":"http:\/\/my-alps.de\/?p=1182","url_meta":{"origin":793,"position":0},"title":"\u2026.immer diese Grenzer!","date":"4. Juni 2014","format":"gallery","excerpt":"Als Angeh\u00f6riger des Schengener Abkommens ist einem der Umgang bei der Grenzabfertigung etwas abhanden gekommen. So haben wir uns bei der \u00dcberquerung der Grenze von Chile nach Argentinien am \u201ePaso Cristo Redentor\u201c von einen netten Herrn erst mal an der falschen Zollstelle anstellen lassen. Die Dame am Zoll hat flei\u00dfig\u2026","rel":"","context":"In &quot;News&quot;","img":{"alt_text":"","src":"https:\/\/i0.wp.com\/my-alps.de\/wp-content\/uploads\/2014\/06\/Via-PanAm-Argentinien.jpg?resize=350%2C200","width":350,"height":200},"classes":[]},{"id":1598,"url":"http:\/\/my-alps.de\/?p=1598","url_meta":{"origin":793,"position":1},"title":"Einreiseformalit\u00e4ten","date":"11. September 2014","format":"gallery","excerpt":"Nachdem unsere \u201eTraumstra\u00dfe\u201c wieder einer normalen\u00a0Stra\u00dfe durch ganz normales Peru gewichen ist, fahren\u00a0wir \u00fcber Jaen und St. Ignazio in Richtung Grenze nach Ecuador. Die Stra\u00dfe ist asphaltiert und gut ausgebaut, es herrscht kaum Verkehr, lediglich in den Orten und den beiden St\u00e4dten das \u00fcbliche Chaos an Taxis, Tuk-Tuk\u2019s und Ochsenkarren.\u2026","rel":"","context":"In &quot;News&quot;","img":{"alt_text":"","src":"https:\/\/i0.wp.com\/my-alps.de\/wp-content\/uploads\/2014\/09\/Grenze-Ecuador.jpg?resize=350%2C200","width":350,"height":200},"classes":[]},{"id":1373,"url":"http:\/\/my-alps.de\/?p=1373","url_meta":{"origin":793,"position":2},"title":"Salar de Uyuni &#8211; der gr\u00f6sste Salzsee der Welt","date":"24. Juli 2014","format":"gallery","excerpt":"Unsere Fahrt f\u00fchrt uns in die erste Stadt in Bolivien - Uyuni. Uyuni ist der ideale Ausgangsort um auf den gr\u00f6ssten Salzsee der Welt zu fahren. Als wir in der Uyuni ankommen geraten wir mitten\u00a0in den Trubel eines Stadtfestes. \u00dcberall Frauen in ihrer indianischen\u00a0Tracht, mit den ausladenden R\u00f6cken, den typischen\u2026","rel":"","context":"In &quot;News&quot;","img":{"alt_text":"","src":"https:\/\/i0.wp.com\/my-alps.de\/wp-content\/uploads\/2014\/07\/passt-doch.jpg?resize=350%2C200","width":350,"height":200},"classes":[]},{"id":995,"url":"http:\/\/my-alps.de\/?p=995","url_meta":{"origin":793,"position":3},"title":"April, April &#8211; Halbzeit bei der Auszeit","date":"10. April 2014","format":"gallery","excerpt":"Am 11.11.2013 sind wir in Hamburg an Bord der \u201eGrande Cameroon\u201c gegangen und \u00fcber den Atlantik nach S\u00fcdamerika geschippert. Zugegeben, es war nicht immer gerade Hochstimmung mit Karneval und Fasching an Bord, aber es ist uns wirklich nicht langweilig geworden. So eine Frachterreise hat auch etwas besonderes. (Beinahe meditativ!) Nun\u2026","rel":"","context":"In &quot;News&quot;","img":{"alt_text":"","src":"","width":0,"height":0},"classes":[]},{"id":883,"url":"http:\/\/my-alps.de\/?p=883","url_meta":{"origin":793,"position":4},"title":"Insel Chiloe\u2019","date":"26. M\u00e4rz 2014","format":"gallery","excerpt":"Die Insel Chiloe\u2019 ist von Puerto Montt auf einer gut ausgebauten Autobahn in ca. 1 1\/2 Stunden Fahrt zu erreichen. \u00dcber die Meerenge zwischen dem Festland und der Insel wird (wie in Chile \u00fcblich) mit einer offenen F\u00e4hre \u00fcbergesetzt. Die Fahrtzeit betr\u00e4gt etwa eine halbe Stunde und kostet f\u00fcr unser\u2026","rel":"","context":"In &quot;News&quot;","img":{"alt_text":"","src":"https:\/\/i0.wp.com\/my-alps.de\/wp-content\/uploads\/2014\/03\/wir-sind-auf.....jpg?resize=350%2C200","width":350,"height":200},"classes":[]},{"id":1472,"url":"http:\/\/my-alps.de\/?p=1472","url_meta":{"origin":793,"position":5},"title":"vom Sajama, dem h\u00f6chsten Berg Boliviens nach Peru","date":"8. August 2014","format":"gallery","excerpt":"Da wir vom Titikakasee etwas entt\u00e4uscht waren, haben wir uns kurzerhand entschlossen doch noch einen Abstecher zum \"Sajama\" zu fahren. Er liegt zwar auf dem Weg Richtung Chile, aber\u00a0das haben wir dann mit dem Grenz\u00fcbergang in Arica\u00a0verkn\u00fcpft. auf dem AltiplanoDer \"Sajama\" ist ein wundersch\u00f6ner Vulkankegel, der sich wie eine Zipfelm\u00fctze\u2026","rel":"","context":"In &quot;News&quot;","img":{"alt_text":"","src":"https:\/\/i0.wp.com\/my-alps.de\/wp-content\/uploads\/2014\/08\/Vulkanausbruch-1-ce4.jpg?resize=350%2C200","width":350,"height":200},"classes":[]}],"_links":{"self":[{"href":"http:\/\/my-alps.de\/index.php?rest_route=\/wp\/v2\/posts\/793"}],"collection":[{"href":"http:\/\/my-alps.de\/index.php?rest_route=\/wp\/v2\/posts"}],"about":[{"href":"http:\/\/my-alps.de\/index.php?rest_route=\/wp\/v2\/types\/post"}],"author":[{"embeddable":true,"href":"http:\/\/my-alps.de\/index.php?rest_route=\/wp\/v2\/users\/1"}],"replies":[{"embeddable":true,"href":"http:\/\/my-alps.de\/index.php?rest_route=%2Fwp%2Fv2%2Fcomments&post=793"}],"version-history":[{"count":4,"href":"http:\/\/my-alps.de\/index.php?rest_route=\/wp\/v2\/posts\/793\/revisions"}],"predecessor-version":[{"id":799,"href":"http:\/\/my-alps.de\/index.php?rest_route=\/wp\/v2\/posts\/793\/revisions\/799"}],"wp:attachment":[{"href":"http:\/\/my-alps.de\/index.php?rest_route=%2Fwp%2Fv2%2Fmedia&parent=793"}],"wp:term":[{"taxonomy":"category","embeddable":true,"href":"http:\/\/my-alps.de\/index.php?rest_route=%2Fwp%2Fv2%2Fcategories&post=793"},{"taxonomy":"post_tag","embeddable":true,"href":"http:\/\/my-alps.de\/index.php?rest_route=%2Fwp%2Fv2%2Ftags&post=793"}],"curies":[{"name":"wp","href":"https:\/\/api.w.org\/{rel}","templated":true}]}}