{"id":748,"date":"2014-03-03T19:14:31","date_gmt":"2014-03-03T18:14:31","guid":{"rendered":"http:\/\/my-alps.de\/?p=748"},"modified":"2014-03-03T19:55:54","modified_gmt":"2014-03-03T18:55:54","slug":"von-puerto-tranquilo-ins-valle-de-exploradores-mit-dem-klapperfritz","status":"publish","type":"post","link":"http:\/\/my-alps.de\/?p=748","title":{"rendered":"Von Puerto Tranquilo in\u2019s Valle de Exploradores mit dem \u201eKlapperfritz\u201c"},"content":{"rendered":"<p>Dann geht\u2019s wieder weiter, die \u201eCarretera Austral\u201c hinauf. Immer wieder halten wir an und bestaunen die Fjordlandschaft mit den tief eingeschnittenen Buchten und den kleinen Inseln.<\/p>\n<div id=\"attachment_778\" style=\"width: 1034px\" class=\"wp-caption aligncenter\"><a href=\"https:\/\/i0.wp.com\/my-alps.de\/wp-content\/uploads\/2014\/03\/Idyll-am-See-Se-Vente-HD.jpg\"><img aria-describedby=\"caption-attachment-778\" data-attachment-id=\"778\" data-permalink=\"http:\/\/my-alps.de\/?attachment_id=778\" data-orig-file=\"https:\/\/i0.wp.com\/my-alps.de\/wp-content\/uploads\/2014\/03\/Idyll-am-See-Se-Vente-HD.jpg?fit=1024%2C576\" data-orig-size=\"1024,576\" data-comments-opened=\"1\" data-image-meta=\"{&quot;aperture&quot;:&quot;9.5&quot;,&quot;credit&quot;:&quot;&quot;,&quot;camera&quot;:&quot;SLT-A99V&quot;,&quot;caption&quot;:&quot;&quot;,&quot;created_timestamp&quot;:&quot;1393593104&quot;,&quot;copyright&quot;:&quot;&quot;,&quot;focal_length&quot;:&quot;24&quot;,&quot;iso&quot;:&quot;100&quot;,&quot;shutter_speed&quot;:&quot;0.0028571428571429&quot;,&quot;title&quot;:&quot;&quot;}\" data-image-title=\"Idyll am See &#8211; Se Vende &#8211; HD\" data-image-description=\"&lt;p&gt;Idyll am See &#8211; Se Vende&lt;\/p&gt;\n\" data-image-caption=\"&lt;p&gt;Idyll am See &#8211; Se Vende&lt;\/p&gt;\n\" data-medium-file=\"https:\/\/i0.wp.com\/my-alps.de\/wp-content\/uploads\/2014\/03\/Idyll-am-See-Se-Vente-HD.jpg?fit=300%2C168\" data-large-file=\"https:\/\/i0.wp.com\/my-alps.de\/wp-content\/uploads\/2014\/03\/Idyll-am-See-Se-Vente-HD.jpg?fit=625%2C352\" loading=\"lazy\" class=\"size-full wp-image-778\" alt=\"Idyll am See - Se Vende\" src=\"https:\/\/i0.wp.com\/my-alps.de\/wp-content\/uploads\/2014\/03\/Idyll-am-See-Se-Vente-HD.jpg?resize=625%2C352\" width=\"625\" height=\"352\" srcset=\"https:\/\/i0.wp.com\/my-alps.de\/wp-content\/uploads\/2014\/03\/Idyll-am-See-Se-Vente-HD.jpg?w=1024 1024w, https:\/\/i0.wp.com\/my-alps.de\/wp-content\/uploads\/2014\/03\/Idyll-am-See-Se-Vente-HD.jpg?resize=300%2C168 300w\" sizes=\"(max-width: 625px) 100vw, 625px\" data-recalc-dims=\"1\" \/><\/a><p id=\"caption-attachment-778\" class=\"wp-caption-text\">Idyll am See &#8211; Se Vende<\/p><\/div>\n<p>In \u201ePuerto Tranquilo\u201c biegen wir links ab in das Tal: \u201eValle de Exploradores\u201c.<br \/>\nDie Schotterpiste f\u00e4hrt sich wie ein besseres Flussbett und zu allem \u00dcberfluss f\u00e4ngt unser rechter Stossd\u00e4mpfer auch noch an zu klappern. Irgend etwas hat sich gelockert. Ich montiere die Aufnahme am oberen Befestigungspunkt auseinander &#8211; fest. Am unteren Ende &#8211; auch alles fest. Na ja &#8211; wir fahren mal weiter. Es sind ja nur noch knapp 35 Kilometer bis zu unserem Ziel, der Hosteria \u201eAlacaluf\u201c von einem Deutschen Paar. Die werden bestimmt etwas zus\u00e4tzliches Werkzeug haben damit ich mir weiterhelfen kann.<\/p>\n<div id=\"attachment_780\" style=\"width: 1034px\" class=\"wp-caption aligncenter\"><a href=\"https:\/\/i0.wp.com\/my-alps.de\/wp-content\/uploads\/2014\/03\/Klapperfritz.jpg\"><img aria-describedby=\"caption-attachment-780\" data-attachment-id=\"780\" data-permalink=\"http:\/\/my-alps.de\/?attachment_id=780\" data-orig-file=\"https:\/\/i0.wp.com\/my-alps.de\/wp-content\/uploads\/2014\/03\/Klapperfritz.jpg?fit=1024%2C768\" data-orig-size=\"1024,768\" data-comments-opened=\"1\" data-image-meta=\"{&quot;aperture&quot;:&quot;4.9&quot;,&quot;credit&quot;:&quot;&quot;,&quot;camera&quot;:&quot;DSC-RX100&quot;,&quot;caption&quot;:&quot;&quot;,&quot;created_timestamp&quot;:&quot;1393279831&quot;,&quot;copyright&quot;:&quot;&quot;,&quot;focal_length&quot;:&quot;37.1&quot;,&quot;iso&quot;:&quot;800&quot;,&quot;shutter_speed&quot;:&quot;0.05&quot;,&quot;title&quot;:&quot;&quot;}\" data-image-title=\"Klapperfritz\" data-image-description=\"&lt;p&gt;Klapperfritz&lt;\/p&gt;\n\" data-image-caption=\"&lt;p&gt;Klapperfritz&lt;\/p&gt;\n\" data-medium-file=\"https:\/\/i0.wp.com\/my-alps.de\/wp-content\/uploads\/2014\/03\/Klapperfritz.jpg?fit=300%2C225\" data-large-file=\"https:\/\/i0.wp.com\/my-alps.de\/wp-content\/uploads\/2014\/03\/Klapperfritz.jpg?fit=625%2C469\" loading=\"lazy\" class=\"size-full wp-image-780\" alt=\"Klapperfritz\" src=\"https:\/\/i0.wp.com\/my-alps.de\/wp-content\/uploads\/2014\/03\/Klapperfritz.jpg?resize=625%2C469\" width=\"625\" height=\"469\" srcset=\"https:\/\/i0.wp.com\/my-alps.de\/wp-content\/uploads\/2014\/03\/Klapperfritz.jpg?w=1024 1024w, https:\/\/i0.wp.com\/my-alps.de\/wp-content\/uploads\/2014\/03\/Klapperfritz.jpg?resize=300%2C225 300w\" sizes=\"(max-width: 625px) 100vw, 625px\" data-recalc-dims=\"1\" \/><\/a><p id=\"caption-attachment-780\" class=\"wp-caption-text\">Klapperfritz<\/p><\/div>\n<p>Im Schritttempo haben wir ausserdem gen\u00fcgen Zeit die Landschaft zu bewundern.<br \/>\nDort ein paar abgestorbene B\u00e4ume im Sumpf, dann ein H\u00e4ngegletscher so schmal wie ein Wasserfall. Ein kleiner See mit Enten und ein paar K\u00fchen. Im Hintergrund des immer enger werdenden Tales hohe Felsgipfel mit Gletschern.<\/p>\n<div id=\"attachment_782\" style=\"width: 586px\" class=\"wp-caption aligncenter\"><a href=\"https:\/\/i0.wp.com\/my-alps.de\/wp-content\/uploads\/2014\/03\/Wasserfallgletscher-HK.jpg\"><img aria-describedby=\"caption-attachment-782\" data-attachment-id=\"782\" data-permalink=\"http:\/\/my-alps.de\/?attachment_id=782\" data-orig-file=\"https:\/\/i0.wp.com\/my-alps.de\/wp-content\/uploads\/2014\/03\/Wasserfallgletscher-HK.jpg?fit=576%2C1024\" data-orig-size=\"576,1024\" data-comments-opened=\"1\" data-image-meta=\"{&quot;aperture&quot;:&quot;8&quot;,&quot;credit&quot;:&quot;&quot;,&quot;camera&quot;:&quot;SLT-A99V&quot;,&quot;caption&quot;:&quot;&quot;,&quot;created_timestamp&quot;:&quot;1393260672&quot;,&quot;copyright&quot;:&quot;&quot;,&quot;focal_length&quot;:&quot;35&quot;,&quot;iso&quot;:&quot;100&quot;,&quot;shutter_speed&quot;:&quot;0.004&quot;,&quot;title&quot;:&quot;&quot;}\" data-image-title=\"Wasserfallgletscher &#8211; HK\" data-image-description=\"&lt;p&gt;Wasserfallgletscher&lt;\/p&gt;\n\" data-image-caption=\"&lt;p&gt;Wasserfallgletscher&lt;\/p&gt;\n\" data-medium-file=\"https:\/\/i0.wp.com\/my-alps.de\/wp-content\/uploads\/2014\/03\/Wasserfallgletscher-HK.jpg?fit=168%2C300\" data-large-file=\"https:\/\/i0.wp.com\/my-alps.de\/wp-content\/uploads\/2014\/03\/Wasserfallgletscher-HK.jpg?fit=576%2C1024\" loading=\"lazy\" class=\"size-full wp-image-782\" alt=\"Wasserfallgletscher\" src=\"https:\/\/i0.wp.com\/my-alps.de\/wp-content\/uploads\/2014\/03\/Wasserfallgletscher-HK.jpg?resize=576%2C1024\" width=\"576\" height=\"1024\" srcset=\"https:\/\/i0.wp.com\/my-alps.de\/wp-content\/uploads\/2014\/03\/Wasserfallgletscher-HK.jpg?w=576 576w, https:\/\/i0.wp.com\/my-alps.de\/wp-content\/uploads\/2014\/03\/Wasserfallgletscher-HK.jpg?resize=168%2C300 168w\" sizes=\"(max-width: 576px) 100vw, 576px\" data-recalc-dims=\"1\" \/><\/a><p id=\"caption-attachment-782\" class=\"wp-caption-text\">Wasserfallgletscher<\/p><\/div>\n<p>Um es kurz zu machen, beim Stossd\u00e4mpfer hatte sich die Schraube an der Lenkaufnahme gelockert. Das konnte ich allerdings erst feststellen als ich das WOMO vorne mit dem Wagenheber hochgehoben habe und sich der D\u00e4mpfer etwas \u201eentspannt\u201c hatte.<\/p>\n<p>Mit Hilfe von Toni, einem Luxemburger, der mit Frau, Katze und Hund mit seinem Scania LKW &#8211; WOMO unterwegs ist, haben wir das wieder befestigt &#8211; und es h\u00e4lt! Toni hat in den riesigen Staur\u00e4umen seines LKW\u2019s so ziemlich eine komplette Werkstatt dabei. Eine passende Scheibe haben wir gleich gefunden und so den \u201eKlapperfritz\u201c beruhigt. Jetzt m\u00fcssen wir uns um unsere Ersatzteile , die wir zu Hause schon bestellt haben, k\u00fcmmern. Der Transport muss nach Chile organisiert werden.<\/p>\n<div id=\"attachment_785\" style=\"width: 1034px\" class=\"wp-caption aligncenter\"><a href=\"https:\/\/i0.wp.com\/my-alps.de\/wp-content\/uploads\/2014\/03\/Das-Weisse-Pferd.jpg\"><img aria-describedby=\"caption-attachment-785\" data-attachment-id=\"785\" data-permalink=\"http:\/\/my-alps.de\/?attachment_id=785\" data-orig-file=\"https:\/\/i0.wp.com\/my-alps.de\/wp-content\/uploads\/2014\/03\/Das-Weisse-Pferd.jpg?fit=1024%2C576\" data-orig-size=\"1024,576\" data-comments-opened=\"1\" data-image-meta=\"{&quot;aperture&quot;:&quot;9.5&quot;,&quot;credit&quot;:&quot;&quot;,&quot;camera&quot;:&quot;SLT-A99V&quot;,&quot;caption&quot;:&quot;&quot;,&quot;created_timestamp&quot;:&quot;1393332158&quot;,&quot;copyright&quot;:&quot;&quot;,&quot;focal_length&quot;:&quot;70&quot;,&quot;iso&quot;:&quot;100&quot;,&quot;shutter_speed&quot;:&quot;0.005&quot;,&quot;title&quot;:&quot;&quot;}\" data-image-title=\"Das Weisse Pferd\" data-image-description=\"&lt;p&gt;Das Weisse Pferd&lt;\/p&gt;\n\" data-image-caption=\"&lt;p&gt;Das Weisse Pferd&lt;\/p&gt;\n\" data-medium-file=\"https:\/\/i0.wp.com\/my-alps.de\/wp-content\/uploads\/2014\/03\/Das-Weisse-Pferd.jpg?fit=300%2C168\" data-large-file=\"https:\/\/i0.wp.com\/my-alps.de\/wp-content\/uploads\/2014\/03\/Das-Weisse-Pferd.jpg?fit=625%2C352\" loading=\"lazy\" class=\"size-full wp-image-785\" alt=\"Das Weisse Pferd\" src=\"https:\/\/i0.wp.com\/my-alps.de\/wp-content\/uploads\/2014\/03\/Das-Weisse-Pferd.jpg?resize=625%2C352\" width=\"625\" height=\"352\" srcset=\"https:\/\/i0.wp.com\/my-alps.de\/wp-content\/uploads\/2014\/03\/Das-Weisse-Pferd.jpg?w=1024 1024w, https:\/\/i0.wp.com\/my-alps.de\/wp-content\/uploads\/2014\/03\/Das-Weisse-Pferd.jpg?resize=300%2C168 300w\" sizes=\"(max-width: 625px) 100vw, 625px\" data-recalc-dims=\"1\" \/><\/a><p id=\"caption-attachment-785\" class=\"wp-caption-text\">Das Weisse Pferd<\/p><\/div>\n<p>Danach haben wir wieder die Landschaft bestaunt, sind durch \u201ekalten Regenwald\u201c zum Gletscher gelaufen und den h\u00f6chsten Berg der S\u00fcdanden, den \u201eMonte San Valentin\u201c mit seinen 4085 m betrachtet.<\/p>\n<div id=\"attachment_787\" style=\"width: 1034px\" class=\"wp-caption aligncenter\"><a href=\"https:\/\/i0.wp.com\/my-alps.de\/wp-content\/uploads\/2014\/03\/kalter-Regenwald-HD.jpg\"><img aria-describedby=\"caption-attachment-787\" data-attachment-id=\"787\" data-permalink=\"http:\/\/my-alps.de\/?attachment_id=787\" data-orig-file=\"https:\/\/i0.wp.com\/my-alps.de\/wp-content\/uploads\/2014\/03\/kalter-Regenwald-HD.jpg?fit=1024%2C576\" data-orig-size=\"1024,576\" data-comments-opened=\"1\" data-image-meta=\"{&quot;aperture&quot;:&quot;2.8&quot;,&quot;credit&quot;:&quot;&quot;,&quot;camera&quot;:&quot;SLT-A99V&quot;,&quot;caption&quot;:&quot;&quot;,&quot;created_timestamp&quot;:&quot;1393353218&quot;,&quot;copyright&quot;:&quot;&quot;,&quot;focal_length&quot;:&quot;24&quot;,&quot;iso&quot;:&quot;400&quot;,&quot;shutter_speed&quot;:&quot;0.022222222222222&quot;,&quot;title&quot;:&quot;&quot;}\" data-image-title=\"kalter Regenwald &#8211; HD\" data-image-description=\"&lt;p&gt;kalter Regenwald&lt;\/p&gt;\n\" data-image-caption=\"&lt;p&gt;kalter Regenwald&lt;\/p&gt;\n\" data-medium-file=\"https:\/\/i0.wp.com\/my-alps.de\/wp-content\/uploads\/2014\/03\/kalter-Regenwald-HD.jpg?fit=300%2C168\" data-large-file=\"https:\/\/i0.wp.com\/my-alps.de\/wp-content\/uploads\/2014\/03\/kalter-Regenwald-HD.jpg?fit=625%2C352\" loading=\"lazy\" class=\"size-full wp-image-787\" alt=\"kalter Regenwald\" src=\"https:\/\/i0.wp.com\/my-alps.de\/wp-content\/uploads\/2014\/03\/kalter-Regenwald-HD.jpg?resize=625%2C352\" width=\"625\" height=\"352\" srcset=\"https:\/\/i0.wp.com\/my-alps.de\/wp-content\/uploads\/2014\/03\/kalter-Regenwald-HD.jpg?w=1024 1024w, https:\/\/i0.wp.com\/my-alps.de\/wp-content\/uploads\/2014\/03\/kalter-Regenwald-HD.jpg?resize=300%2C168 300w\" sizes=\"(max-width: 625px) 100vw, 625px\" data-recalc-dims=\"1\" \/><\/a><p id=\"caption-attachment-787\" class=\"wp-caption-text\">kalter Regenwald<\/p><\/div>\n<div id=\"attachment_784\" style=\"width: 1034px\" class=\"wp-caption aligncenter\"><a href=\"https:\/\/i0.wp.com\/my-alps.de\/wp-content\/uploads\/2014\/03\/Br\u00fccke-am-Mt.-Valentin.jpg\"><img aria-describedby=\"caption-attachment-784\" data-attachment-id=\"784\" data-permalink=\"http:\/\/my-alps.de\/?attachment_id=784\" data-orig-file=\"https:\/\/i0.wp.com\/my-alps.de\/wp-content\/uploads\/2014\/03\/Br\u00fccke-am-Mt.-Valentin.jpg?fit=1024%2C576\" data-orig-size=\"1024,576\" data-comments-opened=\"1\" data-image-meta=\"{&quot;aperture&quot;:&quot;9.5&quot;,&quot;credit&quot;:&quot;&quot;,&quot;camera&quot;:&quot;SLT-A99V&quot;,&quot;caption&quot;:&quot;&quot;,&quot;created_timestamp&quot;:&quot;1393345164&quot;,&quot;copyright&quot;:&quot;&quot;,&quot;focal_length&quot;:&quot;55&quot;,&quot;iso&quot;:&quot;100&quot;,&quot;shutter_speed&quot;:&quot;0.004&quot;,&quot;title&quot;:&quot;&quot;}\" data-image-title=\"Br\u00fccke am Mt. Valentin\" data-image-description=\"&lt;p&gt;Br\u00fccke am Mt. Valentin&lt;\/p&gt;\n\" data-image-caption=\"&lt;p&gt;Br\u00fccke am Mt. Valentin&lt;\/p&gt;\n\" data-medium-file=\"https:\/\/i0.wp.com\/my-alps.de\/wp-content\/uploads\/2014\/03\/Br\u00fccke-am-Mt.-Valentin.jpg?fit=300%2C168\" data-large-file=\"https:\/\/i0.wp.com\/my-alps.de\/wp-content\/uploads\/2014\/03\/Br\u00fccke-am-Mt.-Valentin.jpg?fit=625%2C352\" loading=\"lazy\" class=\"size-full wp-image-784\" alt=\"Br\u00fccke am Mt. Valentin\" src=\"https:\/\/i0.wp.com\/my-alps.de\/wp-content\/uploads\/2014\/03\/Br\u00fccke-am-Mt.-Valentin.jpg?resize=625%2C352\" width=\"625\" height=\"352\" srcset=\"https:\/\/i0.wp.com\/my-alps.de\/wp-content\/uploads\/2014\/03\/Br\u00fccke-am-Mt.-Valentin.jpg?w=1024 1024w, https:\/\/i0.wp.com\/my-alps.de\/wp-content\/uploads\/2014\/03\/Br\u00fccke-am-Mt.-Valentin.jpg?resize=300%2C168 300w\" sizes=\"(max-width: 625px) 100vw, 625px\" data-recalc-dims=\"1\" \/><\/a><p id=\"caption-attachment-784\" class=\"wp-caption-text\">Br\u00fccke am Mt. Valentin<\/p><\/div>\n<p>&nbsp;<\/p>\n","protected":false},"excerpt":{"rendered":"<p>Dann geht\u2019s wieder weiter, die \u201eCarretera Austral\u201c hinauf. Immer wieder halten wir an und bestaunen die Fjordlandschaft mit den tief eingeschnittenen Buchten und den kleinen Inseln. In \u201ePuerto Tranquilo\u201c biegen wir links ab in das Tal: \u201eValle de Exploradores\u201c. Die Schotterpiste f\u00e4hrt sich wie ein besseres Flussbett und zu allem \u00dcberfluss f\u00e4ngt unser rechter Stossd\u00e4mpfer [&hellip;]<\/p>\n","protected":false},"author":1,"featured_media":0,"comment_status":"open","ping_status":"open","sticky":false,"template":"","format":"gallery","meta":{"spay_email":"","jetpack_publicize_message":"","jetpack_is_tweetstorm":false,"jetpack_publicize_feature_enabled":true},"categories":[1],"tags":[],"jetpack_featured_media_url":"","jetpack_publicize_connections":[],"jetpack_sharing_enabled":true,"jetpack_shortlink":"https:\/\/wp.me\/p6huce-c4","jetpack-related-posts":[{"id":1308,"url":"http:\/\/my-alps.de\/?p=1308","url_meta":{"origin":748,"position":0},"title":"Cafayate und durch das Valle Calchaquies nach Salta","date":"30. Juni 2014","format":"gallery","excerpt":"Nach Amaicha haben wir noch die \u201eRuinas de Quilmes\u201c besucht. Die Terrassenanlage wurde teilweise wieder ausgegraben und die Geschichte der Quilmesindianer hat ein trauriges Kapitel. Nach langem Wiederstand gegen die Spanier wurden sie doch unterworfen und der gesamte Stamm nach Buenos Aires deportiert. Nur 600 kamen lebend dort an mehr\u2026","rel":"","context":"In &quot;News&quot;","img":{"alt_text":"","src":"https:\/\/i0.wp.com\/my-alps.de\/wp-content\/uploads\/2014\/06\/Felsfarben-1-Sonnenuntergang-ce4.jpg?resize=350%2C200","width":350,"height":200},"classes":[]},{"id":1472,"url":"http:\/\/my-alps.de\/?p=1472","url_meta":{"origin":748,"position":1},"title":"vom Sajama, dem h\u00f6chsten Berg Boliviens nach Peru","date":"8. August 2014","format":"gallery","excerpt":"Da wir vom Titikakasee etwas entt\u00e4uscht waren, haben wir uns kurzerhand entschlossen doch noch einen Abstecher zum \"Sajama\" zu fahren. Er liegt zwar auf dem Weg Richtung Chile, aber\u00a0das haben wir dann mit dem Grenz\u00fcbergang in Arica\u00a0verkn\u00fcpft. auf dem AltiplanoDer \"Sajama\" ist ein wundersch\u00f6ner Vulkankegel, der sich wie eine Zipfelm\u00fctze\u2026","rel":"","context":"In &quot;News&quot;","img":{"alt_text":"","src":"https:\/\/i0.wp.com\/my-alps.de\/wp-content\/uploads\/2014\/08\/Vulkanausbruch-1-ce4.jpg?resize=350%2C200","width":350,"height":200},"classes":[]},{"id":1077,"url":"http:\/\/my-alps.de\/?p=1077","url_meta":{"origin":748,"position":2},"title":"In Naturcolor nach Araukanien","date":"3. Mai 2014","format":"gallery","excerpt":"Die ersten Nachtfr\u00f6ste haben uns einen zauberhaften Morgen geschenkt und wir sind ein St\u00fcck weiter nach Norden gezogen. Die n\u00e4chste Stadt auf unserem Weg ist San Martin des los Andes. Eine Tourismus\u201coase\u201c f\u00fcr alle m\u00f6glichen Outdoorsportarten. Man kann hier sogar richtig Skifahren, und der Ort macht sich fertig f\u00fcr die\u2026","rel":"","context":"In &quot;News&quot;","img":{"alt_text":"","src":"https:\/\/i0.wp.com\/my-alps.de\/wp-content\/uploads\/2014\/05\/Vegetationszonen-I-ce4.jpg?resize=350%2C200","width":350,"height":200},"classes":[]},{"id":1234,"url":"http:\/\/my-alps.de\/?p=1234","url_meta":{"origin":748,"position":3},"title":"NP Valle de la Luna und NP Talampaya","date":"15. Juni 2014","format":"gallery","excerpt":"Wir machen zur Zeit \u201eNationalpark Hopping\u201c in Argentinien. Der einfache Grund - an jedem der abseits gelegenen Nationalparks gibt es eine g\u00fcnstige (und sichere) M\u00f6glichkeit mit dem WOMO \u00fcber Nacht zu stehen und sehr viel zu sehen....... Ausserdem gibt es auch wieder mal eine warme Dusche ohne sich die Ellenbogen\u2026","rel":"","context":"In &quot;News&quot;","img":{"alt_text":"","src":"https:\/\/i0.wp.com\/my-alps.de\/wp-content\/uploads\/2014\/06\/Talampaya-V-ce4.jpg?resize=350%2C200","width":350,"height":200},"classes":[]},{"id":1598,"url":"http:\/\/my-alps.de\/?p=1598","url_meta":{"origin":748,"position":4},"title":"Einreiseformalit\u00e4ten","date":"11. September 2014","format":"gallery","excerpt":"Nachdem unsere \u201eTraumstra\u00dfe\u201c wieder einer normalen\u00a0Stra\u00dfe durch ganz normales Peru gewichen ist, fahren\u00a0wir \u00fcber Jaen und St. Ignazio in Richtung Grenze nach Ecuador. Die Stra\u00dfe ist asphaltiert und gut ausgebaut, es herrscht kaum Verkehr, lediglich in den Orten und den beiden St\u00e4dten das \u00fcbliche Chaos an Taxis, Tuk-Tuk\u2019s und Ochsenkarren.\u2026","rel":"","context":"In &quot;News&quot;","img":{"alt_text":"","src":"https:\/\/i0.wp.com\/my-alps.de\/wp-content\/uploads\/2014\/09\/Grenze-Ecuador.jpg?resize=350%2C200","width":350,"height":200},"classes":[]},{"id":883,"url":"http:\/\/my-alps.de\/?p=883","url_meta":{"origin":748,"position":5},"title":"Insel Chiloe\u2019","date":"26. M\u00e4rz 2014","format":"gallery","excerpt":"Die Insel Chiloe\u2019 ist von Puerto Montt auf einer gut ausgebauten Autobahn in ca. 1 1\/2 Stunden Fahrt zu erreichen. \u00dcber die Meerenge zwischen dem Festland und der Insel wird (wie in Chile \u00fcblich) mit einer offenen F\u00e4hre \u00fcbergesetzt. Die Fahrtzeit betr\u00e4gt etwa eine halbe Stunde und kostet f\u00fcr unser\u2026","rel":"","context":"In &quot;News&quot;","img":{"alt_text":"","src":"https:\/\/i0.wp.com\/my-alps.de\/wp-content\/uploads\/2014\/03\/wir-sind-auf.....jpg?resize=350%2C200","width":350,"height":200},"classes":[]}],"_links":{"self":[{"href":"http:\/\/my-alps.de\/index.php?rest_route=\/wp\/v2\/posts\/748"}],"collection":[{"href":"http:\/\/my-alps.de\/index.php?rest_route=\/wp\/v2\/posts"}],"about":[{"href":"http:\/\/my-alps.de\/index.php?rest_route=\/wp\/v2\/types\/post"}],"author":[{"embeddable":true,"href":"http:\/\/my-alps.de\/index.php?rest_route=\/wp\/v2\/users\/1"}],"replies":[{"embeddable":true,"href":"http:\/\/my-alps.de\/index.php?rest_route=%2Fwp%2Fv2%2Fcomments&post=748"}],"version-history":[{"count":6,"href":"http:\/\/my-alps.de\/index.php?rest_route=\/wp\/v2\/posts\/748\/revisions"}],"predecessor-version":[{"id":788,"href":"http:\/\/my-alps.de\/index.php?rest_route=\/wp\/v2\/posts\/748\/revisions\/788"}],"wp:attachment":[{"href":"http:\/\/my-alps.de\/index.php?rest_route=%2Fwp%2Fv2%2Fmedia&parent=748"}],"wp:term":[{"taxonomy":"category","embeddable":true,"href":"http:\/\/my-alps.de\/index.php?rest_route=%2Fwp%2Fv2%2Fcategories&post=748"},{"taxonomy":"post_tag","embeddable":true,"href":"http:\/\/my-alps.de\/index.php?rest_route=%2Fwp%2Fv2%2Ftags&post=748"}],"curies":[{"name":"wp","href":"https:\/\/api.w.org\/{rel}","templated":true}]}}