{"id":745,"date":"2014-03-03T19:09:11","date_gmt":"2014-03-03T18:09:11","guid":{"rendered":"http:\/\/my-alps.de\/?p=745"},"modified":"2014-03-03T19:44:20","modified_gmt":"2014-03-03T18:44:20","slug":"carretera-austral-richtung-coyhaique","status":"publish","type":"post","link":"http:\/\/my-alps.de\/?p=745","title":{"rendered":"Carretera Austral &#8211; Richtung Coyhaique"},"content":{"rendered":"<p>Weiter geht\u2019s Richtung Norden.<\/p>\n<p>Weiter auf der Carretera Austral, der Hauptverbindungsstra\u00dfe in den S\u00fcden, die in den 70iger Jahren erst gebaut wurde.<\/p>\n<div id=\"attachment_767\" style=\"width: 1034px\" class=\"wp-caption aligncenter\"><a href=\"https:\/\/i0.wp.com\/my-alps.de\/wp-content\/uploads\/2014\/03\/Hauptstrasse-nach-S\u00fcden-HD.jpg\"><img aria-describedby=\"caption-attachment-767\" data-attachment-id=\"767\" data-permalink=\"http:\/\/my-alps.de\/?attachment_id=767\" data-orig-file=\"https:\/\/i0.wp.com\/my-alps.de\/wp-content\/uploads\/2014\/03\/Hauptstrasse-nach-S\u00fcden-HD.jpg?fit=1024%2C576\" data-orig-size=\"1024,576\" data-comments-opened=\"1\" data-image-meta=\"{&quot;aperture&quot;:&quot;6.7&quot;,&quot;credit&quot;:&quot;&quot;,&quot;camera&quot;:&quot;SLT-A99V&quot;,&quot;caption&quot;:&quot;&quot;,&quot;created_timestamp&quot;:&quot;1393601960&quot;,&quot;copyright&quot;:&quot;&quot;,&quot;focal_length&quot;:&quot;24&quot;,&quot;iso&quot;:&quot;100&quot;,&quot;shutter_speed&quot;:&quot;0.002&quot;,&quot;title&quot;:&quot;&quot;}\" data-image-title=\"Hauptstrasse nach S\u00fcden &#8211; HD\" data-image-description=\"&lt;p&gt;Hauptstrasse nach S\u00fcden&lt;\/p&gt;\n\" data-image-caption=\"&lt;p&gt;Hauptstrasse nach S\u00fcden&lt;\/p&gt;\n\" data-medium-file=\"https:\/\/i0.wp.com\/my-alps.de\/wp-content\/uploads\/2014\/03\/Hauptstrasse-nach-S\u00fcden-HD.jpg?fit=300%2C168\" data-large-file=\"https:\/\/i0.wp.com\/my-alps.de\/wp-content\/uploads\/2014\/03\/Hauptstrasse-nach-S\u00fcden-HD.jpg?fit=625%2C352\" loading=\"lazy\" class=\"size-full wp-image-767\" alt=\"Hauptstrasse nach S\u00fcden\" src=\"https:\/\/i0.wp.com\/my-alps.de\/wp-content\/uploads\/2014\/03\/Hauptstrasse-nach-S\u00fcden-HD.jpg?resize=625%2C352\" width=\"625\" height=\"352\" srcset=\"https:\/\/i0.wp.com\/my-alps.de\/wp-content\/uploads\/2014\/03\/Hauptstrasse-nach-S\u00fcden-HD.jpg?w=1024 1024w, https:\/\/i0.wp.com\/my-alps.de\/wp-content\/uploads\/2014\/03\/Hauptstrasse-nach-S\u00fcden-HD.jpg?resize=300%2C168 300w\" sizes=\"(max-width: 625px) 100vw, 625px\" data-recalc-dims=\"1\" \/><\/a><p id=\"caption-attachment-767\" class=\"wp-caption-text\">Hauptstrasse nach S\u00fcden<\/p><\/div>\n<p>Schotterkilometer reiht sich an Schotterkilometer &#8211; mal besser &#8211; mal f\u00fcrchterlicher zu fahren. An einem Tag schaffen wir gerade mal knapp 170 Kilometer &#8211; und ich bin total fertig vom fahren.<\/p>\n<div id=\"attachment_770\" style=\"width: 1034px\" class=\"wp-caption aligncenter\"><a href=\"https:\/\/i0.wp.com\/my-alps.de\/wp-content\/uploads\/2014\/03\/Hauptstrasse-nach-S\u00fcden-II-HD.jpg\"><img aria-describedby=\"caption-attachment-770\" data-attachment-id=\"770\" data-permalink=\"http:\/\/my-alps.de\/?attachment_id=770\" data-orig-file=\"https:\/\/i0.wp.com\/my-alps.de\/wp-content\/uploads\/2014\/03\/Hauptstrasse-nach-S\u00fcden-II-HD.jpg?fit=1024%2C576\" data-orig-size=\"1024,576\" data-comments-opened=\"1\" data-image-meta=\"{&quot;aperture&quot;:&quot;5.6&quot;,&quot;credit&quot;:&quot;&quot;,&quot;camera&quot;:&quot;DSC-RX100&quot;,&quot;caption&quot;:&quot;&quot;,&quot;created_timestamp&quot;:&quot;1393616997&quot;,&quot;copyright&quot;:&quot;&quot;,&quot;focal_length&quot;:&quot;10.4&quot;,&quot;iso&quot;:&quot;160&quot;,&quot;shutter_speed&quot;:&quot;0.004&quot;,&quot;title&quot;:&quot;&quot;}\" data-image-title=\"Hauptstrasse nach S\u00fcden II &#8211; HD\" data-image-description=\"&lt;p&gt;Hauptstrasse nach S\u00fcden II&lt;\/p&gt;\n\" data-image-caption=\"&lt;p&gt;Hauptstrasse nach S\u00fcden II&lt;\/p&gt;\n\" data-medium-file=\"https:\/\/i0.wp.com\/my-alps.de\/wp-content\/uploads\/2014\/03\/Hauptstrasse-nach-S\u00fcden-II-HD.jpg?fit=300%2C168\" data-large-file=\"https:\/\/i0.wp.com\/my-alps.de\/wp-content\/uploads\/2014\/03\/Hauptstrasse-nach-S\u00fcden-II-HD.jpg?fit=625%2C352\" loading=\"lazy\" class=\"size-full wp-image-770\" alt=\"Hauptstrasse nach S\u00fcden II\" src=\"https:\/\/i0.wp.com\/my-alps.de\/wp-content\/uploads\/2014\/03\/Hauptstrasse-nach-S\u00fcden-II-HD.jpg?resize=625%2C352\" width=\"625\" height=\"352\" srcset=\"https:\/\/i0.wp.com\/my-alps.de\/wp-content\/uploads\/2014\/03\/Hauptstrasse-nach-S\u00fcden-II-HD.jpg?w=1024 1024w, https:\/\/i0.wp.com\/my-alps.de\/wp-content\/uploads\/2014\/03\/Hauptstrasse-nach-S\u00fcden-II-HD.jpg?resize=300%2C168 300w\" sizes=\"(max-width: 625px) 100vw, 625px\" data-recalc-dims=\"1\" \/><\/a><p id=\"caption-attachment-770\" class=\"wp-caption-text\">Hauptstrasse nach S\u00fcden II<\/p><\/div>\n<p>Die Landschaft ver\u00e4ndert sich st\u00e4ndig. Manchmal tiefer, undurchdringlicher Urwald mit Bambus und Gestr\u00fcpp. Dann wieder Sumpflandschaft in dem abgestorbene Baumst\u00fcmpfe stehen.<\/p>\n<div id=\"attachment_772\" style=\"width: 1034px\" class=\"wp-caption aligncenter\"><a href=\"https:\/\/i0.wp.com\/my-alps.de\/wp-content\/uploads\/2014\/03\/Cerro-Castillio-II-HD.jpg\"><img aria-describedby=\"caption-attachment-772\" data-attachment-id=\"772\" data-permalink=\"http:\/\/my-alps.de\/?attachment_id=772\" data-orig-file=\"https:\/\/i0.wp.com\/my-alps.de\/wp-content\/uploads\/2014\/03\/Cerro-Castillio-II-HD.jpg?fit=1024%2C576\" data-orig-size=\"1024,576\" data-comments-opened=\"1\" data-image-meta=\"{&quot;aperture&quot;:&quot;9.5&quot;,&quot;credit&quot;:&quot;&quot;,&quot;camera&quot;:&quot;SLT-A99V&quot;,&quot;caption&quot;:&quot;&quot;,&quot;created_timestamp&quot;:&quot;1393610261&quot;,&quot;copyright&quot;:&quot;&quot;,&quot;focal_length&quot;:&quot;24&quot;,&quot;iso&quot;:&quot;100&quot;,&quot;shutter_speed&quot;:&quot;0.011111111111111&quot;,&quot;title&quot;:&quot;&quot;}\" data-image-title=\"Cerro Castillio II &#8211; HD\" data-image-description=\"&lt;p&gt;Cerro Castillio II&lt;\/p&gt;\n\" data-image-caption=\"&lt;p&gt;Cerro Castillio II&lt;\/p&gt;\n\" data-medium-file=\"https:\/\/i0.wp.com\/my-alps.de\/wp-content\/uploads\/2014\/03\/Cerro-Castillio-II-HD.jpg?fit=300%2C168\" data-large-file=\"https:\/\/i0.wp.com\/my-alps.de\/wp-content\/uploads\/2014\/03\/Cerro-Castillio-II-HD.jpg?fit=625%2C352\" loading=\"lazy\" class=\"size-full wp-image-772\" alt=\"Cerro Castillio II\" src=\"https:\/\/i0.wp.com\/my-alps.de\/wp-content\/uploads\/2014\/03\/Cerro-Castillio-II-HD.jpg?resize=625%2C352\" width=\"625\" height=\"352\" srcset=\"https:\/\/i0.wp.com\/my-alps.de\/wp-content\/uploads\/2014\/03\/Cerro-Castillio-II-HD.jpg?w=1024 1024w, https:\/\/i0.wp.com\/my-alps.de\/wp-content\/uploads\/2014\/03\/Cerro-Castillio-II-HD.jpg?resize=300%2C168 300w\" sizes=\"(max-width: 625px) 100vw, 625px\" data-recalc-dims=\"1\" \/><\/a><p id=\"caption-attachment-772\" class=\"wp-caption-text\">Cerro Castillio II<\/p><\/div>\n<p>Flach geschliffene Felsen zeugen von der m\u00e4chtigen Kraft der Eiszeiten, die diese Landschaft geformt haben.<\/p>\n<div id=\"attachment_773\" style=\"width: 1034px\" class=\"wp-caption aligncenter\"><a href=\"https:\/\/i0.wp.com\/my-alps.de\/wp-content\/uploads\/2014\/03\/Cerro-Castillio.jpg\"><img aria-describedby=\"caption-attachment-773\" data-attachment-id=\"773\" data-permalink=\"http:\/\/my-alps.de\/?attachment_id=773\" data-orig-file=\"https:\/\/i0.wp.com\/my-alps.de\/wp-content\/uploads\/2014\/03\/Cerro-Castillio.jpg?fit=1024%2C576\" data-orig-size=\"1024,576\" data-comments-opened=\"1\" data-image-meta=\"{&quot;aperture&quot;:&quot;11&quot;,&quot;credit&quot;:&quot;&quot;,&quot;camera&quot;:&quot;SLT-A99V&quot;,&quot;caption&quot;:&quot;&quot;,&quot;created_timestamp&quot;:&quot;1393672471&quot;,&quot;copyright&quot;:&quot;&quot;,&quot;focal_length&quot;:&quot;70&quot;,&quot;iso&quot;:&quot;100&quot;,&quot;shutter_speed&quot;:&quot;0.004&quot;,&quot;title&quot;:&quot;&quot;}\" data-image-title=\"Cerro Castillio\" data-image-description=\"&lt;p&gt;Cerro Castillio&lt;\/p&gt;\n\" data-image-caption=\"&lt;p&gt;Cerro Castillio&lt;\/p&gt;\n\" data-medium-file=\"https:\/\/i0.wp.com\/my-alps.de\/wp-content\/uploads\/2014\/03\/Cerro-Castillio.jpg?fit=300%2C168\" data-large-file=\"https:\/\/i0.wp.com\/my-alps.de\/wp-content\/uploads\/2014\/03\/Cerro-Castillio.jpg?fit=625%2C352\" loading=\"lazy\" class=\"size-full wp-image-773\" alt=\"Cerro Castillio\" src=\"https:\/\/i0.wp.com\/my-alps.de\/wp-content\/uploads\/2014\/03\/Cerro-Castillio.jpg?resize=625%2C352\" width=\"625\" height=\"352\" srcset=\"https:\/\/i0.wp.com\/my-alps.de\/wp-content\/uploads\/2014\/03\/Cerro-Castillio.jpg?w=1024 1024w, https:\/\/i0.wp.com\/my-alps.de\/wp-content\/uploads\/2014\/03\/Cerro-Castillio.jpg?resize=300%2C168 300w\" sizes=\"(max-width: 625px) 100vw, 625px\" data-recalc-dims=\"1\" \/><\/a><p id=\"caption-attachment-773\" class=\"wp-caption-text\">Cerro Castillio<\/p><\/div>\n<p>Wir kommen in \u201eVilla Cerro Castillio\u201c an &#8211; ab hier ist die Stra\u00dfe befestigt und wir besuchen eine kleine H\u00f6hle, besser einen \u00dcberhang im Felsen, an dem sich Felsmalereien der Ureinwohner befinden.<\/p>\n<div id=\"attachment_775\" style=\"width: 586px\" class=\"wp-caption aligncenter\"><a href=\"https:\/\/i0.wp.com\/my-alps.de\/wp-content\/uploads\/2014\/03\/Cueva-de-la-manos.jpg\"><img aria-describedby=\"caption-attachment-775\" data-attachment-id=\"775\" data-permalink=\"http:\/\/my-alps.de\/?attachment_id=775\" data-orig-file=\"https:\/\/i0.wp.com\/my-alps.de\/wp-content\/uploads\/2014\/03\/Cueva-de-la-manos.jpg?fit=576%2C1024\" data-orig-size=\"576,1024\" data-comments-opened=\"1\" data-image-meta=\"{&quot;aperture&quot;:&quot;4.5&quot;,&quot;credit&quot;:&quot;&quot;,&quot;camera&quot;:&quot;SLT-A99V&quot;,&quot;caption&quot;:&quot;&quot;,&quot;created_timestamp&quot;:&quot;1393676933&quot;,&quot;copyright&quot;:&quot;&quot;,&quot;focal_length&quot;:&quot;30&quot;,&quot;iso&quot;:&quot;100&quot;,&quot;shutter_speed&quot;:&quot;0.004&quot;,&quot;title&quot;:&quot;&quot;}\" data-image-title=\"Cueva de la manos\" data-image-description=\"&lt;p&gt;Cueva de la manos&lt;\/p&gt;\n\" data-image-caption=\"&lt;p&gt;Cueva de la manos&lt;\/p&gt;\n\" data-medium-file=\"https:\/\/i0.wp.com\/my-alps.de\/wp-content\/uploads\/2014\/03\/Cueva-de-la-manos.jpg?fit=168%2C300\" data-large-file=\"https:\/\/i0.wp.com\/my-alps.de\/wp-content\/uploads\/2014\/03\/Cueva-de-la-manos.jpg?fit=576%2C1024\" loading=\"lazy\" class=\"size-full wp-image-775\" alt=\"Cueva de la manos\" src=\"https:\/\/i0.wp.com\/my-alps.de\/wp-content\/uploads\/2014\/03\/Cueva-de-la-manos.jpg?resize=576%2C1024\" width=\"576\" height=\"1024\" srcset=\"https:\/\/i0.wp.com\/my-alps.de\/wp-content\/uploads\/2014\/03\/Cueva-de-la-manos.jpg?w=576 576w, https:\/\/i0.wp.com\/my-alps.de\/wp-content\/uploads\/2014\/03\/Cueva-de-la-manos.jpg?resize=168%2C300 168w\" sizes=\"(max-width: 576px) 100vw, 576px\" data-recalc-dims=\"1\" \/><\/a><p id=\"caption-attachment-775\" class=\"wp-caption-text\">Cueva de la manos<\/p><\/div>\n<p>Wir schauen uns, tief beeindruckt, die Handabdr\u00fccke und Darstellungen von Guanakos und anderen Tieren an. Die Farben sind teilweise, wo sie vor Sonnenlicht gesch\u00fctzt sind, sehr gut erhalten. Dort wo Teile der Felsen bei Erdbeben oder Erosion abgebrochen sind verblassen sie zusehends. Wir sind die einzigen Besucher an diesem Tag!<\/p>\n<div id=\"attachment_776\" style=\"width: 586px\" class=\"wp-caption aligncenter\"><a href=\"https:\/\/i0.wp.com\/my-alps.de\/wp-content\/uploads\/2014\/03\/das-Ende-des-Schotters.jpg\"><img aria-describedby=\"caption-attachment-776\" data-attachment-id=\"776\" data-permalink=\"http:\/\/my-alps.de\/?attachment_id=776\" data-orig-file=\"https:\/\/i0.wp.com\/my-alps.de\/wp-content\/uploads\/2014\/03\/das-Ende-des-Schotters.jpg?fit=576%2C1024\" data-orig-size=\"576,1024\" data-comments-opened=\"1\" data-image-meta=\"{&quot;aperture&quot;:&quot;5.6&quot;,&quot;credit&quot;:&quot;&quot;,&quot;camera&quot;:&quot;DSC-RX100&quot;,&quot;caption&quot;:&quot;&quot;,&quot;created_timestamp&quot;:&quot;1393625846&quot;,&quot;copyright&quot;:&quot;&quot;,&quot;focal_length&quot;:&quot;10.4&quot;,&quot;iso&quot;:&quot;125&quot;,&quot;shutter_speed&quot;:&quot;0.0025&quot;,&quot;title&quot;:&quot;&quot;}\" data-image-title=\"das Ende des Schotters\" data-image-description=\"&lt;p&gt;das Ende des Schotters&lt;\/p&gt;\n\" data-image-caption=\"&lt;p&gt;das Ende des Schotters&lt;\/p&gt;\n\" data-medium-file=\"https:\/\/i0.wp.com\/my-alps.de\/wp-content\/uploads\/2014\/03\/das-Ende-des-Schotters.jpg?fit=168%2C300\" data-large-file=\"https:\/\/i0.wp.com\/my-alps.de\/wp-content\/uploads\/2014\/03\/das-Ende-des-Schotters.jpg?fit=576%2C1024\" loading=\"lazy\" class=\"size-full wp-image-776\" alt=\"das Ende des Schotters\" src=\"https:\/\/i0.wp.com\/my-alps.de\/wp-content\/uploads\/2014\/03\/das-Ende-des-Schotters.jpg?resize=576%2C1024\" width=\"576\" height=\"1024\" srcset=\"https:\/\/i0.wp.com\/my-alps.de\/wp-content\/uploads\/2014\/03\/das-Ende-des-Schotters.jpg?w=576 576w, https:\/\/i0.wp.com\/my-alps.de\/wp-content\/uploads\/2014\/03\/das-Ende-des-Schotters.jpg?resize=168%2C300 168w\" sizes=\"(max-width: 576px) 100vw, 576px\" data-recalc-dims=\"1\" \/><\/a><p id=\"caption-attachment-776\" class=\"wp-caption-text\">das Ende des Schotters<\/p><\/div>\n<p>In Coyhaique, der einzigen Stadt auf unserem Weg Richtung Chaiten, werden wir uns wieder richtig versorgen. Auto entstauben, kleinere Reparaturen durchf\u00fchren und W\u00e4sche waschen.<\/p>\n<p>Und Kontakt mit zu Hause aufnehmen.<\/p>\n<p>&nbsp;<\/p>\n","protected":false},"excerpt":{"rendered":"<p>Weiter geht\u2019s Richtung Norden. Weiter auf der Carretera Austral, der Hauptverbindungsstra\u00dfe in den S\u00fcden, die in den 70iger Jahren erst gebaut wurde. Schotterkilometer reiht sich an Schotterkilometer &#8211; mal besser &#8211; mal f\u00fcrchterlicher zu fahren. An einem Tag schaffen wir gerade mal knapp 170 Kilometer &#8211; und ich bin total fertig vom fahren. Die Landschaft [&hellip;]<\/p>\n","protected":false},"author":1,"featured_media":0,"comment_status":"open","ping_status":"open","sticky":false,"template":"","format":"gallery","meta":{"spay_email":"","jetpack_publicize_message":"","jetpack_is_tweetstorm":false,"jetpack_publicize_feature_enabled":true},"categories":[1],"tags":[],"jetpack_featured_media_url":"","jetpack_publicize_connections":[],"jetpack_sharing_enabled":true,"jetpack_shortlink":"https:\/\/wp.me\/p6huce-c1","jetpack-related-posts":[{"id":827,"url":"http:\/\/my-alps.de\/?p=827","url_meta":{"origin":745,"position":0},"title":"Carretera Austral &#8211; die lange Stra\u00dfe in den S\u00fcden Chile&#8217;s","date":"10. M\u00e4rz 2014","format":"gallery","excerpt":"Da Chile das l\u00e4ngste Land der Welt ist und der S\u00fcden ziemlich schwer erreichbar ist gibt es nur EINE Stra\u00dfe auf der man fahren kann - die Carretera Austral. Die Stra\u00dfe f\u00fchrt durch wundersch\u00f6ne Landschaften - vorbei an Gletschern und Seen, Dschungel und kleinen Siedlerd\u00f6rfern. Dabei ist sie manchmal nur\u2026","rel":"","context":"In &quot;News&quot;","img":{"alt_text":"","src":"https:\/\/i0.wp.com\/my-alps.de\/wp-content\/uploads\/2014\/03\/nach-Norden-HD.jpg?resize=350%2C200","width":350,"height":200},"classes":[]},{"id":724,"url":"http:\/\/my-alps.de\/?p=724","url_meta":{"origin":745,"position":1},"title":"Von El Chalten auf der Ruta 40 nach Chile","date":"23. Februar 2014","format":"gallery","excerpt":"Nach einer wundersch\u00f6nen Woche ist es an der Zeit weiter zu fahren. Unserer Reise f\u00fchrt nun \u00fcber die legend\u00e4re Ruta 40 (auf der wir uns schon einige Zeit bewegen) Richtung Norden. Die Gegend hier ist gepr\u00e4gt von - na ja - nichts - es gibt hier eigentlich nichts ausser Landschaft\u2026","rel":"","context":"In &quot;News&quot;","img":{"alt_text":"Ruta 40","src":"https:\/\/i0.wp.com\/my-alps.de\/wp-content\/uploads\/2014\/02\/Ruta-40.jpg?resize=350%2C200","width":350,"height":200},"classes":[]},{"id":851,"url":"http:\/\/my-alps.de\/?p=851","url_meta":{"origin":745,"position":2},"title":"von Chaiten ans Ende der Carretera Austral","date":"19. M\u00e4rz 2014","format":"gallery","excerpt":"Wir sind jetzt fast 4 Wochen lang auf der Ruta 7, der Carretera Austral, aus dem S\u00fcden Chiles Richtung Norden gefahren. Der Eine oder Andere Abstecher hat der einsamen Stra\u00dfe noch etwas mehr Reiz beschert, als sie selbst schon besitzt. Doch jetzt ist es an der Zeit die Zivilisation mal\u2026","rel":"","context":"In &quot;News&quot;","img":{"alt_text":"","src":"https:\/\/i0.wp.com\/my-alps.de\/wp-content\/uploads\/2014\/03\/El-Cap-light-sw.jpg?resize=350%2C200","width":350,"height":200},"classes":[]},{"id":1110,"url":"http:\/\/my-alps.de\/?p=1110","url_meta":{"origin":745,"position":3},"title":"Laguna Blanca, einsam &#8211; einsam ist&#8217;s hier","date":"10. Mai 2014","format":"gallery","excerpt":"Auf unserem Weg zur Sonne haben wir die Schleife \u00fcber El Chocon (DIE Stadt der Dino-Fans!) weiter bis Zapala ausgedehnt. Die argentinische Pampa steht hier teilweise noch nach den schweren Regenf\u00e4llen in Neuquen unter Wasser. Sehr ungew\u00f6hnlich durch die sonst knochentrockene Landschaft zu fahren, die sich in eine Sumpflandschaft verwandelt\u2026","rel":"","context":"In &quot;News&quot;","img":{"alt_text":"","src":"","width":0,"height":0},"classes":[]},{"id":1441,"url":"http:\/\/my-alps.de\/?p=1441","url_meta":{"origin":745,"position":4},"title":"Die Welt? &#8211; ist ein Dorf!","date":"1. August 2014","format":"gallery","excerpt":"Auf dem Parkplatz des Hotels, das etwas ausserhalb liegt, herrscht ein reges Kommen und Gehen. Die einen reisen in den S\u00fcden weiter, die anderen, wie wir, fahren Richtung Norden. Tja, und dann tritt das ein, was\u00a0kaum zu glauben ist: Ein Bamberger Paar, Viola und Bernd, parken direkt hinter uns ein!\u2026","rel":"","context":"In &quot;News&quot;","img":{"alt_text":"","src":"https:\/\/i0.wp.com\/my-alps.de\/wp-content\/uploads\/2014\/08\/Overlander-Treffen-in-La-Paz-ce4.jpg?resize=350%2C200","width":350,"height":200},"classes":[]},{"id":504,"url":"http:\/\/my-alps.de\/?p=504","url_meta":{"origin":745,"position":5},"title":"WIFI &#8211; Bitte ?!?","date":"3. Januar 2014","format":"gallery","excerpt":"Wir haben die n\u00e4chsten Zeilen in der ersten Januarwoche offline geschrieben, denn da wo wir uns zeitweise herumgetrieben haben wird das Internet vom Winde verweht ;-)) Nachdem wir unser Sylvester 2013\/14 mit den wilden Hupkonzerten der Dorfjugend von Camarones geteilt hatten, sind wir am 01.01.2014 weiter Richtung S\u00fcden gefahren. Zuerst\u2026","rel":"","context":"In &quot;News&quot;","img":{"alt_text":"","src":"https:\/\/i0.wp.com\/my-alps.de\/wp-content\/uploads\/2014\/01\/Hallo-ich-bin-Freddy-und-du-200x300.jpg?resize=350%2C200","width":350,"height":200},"classes":[]}],"_links":{"self":[{"href":"http:\/\/my-alps.de\/index.php?rest_route=\/wp\/v2\/posts\/745"}],"collection":[{"href":"http:\/\/my-alps.de\/index.php?rest_route=\/wp\/v2\/posts"}],"about":[{"href":"http:\/\/my-alps.de\/index.php?rest_route=\/wp\/v2\/types\/post"}],"author":[{"embeddable":true,"href":"http:\/\/my-alps.de\/index.php?rest_route=\/wp\/v2\/users\/1"}],"replies":[{"embeddable":true,"href":"http:\/\/my-alps.de\/index.php?rest_route=%2Fwp%2Fv2%2Fcomments&post=745"}],"version-history":[{"count":6,"href":"http:\/\/my-alps.de\/index.php?rest_route=\/wp\/v2\/posts\/745\/revisions"}],"predecessor-version":[{"id":777,"href":"http:\/\/my-alps.de\/index.php?rest_route=\/wp\/v2\/posts\/745\/revisions\/777"}],"wp:attachment":[{"href":"http:\/\/my-alps.de\/index.php?rest_route=%2Fwp%2Fv2%2Fmedia&parent=745"}],"wp:term":[{"taxonomy":"category","embeddable":true,"href":"http:\/\/my-alps.de\/index.php?rest_route=%2Fwp%2Fv2%2Fcategories&post=745"},{"taxonomy":"post_tag","embeddable":true,"href":"http:\/\/my-alps.de\/index.php?rest_route=%2Fwp%2Fv2%2Ftags&post=745"}],"curies":[{"name":"wp","href":"https:\/\/api.w.org\/{rel}","templated":true}]}}