{"id":743,"date":"2014-03-03T19:08:11","date_gmt":"2014-03-03T18:08:11","guid":{"rendered":"http:\/\/my-alps.de\/?p=743"},"modified":"2014-03-03T19:35:33","modified_gmt":"2014-03-03T18:35:33","slug":"puerto-tranquilo-und-die-marmorkathedralen","status":"publish","type":"post","link":"http:\/\/my-alps.de\/?p=743","title":{"rendered":"Puerto Tranquilo und die \u201eMarmorkathedralen\u201c"},"content":{"rendered":"<p>Nach dem 85 km Abstecher zum Gletscher sind wir zur\u00fcck nach Puerto Tranquilo gefahren um dort ein weiteres Naturwunder zu sehen. In den steilen Felsw\u00e4nden am Ufer des See\u2019s haben sich kleine H\u00f6hlen gebildet, die alle aussehen wir Gletscherm\u00fchlen.<\/p>\n<div id=\"attachment_756\" style=\"width: 1034px\" class=\"wp-caption aligncenter\"><a href=\"https:\/\/i0.wp.com\/my-alps.de\/wp-content\/uploads\/2014\/03\/Marmorkathedralen-I-HD.jpg\"><img aria-describedby=\"caption-attachment-756\" data-attachment-id=\"756\" data-permalink=\"http:\/\/my-alps.de\/?attachment_id=756\" data-orig-file=\"https:\/\/i0.wp.com\/my-alps.de\/wp-content\/uploads\/2014\/03\/Marmorkathedralen-I-HD.jpg?fit=1024%2C576\" data-orig-size=\"1024,576\" data-comments-opened=\"1\" data-image-meta=\"{&quot;aperture&quot;:&quot;4&quot;,&quot;credit&quot;:&quot;&quot;,&quot;camera&quot;:&quot;SLT-A99V&quot;,&quot;caption&quot;:&quot;&quot;,&quot;created_timestamp&quot;:&quot;1393584406&quot;,&quot;copyright&quot;:&quot;&quot;,&quot;focal_length&quot;:&quot;24&quot;,&quot;iso&quot;:&quot;400&quot;,&quot;shutter_speed&quot;:&quot;0.005&quot;,&quot;title&quot;:&quot;&quot;}\" data-image-title=\"Marmorkathedralen &#8211; I &#8211; HD\" data-image-description=\"&lt;p&gt;Marmorkathedralen &#8211; I&lt;\/p&gt;\n\" data-image-caption=\"&lt;p&gt;Marmorkathedralen &#8211; I&lt;\/p&gt;\n\" data-medium-file=\"https:\/\/i0.wp.com\/my-alps.de\/wp-content\/uploads\/2014\/03\/Marmorkathedralen-I-HD.jpg?fit=300%2C168\" data-large-file=\"https:\/\/i0.wp.com\/my-alps.de\/wp-content\/uploads\/2014\/03\/Marmorkathedralen-I-HD.jpg?fit=625%2C352\" loading=\"lazy\" class=\"size-full wp-image-756\" alt=\"Marmorkathedralen - I\" src=\"https:\/\/i0.wp.com\/my-alps.de\/wp-content\/uploads\/2014\/03\/Marmorkathedralen-I-HD.jpg?resize=625%2C352\" width=\"625\" height=\"352\" srcset=\"https:\/\/i0.wp.com\/my-alps.de\/wp-content\/uploads\/2014\/03\/Marmorkathedralen-I-HD.jpg?w=1024 1024w, https:\/\/i0.wp.com\/my-alps.de\/wp-content\/uploads\/2014\/03\/Marmorkathedralen-I-HD.jpg?resize=300%2C168 300w\" sizes=\"(max-width: 625px) 100vw, 625px\" data-recalc-dims=\"1\" \/><\/a><p id=\"caption-attachment-756\" class=\"wp-caption-text\">Marmorkathedralen &#8211; I<\/p><\/div>\n<p>Mit einem kleinen Boot kann man in einige sogar hineinfahren. Das glasklare Wasser und die verschiedensten Blaut\u00f6ne lassen diese H\u00f6hlen zauberhaft leuchten.<\/p>\n<div id=\"attachment_759\" style=\"width: 1034px\" class=\"wp-caption aligncenter\"><a href=\"https:\/\/i0.wp.com\/my-alps.de\/wp-content\/uploads\/2014\/03\/Marmorkathedralen-II-HD.jpg\"><img aria-describedby=\"caption-attachment-759\" data-attachment-id=\"759\" data-permalink=\"http:\/\/my-alps.de\/?attachment_id=759\" data-orig-file=\"https:\/\/i0.wp.com\/my-alps.de\/wp-content\/uploads\/2014\/03\/Marmorkathedralen-II-HD.jpg?fit=1024%2C576\" data-orig-size=\"1024,576\" data-comments-opened=\"1\" data-image-meta=\"{&quot;aperture&quot;:&quot;3.5&quot;,&quot;credit&quot;:&quot;&quot;,&quot;camera&quot;:&quot;SLT-A99V&quot;,&quot;caption&quot;:&quot;&quot;,&quot;created_timestamp&quot;:&quot;1393584885&quot;,&quot;copyright&quot;:&quot;&quot;,&quot;focal_length&quot;:&quot;24&quot;,&quot;iso&quot;:&quot;6400&quot;,&quot;shutter_speed&quot;:&quot;0.005&quot;,&quot;title&quot;:&quot;&quot;}\" data-image-title=\"Marmorkathedralen &#8211; II &#8211; HD\" data-image-description=\"&lt;p&gt;Marmorkathedralen &#8211; II&lt;\/p&gt;\n\" data-image-caption=\"&lt;p&gt;Marmorkathedralen &#8211; II&lt;\/p&gt;\n\" data-medium-file=\"https:\/\/i0.wp.com\/my-alps.de\/wp-content\/uploads\/2014\/03\/Marmorkathedralen-II-HD.jpg?fit=300%2C168\" data-large-file=\"https:\/\/i0.wp.com\/my-alps.de\/wp-content\/uploads\/2014\/03\/Marmorkathedralen-II-HD.jpg?fit=625%2C352\" loading=\"lazy\" class=\"size-full wp-image-759\" alt=\"Marmorkathedralen - II\" src=\"https:\/\/i0.wp.com\/my-alps.de\/wp-content\/uploads\/2014\/03\/Marmorkathedralen-II-HD.jpg?resize=625%2C352\" width=\"625\" height=\"352\" srcset=\"https:\/\/i0.wp.com\/my-alps.de\/wp-content\/uploads\/2014\/03\/Marmorkathedralen-II-HD.jpg?w=1024 1024w, https:\/\/i0.wp.com\/my-alps.de\/wp-content\/uploads\/2014\/03\/Marmorkathedralen-II-HD.jpg?resize=300%2C168 300w\" sizes=\"(max-width: 625px) 100vw, 625px\" data-recalc-dims=\"1\" \/><\/a><p id=\"caption-attachment-759\" class=\"wp-caption-text\">Marmorkathedralen &#8211; II<\/p><\/div>\n<p>Wir sind mit dem ersten Boot am fr\u00fchen Morgen gestartet und waren fast 2 Stunden unterwegs.<\/p>\n<div id=\"attachment_762\" style=\"width: 1034px\" class=\"wp-caption aligncenter\"><a href=\"https:\/\/i0.wp.com\/my-alps.de\/wp-content\/uploads\/2014\/03\/Marmorkathedralen-IV-HD.jpg\"><img aria-describedby=\"caption-attachment-762\" data-attachment-id=\"762\" data-permalink=\"http:\/\/my-alps.de\/?attachment_id=762\" data-orig-file=\"https:\/\/i0.wp.com\/my-alps.de\/wp-content\/uploads\/2014\/03\/Marmorkathedralen-IV-HD.jpg?fit=1024%2C576\" data-orig-size=\"1024,576\" data-comments-opened=\"1\" data-image-meta=\"{&quot;aperture&quot;:&quot;11&quot;,&quot;credit&quot;:&quot;&quot;,&quot;camera&quot;:&quot;SLT-A99V&quot;,&quot;caption&quot;:&quot;&quot;,&quot;created_timestamp&quot;:&quot;1393585259&quot;,&quot;copyright&quot;:&quot;&quot;,&quot;focal_length&quot;:&quot;24&quot;,&quot;iso&quot;:&quot;100&quot;,&quot;shutter_speed&quot;:&quot;0.008&quot;,&quot;title&quot;:&quot;&quot;}\" data-image-title=\"Marmorkathedralen &#8211; IV &#8211; HD\" data-image-description=\"&lt;p&gt;Marmorkathedralen &#8211; IV&lt;\/p&gt;\n\" data-image-caption=\"&lt;p&gt;Marmorkathedralen &#8211; IV&lt;\/p&gt;\n\" data-medium-file=\"https:\/\/i0.wp.com\/my-alps.de\/wp-content\/uploads\/2014\/03\/Marmorkathedralen-IV-HD.jpg?fit=300%2C168\" data-large-file=\"https:\/\/i0.wp.com\/my-alps.de\/wp-content\/uploads\/2014\/03\/Marmorkathedralen-IV-HD.jpg?fit=625%2C352\" loading=\"lazy\" class=\"size-full wp-image-762\" alt=\"Marmorkathedralen - IV\" src=\"https:\/\/i0.wp.com\/my-alps.de\/wp-content\/uploads\/2014\/03\/Marmorkathedralen-IV-HD.jpg?resize=625%2C352\" width=\"625\" height=\"352\" srcset=\"https:\/\/i0.wp.com\/my-alps.de\/wp-content\/uploads\/2014\/03\/Marmorkathedralen-IV-HD.jpg?w=1024 1024w, https:\/\/i0.wp.com\/my-alps.de\/wp-content\/uploads\/2014\/03\/Marmorkathedralen-IV-HD.jpg?resize=300%2C168 300w\" sizes=\"(max-width: 625px) 100vw, 625px\" data-recalc-dims=\"1\" \/><\/a><p id=\"caption-attachment-762\" class=\"wp-caption-text\">Marmorkathedralen &#8211; IV<\/p><\/div>\n<p>Die Oberfl\u00e4che der Felsen sieht aus als habe sie jemand in m\u00fchevoller Kleinarbeit mit einem Schuppenpanzer versehen.<\/p>\n<div id=\"attachment_761\" style=\"width: 1034px\" class=\"wp-caption aligncenter\"><a href=\"https:\/\/i0.wp.com\/my-alps.de\/wp-content\/uploads\/2014\/03\/Marmorkathedralen-III-HD.jpg\"><img aria-describedby=\"caption-attachment-761\" data-attachment-id=\"761\" data-permalink=\"http:\/\/my-alps.de\/?attachment_id=761\" data-orig-file=\"https:\/\/i0.wp.com\/my-alps.de\/wp-content\/uploads\/2014\/03\/Marmorkathedralen-III-HD.jpg?fit=1024%2C576\" data-orig-size=\"1024,576\" data-comments-opened=\"1\" data-image-meta=\"{&quot;aperture&quot;:&quot;2.8&quot;,&quot;credit&quot;:&quot;&quot;,&quot;camera&quot;:&quot;SLT-A99V&quot;,&quot;caption&quot;:&quot;&quot;,&quot;created_timestamp&quot;:&quot;1393585030&quot;,&quot;copyright&quot;:&quot;&quot;,&quot;focal_length&quot;:&quot;35&quot;,&quot;iso&quot;:&quot;6400&quot;,&quot;shutter_speed&quot;:&quot;0.008&quot;,&quot;title&quot;:&quot;&quot;}\" data-image-title=\"Marmorkathedralen &#8211; III &#8211; HD\" data-image-description=\"&lt;p&gt;Marmorkathedralen &#8211; III&lt;\/p&gt;\n\" data-image-caption=\"&lt;p&gt;Marmorkathedralen &#8211; III&lt;\/p&gt;\n\" data-medium-file=\"https:\/\/i0.wp.com\/my-alps.de\/wp-content\/uploads\/2014\/03\/Marmorkathedralen-III-HD.jpg?fit=300%2C168\" data-large-file=\"https:\/\/i0.wp.com\/my-alps.de\/wp-content\/uploads\/2014\/03\/Marmorkathedralen-III-HD.jpg?fit=625%2C352\" loading=\"lazy\" class=\"size-full wp-image-761\" alt=\"Marmorkathedralen - III\" src=\"https:\/\/i0.wp.com\/my-alps.de\/wp-content\/uploads\/2014\/03\/Marmorkathedralen-III-HD.jpg?resize=625%2C352\" width=\"625\" height=\"352\" srcset=\"https:\/\/i0.wp.com\/my-alps.de\/wp-content\/uploads\/2014\/03\/Marmorkathedralen-III-HD.jpg?w=1024 1024w, https:\/\/i0.wp.com\/my-alps.de\/wp-content\/uploads\/2014\/03\/Marmorkathedralen-III-HD.jpg?resize=300%2C168 300w\" sizes=\"(max-width: 625px) 100vw, 625px\" data-recalc-dims=\"1\" \/><\/a><p id=\"caption-attachment-761\" class=\"wp-caption-text\">Marmorkathedralen &#8211; III<\/p><\/div>\n<p>Wir haben ja schon viel gesehen in der letzten Zeit &#8211; aber das &#8211; einfach umwerfend.<\/p>\n<div id=\"attachment_765\" style=\"width: 1034px\" class=\"wp-caption aligncenter\"><a href=\"https:\/\/i0.wp.com\/my-alps.de\/wp-content\/uploads\/2014\/03\/Marmorkathedralen-V-HD.jpg\"><img aria-describedby=\"caption-attachment-765\" data-attachment-id=\"765\" data-permalink=\"http:\/\/my-alps.de\/?attachment_id=765\" data-orig-file=\"https:\/\/i0.wp.com\/my-alps.de\/wp-content\/uploads\/2014\/03\/Marmorkathedralen-V-HD.jpg?fit=1024%2C576\" data-orig-size=\"1024,576\" data-comments-opened=\"1\" data-image-meta=\"{&quot;aperture&quot;:&quot;3.5&quot;,&quot;credit&quot;:&quot;&quot;,&quot;camera&quot;:&quot;SLT-A99V&quot;,&quot;caption&quot;:&quot;&quot;,&quot;created_timestamp&quot;:&quot;1393585680&quot;,&quot;copyright&quot;:&quot;&quot;,&quot;focal_length&quot;:&quot;24&quot;,&quot;iso&quot;:&quot;6400&quot;,&quot;shutter_speed&quot;:&quot;0.005&quot;,&quot;title&quot;:&quot;&quot;}\" data-image-title=\"Marmorkathedralen &#8211; V &#8211; HD\" data-image-description=\"&lt;p&gt;Marmorkathedralen &#8211; V&lt;\/p&gt;\n\" data-image-caption=\"&lt;p&gt;Marmorkathedralen &#8211; V&lt;\/p&gt;\n\" data-medium-file=\"https:\/\/i0.wp.com\/my-alps.de\/wp-content\/uploads\/2014\/03\/Marmorkathedralen-V-HD.jpg?fit=300%2C168\" data-large-file=\"https:\/\/i0.wp.com\/my-alps.de\/wp-content\/uploads\/2014\/03\/Marmorkathedralen-V-HD.jpg?fit=625%2C352\" loading=\"lazy\" class=\"size-full wp-image-765\" alt=\"Marmorkathedralen - V\" src=\"https:\/\/i0.wp.com\/my-alps.de\/wp-content\/uploads\/2014\/03\/Marmorkathedralen-V-HD.jpg?resize=625%2C352\" width=\"625\" height=\"352\" srcset=\"https:\/\/i0.wp.com\/my-alps.de\/wp-content\/uploads\/2014\/03\/Marmorkathedralen-V-HD.jpg?w=1024 1024w, https:\/\/i0.wp.com\/my-alps.de\/wp-content\/uploads\/2014\/03\/Marmorkathedralen-V-HD.jpg?resize=300%2C168 300w\" sizes=\"(max-width: 625px) 100vw, 625px\" data-recalc-dims=\"1\" \/><\/a><p id=\"caption-attachment-765\" class=\"wp-caption-text\">Marmorkathedralen &#8211; V<\/p><\/div>\n","protected":false},"excerpt":{"rendered":"<p>Nach dem 85 km Abstecher zum Gletscher sind wir zur\u00fcck nach Puerto Tranquilo gefahren um dort ein weiteres Naturwunder zu sehen. In den steilen Felsw\u00e4nden am Ufer des See\u2019s haben sich kleine H\u00f6hlen gebildet, die alle aussehen wir Gletscherm\u00fchlen. Mit einem kleinen Boot kann man in einige sogar hineinfahren. Das glasklare Wasser und die verschiedensten [&hellip;]<\/p>\n","protected":false},"author":1,"featured_media":0,"comment_status":"open","ping_status":"open","sticky":false,"template":"","format":"gallery","meta":{"spay_email":"","jetpack_publicize_message":"","jetpack_is_tweetstorm":false,"jetpack_publicize_feature_enabled":true},"categories":[1],"tags":[],"jetpack_featured_media_url":"","jetpack_publicize_connections":[],"jetpack_sharing_enabled":true,"jetpack_shortlink":"https:\/\/wp.me\/p6huce-bZ","jetpack-related-posts":[{"id":748,"url":"http:\/\/my-alps.de\/?p=748","url_meta":{"origin":743,"position":0},"title":"Von Puerto Tranquilo in\u2019s Valle de Exploradores mit dem \u201eKlapperfritz\u201c","date":"3. M\u00e4rz 2014","format":"gallery","excerpt":"Dann geht\u2019s wieder weiter, die \u201eCarretera Austral\u201c hinauf. Immer wieder halten wir an und bestaunen die Fjordlandschaft mit den tief eingeschnittenen Buchten und den kleinen Inseln. In \u201ePuerto Tranquilo\u201c biegen wir links ab in das Tal: \u201eValle de Exploradores\u201c. Die Schotterpiste f\u00e4hrt sich wie ein besseres Flussbett und zu allem\u2026","rel":"","context":"In &quot;News&quot;","img":{"alt_text":"","src":"https:\/\/i0.wp.com\/my-alps.de\/wp-content\/uploads\/2014\/03\/kalter-Regenwald-HD.jpg?resize=350%2C200","width":350,"height":200},"classes":[]},{"id":881,"url":"http:\/\/my-alps.de\/?p=881","url_meta":{"origin":743,"position":1},"title":"Puerto Montt","date":"26. M\u00e4rz 2014","format":"gallery","excerpt":"Nach 8.808 km (und wahrscheinlich ein paar mehr) die wir jetzt hier in S\u00fcdamerika unterwegs sind haben wir unserem WOMO auch mal etwas Gutes geg\u00f6nnt. Hier in Puerto Montt habe ich eine Werkstatt entdeckt die jegliche Art von Service f\u00fcr \u201egesch\u00fcttelte\u201c Autos anbietet. Wir haben uns f\u00fcr: \u00d6lwechsel und Luftfilterwechsel\u2026","rel":"","context":"In &quot;News&quot;","img":{"alt_text":"","src":"https:\/\/i0.wp.com\/my-alps.de\/wp-content\/uploads\/2014\/03\/Pisco-sour-6x6.jpg?resize=350%2C200","width":350,"height":200},"classes":[]},{"id":740,"url":"http:\/\/my-alps.de\/?p=740","url_meta":{"origin":743,"position":2},"title":"Von Cochcrane nach Puerto Guadal","date":"3. M\u00e4rz 2014","format":"gallery","excerpt":"Von Cochrane folgen wir dem Lauf des Rio Baker stromaufw\u00e4rts durch tief eingeschnittene T\u00e4ler, gr\u00fcne S\u00fcdbuchenw\u00e4lder und von Gletschern glattgeschliffenen Felsen. Unser n\u00e4chster Ort heisst \u201ePuerto Guadal\u201c, am Lago General Carrera. Man k\u00f6nnte fast den Eindruck bekommen die Reise f\u00fchrt am Comer See, oder am Lago Maggiore vorbei - nur\u2026","rel":"","context":"In &quot;News&quot;","img":{"alt_text":"","src":"https:\/\/i0.wp.com\/my-alps.de\/wp-content\/uploads\/2014\/03\/Lago-Gen.-Carrera-und-Andengipfel-HD1.jpg?resize=350%2C200","width":350,"height":200},"classes":[]},{"id":573,"url":"http:\/\/my-alps.de\/?p=573","url_meta":{"origin":743,"position":3},"title":"weiter geht&#8217;s &#8211; die Atlantikk\u00fcste entlang nach S\u00fcden","date":"17. Januar 2014","format":"gallery","excerpt":"Von Puerto San Julian, dem Ort ohne Menschen, daf\u00fcr mit viel Wind, sind wir wieder auf die Ruta 3 zur\u00fcckgekehrt und nach Rio Gallegos gefahren. Tja was soll man zu Rio Gallegos sagen - kaum ist man dort - ist man schon wieder weg. Der Ort hat einen super neuen\u2026","rel":"","context":"In &quot;News&quot;","img":{"alt_text":"","src":"https:\/\/i0.wp.com\/my-alps.de\/wp-content\/uploads\/2014\/01\/Vulkan-Kratersee-Laguna-Azul-300x200.jpg?resize=350%2C200","width":350,"height":200},"classes":[]},{"id":961,"url":"http:\/\/my-alps.de\/?p=961","url_meta":{"origin":743,"position":4},"title":"Vulkan Osorno und Lago Llanquihue","date":"4. April 2014","format":"gallery","excerpt":"Wir sind auf dem Weg zur\u00fcck von der Insel Chiloe\u2019 \u00fcber Puerto Montt nach Puerto Varas gefahren und machen am Lago Llanquihue Station. Zuerst mussten wir ein heftiges Unwetter zwei Tage \u00fcber uns ergehen lassen, bei dem Regenmassen vom Himmel gefallen sind, die bei uns in Deutschland f\u00fcr ein gesamtes\u2026","rel":"","context":"In &quot;News&quot;","img":{"alt_text":"","src":"https:\/\/i0.wp.com\/my-alps.de\/wp-content\/uploads\/2014\/04\/Bimobil-und-Vulkan-Osorno.jpg?resize=350%2C200","width":350,"height":200},"classes":[]},{"id":793,"url":"http:\/\/my-alps.de\/?p=793","url_meta":{"origin":743,"position":5},"title":"Mate-Teestunde und biologisches Gem\u00fcse","date":"4. M\u00e4rz 2014","format":"gallery","excerpt":"Wir sind aus der \"Gro\u00dfstadt\" Coyhaique nach unseren Erledigungen ein kleines St\u00fcck Richtung \"Puerto Aysen\" weitergefahren. Denn unser WOMO ist auf Hochglanz poliert, innen ist es fast staubfrei und alle verf\u00fcgbaren Tanks sind randvoll. Wie es der Zufall will, stolpern wir \u00fcber ein sch\u00f6nes Holzschild am Stra\u00dfenrand - CAMPING -\u2026","rel":"","context":"In &quot;News&quot;","img":{"alt_text":"","src":"https:\/\/i0.wp.com\/my-alps.de\/wp-content\/uploads\/2014\/03\/Mateteestunde-300x225.jpg?resize=350%2C200","width":350,"height":200},"classes":[]}],"_links":{"self":[{"href":"http:\/\/my-alps.de\/index.php?rest_route=\/wp\/v2\/posts\/743"}],"collection":[{"href":"http:\/\/my-alps.de\/index.php?rest_route=\/wp\/v2\/posts"}],"about":[{"href":"http:\/\/my-alps.de\/index.php?rest_route=\/wp\/v2\/types\/post"}],"author":[{"embeddable":true,"href":"http:\/\/my-alps.de\/index.php?rest_route=\/wp\/v2\/users\/1"}],"replies":[{"embeddable":true,"href":"http:\/\/my-alps.de\/index.php?rest_route=%2Fwp%2Fv2%2Fcomments&post=743"}],"version-history":[{"count":7,"href":"http:\/\/my-alps.de\/index.php?rest_route=\/wp\/v2\/posts\/743\/revisions"}],"predecessor-version":[{"id":766,"href":"http:\/\/my-alps.de\/index.php?rest_route=\/wp\/v2\/posts\/743\/revisions\/766"}],"wp:attachment":[{"href":"http:\/\/my-alps.de\/index.php?rest_route=%2Fwp%2Fv2%2Fmedia&parent=743"}],"wp:term":[{"taxonomy":"category","embeddable":true,"href":"http:\/\/my-alps.de\/index.php?rest_route=%2Fwp%2Fv2%2Fcategories&post=743"},{"taxonomy":"post_tag","embeddable":true,"href":"http:\/\/my-alps.de\/index.php?rest_route=%2Fwp%2Fv2%2Ftags&post=743"}],"curies":[{"name":"wp","href":"https:\/\/api.w.org\/{rel}","templated":true}]}}