{"id":740,"date":"2014-03-03T18:58:30","date_gmt":"2014-03-03T17:58:30","guid":{"rendered":"http:\/\/my-alps.de\/?p=740"},"modified":"2014-03-03T19:26:45","modified_gmt":"2014-03-03T18:26:45","slug":"von-cochcrane-nach-puerto-guadal","status":"publish","type":"post","link":"http:\/\/my-alps.de\/?p=740","title":{"rendered":"Von Cochcrane nach Puerto Guadal"},"content":{"rendered":"<p>Von Cochrane folgen wir dem Lauf des Rio Baker stromaufw\u00e4rts durch tief eingeschnittene T\u00e4ler, gr\u00fcne S\u00fcdbuchenw\u00e4lder und von Gletschern glattgeschliffenen Felsen. Unser n\u00e4chster Ort heisst \u201ePuerto Guadal\u201c, am Lago General Carrera.<br \/>\nMan k\u00f6nnte fast den Eindruck bekommen die Reise f\u00fchrt am Comer See, oder am Lago Maggiore vorbei &#8211; nur das hier nichts zugebaut ist und die Stra\u00dfen &#8211; na ja &#8211; bessere Feldwege sind.<\/p>\n<div id=\"attachment_750\" style=\"width: 1034px\" class=\"wp-caption aligncenter\"><a href=\"https:\/\/i0.wp.com\/my-alps.de\/wp-content\/uploads\/2014\/03\/Lago-Gen.-Carrera-HD.jpg\"><img aria-describedby=\"caption-attachment-750\" data-attachment-id=\"750\" data-permalink=\"http:\/\/my-alps.de\/?attachment_id=750\" data-orig-file=\"https:\/\/i0.wp.com\/my-alps.de\/wp-content\/uploads\/2014\/03\/Lago-Gen.-Carrera-HD.jpg?fit=1024%2C576\" data-orig-size=\"1024,576\" data-comments-opened=\"1\" data-image-meta=\"{&quot;aperture&quot;:&quot;11&quot;,&quot;credit&quot;:&quot;&quot;,&quot;camera&quot;:&quot;SLT-A99V&quot;,&quot;caption&quot;:&quot;&quot;,&quot;created_timestamp&quot;:&quot;1393242846&quot;,&quot;copyright&quot;:&quot;&quot;,&quot;focal_length&quot;:&quot;70&quot;,&quot;iso&quot;:&quot;100&quot;,&quot;shutter_speed&quot;:&quot;0.0028571428571429&quot;,&quot;title&quot;:&quot;&quot;}\" data-image-title=\"Lago Gen. Carrera &#8211; HD\" data-image-description=\"&lt;p&gt;Lago Gen. Carrera&lt;\/p&gt;\n\" data-image-caption=\"&lt;p&gt;Lago Gen. Carrera&lt;\/p&gt;\n\" data-medium-file=\"https:\/\/i0.wp.com\/my-alps.de\/wp-content\/uploads\/2014\/03\/Lago-Gen.-Carrera-HD.jpg?fit=300%2C168\" data-large-file=\"https:\/\/i0.wp.com\/my-alps.de\/wp-content\/uploads\/2014\/03\/Lago-Gen.-Carrera-HD.jpg?fit=625%2C352\" loading=\"lazy\" class=\"size-full wp-image-750\" alt=\"Lago Gen. Carrera\" src=\"https:\/\/i0.wp.com\/my-alps.de\/wp-content\/uploads\/2014\/03\/Lago-Gen.-Carrera-HD.jpg?resize=625%2C352\" width=\"625\" height=\"352\" srcset=\"https:\/\/i0.wp.com\/my-alps.de\/wp-content\/uploads\/2014\/03\/Lago-Gen.-Carrera-HD.jpg?w=1024 1024w, https:\/\/i0.wp.com\/my-alps.de\/wp-content\/uploads\/2014\/03\/Lago-Gen.-Carrera-HD.jpg?resize=300%2C168 300w\" sizes=\"(max-width: 625px) 100vw, 625px\" data-recalc-dims=\"1\" \/><\/a><p id=\"caption-attachment-750\" class=\"wp-caption-text\">Lago Gen. Carrera<\/p><\/div>\n<p>Immer wieder tauchen zwischen den Bergen kleine, tiefblaue Seen auf, an denen ein paar H\u00fctten stehen. Ein paar Schafe und Rinder stehen am Wegesrand und ein Gaucho kommt mit seinen Hunden herangeritten.<br \/>\nSo zieht sich die Strecke an den gro\u00dfen See, dem zweitgr\u00f6\u00dften See S\u00fcdamerikas, nach dem Titicacca See.<\/p>\n<div id=\"attachment_753\" style=\"width: 1034px\" class=\"wp-caption aligncenter\"><a href=\"https:\/\/i0.wp.com\/my-alps.de\/wp-content\/uploads\/2014\/03\/Lago-Gen.-Carrera-und-Andengipfel-HD1.jpg\"><img aria-describedby=\"caption-attachment-753\" data-attachment-id=\"753\" data-permalink=\"http:\/\/my-alps.de\/?attachment_id=753\" data-orig-file=\"https:\/\/i0.wp.com\/my-alps.de\/wp-content\/uploads\/2014\/03\/Lago-Gen.-Carrera-und-Andengipfel-HD1.jpg?fit=1024%2C576\" data-orig-size=\"1024,576\" data-comments-opened=\"1\" data-image-meta=\"{&quot;aperture&quot;:&quot;9.5&quot;,&quot;credit&quot;:&quot;&quot;,&quot;camera&quot;:&quot;SLT-A99V&quot;,&quot;caption&quot;:&quot;&quot;,&quot;created_timestamp&quot;:&quot;1393243538&quot;,&quot;copyright&quot;:&quot;&quot;,&quot;focal_length&quot;:&quot;35&quot;,&quot;iso&quot;:&quot;100&quot;,&quot;shutter_speed&quot;:&quot;0.004&quot;,&quot;title&quot;:&quot;&quot;}\" data-image-title=\"Lago Gen. Carrera und Andengipfel &#8211; HD\" data-image-description=\"&lt;p&gt;Lago Gen. Carrera und Andengipfel&lt;\/p&gt;\n\" data-image-caption=\"&lt;p&gt;Lago Gen. Carrera und Andengipfel&lt;\/p&gt;\n\" data-medium-file=\"https:\/\/i0.wp.com\/my-alps.de\/wp-content\/uploads\/2014\/03\/Lago-Gen.-Carrera-und-Andengipfel-HD1.jpg?fit=300%2C168\" data-large-file=\"https:\/\/i0.wp.com\/my-alps.de\/wp-content\/uploads\/2014\/03\/Lago-Gen.-Carrera-und-Andengipfel-HD1.jpg?fit=625%2C352\" loading=\"lazy\" class=\"size-full wp-image-753\" alt=\"Lago Gen. Carrera und Andengipfel\" src=\"https:\/\/i0.wp.com\/my-alps.de\/wp-content\/uploads\/2014\/03\/Lago-Gen.-Carrera-und-Andengipfel-HD1.jpg?resize=625%2C352\" width=\"625\" height=\"352\" srcset=\"https:\/\/i0.wp.com\/my-alps.de\/wp-content\/uploads\/2014\/03\/Lago-Gen.-Carrera-und-Andengipfel-HD1.jpg?w=1024 1024w, https:\/\/i0.wp.com\/my-alps.de\/wp-content\/uploads\/2014\/03\/Lago-Gen.-Carrera-und-Andengipfel-HD1.jpg?resize=300%2C168 300w\" sizes=\"(max-width: 625px) 100vw, 625px\" data-recalc-dims=\"1\" \/><\/a><p id=\"caption-attachment-753\" class=\"wp-caption-text\">Lago Gen. Carrera und Andengipfel<\/p><\/div>\n<p>In Puerto Guadal k\u00f6nnen wir wieder in einem Minimarkt unsere Lebensmittel erg\u00e4nzen und beim Metzger um die Ecke d\u00fcrfen wir Wasser tanken, da er gerade seine Blumen giesst. Wir bedanken uns mit unserer letzten Flasche \u201eBamberger Schlenkerla\u201c &#8211; er wird bestimmt gro\u00dfe Augen machen wenn er das \u201eCerveza con Sabor Jamon\u201c trinkt. Wir bleiben zwei N\u00e4chte an der kleinen Hafenmole stehen.<\/p>\n<p>&nbsp;<\/p>\n","protected":false},"excerpt":{"rendered":"<p>Von Cochrane folgen wir dem Lauf des Rio Baker stromaufw\u00e4rts durch tief eingeschnittene T\u00e4ler, gr\u00fcne S\u00fcdbuchenw\u00e4lder und von Gletschern glattgeschliffenen Felsen. Unser n\u00e4chster Ort heisst \u201ePuerto Guadal\u201c, am Lago General Carrera. Man k\u00f6nnte fast den Eindruck bekommen die Reise f\u00fchrt am Comer See, oder am Lago Maggiore vorbei &#8211; nur das hier nichts zugebaut ist [&hellip;]<\/p>\n","protected":false},"author":1,"featured_media":0,"comment_status":"open","ping_status":"open","sticky":false,"template":"","format":"gallery","meta":{"spay_email":"","jetpack_publicize_message":"","jetpack_is_tweetstorm":false,"jetpack_publicize_feature_enabled":true},"categories":[1],"tags":[],"jetpack_featured_media_url":"","jetpack_publicize_connections":[],"jetpack_sharing_enabled":true,"jetpack_shortlink":"https:\/\/wp.me\/p6huce-bW","jetpack-related-posts":[{"id":961,"url":"http:\/\/my-alps.de\/?p=961","url_meta":{"origin":740,"position":0},"title":"Vulkan Osorno und Lago Llanquihue","date":"4. April 2014","format":"gallery","excerpt":"Wir sind auf dem Weg zur\u00fcck von der Insel Chiloe\u2019 \u00fcber Puerto Montt nach Puerto Varas gefahren und machen am Lago Llanquihue Station. Zuerst mussten wir ein heftiges Unwetter zwei Tage \u00fcber uns ergehen lassen, bei dem Regenmassen vom Himmel gefallen sind, die bei uns in Deutschland f\u00fcr ein gesamtes\u2026","rel":"","context":"In &quot;News&quot;","img":{"alt_text":"","src":"https:\/\/i0.wp.com\/my-alps.de\/wp-content\/uploads\/2014\/04\/Bimobil-und-Vulkan-Osorno.jpg?resize=350%2C200","width":350,"height":200},"classes":[]},{"id":724,"url":"http:\/\/my-alps.de\/?p=724","url_meta":{"origin":740,"position":1},"title":"Von El Chalten auf der Ruta 40 nach Chile","date":"23. Februar 2014","format":"gallery","excerpt":"Nach einer wundersch\u00f6nen Woche ist es an der Zeit weiter zu fahren. Unserer Reise f\u00fchrt nun \u00fcber die legend\u00e4re Ruta 40 (auf der wir uns schon einige Zeit bewegen) Richtung Norden. Die Gegend hier ist gepr\u00e4gt von - na ja - nichts - es gibt hier eigentlich nichts ausser Landschaft\u2026","rel":"","context":"In &quot;News&quot;","img":{"alt_text":"Ruta 40","src":"https:\/\/i0.wp.com\/my-alps.de\/wp-content\/uploads\/2014\/02\/Ruta-40.jpg?resize=350%2C200","width":350,"height":200},"classes":[]},{"id":633,"url":"http:\/\/my-alps.de\/?p=633","url_meta":{"origin":740,"position":2},"title":"Nationalpark &#8222;Torres Del Paine&#8220; in Chile","date":"6. Februar 2014","format":"gallery","excerpt":"Unser erster Abstecher nach Chile hat uns von Punta Arenas \u00fcber Puerto Natales in den Nationalpark \u201eTorres Del Paine\u201c gef\u00fchrt. Die \u201eTorres Del Paine\u201c - auch bekannt als die \u201e3 Zinnen S\u00fcdamerikas\u201c sind gigantische Granitt\u00fcrme, jeder Zahn mit einer fast 1.000 Meter hohen Felswand. Glatt und abweisend. Da steht man\u2026","rel":"","context":"In &quot;News&quot;","img":{"alt_text":"","src":"https:\/\/i0.wp.com\/my-alps.de\/wp-content\/uploads\/2014\/02\/Torres-Del-Paine-im-ersten-Morgenlicht-HD.jpg?resize=350%2C200","width":350,"height":200},"classes":[]},{"id":1120,"url":"http:\/\/my-alps.de\/?p=1120","url_meta":{"origin":740,"position":3},"title":"Araukanien &#8211; 2. Versuch","date":"11. Mai 2014","format":"gallery","excerpt":"Unser \u201ekurzer\u201c Abstecher in Argentinien neigt sich dem Ende zu. Wir haben die starken Regenf\u00e4lle \u201eabgewettert\u201c und stehen nun wieder am Grenz\u00fcbergang am Vulkan Lanin. Wir \u00fcbernachten an der Rangerstation im Nationalpark und machen einen kleinen Ausflug zum Lago Tromen. Hier gibt es schon die ersten Araukarienw\u00e4lder und dieser Methusalem\u2026","rel":"","context":"In &quot;News&quot;","img":{"alt_text":"","src":"https:\/\/i0.wp.com\/my-alps.de\/wp-content\/uploads\/2014\/05\/Vulkan-Lanin-ce4-3x2.jpg?resize=350%2C200","width":350,"height":200},"classes":[]},{"id":1059,"url":"http:\/\/my-alps.de\/?p=1059","url_meta":{"origin":740,"position":4},"title":"Indian Summer im Mapuche Land","date":"28. April 2014","format":"gallery","excerpt":"Nachdem wir unsere Ersatzteile f\u00fcr die Reparatur unseres Allradantriebes in Deutschland bestellt hatten, war es an der Zeit in Osorno aufzubrechen. Wir werden einige Tage nach Argentinien fahren, da unser 90 Tage Aufenthaltsvisum in Chile bald abl\u00e4uft, und wir durch den Grenz\u00fcbertritt das Visum ganz einfach wieder erneuern k\u00f6nnen. Es\u2026","rel":"","context":"In &quot;News&quot;","img":{"alt_text":"","src":"https:\/\/i0.wp.com\/my-alps.de\/wp-content\/uploads\/2014\/04\/Lago-Villarino-ce4-beschnitten.jpg?resize=350%2C200","width":350,"height":200},"classes":[]},{"id":575,"url":"http:\/\/my-alps.de\/?p=575","url_meta":{"origin":740,"position":5},"title":"Endlich &#8211; s\u00fcdlichster (Wende) &#8211; Punkt der Reise&#8230;..","date":"17. Januar 2014","format":"gallery","excerpt":"Nach unserem ersten Grenz\u00fcbertritt nach Chile (wir haben nat\u00fcrlich alles richtig gemacht!) sind wir mit zwei Zwischenstopps in Rio Grande - (Club Nautica - sehr zu empfehlen - vielen Dank an die Kiter und Kajak(en) die uns dort haben \u00fcbernachten lassen) und am Lago Fagnano (Tolhuin) sind wir schlie\u00dflich in:\u2026","rel":"","context":"In &quot;News&quot;","img":{"alt_text":"s\u00c3\u00bcdlicher kann man nicht fahren","src":"https:\/\/i0.wp.com\/my-alps.de\/wp-content\/uploads\/2014\/01\/s\u00c3\u00bcdlicher-kann-man-nicht-fahren.jpg?resize=350%2C200","width":350,"height":200},"classes":[]}],"_links":{"self":[{"href":"http:\/\/my-alps.de\/index.php?rest_route=\/wp\/v2\/posts\/740"}],"collection":[{"href":"http:\/\/my-alps.de\/index.php?rest_route=\/wp\/v2\/posts"}],"about":[{"href":"http:\/\/my-alps.de\/index.php?rest_route=\/wp\/v2\/types\/post"}],"author":[{"embeddable":true,"href":"http:\/\/my-alps.de\/index.php?rest_route=\/wp\/v2\/users\/1"}],"replies":[{"embeddable":true,"href":"http:\/\/my-alps.de\/index.php?rest_route=%2Fwp%2Fv2%2Fcomments&post=740"}],"version-history":[{"count":5,"href":"http:\/\/my-alps.de\/index.php?rest_route=\/wp\/v2\/posts\/740\/revisions"}],"predecessor-version":[{"id":755,"href":"http:\/\/my-alps.de\/index.php?rest_route=\/wp\/v2\/posts\/740\/revisions\/755"}],"wp:attachment":[{"href":"http:\/\/my-alps.de\/index.php?rest_route=%2Fwp%2Fv2%2Fmedia&parent=740"}],"wp:term":[{"taxonomy":"category","embeddable":true,"href":"http:\/\/my-alps.de\/index.php?rest_route=%2Fwp%2Fv2%2Fcategories&post=740"},{"taxonomy":"post_tag","embeddable":true,"href":"http:\/\/my-alps.de\/index.php?rest_route=%2Fwp%2Fv2%2Ftags&post=740"}],"curies":[{"name":"wp","href":"https:\/\/api.w.org\/{rel}","templated":true}]}}