{"id":74,"date":"2013-02-15T20:09:04","date_gmt":"2013-02-15T19:09:04","guid":{"rendered":"http:\/\/my-alps.de\/?p=74"},"modified":"2013-02-17T22:06:56","modified_gmt":"2013-02-17T21:06:56","slug":"hmmmmmm-fleischhhh","status":"publish","type":"post","link":"http:\/\/my-alps.de\/?p=74","title":{"rendered":"Hmmmmmm Fleischhhh"},"content":{"rendered":"<p>So, da wir in Argentinien ziemlich Fleischlastig uns ern\u00e4hren werden &#8211; testen wir schon mal &#8211; Fleisch ohne Pferdebeilage aus Homecooking Sapre&#8216;<br \/>\nCT<\/p>\n<p><a href=\"https:\/\/i0.wp.com\/my-alps.de\/wp-content\/uploads\/2013\/02\/20130217-220651.jpg\"><img src=\"https:\/\/i0.wp.com\/my-alps.de\/wp-content\/uploads\/2013\/02\/20130217-220651.jpg?w=625\" alt=\"20130217-220651.jpg\" class=\"alignnone size-full\" data-recalc-dims=\"1\" \/><\/a><\/p>\n","protected":false},"excerpt":{"rendered":"<p>So, da wir in Argentinien ziemlich Fleischlastig uns ern\u00e4hren werden &#8211; testen wir schon mal &#8211; Fleisch ohne Pferdebeilage aus Homecooking Sapre&#8216; CT<\/p>\n","protected":false},"author":1,"featured_media":0,"comment_status":"open","ping_status":"open","sticky":false,"template":"","format":"standard","meta":{"spay_email":"","jetpack_publicize_message":"","jetpack_is_tweetstorm":false,"jetpack_publicize_feature_enabled":true},"categories":[9],"tags":[],"jetpack_featured_media_url":"","jetpack_publicize_connections":[],"jetpack_sharing_enabled":true,"jetpack_shortlink":"https:\/\/wp.me\/p6huce-1c","jetpack-related-posts":[{"id":221,"url":"http:\/\/my-alps.de\/?p=221","url_meta":{"origin":74,"position":0},"title":"&#8230;haaaben sie RESERVIERT ?????","date":"24. M\u00e4rz 2013","format":false,"excerpt":"Gestern - nach einem sch\u00f6nen Spaziergang durch den Hainpark \u00fcberkam uns pl\u00f6tzlich dieses gewisse Gef\u00fchl, das eingefleischte Trinker aus der Fr\u00e4nkischen kennen .... DURST und wir steuerten auch gleich die n\u00e4chstgelegene Kneipe an sch\u00f6n gelegen mitten in der Altstadt in den Gassen versteckt, mit einer sch\u00f6nen Sch\u00e4nke und gutem Bier.\u2026","rel":"","context":"In &quot;unter uns&quot;","img":{"alt_text":"","src":"","width":0,"height":0},"classes":[]},{"id":1765,"url":"http:\/\/my-alps.de\/?p=1765","url_meta":{"origin":74,"position":1},"title":"Auf geht&#8217;s &#8211; nach Hause","date":"10. November 2014","format":"gallery","excerpt":"Servus, alle die uns bis hierhin auf unserer Reise durch S\u00fcdamerika gefolgt sind und uns begleitet haben. Wir kommen wieder nach Hause - und freuen uns auf Bamberg. Vorher haben wir noch unser WOMO im Hafen von Cartagena f\u00fcr die Verschiffung fertiggemacht. Bei knapp 40 Grad war die Drogenkontrolle sehr\u2026","rel":"","context":"In &quot;News&quot;","img":{"alt_text":"","src":"https:\/\/i0.wp.com\/my-alps.de\/wp-content\/uploads\/2014\/11\/zu-und-ab-nach-Hause-ce4.jpg?resize=350%2C200","width":350,"height":200},"classes":[]},{"id":1773,"url":"http:\/\/my-alps.de\/?p=1773","url_meta":{"origin":74,"position":2},"title":"FAQ &#8211; und die Antworten","date":"22. November 2014","format":"gallery","excerpt":"Wir tingeln in den letzten beiden Wochen von einer Einladung zur anderen. Jeder m\u00f6chte uns sehen und fragen was wir so erlebt haben. Da nat\u00fcrlich (fast) jeder die gleichen Fragen stellt schauen uns wir manchmal selber fragend an..... ja wie war das denn? Deshalb m\u00f6chte ich die FAQ mal kurz\u2026","rel":"","context":"In &quot;News&quot;","img":{"alt_text":"","src":"https:\/\/i0.wp.com\/my-alps.de\/wp-content\/uploads\/2014\/11\/mein-Lama-und-meine-Stadt.jpg?resize=350%2C200","width":350,"height":200},"classes":[]},{"id":456,"url":"http:\/\/my-alps.de\/?p=456","url_meta":{"origin":74,"position":3},"title":"GlobeTrottel &#8211; 1von?","date":"16. Dezember 2013","format":"gallery","excerpt":"Yuppiii, unsere Einreisedokumente nach Argentinien liegen frisch ausgedruckt vor uns! Mit unserem Holperspanisch haben wir es sogar geschafft das unser WOMO ein eigenes Ticket bekommen hat. Wir warten jetzt auf die F\u00e4hre und freuen uns auf einen leckeren Caffe' im Wartebereich. Claus","rel":"","context":"In &quot;News&quot;","img":{"alt_text":"","src":"","width":0,"height":0},"classes":[]},{"id":1712,"url":"http:\/\/my-alps.de\/?p=1712","url_meta":{"origin":74,"position":4},"title":"Festgefahren","date":"12. Oktober 2014","format":"gallery","excerpt":"Wir hatten bis jetzt ja immer Gl\u00fcck auf unserer gesamten Fahrt durch S\u00fcdamerika - keine Pannen und wir sind immer gut durchgekommen. Doch auf der Fahrt von Salento nach Villa de Leyva hat es uns doch mal erwischt. Es hat in der Nacht ein schweres Unwetter gegeben, und wir haben\u2026","rel":"","context":"In &quot;News&quot;","img":{"alt_text":"","src":"https:\/\/i0.wp.com\/my-alps.de\/wp-content\/uploads\/2014\/10\/es-wird-Regen-geben-ce4.jpg?resize=350%2C200","width":350,"height":200},"classes":[]},{"id":1327,"url":"http:\/\/my-alps.de\/?p=1327","url_meta":{"origin":74,"position":5},"title":"Tatio Geysire","date":"17. Juli 2014","format":"gallery","excerpt":"Es geht wieder hoch hinauf - \u00a0zu den Tatio Geysiren. Das Geysirfeld,\u2028liegt in 4.300 Meter H\u00f6he, und wir kommen am sp\u00e4ten Nachmittag\u2028dort an. \u00dcberall h\u00e4ngen Dampfschwaden in der Luft und es weht\u2028ein heftiger und eisiger Wind. Wir spazieren zwischen den kleinen\u2028\u201eMinivulkanen\u201c herum und baden in einem salzhaltigem Thermalbecken. Am n\u00e4chsten\u2026","rel":"","context":"In &quot;News&quot;","img":{"alt_text":"","src":"","width":0,"height":0},"classes":[]}],"_links":{"self":[{"href":"http:\/\/my-alps.de\/index.php?rest_route=\/wp\/v2\/posts\/74"}],"collection":[{"href":"http:\/\/my-alps.de\/index.php?rest_route=\/wp\/v2\/posts"}],"about":[{"href":"http:\/\/my-alps.de\/index.php?rest_route=\/wp\/v2\/types\/post"}],"author":[{"embeddable":true,"href":"http:\/\/my-alps.de\/index.php?rest_route=\/wp\/v2\/users\/1"}],"replies":[{"embeddable":true,"href":"http:\/\/my-alps.de\/index.php?rest_route=%2Fwp%2Fv2%2Fcomments&post=74"}],"version-history":[{"count":2,"href":"http:\/\/my-alps.de\/index.php?rest_route=\/wp\/v2\/posts\/74\/revisions"}],"predecessor-version":[{"id":139,"href":"http:\/\/my-alps.de\/index.php?rest_route=\/wp\/v2\/posts\/74\/revisions\/139"}],"wp:attachment":[{"href":"http:\/\/my-alps.de\/index.php?rest_route=%2Fwp%2Fv2%2Fmedia&parent=74"}],"wp:term":[{"taxonomy":"category","embeddable":true,"href":"http:\/\/my-alps.de\/index.php?rest_route=%2Fwp%2Fv2%2Fcategories&post=74"},{"taxonomy":"post_tag","embeddable":true,"href":"http:\/\/my-alps.de\/index.php?rest_route=%2Fwp%2Fv2%2Ftags&post=74"}],"curies":[{"name":"wp","href":"https:\/\/api.w.org\/{rel}","templated":true}]}}