{"id":736,"date":"2014-03-01T21:16:40","date_gmt":"2014-03-01T20:16:40","guid":{"rendered":"http:\/\/my-alps.de\/?p=736"},"modified":"2014-03-01T21:16:40","modified_gmt":"2014-03-01T20:16:40","slug":"nochn-lebenszeichen","status":"publish","type":"post","link":"http:\/\/my-alps.de\/?p=736","title":{"rendered":"noch&#8217;n Lebenszeichen"},"content":{"rendered":"<p>Hallo Zuhause?<br \/>\nOhhhh &#8211; ihr habt schon gedacht &#8220; Jetzt sind wir die endlich los!&#8220;<br \/>\nZu Fr\u00fch gefreut!<br \/>\nWir sind gerade in Coyhaique angekommen und bleiben ein paar Tage hier in der Zivilisation.<br \/>\n@ Ebi &#8211; Bitte kannst du bei Jens einen (linken) Spiegel bestellen und ihn an Alfi schicken? Dort ist unser Ersatzteillager.<br \/>\nWir m\u00fcssen den Transport nach Chile organisieren.<br \/>\n@ Britta &#8211; Pack deinen Gaul ein und komm&#8216; hier nach Chile &#8211; die sind ja komplett Pferdeverr\u00fcckt! Wir werden uns demn\u00e4chst ein Rodeo anschauen. Yipppiiiieiyeahhhhh wer f\u00e4ngt die Kuh&#8230;&#8230;..<br \/>\nSo, jetzt werden wieder Bilder entwickelt und ordentliche Texte getextet!<br \/>\n( aber wir sitzen halt gerade bei einer coolen Mucke hier in einem Lokal, die Chilenos trinken Bier aus Ma\u00dfkr\u00fcgen wie zu Hause und unser Pferd lahmt auf der rechten Vorderhand) es ist also ziemlich lustig<br \/>\nClaus<\/p>\n","protected":false},"excerpt":{"rendered":"<p>Hallo Zuhause? Ohhhh &#8211; ihr habt schon gedacht &#8220; Jetzt sind wir die endlich los!&#8220; Zu Fr\u00fch gefreut! Wir sind gerade in Coyhaique angekommen und bleiben ein paar Tage hier in der Zivilisation. @ Ebi &#8211; Bitte kannst du bei Jens einen (linken) Spiegel bestellen und ihn an Alfi schicken? Dort ist unser Ersatzteillager. Wir [&hellip;]<\/p>\n","protected":false},"author":1,"featured_media":0,"comment_status":"open","ping_status":"open","sticky":false,"template":"","format":"gallery","meta":{"spay_email":"","jetpack_publicize_message":"","jetpack_is_tweetstorm":false,"jetpack_publicize_feature_enabled":true},"categories":[1],"tags":[],"jetpack_featured_media_url":"","jetpack_publicize_connections":[],"jetpack_sharing_enabled":true,"jetpack_shortlink":"https:\/\/wp.me\/p6huce-bS","jetpack-related-posts":[{"id":995,"url":"http:\/\/my-alps.de\/?p=995","url_meta":{"origin":736,"position":0},"title":"April, April &#8211; Halbzeit bei der Auszeit","date":"10. April 2014","format":"gallery","excerpt":"Am 11.11.2013 sind wir in Hamburg an Bord der \u201eGrande Cameroon\u201c gegangen und \u00fcber den Atlantik nach S\u00fcdamerika geschippert. Zugegeben, es war nicht immer gerade Hochstimmung mit Karneval und Fasching an Bord, aber es ist uns wirklich nicht langweilig geworden. So eine Frachterreise hat auch etwas besonderes. (Beinahe meditativ!) Nun\u2026","rel":"","context":"In &quot;News&quot;","img":{"alt_text":"","src":"","width":0,"height":0},"classes":[]},{"id":881,"url":"http:\/\/my-alps.de\/?p=881","url_meta":{"origin":736,"position":1},"title":"Puerto Montt","date":"26. M\u00e4rz 2014","format":"gallery","excerpt":"Nach 8.808 km (und wahrscheinlich ein paar mehr) die wir jetzt hier in S\u00fcdamerika unterwegs sind haben wir unserem WOMO auch mal etwas Gutes geg\u00f6nnt. Hier in Puerto Montt habe ich eine Werkstatt entdeckt die jegliche Art von Service f\u00fcr \u201egesch\u00fcttelte\u201c Autos anbietet. Wir haben uns f\u00fcr: \u00d6lwechsel und Luftfilterwechsel\u2026","rel":"","context":"In &quot;News&quot;","img":{"alt_text":"","src":"https:\/\/i0.wp.com\/my-alps.de\/wp-content\/uploads\/2014\/03\/Pisco-sour-6x6.jpg?resize=350%2C200","width":350,"height":200},"classes":[]},{"id":1773,"url":"http:\/\/my-alps.de\/?p=1773","url_meta":{"origin":736,"position":2},"title":"FAQ &#8211; und die Antworten","date":"22. November 2014","format":"gallery","excerpt":"Wir tingeln in den letzten beiden Wochen von einer Einladung zur anderen. Jeder m\u00f6chte uns sehen und fragen was wir so erlebt haben. Da nat\u00fcrlich (fast) jeder die gleichen Fragen stellt schauen uns wir manchmal selber fragend an..... ja wie war das denn? Deshalb m\u00f6chte ich die FAQ mal kurz\u2026","rel":"","context":"In &quot;News&quot;","img":{"alt_text":"","src":"https:\/\/i0.wp.com\/my-alps.de\/wp-content\/uploads\/2014\/11\/mein-Lama-und-meine-Stadt.jpg?resize=350%2C200","width":350,"height":200},"classes":[]},{"id":450,"url":"http:\/\/my-alps.de\/?p=450","url_meta":{"origin":736,"position":3},"title":"Das sagt sie und das meint ER (1von2)","date":"15. Dezember 2013","format":"gallery","excerpt":"Hallo, ihr ZUHAUSEgebliebenen, wir sind heute in Colonia di Sacramento angekommen und sin somit in Uruguay. Dem esten Fussballweltmeister, und wenn's nach den URU'S geht, auch dem kommenden in Brasilien. Die Bilder zu diesem Blog f\u00fcge ich sp\u00e4ter mal ein, das WIFI hier in Uruguay ist nicht so von der\u2026","rel":"","context":"In &quot;News&quot;","img":{"alt_text":"","src":"","width":0,"height":0},"classes":[]},{"id":724,"url":"http:\/\/my-alps.de\/?p=724","url_meta":{"origin":736,"position":4},"title":"Von El Chalten auf der Ruta 40 nach Chile","date":"23. Februar 2014","format":"gallery","excerpt":"Nach einer wundersch\u00f6nen Woche ist es an der Zeit weiter zu fahren. Unserer Reise f\u00fchrt nun \u00fcber die legend\u00e4re Ruta 40 (auf der wir uns schon einige Zeit bewegen) Richtung Norden. Die Gegend hier ist gepr\u00e4gt von - na ja - nichts - es gibt hier eigentlich nichts ausser Landschaft\u2026","rel":"","context":"In &quot;News&quot;","img":{"alt_text":"Ruta 40","src":"https:\/\/i0.wp.com\/my-alps.de\/wp-content\/uploads\/2014\/02\/Ruta-40.jpg?resize=350%2C200","width":350,"height":200},"classes":[]},{"id":1033,"url":"http:\/\/my-alps.de\/?p=1033","url_meta":{"origin":736,"position":5},"title":"Werkstatt &#8211; 911 &#8211; Wurzelbehandlung am Sto\u00dfd\u00e4mpfer","date":"24. April 2014","format":"gallery","excerpt":"Nach dem wir unser lang ersehntes Paket mit den Ersatzteilen in der Hauptpost Puerto Montt in Empfang genommen haben steht einem Werkstattaufenthalt nichts mehr im Weg. Erst mu\u00df ich allerdings noch das \u201eP\u00e4ckchen\u201c durch die halbe Stadt zum Parkplatz tragen. Ich f\u00fchle mich wie ein Lastesel und bin dann doch\u2026","rel":"","context":"In &quot;News&quot;","img":{"alt_text":"","src":"https:\/\/i0.wp.com\/my-alps.de\/wp-content\/uploads\/2014\/04\/zuerst-die-Scheibe.jpg?resize=350%2C200","width":350,"height":200},"classes":[]}],"_links":{"self":[{"href":"http:\/\/my-alps.de\/index.php?rest_route=\/wp\/v2\/posts\/736"}],"collection":[{"href":"http:\/\/my-alps.de\/index.php?rest_route=\/wp\/v2\/posts"}],"about":[{"href":"http:\/\/my-alps.de\/index.php?rest_route=\/wp\/v2\/types\/post"}],"author":[{"embeddable":true,"href":"http:\/\/my-alps.de\/index.php?rest_route=\/wp\/v2\/users\/1"}],"replies":[{"embeddable":true,"href":"http:\/\/my-alps.de\/index.php?rest_route=%2Fwp%2Fv2%2Fcomments&post=736"}],"version-history":[{"count":1,"href":"http:\/\/my-alps.de\/index.php?rest_route=\/wp\/v2\/posts\/736\/revisions"}],"predecessor-version":[{"id":737,"href":"http:\/\/my-alps.de\/index.php?rest_route=\/wp\/v2\/posts\/736\/revisions\/737"}],"wp:attachment":[{"href":"http:\/\/my-alps.de\/index.php?rest_route=%2Fwp%2Fv2%2Fmedia&parent=736"}],"wp:term":[{"taxonomy":"category","embeddable":true,"href":"http:\/\/my-alps.de\/index.php?rest_route=%2Fwp%2Fv2%2Fcategories&post=736"},{"taxonomy":"post_tag","embeddable":true,"href":"http:\/\/my-alps.de\/index.php?rest_route=%2Fwp%2Fv2%2Ftags&post=736"}],"curies":[{"name":"wp","href":"https:\/\/api.w.org\/{rel}","templated":true}]}}