{"id":724,"date":"2014-02-23T18:51:07","date_gmt":"2014-02-23T17:51:07","guid":{"rendered":"http:\/\/my-alps.de\/?p=724"},"modified":"2014-02-23T19:01:17","modified_gmt":"2014-02-23T18:01:17","slug":"von-el-chalten-auf-der-ruta-40-nach-chile","status":"publish","type":"post","link":"http:\/\/my-alps.de\/?p=724","title":{"rendered":"Von El Chalten auf der Ruta 40 nach Chile"},"content":{"rendered":"<p>Nach einer wundersch\u00f6nen Woche ist es an der Zeit weiter zu fahren.<br \/>\nUnserer Reise f\u00fchrt nun \u00fcber die legend\u00e4re Ruta 40 (auf der wir uns schon einige Zeit bewegen) Richtung Norden. Die Gegend hier ist gepr\u00e4gt von &#8211; na ja &#8211; nichts &#8211; es gibt hier eigentlich nichts ausser Landschaft und einigen Estancias die wegen der kargen Graslandschaft riesig gro\u00df sind um die paar Schafe durchzuf\u00fcttern. Die Ruta 40 ist noch bis Tres Lagos asphaltiert und danach beginnt das grosse SCH\u00dcTTELN.<\/p>\n<div id=\"attachment_714\" style=\"width: 1034px\" class=\"wp-caption aligncenter\"><a href=\"https:\/\/i0.wp.com\/my-alps.de\/wp-content\/uploads\/2014\/02\/Ruta-40.jpg\"><img aria-describedby=\"caption-attachment-714\" data-attachment-id=\"714\" data-permalink=\"http:\/\/my-alps.de\/?attachment_id=714\" data-orig-file=\"https:\/\/i0.wp.com\/my-alps.de\/wp-content\/uploads\/2014\/02\/Ruta-40.jpg?fit=1024%2C683\" data-orig-size=\"1024,683\" data-comments-opened=\"1\" data-image-meta=\"{&quot;aperture&quot;:&quot;13&quot;,&quot;credit&quot;:&quot;&quot;,&quot;camera&quot;:&quot;SLT-A77V&quot;,&quot;caption&quot;:&quot;&quot;,&quot;created_timestamp&quot;:&quot;1392595376&quot;,&quot;copyright&quot;:&quot;&quot;,&quot;focal_length&quot;:&quot;18&quot;,&quot;iso&quot;:&quot;100&quot;,&quot;shutter_speed&quot;:&quot;0.005&quot;,&quot;title&quot;:&quot;&quot;}\" data-image-title=\"Ruta 40\" data-image-description=\"&lt;p&gt;Ruta 40&lt;\/p&gt;\n\" data-image-caption=\"&lt;p&gt;Ruta 40&lt;\/p&gt;\n\" data-medium-file=\"https:\/\/i0.wp.com\/my-alps.de\/wp-content\/uploads\/2014\/02\/Ruta-40.jpg?fit=300%2C200\" data-large-file=\"https:\/\/i0.wp.com\/my-alps.de\/wp-content\/uploads\/2014\/02\/Ruta-40.jpg?fit=625%2C417\" loading=\"lazy\" class=\"size-full wp-image-714\" alt=\"Ruta 40\" src=\"https:\/\/i0.wp.com\/my-alps.de\/wp-content\/uploads\/2014\/02\/Ruta-40.jpg?resize=625%2C417\" width=\"625\" height=\"417\" srcset=\"https:\/\/i0.wp.com\/my-alps.de\/wp-content\/uploads\/2014\/02\/Ruta-40.jpg?w=1024 1024w, https:\/\/i0.wp.com\/my-alps.de\/wp-content\/uploads\/2014\/02\/Ruta-40.jpg?resize=300%2C200 300w\" sizes=\"(max-width: 625px) 100vw, 625px\" data-recalc-dims=\"1\" \/><\/a><p id=\"caption-attachment-714\" class=\"wp-caption-text\">Ruta 40<\/p><\/div>\n<p>Schotterpistenkilometer reiht sich an Schotterpistenkilometer &#8211; nichts als eint\u00f6nige gelbbraune, pastellfarbene Landschaft. Niedriges Buschwerk und der allseits gegenw\u00e4rtige Wind. Der treibt in gewaltigen B\u00f6en den Staub \u00fcber die Stra\u00dfe als wolle er dich samt deinem Auto gleich mit von der Piste blasen. Es gibt hier genau zwei Ortschaften &#8211; und in jeder sollte man Tanken und Wasser auff\u00fcllen. Dazwischen liegen sagenhafte 450 Kilometer &#8211; NICHTS!<\/p>\n<div id=\"attachment_715\" style=\"width: 1034px\" class=\"wp-caption aligncenter\"><a href=\"https:\/\/i0.wp.com\/my-alps.de\/wp-content\/uploads\/2014\/02\/Seitenwind-und-Staub-Staub-Staub.jpg\"><img aria-describedby=\"caption-attachment-715\" data-attachment-id=\"715\" data-permalink=\"http:\/\/my-alps.de\/?attachment_id=715\" data-orig-file=\"https:\/\/i0.wp.com\/my-alps.de\/wp-content\/uploads\/2014\/02\/Seitenwind-und-Staub-Staub-Staub.jpg?fit=1024%2C683\" data-orig-size=\"1024,683\" data-comments-opened=\"1\" data-image-meta=\"{&quot;aperture&quot;:&quot;13&quot;,&quot;credit&quot;:&quot;&quot;,&quot;camera&quot;:&quot;SLT-A77V&quot;,&quot;caption&quot;:&quot;&quot;,&quot;created_timestamp&quot;:&quot;1392658873&quot;,&quot;copyright&quot;:&quot;&quot;,&quot;focal_length&quot;:&quot;18&quot;,&quot;iso&quot;:&quot;100&quot;,&quot;shutter_speed&quot;:&quot;0.003125&quot;,&quot;title&quot;:&quot;&quot;}\" data-image-title=\"Seitenwind und Staub Staub Staub\" data-image-description=\"&lt;p&gt;Seitenwind und Staub Staub Staub&lt;\/p&gt;\n\" data-image-caption=\"&lt;p&gt;Seitenwind und Staub Staub Staub&lt;\/p&gt;\n\" data-medium-file=\"https:\/\/i0.wp.com\/my-alps.de\/wp-content\/uploads\/2014\/02\/Seitenwind-und-Staub-Staub-Staub.jpg?fit=300%2C200\" data-large-file=\"https:\/\/i0.wp.com\/my-alps.de\/wp-content\/uploads\/2014\/02\/Seitenwind-und-Staub-Staub-Staub.jpg?fit=625%2C417\" loading=\"lazy\" class=\"size-full wp-image-715\" alt=\"Seitenwind und Staub Staub Staub\" src=\"https:\/\/i0.wp.com\/my-alps.de\/wp-content\/uploads\/2014\/02\/Seitenwind-und-Staub-Staub-Staub.jpg?resize=625%2C417\" width=\"625\" height=\"417\" srcset=\"https:\/\/i0.wp.com\/my-alps.de\/wp-content\/uploads\/2014\/02\/Seitenwind-und-Staub-Staub-Staub.jpg?w=1024 1024w, https:\/\/i0.wp.com\/my-alps.de\/wp-content\/uploads\/2014\/02\/Seitenwind-und-Staub-Staub-Staub.jpg?resize=300%2C200 300w\" sizes=\"(max-width: 625px) 100vw, 625px\" data-recalc-dims=\"1\" \/><\/a><p id=\"caption-attachment-715\" class=\"wp-caption-text\">Seitenwind und Staub Staub Staub<\/p><\/div>\n<p>Aber gerade deswegen strahlt diese Landschaft einen spr\u00f6den Charme aus dem man als Reisender erliegt. Das Auge peilt am endlosen Horizont einen Punkt an, und je weiter sich man diesem imagin\u00e4ren Punkt n\u00e4hert, der eine Felsformation, ein sanfter Grash\u00fcgel oder sonst irgendetwas sein kann, desto endloser dehnt sich die Stra\u00dfe in die schiere Unendlichkeit.<\/p>\n<div id=\"attachment_716\" style=\"width: 1034px\" class=\"wp-caption aligncenter\"><a href=\"https:\/\/i0.wp.com\/my-alps.de\/wp-content\/uploads\/2014\/02\/so-viel-Kies-und-Schotter.jpg\"><img aria-describedby=\"caption-attachment-716\" data-attachment-id=\"716\" data-permalink=\"http:\/\/my-alps.de\/?attachment_id=716\" data-orig-file=\"https:\/\/i0.wp.com\/my-alps.de\/wp-content\/uploads\/2014\/02\/so-viel-Kies-und-Schotter.jpg?fit=1024%2C683\" data-orig-size=\"1024,683\" data-comments-opened=\"1\" data-image-meta=\"{&quot;aperture&quot;:&quot;13&quot;,&quot;credit&quot;:&quot;&quot;,&quot;camera&quot;:&quot;SLT-A77V&quot;,&quot;caption&quot;:&quot;&quot;,&quot;created_timestamp&quot;:&quot;1392741613&quot;,&quot;copyright&quot;:&quot;&quot;,&quot;focal_length&quot;:&quot;18&quot;,&quot;iso&quot;:&quot;100&quot;,&quot;shutter_speed&quot;:&quot;0.00625&quot;,&quot;title&quot;:&quot;&quot;}\" data-image-title=\"so viel Kies und Schotter\" data-image-description=\"&lt;p&gt;so viel Kies und Schotter&lt;\/p&gt;\n\" data-image-caption=\"&lt;p&gt;so viel Kies und Schotter&lt;\/p&gt;\n\" data-medium-file=\"https:\/\/i0.wp.com\/my-alps.de\/wp-content\/uploads\/2014\/02\/so-viel-Kies-und-Schotter.jpg?fit=300%2C200\" data-large-file=\"https:\/\/i0.wp.com\/my-alps.de\/wp-content\/uploads\/2014\/02\/so-viel-Kies-und-Schotter.jpg?fit=625%2C417\" loading=\"lazy\" class=\"size-full wp-image-716\" alt=\"so viel Kies und Schotter\" src=\"https:\/\/i0.wp.com\/my-alps.de\/wp-content\/uploads\/2014\/02\/so-viel-Kies-und-Schotter.jpg?resize=625%2C417\" width=\"625\" height=\"417\" srcset=\"https:\/\/i0.wp.com\/my-alps.de\/wp-content\/uploads\/2014\/02\/so-viel-Kies-und-Schotter.jpg?w=1024 1024w, https:\/\/i0.wp.com\/my-alps.de\/wp-content\/uploads\/2014\/02\/so-viel-Kies-und-Schotter.jpg?resize=300%2C200 300w\" sizes=\"(max-width: 625px) 100vw, 625px\" data-recalc-dims=\"1\" \/><\/a><p id=\"caption-attachment-716\" class=\"wp-caption-text\">so viel Kies und Schotter<\/p><\/div>\n<p>Wir schaffen gerade mal 180 Kilometer an diesem Tag &#8211; dann machen wir ein Camp am Ufer des Lago Cardiel auf. Fast schon kitschig geht die Sonne mit einem pr\u00e4chtigen Farbenspiel unter.<\/p>\n<div id=\"attachment_709\" style=\"width: 1034px\" class=\"wp-caption aligncenter\"><a href=\"https:\/\/i0.wp.com\/my-alps.de\/wp-content\/uploads\/2014\/02\/Camp-am-Lago-Gardiel-HD.jpg\"><img aria-describedby=\"caption-attachment-709\" data-attachment-id=\"709\" data-permalink=\"http:\/\/my-alps.de\/?attachment_id=709\" data-orig-file=\"https:\/\/i0.wp.com\/my-alps.de\/wp-content\/uploads\/2014\/02\/Camp-am-Lago-Gardiel-HD.jpg?fit=1024%2C576\" data-orig-size=\"1024,576\" data-comments-opened=\"1\" data-image-meta=\"{&quot;aperture&quot;:&quot;13&quot;,&quot;credit&quot;:&quot;&quot;,&quot;camera&quot;:&quot;SLT-A77V&quot;,&quot;caption&quot;:&quot;&quot;,&quot;created_timestamp&quot;:&quot;1392598656&quot;,&quot;copyright&quot;:&quot;&quot;,&quot;focal_length&quot;:&quot;20&quot;,&quot;iso&quot;:&quot;100&quot;,&quot;shutter_speed&quot;:&quot;0.008&quot;,&quot;title&quot;:&quot;&quot;}\" data-image-title=\"Camp am Lago Gardiel &#8211; HD\" data-image-description=\"&lt;p&gt;Camp am Lago Gardiel&lt;\/p&gt;\n\" data-image-caption=\"&lt;p&gt;Camp am Lago Gardiel&lt;\/p&gt;\n\" data-medium-file=\"https:\/\/i0.wp.com\/my-alps.de\/wp-content\/uploads\/2014\/02\/Camp-am-Lago-Gardiel-HD.jpg?fit=300%2C168\" data-large-file=\"https:\/\/i0.wp.com\/my-alps.de\/wp-content\/uploads\/2014\/02\/Camp-am-Lago-Gardiel-HD.jpg?fit=625%2C352\" loading=\"lazy\" class=\"size-full wp-image-709\" alt=\"Camp am Lago Gardiel\" src=\"https:\/\/i0.wp.com\/my-alps.de\/wp-content\/uploads\/2014\/02\/Camp-am-Lago-Gardiel-HD.jpg?resize=625%2C352\" width=\"625\" height=\"352\" srcset=\"https:\/\/i0.wp.com\/my-alps.de\/wp-content\/uploads\/2014\/02\/Camp-am-Lago-Gardiel-HD.jpg?w=1024 1024w, https:\/\/i0.wp.com\/my-alps.de\/wp-content\/uploads\/2014\/02\/Camp-am-Lago-Gardiel-HD.jpg?resize=300%2C168 300w\" sizes=\"(max-width: 625px) 100vw, 625px\" data-recalc-dims=\"1\" \/><\/a><p id=\"caption-attachment-709\" class=\"wp-caption-text\">Camp am Lago Gardiel<\/p><\/div>\n<p>Am kommenden Tag geht es genauso weiter &#8211; eigentlich wollten wir in den Nationalpark \u201ePerito Moreno\u201c, aber nach 5 Kilometern auf einer grausamen Schotterpiste kehren wir um und machen Station in \u201eBajo Caracoles\u201c. Wir \u00e4ndern unseren Plan und fahren \u00fcber den \u201ePasso Rodolfo Roballos\u201c Richtung Chile. 90 Kilometer Schotter bis zur Grenze und nochmals 90 Kilometer bis zur Pan Americana Richtung \u201eCochrane\u201c.<br \/>\nIch bin wieder froh das wir gute Reifen und ein gutes Fahrwerk eingebaut haben. Trotzdem lauscht man mit einem Ohr immer nach den Ger\u00e4uschen die aus dem Fahrwerk und nat\u00fcrlich von hinten aus der Wohnkabine kommen. Da ist seit einiger Zeit ein neues \u201eSchnattern\u201c &#8211; und nach einem Stop stellen wir fest, das die Solarzellen im Alurahmen \u201etrockenlaufen\u201c. In den Schubladen wurde mittlerweile die Kampagne \u201eAntiklappern\u201c ausgerufen. Alles wird in Geschirrt\u00fccher eingewickelt und verstaut. T\u00f6pfe und unsere Allzweckwaffe: \u201eWokpfanne\u201c von Jamie Oliver bekommen Schutzh\u00fcllen verpasst. Trotzdem braucht man nach 3 Tagen Schotterpiste einen Tag Pause.<\/p>\n<div id=\"attachment_712\" style=\"width: 1034px\" class=\"wp-caption aligncenter\"><a href=\"https:\/\/i0.wp.com\/my-alps.de\/wp-content\/uploads\/2014\/02\/Ps.-Rodolfo-Roballos-Grenz\u00fcbergang-nach-Chile.jpg\"><img aria-describedby=\"caption-attachment-712\" data-attachment-id=\"712\" data-permalink=\"http:\/\/my-alps.de\/?attachment_id=712\" data-orig-file=\"https:\/\/i0.wp.com\/my-alps.de\/wp-content\/uploads\/2014\/02\/Ps.-Rodolfo-Roballos-Grenz\u00fcbergang-nach-Chile.jpg?fit=1024%2C683\" data-orig-size=\"1024,683\" data-comments-opened=\"1\" data-image-meta=\"{&quot;aperture&quot;:&quot;13&quot;,&quot;credit&quot;:&quot;&quot;,&quot;camera&quot;:&quot;SLT-A77V&quot;,&quot;caption&quot;:&quot;&quot;,&quot;created_timestamp&quot;:&quot;1392753909&quot;,&quot;copyright&quot;:&quot;&quot;,&quot;focal_length&quot;:&quot;18&quot;,&quot;iso&quot;:&quot;100&quot;,&quot;shutter_speed&quot;:&quot;0.005&quot;,&quot;title&quot;:&quot;&quot;}\" data-image-title=\"Ps. Rodolfo Roballos &#8211; Grenz\u00fcbergang nach Chile\" data-image-description=\"&lt;p&gt;Ps. Rodolfo Roballos &#8211; Grenz\u00fcbergang nach Chile&lt;\/p&gt;\n\" data-image-caption=\"&lt;p&gt;Ps. Rodolfo Roballos &#8211; Grenz\u00fcbergang nach Chile&lt;\/p&gt;\n\" data-medium-file=\"https:\/\/i0.wp.com\/my-alps.de\/wp-content\/uploads\/2014\/02\/Ps.-Rodolfo-Roballos-Grenz\u00fcbergang-nach-Chile.jpg?fit=300%2C200\" data-large-file=\"https:\/\/i0.wp.com\/my-alps.de\/wp-content\/uploads\/2014\/02\/Ps.-Rodolfo-Roballos-Grenz\u00fcbergang-nach-Chile.jpg?fit=625%2C417\" loading=\"lazy\" class=\"size-full wp-image-712\" alt=\"Ps. Rodolfo Roballos - Grenz\u00fcbergang nach Chile\" src=\"https:\/\/i0.wp.com\/my-alps.de\/wp-content\/uploads\/2014\/02\/Ps.-Rodolfo-Roballos-Grenz\u00fcbergang-nach-Chile.jpg?resize=625%2C417\" width=\"625\" height=\"417\" srcset=\"https:\/\/i0.wp.com\/my-alps.de\/wp-content\/uploads\/2014\/02\/Ps.-Rodolfo-Roballos-Grenz\u00fcbergang-nach-Chile.jpg?w=1024 1024w, https:\/\/i0.wp.com\/my-alps.de\/wp-content\/uploads\/2014\/02\/Ps.-Rodolfo-Roballos-Grenz\u00fcbergang-nach-Chile.jpg?resize=300%2C200 300w\" sizes=\"(max-width: 625px) 100vw, 625px\" data-recalc-dims=\"1\" \/><\/a><p id=\"caption-attachment-712\" class=\"wp-caption-text\">Ps. Rodolfo Roballos &#8211; Grenz\u00fcbergang nach Chile<\/p><\/div>\n<p>Den g\u00f6nnen wir uns im neuen Nationalpark von Herrn Thompkins &#8211; dieser hat nachdem 1991 der Vulkan hier in der Gegend ausgebrochen ist und die Schafzucht unrentabel gemacht hat, eine riesige Estancia in Chile am Rio Chacabuco aufgekauft und wandelt das Land gerade in einen Park um. Da gibt es einen sch\u00f6nen Stellplatz am Flu\u00df, eine Wanderung in\u2019s Tal der Kondore und alles was man so braucht.<\/p>\n<div id=\"attachment_710\" style=\"width: 1034px\" class=\"wp-caption aligncenter\"><a href=\"https:\/\/i0.wp.com\/my-alps.de\/wp-content\/uploads\/2014\/02\/Kondor.jpg\"><img aria-describedby=\"caption-attachment-710\" data-attachment-id=\"710\" data-permalink=\"http:\/\/my-alps.de\/?attachment_id=710\" data-orig-file=\"https:\/\/i0.wp.com\/my-alps.de\/wp-content\/uploads\/2014\/02\/Kondor.jpg?fit=1024%2C575\" data-orig-size=\"1024,575\" data-comments-opened=\"1\" data-image-meta=\"{&quot;aperture&quot;:&quot;10&quot;,&quot;credit&quot;:&quot;&quot;,&quot;camera&quot;:&quot;SLT-A77V&quot;,&quot;caption&quot;:&quot;&quot;,&quot;created_timestamp&quot;:&quot;1392916543&quot;,&quot;copyright&quot;:&quot;&quot;,&quot;focal_length&quot;:&quot;300&quot;,&quot;iso&quot;:&quot;100&quot;,&quot;shutter_speed&quot;:&quot;0.0015625&quot;,&quot;title&quot;:&quot;&quot;}\" data-image-title=\"Kondor\" data-image-description=\"&lt;p&gt;Kondor&lt;\/p&gt;\n\" data-image-caption=\"&lt;p&gt;Kondor&lt;\/p&gt;\n\" data-medium-file=\"https:\/\/i0.wp.com\/my-alps.de\/wp-content\/uploads\/2014\/02\/Kondor.jpg?fit=300%2C168\" data-large-file=\"https:\/\/i0.wp.com\/my-alps.de\/wp-content\/uploads\/2014\/02\/Kondor.jpg?fit=625%2C351\" loading=\"lazy\" class=\"size-full wp-image-710\" alt=\"Kondor\" src=\"https:\/\/i0.wp.com\/my-alps.de\/wp-content\/uploads\/2014\/02\/Kondor.jpg?resize=625%2C351\" width=\"625\" height=\"351\" srcset=\"https:\/\/i0.wp.com\/my-alps.de\/wp-content\/uploads\/2014\/02\/Kondor.jpg?w=1024 1024w, https:\/\/i0.wp.com\/my-alps.de\/wp-content\/uploads\/2014\/02\/Kondor.jpg?resize=300%2C168 300w\" sizes=\"(max-width: 625px) 100vw, 625px\" data-recalc-dims=\"1\" \/><\/a><p id=\"caption-attachment-710\" class=\"wp-caption-text\">Kondor<\/p><\/div>\n<p>Die wundersch\u00f6ne Landschaft zieht sich den Rio Chacabuco herunter bis zum Zusammenfluss mit dem Rio Baker. Tief eingeschnitten zwischen Felsen rauscht der Flu\u00df durchs Tal &#8211; unvorstellbar das hier ein Staudamm entstehen sollte!<\/p>\n<div id=\"attachment_713\" style=\"width: 1034px\" class=\"wp-caption aligncenter\"><a href=\"https:\/\/i0.wp.com\/my-alps.de\/wp-content\/uploads\/2014\/02\/Rio-Baker-HD.jpg\"><img aria-describedby=\"caption-attachment-713\" data-attachment-id=\"713\" data-permalink=\"http:\/\/my-alps.de\/?attachment_id=713\" data-orig-file=\"https:\/\/i0.wp.com\/my-alps.de\/wp-content\/uploads\/2014\/02\/Rio-Baker-HD.jpg?fit=1024%2C576\" data-orig-size=\"1024,576\" data-comments-opened=\"1\" data-image-meta=\"{&quot;aperture&quot;:&quot;9&quot;,&quot;credit&quot;:&quot;&quot;,&quot;camera&quot;:&quot;SLT-A77V&quot;,&quot;caption&quot;:&quot;&quot;,&quot;created_timestamp&quot;:&quot;1393089079&quot;,&quot;copyright&quot;:&quot;&quot;,&quot;focal_length&quot;:&quot;18&quot;,&quot;iso&quot;:&quot;100&quot;,&quot;shutter_speed&quot;:&quot;0.008&quot;,&quot;title&quot;:&quot;&quot;}\" data-image-title=\"Rio Baker &#8211; HD\" data-image-description=\"&lt;p&gt;Rio Baker&lt;\/p&gt;\n\" data-image-caption=\"&lt;p&gt;Rio Baker&lt;\/p&gt;\n\" data-medium-file=\"https:\/\/i0.wp.com\/my-alps.de\/wp-content\/uploads\/2014\/02\/Rio-Baker-HD.jpg?fit=300%2C168\" data-large-file=\"https:\/\/i0.wp.com\/my-alps.de\/wp-content\/uploads\/2014\/02\/Rio-Baker-HD.jpg?fit=625%2C352\" loading=\"lazy\" class=\"size-full wp-image-713\" alt=\"Rio Baker\" src=\"https:\/\/i0.wp.com\/my-alps.de\/wp-content\/uploads\/2014\/02\/Rio-Baker-HD.jpg?resize=625%2C352\" width=\"625\" height=\"352\" srcset=\"https:\/\/i0.wp.com\/my-alps.de\/wp-content\/uploads\/2014\/02\/Rio-Baker-HD.jpg?w=1024 1024w, https:\/\/i0.wp.com\/my-alps.de\/wp-content\/uploads\/2014\/02\/Rio-Baker-HD.jpg?resize=300%2C168 300w\" sizes=\"(max-width: 625px) 100vw, 625px\" data-recalc-dims=\"1\" \/><\/a><p id=\"caption-attachment-713\" class=\"wp-caption-text\">Rio Baker<\/p><\/div>\n<p>Wir sind jetzt auf der Carretera Austral &#8211; der Pan Americana.<\/p>\n<p>Um in das Tal des Rio Baker zu gelangen m\u00fcssen wir mit einer Str\u00f6mungsf\u00e4hre \u00fcbersetzen. Die F\u00e4hre h\u00e4ngt mit 3 Ketten an Laufkatzen. Ein Stahlseil \u00fcberspannt den Flu\u00df und je nach Stellung der F\u00e4hre mit ihren 3 Schwimmr\u00fcmpfen zieht sie sich selber und OHNE Motor \u00fcber den Flu\u00df.<\/p>\n<div id=\"attachment_717\" style=\"width: 1034px\" class=\"wp-caption aligncenter\"><a href=\"https:\/\/i0.wp.com\/my-alps.de\/wp-content\/uploads\/2014\/02\/Str\u00f6mungsf\u00e4hre-\u00fcber-den-Rio-Baker-II.jpg\"><img aria-describedby=\"caption-attachment-717\" data-attachment-id=\"717\" data-permalink=\"http:\/\/my-alps.de\/?attachment_id=717\" data-orig-file=\"https:\/\/i0.wp.com\/my-alps.de\/wp-content\/uploads\/2014\/02\/Str\u00f6mungsf\u00e4hre-\u00fcber-den-Rio-Baker-II.jpg?fit=1024%2C683\" data-orig-size=\"1024,683\" data-comments-opened=\"1\" data-image-meta=\"{&quot;aperture&quot;:&quot;13&quot;,&quot;credit&quot;:&quot;&quot;,&quot;camera&quot;:&quot;SLT-A77V&quot;,&quot;caption&quot;:&quot;&quot;,&quot;created_timestamp&quot;:&quot;1393083816&quot;,&quot;copyright&quot;:&quot;&quot;,&quot;focal_length&quot;:&quot;17&quot;,&quot;iso&quot;:&quot;100&quot;,&quot;shutter_speed&quot;:&quot;0.00625&quot;,&quot;title&quot;:&quot;&quot;}\" data-image-title=\"Str\u00f6mungsf\u00e4hre \u00fcber den Rio Baker II\" data-image-description=\"&lt;p&gt;Str\u00f6mungsf\u00e4hre \u00fcber den Rio Baker&lt;\/p&gt;\n\" data-image-caption=\"&lt;p&gt;Str\u00f6mungsf\u00e4hre \u00fcber den Rio Baker&lt;\/p&gt;\n\" data-medium-file=\"https:\/\/i0.wp.com\/my-alps.de\/wp-content\/uploads\/2014\/02\/Str\u00f6mungsf\u00e4hre-\u00fcber-den-Rio-Baker-II.jpg?fit=300%2C200\" data-large-file=\"https:\/\/i0.wp.com\/my-alps.de\/wp-content\/uploads\/2014\/02\/Str\u00f6mungsf\u00e4hre-\u00fcber-den-Rio-Baker-II.jpg?fit=625%2C417\" loading=\"lazy\" class=\"size-full wp-image-717\" alt=\"Str\u00f6mungsf\u00e4hre \u00fcber den Rio Baker\" src=\"https:\/\/i0.wp.com\/my-alps.de\/wp-content\/uploads\/2014\/02\/Str\u00f6mungsf\u00e4hre-\u00fcber-den-Rio-Baker-II.jpg?resize=625%2C417\" width=\"625\" height=\"417\" srcset=\"https:\/\/i0.wp.com\/my-alps.de\/wp-content\/uploads\/2014\/02\/Str\u00f6mungsf\u00e4hre-\u00fcber-den-Rio-Baker-II.jpg?w=1024 1024w, https:\/\/i0.wp.com\/my-alps.de\/wp-content\/uploads\/2014\/02\/Str\u00f6mungsf\u00e4hre-\u00fcber-den-Rio-Baker-II.jpg?resize=300%2C200 300w\" sizes=\"(max-width: 625px) 100vw, 625px\" data-recalc-dims=\"1\" \/><\/a><p id=\"caption-attachment-717\" class=\"wp-caption-text\">Str\u00f6mungsf\u00e4hre \u00fcber den Rio Baker<\/p><\/div>\n<p>Technik &#8211; einfach und funktionell! Und es funktioniert prima. Das WOMO passt genau auf den Schwimmk\u00f6rper und der Flu\u00df rauscht unter dem Bretterboden durch. Nach 5 Minuten legt die F\u00e4hre durch den Selbstzug dr\u00fcben am Ufer sanft an. &#8211; Und das Beste: wir m\u00fcssen den selben Weg wieder zur\u00fcck!<\/p>\n<div id=\"attachment_718\" style=\"width: 1034px\" class=\"wp-caption aligncenter\"><a href=\"https:\/\/i0.wp.com\/my-alps.de\/wp-content\/uploads\/2014\/02\/Str\u00f6mungsf\u00e4hre-\u00fcber-den-Rio-Baker.jpg\"><img aria-describedby=\"caption-attachment-718\" data-attachment-id=\"718\" data-permalink=\"http:\/\/my-alps.de\/?attachment_id=718\" data-orig-file=\"https:\/\/i0.wp.com\/my-alps.de\/wp-content\/uploads\/2014\/02\/Str\u00f6mungsf\u00e4hre-\u00fcber-den-Rio-Baker.jpg?fit=1024%2C683\" data-orig-size=\"1024,683\" data-comments-opened=\"1\" data-image-meta=\"{&quot;aperture&quot;:&quot;13&quot;,&quot;credit&quot;:&quot;&quot;,&quot;camera&quot;:&quot;SLT-A77V&quot;,&quot;caption&quot;:&quot;&quot;,&quot;created_timestamp&quot;:&quot;1393001173&quot;,&quot;copyright&quot;:&quot;&quot;,&quot;focal_length&quot;:&quot;17&quot;,&quot;iso&quot;:&quot;100&quot;,&quot;shutter_speed&quot;:&quot;0.01&quot;,&quot;title&quot;:&quot;&quot;}\" data-image-title=\"Str\u00f6mungsf\u00e4hre \u00fcber den Rio Baker\" data-image-description=\"&lt;p&gt;Str\u00f6mungsf\u00e4hre \u00fcber den Rio Baker&lt;\/p&gt;\n\" data-image-caption=\"&lt;p&gt;Str\u00f6mungsf\u00e4hre \u00fcber den Rio Baker&lt;\/p&gt;\n\" data-medium-file=\"https:\/\/i0.wp.com\/my-alps.de\/wp-content\/uploads\/2014\/02\/Str\u00f6mungsf\u00e4hre-\u00fcber-den-Rio-Baker.jpg?fit=300%2C200\" data-large-file=\"https:\/\/i0.wp.com\/my-alps.de\/wp-content\/uploads\/2014\/02\/Str\u00f6mungsf\u00e4hre-\u00fcber-den-Rio-Baker.jpg?fit=625%2C417\" loading=\"lazy\" class=\"size-full wp-image-718\" alt=\"Str\u00f6mungsf\u00e4hre \u00fcber den Rio Baker\" src=\"https:\/\/i0.wp.com\/my-alps.de\/wp-content\/uploads\/2014\/02\/Str\u00f6mungsf\u00e4hre-\u00fcber-den-Rio-Baker.jpg?resize=625%2C417\" width=\"625\" height=\"417\" srcset=\"https:\/\/i0.wp.com\/my-alps.de\/wp-content\/uploads\/2014\/02\/Str\u00f6mungsf\u00e4hre-\u00fcber-den-Rio-Baker.jpg?w=1024 1024w, https:\/\/i0.wp.com\/my-alps.de\/wp-content\/uploads\/2014\/02\/Str\u00f6mungsf\u00e4hre-\u00fcber-den-Rio-Baker.jpg?resize=300%2C200 300w\" sizes=\"(max-width: 625px) 100vw, 625px\" data-recalc-dims=\"1\" \/><\/a><p id=\"caption-attachment-718\" class=\"wp-caption-text\">Str\u00f6mungsf\u00e4hre \u00fcber den Rio Baker<\/p><\/div>\n<p>Wir fahren nach \u201eCochrane\u201c noch ein paar Kilometer nach S\u00fcden und campen am \u201eLago Esmeralda\u201c, einem kristallklaren See. Hier ist unser s\u00fcdlichster Punkt in diesem Teil von Chile erreicht. Nach Villa O\u2019Higgins sind es noch 180 Kilometer \u00fcbler Steinpiste &#8211; und dort ist dann eh\u2019 Schlu\u00df mit der Stra\u00dfe. Weiter kann man mit dem Auto hier nicht fahren.<\/p>\n<div id=\"attachment_711\" style=\"width: 1034px\" class=\"wp-caption aligncenter\"><a href=\"https:\/\/i0.wp.com\/my-alps.de\/wp-content\/uploads\/2014\/02\/Monte-San-Valentin-4085-m-HD.jpg\"><img aria-describedby=\"caption-attachment-711\" data-attachment-id=\"711\" data-permalink=\"http:\/\/my-alps.de\/?attachment_id=711\" data-orig-file=\"https:\/\/i0.wp.com\/my-alps.de\/wp-content\/uploads\/2014\/02\/Monte-San-Valentin-4085-m-HD.jpg?fit=1024%2C576\" data-orig-size=\"1024,576\" data-comments-opened=\"1\" data-image-meta=\"{&quot;aperture&quot;:&quot;11&quot;,&quot;credit&quot;:&quot;&quot;,&quot;camera&quot;:&quot;SLT-A77V&quot;,&quot;caption&quot;:&quot;&quot;,&quot;created_timestamp&quot;:&quot;1393092692&quot;,&quot;copyright&quot;:&quot;&quot;,&quot;focal_length&quot;:&quot;50&quot;,&quot;iso&quot;:&quot;100&quot;,&quot;shutter_speed&quot;:&quot;0.003125&quot;,&quot;title&quot;:&quot;&quot;}\" data-image-title=\"Monte San Valentin 4085 m &#8211; HD\" data-image-description=\"&lt;p&gt;Monte San Valentin 4085 m&lt;\/p&gt;\n\" data-image-caption=\"&lt;p&gt;Monte San Valentin 4085 m&lt;\/p&gt;\n\" data-medium-file=\"https:\/\/i0.wp.com\/my-alps.de\/wp-content\/uploads\/2014\/02\/Monte-San-Valentin-4085-m-HD.jpg?fit=300%2C168\" data-large-file=\"https:\/\/i0.wp.com\/my-alps.de\/wp-content\/uploads\/2014\/02\/Monte-San-Valentin-4085-m-HD.jpg?fit=625%2C352\" loading=\"lazy\" class=\"size-full wp-image-711\" alt=\"Monte San Valentin 4085 m\" src=\"https:\/\/i0.wp.com\/my-alps.de\/wp-content\/uploads\/2014\/02\/Monte-San-Valentin-4085-m-HD.jpg?resize=625%2C352\" width=\"625\" height=\"352\" srcset=\"https:\/\/i0.wp.com\/my-alps.de\/wp-content\/uploads\/2014\/02\/Monte-San-Valentin-4085-m-HD.jpg?w=1024 1024w, https:\/\/i0.wp.com\/my-alps.de\/wp-content\/uploads\/2014\/02\/Monte-San-Valentin-4085-m-HD.jpg?resize=300%2C168 300w\" sizes=\"(max-width: 625px) 100vw, 625px\" data-recalc-dims=\"1\" \/><\/a><p id=\"caption-attachment-711\" class=\"wp-caption-text\">Monte San Valentin 4085 m<\/p><\/div>\n<p>Unser Weg f\u00fchrt ab jetzt erst mal wieder nach Norden. Wir werden noch ein paar Wochen auf dieser Seite bleiben. Sp\u00e4ter m\u00fcssen wir dann wieder zur\u00fcck nach Argentinien weil es in diesem Teil Chiles, wie im S\u00fcden, keine durchgehende Stra\u00dfenverbindung gibt.<\/p>\n<p>&nbsp;<\/p>\n","protected":false},"excerpt":{"rendered":"<p>Nach einer wundersch\u00f6nen Woche ist es an der Zeit weiter zu fahren. Unserer Reise f\u00fchrt nun \u00fcber die legend\u00e4re Ruta 40 (auf der wir uns schon einige Zeit bewegen) Richtung Norden. Die Gegend hier ist gepr\u00e4gt von &#8211; na ja &#8211; nichts &#8211; es gibt hier eigentlich nichts ausser Landschaft und einigen Estancias die wegen [&hellip;]<\/p>\n","protected":false},"author":1,"featured_media":0,"comment_status":"open","ping_status":"open","sticky":false,"template":"","format":"gallery","meta":{"spay_email":"","jetpack_publicize_message":"","jetpack_is_tweetstorm":false,"jetpack_publicize_feature_enabled":true},"categories":[1],"tags":[],"jetpack_featured_media_url":"","jetpack_publicize_connections":[],"jetpack_sharing_enabled":true,"jetpack_shortlink":"https:\/\/wp.me\/p6huce-bG","jetpack-related-posts":[{"id":1213,"url":"http:\/\/my-alps.de\/?p=1213","url_meta":{"origin":724,"position":0},"title":"Nationalpark Leoncito","date":"10. Juni 2014","format":"gallery","excerpt":"Von Mendoza sind wir wieder ein St\u00fcck zur\u00fcck gefahren in Richtung Uspallata, um die Ruta 149 nach Norden zu nehmen. Die Strecke f\u00fchrt direkt an den Ausl\u00e4ufern der Anden entlang, und man hat st\u00e4ndig die schneebedeckten Berge im Blick. So fahren wir ca. 100 km (mit dem Kopf leicht nach\u2026","rel":"","context":"In &quot;News&quot;","img":{"alt_text":"","src":"https:\/\/i0.wp.com\/my-alps.de\/wp-content\/uploads\/2014\/06\/Rio-San-Juan-I-ce4.jpg?resize=350%2C200","width":350,"height":200},"classes":[]},{"id":851,"url":"http:\/\/my-alps.de\/?p=851","url_meta":{"origin":724,"position":1},"title":"von Chaiten ans Ende der Carretera Austral","date":"19. M\u00e4rz 2014","format":"gallery","excerpt":"Wir sind jetzt fast 4 Wochen lang auf der Ruta 7, der Carretera Austral, aus dem S\u00fcden Chiles Richtung Norden gefahren. Der Eine oder Andere Abstecher hat der einsamen Stra\u00dfe noch etwas mehr Reiz beschert, als sie selbst schon besitzt. Doch jetzt ist es an der Zeit die Zivilisation mal\u2026","rel":"","context":"In &quot;News&quot;","img":{"alt_text":"","src":"https:\/\/i0.wp.com\/my-alps.de\/wp-content\/uploads\/2014\/03\/El-Cap-light-sw.jpg?resize=350%2C200","width":350,"height":200},"classes":[]},{"id":1301,"url":"http:\/\/my-alps.de\/?p=1301","url_meta":{"origin":724,"position":2},"title":"immer weiter &#8211; immer an den Anden entlang &#8211; Folge 1+2","date":"30. Juni 2014","format":"gallery","excerpt":"\u2026..\u00fcber die Ruta 40. \u00dcberblick f\u00fcr die folgenden Blogbeitr\u00e4ge bis zur Grenze nach Chile! Folge 1: DIE Stra\u00dfe in Argentinien von Norden nach S\u00fcden, oder umgekehrt. Einsame Schotterpisten, ab und zu mal ein kleiner Ort und Staub - Staub und nochmals Staub. So gelangen wir aus den Nationalparks nach Chilecito,\u2026","rel":"","context":"In &quot;News&quot;","img":{"alt_text":"","src":"","width":0,"height":0},"classes":[]},{"id":1234,"url":"http:\/\/my-alps.de\/?p=1234","url_meta":{"origin":724,"position":3},"title":"NP Valle de la Luna und NP Talampaya","date":"15. Juni 2014","format":"gallery","excerpt":"Wir machen zur Zeit \u201eNationalpark Hopping\u201c in Argentinien. Der einfache Grund - an jedem der abseits gelegenen Nationalparks gibt es eine g\u00fcnstige (und sichere) M\u00f6glichkeit mit dem WOMO \u00fcber Nacht zu stehen und sehr viel zu sehen....... Ausserdem gibt es auch wieder mal eine warme Dusche ohne sich die Ellenbogen\u2026","rel":"","context":"In &quot;News&quot;","img":{"alt_text":"","src":"https:\/\/i0.wp.com\/my-alps.de\/wp-content\/uploads\/2014\/06\/Talampaya-V-ce4.jpg?resize=350%2C200","width":350,"height":200},"classes":[]},{"id":1308,"url":"http:\/\/my-alps.de\/?p=1308","url_meta":{"origin":724,"position":4},"title":"Cafayate und durch das Valle Calchaquies nach Salta","date":"30. Juni 2014","format":"gallery","excerpt":"Nach Amaicha haben wir noch die \u201eRuinas de Quilmes\u201c besucht. Die Terrassenanlage wurde teilweise wieder ausgegraben und die Geschichte der Quilmesindianer hat ein trauriges Kapitel. Nach langem Wiederstand gegen die Spanier wurden sie doch unterworfen und der gesamte Stamm nach Buenos Aires deportiert. Nur 600 kamen lebend dort an mehr\u2026","rel":"","context":"In &quot;News&quot;","img":{"alt_text":"","src":"https:\/\/i0.wp.com\/my-alps.de\/wp-content\/uploads\/2014\/06\/Felsfarben-1-Sonnenuntergang-ce4.jpg?resize=350%2C200","width":350,"height":200},"classes":[]},{"id":1304,"url":"http:\/\/my-alps.de\/?p=1304","url_meta":{"origin":724,"position":5},"title":"Chilecito, Hualko, Amaicha und Tafi del Valles","date":"30. Juni 2014","format":"gallery","excerpt":"Chronologisch unserer Reiseroute ging es nach dem NP Talampaya in Richtung Chilecito. Da die Ruta 40 zur dieser Zeit \u00fcber die\u00a0\u201eCuesta de Miranda\u201c gesperrt war, mussten wir einen \u201ekleinen\u201c\u00a0Umweg von ca. 250 Kilometer machen. Die Fahrt ging zur\u00fcck \u00fcber die Ruta 76 bis nach Pataguia und dann die Ruta 74\u2026","rel":"","context":"In &quot;News&quot;","img":{"alt_text":"","src":"https:\/\/i0.wp.com\/my-alps.de\/wp-content\/uploads\/2014\/06\/DSC03910.jpg?resize=350%2C200","width":350,"height":200},"classes":[]}],"_links":{"self":[{"href":"http:\/\/my-alps.de\/index.php?rest_route=\/wp\/v2\/posts\/724"}],"collection":[{"href":"http:\/\/my-alps.de\/index.php?rest_route=\/wp\/v2\/posts"}],"about":[{"href":"http:\/\/my-alps.de\/index.php?rest_route=\/wp\/v2\/types\/post"}],"author":[{"embeddable":true,"href":"http:\/\/my-alps.de\/index.php?rest_route=\/wp\/v2\/users\/1"}],"replies":[{"embeddable":true,"href":"http:\/\/my-alps.de\/index.php?rest_route=%2Fwp%2Fv2%2Fcomments&post=724"}],"version-history":[{"count":6,"href":"http:\/\/my-alps.de\/index.php?rest_route=\/wp\/v2\/posts\/724\/revisions"}],"predecessor-version":[{"id":730,"href":"http:\/\/my-alps.de\/index.php?rest_route=\/wp\/v2\/posts\/724\/revisions\/730"}],"wp:attachment":[{"href":"http:\/\/my-alps.de\/index.php?rest_route=%2Fwp%2Fv2%2Fmedia&parent=724"}],"wp:term":[{"taxonomy":"category","embeddable":true,"href":"http:\/\/my-alps.de\/index.php?rest_route=%2Fwp%2Fv2%2Fcategories&post=724"},{"taxonomy":"post_tag","embeddable":true,"href":"http:\/\/my-alps.de\/index.php?rest_route=%2Fwp%2Fv2%2Ftags&post=724"}],"curies":[{"name":"wp","href":"https:\/\/api.w.org\/{rel}","templated":true}]}}