{"id":71,"date":"2013-02-14T21:18:25","date_gmt":"2013-02-14T20:18:25","guid":{"rendered":"http:\/\/my-alps.de\/?p=71"},"modified":"2013-02-14T21:18:25","modified_gmt":"2013-02-14T20:18:25","slug":"das-kommt-mir-spanisch-vor","status":"publish","type":"post","link":"http:\/\/my-alps.de\/?p=71","title":{"rendered":"Das kommt mir Spanisch vor&#8230;"},"content":{"rendered":"<p>Heute habe ich mal wieder in meinem Audible Account gest\u00f6bert &#8211; in der Gewissheit das 30 Tage auf See mich ziemlich langweilen werden. Zum Gl\u00fcck sammle ich jetzt schon H\u00f6rb\u00fccher. Da bin ich \u00fcber einen Spanisch H\u00f6rbuch nach Birkenbihl gestolpert &#8211; Ey hola -un huebo per pasado &#8230;. und so weiter. Hmm &#8211; ich sollte die 30 Tage f\u00fcr die Sprache nutzen &#8211; das w\u00e4re sinnvoll &#8211; los manos arriba &#8211; andele!<br \/>\nCT<\/p>\n","protected":false},"excerpt":{"rendered":"<p>Heute habe ich mal wieder in meinem Audible Account gest\u00f6bert &#8211; in der Gewissheit das 30 Tage auf See mich ziemlich langweilen werden. Zum Gl\u00fcck sammle ich jetzt schon H\u00f6rb\u00fccher. Da bin ich \u00fcber einen Spanisch H\u00f6rbuch nach Birkenbihl gestolpert &#8211; Ey hola -un huebo per pasado &#8230;. und so weiter. Hmm &#8211; ich sollte [&hellip;]<\/p>\n","protected":false},"author":1,"featured_media":0,"comment_status":"open","ping_status":"open","sticky":false,"template":"","format":"standard","meta":{"spay_email":"","jetpack_publicize_message":"","jetpack_is_tweetstorm":false,"jetpack_publicize_feature_enabled":true},"categories":[9],"tags":[],"jetpack_featured_media_url":"","jetpack_publicize_connections":[],"jetpack_sharing_enabled":true,"jetpack_shortlink":"https:\/\/wp.me\/p6huce-19","jetpack-related-posts":[{"id":800,"url":"http:\/\/my-alps.de\/?p=800","url_meta":{"origin":71,"position":0},"title":"Genetischer Code bei M\u00e4nnchen","date":"10. M\u00e4rz 2014","format":"gallery","excerpt":"Ihr alle werdet mir zustimmen, die Frauen neigen eher zum sammeln und der Mann zum Jagen.Ich habe bei mir das mit dem Jagd-Gen schon ganz fr\u00fch entdeckt, aber wir hatten daheim einen Haushalt, da gab es ausser Essbesteck keine Waffen. (obwohl meine beiden Gro\u00dfv\u00e4ter Sch\u00fctzenk\u00f6nige waren!) Und mit einer Gabel\u2026","rel":"","context":"In &quot;unter uns&quot;","img":{"alt_text":"","src":"https:\/\/i0.wp.com\/my-alps.de\/wp-content\/uploads\/2014\/03\/Nummer-Zwei-HD.jpg?resize=350%2C200","width":350,"height":200},"classes":[]},{"id":881,"url":"http:\/\/my-alps.de\/?p=881","url_meta":{"origin":71,"position":1},"title":"Puerto Montt","date":"26. M\u00e4rz 2014","format":"gallery","excerpt":"Nach 8.808 km (und wahrscheinlich ein paar mehr) die wir jetzt hier in S\u00fcdamerika unterwegs sind haben wir unserem WOMO auch mal etwas Gutes geg\u00f6nnt. Hier in Puerto Montt habe ich eine Werkstatt entdeckt die jegliche Art von Service f\u00fcr \u201egesch\u00fcttelte\u201c Autos anbietet. Wir haben uns f\u00fcr: \u00d6lwechsel und Luftfilterwechsel\u2026","rel":"","context":"In &quot;News&quot;","img":{"alt_text":"","src":"https:\/\/i0.wp.com\/my-alps.de\/wp-content\/uploads\/2014\/03\/Pisco-sour-6x6.jpg?resize=350%2C200","width":350,"height":200},"classes":[]},{"id":571,"url":"http:\/\/my-alps.de\/?p=571","url_meta":{"origin":71,"position":2},"title":"&#8222;Arsch&#8220; der Welt ist nicht richtig &#8211; es kann ja auch der Anfang sein &#8211; oder?","date":"17. Januar 2014","format":"gallery","excerpt":"Also jetzt bin ich wieder mal \u00fcber's Ziel hinausgeschossen - nat\u00fcrlich war es im NP Monte Leon sehr sch\u00f6n - deshalb haben wir dort zwei Tage zugebracht und sind dann weiter nach \u00a0Puerto San Julian gefahren - weiter ging es nicht bei dem Wind. Der Spritverbrauch kratzt an der 20\u2026","rel":"","context":"In &quot;News&quot;","img":{"alt_text":"","src":"https:\/\/i0.wp.com\/my-alps.de\/wp-content\/uploads\/2014\/01\/neues-Kaperschiff-der-Baltic-Pirates-300x225.jpg?resize=350%2C200","width":350,"height":200},"classes":[]},{"id":650,"url":"http:\/\/my-alps.de\/?p=650","url_meta":{"origin":71,"position":3},"title":"Halbwertszeit unseres Aussenspiegels auf der Fahrerseite","date":"6. Februar 2014","format":"gallery","excerpt":"Tja - und es hat mal wieder \"boom\" gemacht. Die Halbwertszeit unseres linken Aussenspiegels sinkt bedenklich gegen 1\/4 Jahr. Erst drei Tage vor der Abfahrt - und jetzt schon wieder. Da h\u00e4ngen die Reste traurig herum. Doch der Fahrer hat seine Telefonnummer unter den Scheibenwischer geklemmt. Als wir zur\u00fcckkommen denke\u2026","rel":"","context":"In &quot;Wohnmobil&quot;","img":{"alt_text":"","src":"https:\/\/i0.wp.com\/my-alps.de\/wp-content\/uploads\/2014\/02\/Projekt-neuer-Spiegel-1-300x225.jpg?resize=350%2C200","width":350,"height":200},"classes":[]},{"id":400,"url":"http:\/\/my-alps.de\/?p=400","url_meta":{"origin":71,"position":4},"title":"Letztes Umbauwochenende&#8230;.(wahrscheinlich)","date":"22. September 2013","format":"gallery","excerpt":"Gestern fast fertig geworden mit den letzten Umbauten, jetzt kommen nur noch die Gimmiks! Na ja - fast jedenfalls. Ich muss nur noch den Solarwarmwasserduschkanister auf dem Dach mit den richtigen Schl\u00e4uchen und Verschl\u00fcssen anschlie\u00dfen - und dann bin ich eigentlich DURCH. Ok - ich h\u00e4tte da schon noch einige\u2026","rel":"","context":"In &quot;Wohnmobil&quot;","img":{"alt_text":"","src":"https:\/\/i0.wp.com\/my-alps.de\/wp-content\/uploads\/2013\/09\/Testfahrt.jpg?resize=350%2C200","width":350,"height":200},"classes":[]},{"id":448,"url":"http:\/\/my-alps.de\/?p=448","url_meta":{"origin":71,"position":5},"title":"Das sagt SIE und das meint er (2von2)","date":"15. Dezember 2013","format":false,"excerpt":"Hallo zu Hause, Wir haben WiFi und schwitzen. Die Emails sind gecheckt und wie erwartet gehts zu Hause munter weiter - die Vorweihnachtszeit steht an. Davon ist hier nicht viel zu merken, nicht einmal die wahnsinnigen Einkaufsorgien gibts hier, das ist sehr entspannend:-) Traurig ist nat\u00fcrlich die (nicht vorhandene) Leistung\u2026","rel":"","context":"In &quot;News&quot;","img":{"alt_text":"","src":"","width":0,"height":0},"classes":[]}],"_links":{"self":[{"href":"http:\/\/my-alps.de\/index.php?rest_route=\/wp\/v2\/posts\/71"}],"collection":[{"href":"http:\/\/my-alps.de\/index.php?rest_route=\/wp\/v2\/posts"}],"about":[{"href":"http:\/\/my-alps.de\/index.php?rest_route=\/wp\/v2\/types\/post"}],"author":[{"embeddable":true,"href":"http:\/\/my-alps.de\/index.php?rest_route=\/wp\/v2\/users\/1"}],"replies":[{"embeddable":true,"href":"http:\/\/my-alps.de\/index.php?rest_route=%2Fwp%2Fv2%2Fcomments&post=71"}],"version-history":[{"count":1,"href":"http:\/\/my-alps.de\/index.php?rest_route=\/wp\/v2\/posts\/71\/revisions"}],"predecessor-version":[{"id":72,"href":"http:\/\/my-alps.de\/index.php?rest_route=\/wp\/v2\/posts\/71\/revisions\/72"}],"wp:attachment":[{"href":"http:\/\/my-alps.de\/index.php?rest_route=%2Fwp%2Fv2%2Fmedia&parent=71"}],"wp:term":[{"taxonomy":"category","embeddable":true,"href":"http:\/\/my-alps.de\/index.php?rest_route=%2Fwp%2Fv2%2Fcategories&post=71"},{"taxonomy":"post_tag","embeddable":true,"href":"http:\/\/my-alps.de\/index.php?rest_route=%2Fwp%2Fv2%2Ftags&post=71"}],"curies":[{"name":"wp","href":"https:\/\/api.w.org\/{rel}","templated":true}]}}