{"id":695,"date":"2014-02-23T18:32:29","date_gmt":"2014-02-23T17:32:29","guid":{"rendered":"http:\/\/my-alps.de\/?p=695"},"modified":"2014-02-23T19:37:07","modified_gmt":"2014-02-23T18:37:07","slug":"von-el-calafate-nach-el-chalten-fitz-roy-und-cerro-torre","status":"publish","type":"post","link":"http:\/\/my-alps.de\/?p=695","title":{"rendered":"Von El Calafate nach El Chalten &#8211; Fitz Roy und Cerro Torre"},"content":{"rendered":"<p>Nachdem wir den Campingplatz Marke SUPERLUXUS am Lago Roca ausgiebig genossen haben, sind wir in den n\u00e4chsten Nationalpark auf unserer Route weitergezogen. Die Fahrt ging auf der Ruta 40 weiter von El Calafate Richtung Norden nach El Chalten<br \/>\nHier stehen die ber\u00fchmten Namen, die das Herz eines Alpinisten h\u00f6her schlagen lassen:<br \/>\nCerro Torre und Fitz Roy!<br \/>\nAls wir den Lago Viedma am sp\u00e4ten Sonntag Nachmittag entlangfahren sehen wir ausser Regenwolken &#8211; NICHTS!<\/p>\n<div id=\"attachment_731\" style=\"width: 1034px\" class=\"wp-caption aligncenter\"><a href=\"https:\/\/i0.wp.com\/my-alps.de\/wp-content\/uploads\/2014\/02\/keine-sch\u00f6ne-Aussicht-HD.jpg\"><img aria-describedby=\"caption-attachment-731\" data-attachment-id=\"731\" data-permalink=\"http:\/\/my-alps.de\/?attachment_id=731\" data-orig-file=\"https:\/\/i0.wp.com\/my-alps.de\/wp-content\/uploads\/2014\/02\/keine-sch\u00f6ne-Aussicht-HD.jpg?fit=1024%2C576\" data-orig-size=\"1024,576\" data-comments-opened=\"1\" data-image-meta=\"{&quot;aperture&quot;:&quot;11&quot;,&quot;credit&quot;:&quot;&quot;,&quot;camera&quot;:&quot;SLT-A77V&quot;,&quot;caption&quot;:&quot;&quot;,&quot;created_timestamp&quot;:&quot;1392068244&quot;,&quot;copyright&quot;:&quot;&quot;,&quot;focal_length&quot;:&quot;17&quot;,&quot;iso&quot;:&quot;100&quot;,&quot;shutter_speed&quot;:&quot;0.0025&quot;,&quot;title&quot;:&quot;&quot;}\" data-image-title=\"keine sch\u00f6ne Aussicht &#8211; HD\" data-image-description=\"&lt;p&gt;keine sch\u00f6ne Aussicht&lt;\/p&gt;\n\" data-image-caption=\"&lt;p&gt;keine sch\u00f6ne Aussicht&lt;\/p&gt;\n\" data-medium-file=\"https:\/\/i0.wp.com\/my-alps.de\/wp-content\/uploads\/2014\/02\/keine-sch\u00f6ne-Aussicht-HD.jpg?fit=300%2C168\" data-large-file=\"https:\/\/i0.wp.com\/my-alps.de\/wp-content\/uploads\/2014\/02\/keine-sch\u00f6ne-Aussicht-HD.jpg?fit=625%2C352\" loading=\"lazy\" class=\"size-full wp-image-731\" alt=\"keine sch\u00f6ne Aussicht\" src=\"https:\/\/i0.wp.com\/my-alps.de\/wp-content\/uploads\/2014\/02\/keine-sch\u00f6ne-Aussicht-HD.jpg?resize=625%2C352\" width=\"625\" height=\"352\" srcset=\"https:\/\/i0.wp.com\/my-alps.de\/wp-content\/uploads\/2014\/02\/keine-sch\u00f6ne-Aussicht-HD.jpg?w=1024 1024w, https:\/\/i0.wp.com\/my-alps.de\/wp-content\/uploads\/2014\/02\/keine-sch\u00f6ne-Aussicht-HD.jpg?resize=300%2C168 300w\" sizes=\"(max-width: 625px) 100vw, 625px\" data-recalc-dims=\"1\" \/><\/a><p id=\"caption-attachment-731\" class=\"wp-caption-text\">keine sch\u00f6ne Aussicht<\/p><\/div>\n<p>Alle Gipfel verstecken sich hinter dichten Wolken und es gie\u00dft aus Eimern.<br \/>\nNa Klasse! Denke ich mir. Da f\u00e4hrst du \u00fcber 6.000 km in der Gegend herum, hast (fast) immer Sonnenschein und jetzt &#8211; gerade jetzt macht das Wetter schlapp.<br \/>\nAn der Info am Ortsrand von El Chalten legen wir eine kurz Rast ein und schauen uns das Museum an. (Museum ist die letzte Notl\u00f6sung f\u00fcr Bergsteiger nachdem man versucht hat in einschl\u00e4gigen Outdoorl\u00e4den sich das Wetter sch\u00f6nzukaufen!) Aber selbst Outdoorl\u00e4den gibt es in El Chalten nicht an jeder Ecke. Na dann bleibt uns nichts anderes \u00fcbrig als auf meinen alten Wahlspruch: \u201eEs reisst sicher bald auf!\u201c zu hoffen und schlafen zu gehen.<\/p>\n<div id=\"attachment_734\" style=\"width: 1034px\" class=\"wp-caption aligncenter\"><a href=\"https:\/\/i0.wp.com\/my-alps.de\/wp-content\/uploads\/2014\/02\/Panorama-El-Chalten-HD.jpg\"><img aria-describedby=\"caption-attachment-734\" data-attachment-id=\"734\" data-permalink=\"http:\/\/my-alps.de\/?attachment_id=734\" data-orig-file=\"https:\/\/i0.wp.com\/my-alps.de\/wp-content\/uploads\/2014\/02\/Panorama-El-Chalten-HD.jpg?fit=1024%2C576\" data-orig-size=\"1024,576\" data-comments-opened=\"1\" data-image-meta=\"{&quot;aperture&quot;:&quot;11&quot;,&quot;credit&quot;:&quot;&quot;,&quot;camera&quot;:&quot;SLT-A99V&quot;,&quot;caption&quot;:&quot;&quot;,&quot;created_timestamp&quot;:&quot;1392115006&quot;,&quot;copyright&quot;:&quot;&quot;,&quot;focal_length&quot;:&quot;70&quot;,&quot;iso&quot;:&quot;100&quot;,&quot;shutter_speed&quot;:&quot;0.002&quot;,&quot;title&quot;:&quot;&quot;}\" data-image-title=\"Panorama El Chalten &#8211;  HD\" data-image-description=\"&lt;p&gt;Panorama El Chalten&lt;\/p&gt;\n\" data-image-caption=\"&lt;p&gt;Panorama El Chalten&lt;\/p&gt;\n\" data-medium-file=\"https:\/\/i0.wp.com\/my-alps.de\/wp-content\/uploads\/2014\/02\/Panorama-El-Chalten-HD.jpg?fit=300%2C168\" data-large-file=\"https:\/\/i0.wp.com\/my-alps.de\/wp-content\/uploads\/2014\/02\/Panorama-El-Chalten-HD.jpg?fit=625%2C352\" loading=\"lazy\" class=\"size-full wp-image-734\" alt=\"Panorama El Chalten\" src=\"https:\/\/i0.wp.com\/my-alps.de\/wp-content\/uploads\/2014\/02\/Panorama-El-Chalten-HD.jpg?resize=625%2C352\" width=\"625\" height=\"352\" srcset=\"https:\/\/i0.wp.com\/my-alps.de\/wp-content\/uploads\/2014\/02\/Panorama-El-Chalten-HD.jpg?w=1024 1024w, https:\/\/i0.wp.com\/my-alps.de\/wp-content\/uploads\/2014\/02\/Panorama-El-Chalten-HD.jpg?resize=300%2C168 300w\" sizes=\"(max-width: 625px) 100vw, 625px\" data-recalc-dims=\"1\" \/><\/a><p id=\"caption-attachment-734\" class=\"wp-caption-text\">Panorama El Chalten<\/p><\/div>\n<div id=\"attachment_706\" style=\"width: 1034px\" class=\"wp-caption aligncenter\"><a href=\"https:\/\/i0.wp.com\/my-alps.de\/wp-content\/uploads\/2014\/02\/magische-Schatten.jpg\"><img aria-describedby=\"caption-attachment-706\" data-attachment-id=\"706\" data-permalink=\"http:\/\/my-alps.de\/?attachment_id=706\" data-orig-file=\"https:\/\/i0.wp.com\/my-alps.de\/wp-content\/uploads\/2014\/02\/magische-Schatten.jpg?fit=1024%2C683\" data-orig-size=\"1024,683\" data-comments-opened=\"1\" data-image-meta=\"{&quot;aperture&quot;:&quot;5.6&quot;,&quot;credit&quot;:&quot;&quot;,&quot;camera&quot;:&quot;SLT-A99V&quot;,&quot;caption&quot;:&quot;&quot;,&quot;created_timestamp&quot;:&quot;1392414554&quot;,&quot;copyright&quot;:&quot;&quot;,&quot;focal_length&quot;:&quot;24&quot;,&quot;iso&quot;:&quot;100&quot;,&quot;shutter_speed&quot;:&quot;0.33333333333333&quot;,&quot;title&quot;:&quot;&quot;}\" data-image-title=\"magische Schatten\" data-image-description=\"&lt;p&gt;magische Schatten&lt;\/p&gt;\n\" data-image-caption=\"&lt;p&gt;magische Schatten&lt;\/p&gt;\n\" data-medium-file=\"https:\/\/i0.wp.com\/my-alps.de\/wp-content\/uploads\/2014\/02\/magische-Schatten.jpg?fit=300%2C200\" data-large-file=\"https:\/\/i0.wp.com\/my-alps.de\/wp-content\/uploads\/2014\/02\/magische-Schatten.jpg?fit=625%2C417\" loading=\"lazy\" class=\"size-full wp-image-706\" alt=\"magische Schatten\" src=\"https:\/\/i0.wp.com\/my-alps.de\/wp-content\/uploads\/2014\/02\/magische-Schatten.jpg?resize=625%2C417\" width=\"625\" height=\"417\" srcset=\"https:\/\/i0.wp.com\/my-alps.de\/wp-content\/uploads\/2014\/02\/magische-Schatten.jpg?w=1024 1024w, https:\/\/i0.wp.com\/my-alps.de\/wp-content\/uploads\/2014\/02\/magische-Schatten.jpg?resize=300%2C200 300w\" sizes=\"(max-width: 625px) 100vw, 625px\" data-recalc-dims=\"1\" \/><\/a><p id=\"caption-attachment-706\" class=\"wp-caption-text\">magische Schatten<\/p><\/div>\n<p>&#8230;.UND ES REISSST AUUUUUFFFFFF<\/p>\n<p>Am n\u00e4chsten Tag sieht das mit dem Wetter schon besser aus &#8211; aber es gibt noch Potential nach oben. Wir starten zu einigen kleineren Wanderungen um sich die Berge mal n\u00e4her anzusehen.<br \/>\nMorgen steht definitiv Trekking auf dem Programm.<\/p>\n<div id=\"attachment_697\" style=\"width: 1034px\" class=\"wp-caption aligncenter\"><a href=\"https:\/\/i0.wp.com\/my-alps.de\/wp-content\/uploads\/2014\/02\/Cerro-Torre-16-9.jpg\"><img aria-describedby=\"caption-attachment-697\" data-attachment-id=\"697\" data-permalink=\"http:\/\/my-alps.de\/?attachment_id=697\" data-orig-file=\"https:\/\/i0.wp.com\/my-alps.de\/wp-content\/uploads\/2014\/02\/Cerro-Torre-16-9.jpg?fit=1024%2C576\" data-orig-size=\"1024,576\" data-comments-opened=\"1\" data-image-meta=\"{&quot;aperture&quot;:&quot;11&quot;,&quot;credit&quot;:&quot;&quot;,&quot;camera&quot;:&quot;SLT-A99V&quot;,&quot;caption&quot;:&quot;&quot;,&quot;created_timestamp&quot;:&quot;1392208061&quot;,&quot;copyright&quot;:&quot;&quot;,&quot;focal_length&quot;:&quot;70&quot;,&quot;iso&quot;:&quot;100&quot;,&quot;shutter_speed&quot;:&quot;0.0028571428571429&quot;,&quot;title&quot;:&quot;&quot;}\" data-image-title=\"Cerro Torre 16-9\" data-image-description=\"&lt;p&gt;Cerro Torre&lt;\/p&gt;\n\" data-image-caption=\"&lt;p&gt;Cerro Torre&lt;\/p&gt;\n\" data-medium-file=\"https:\/\/i0.wp.com\/my-alps.de\/wp-content\/uploads\/2014\/02\/Cerro-Torre-16-9.jpg?fit=300%2C168\" data-large-file=\"https:\/\/i0.wp.com\/my-alps.de\/wp-content\/uploads\/2014\/02\/Cerro-Torre-16-9.jpg?fit=625%2C352\" loading=\"lazy\" class=\"size-full wp-image-697\" alt=\"Cerro Torre\" src=\"https:\/\/i0.wp.com\/my-alps.de\/wp-content\/uploads\/2014\/02\/Cerro-Torre-16-9.jpg?resize=625%2C352\" width=\"625\" height=\"352\" srcset=\"https:\/\/i0.wp.com\/my-alps.de\/wp-content\/uploads\/2014\/02\/Cerro-Torre-16-9.jpg?w=1024 1024w, https:\/\/i0.wp.com\/my-alps.de\/wp-content\/uploads\/2014\/02\/Cerro-Torre-16-9.jpg?resize=300%2C168 300w\" sizes=\"(max-width: 625px) 100vw, 625px\" data-recalc-dims=\"1\" \/><\/a><p id=\"caption-attachment-697\" class=\"wp-caption-text\">Cerro Torre<\/p><\/div>\n<p>Und RICHTIG &#8211; es hat perfektes Wetter &#8211; wir starten erst mal zum Cerro Torre. Und der belohnt uns mit einer fabelhaften Eism\u00fctze und einer sch\u00f6nen Windprinzessin.<\/p>\n<div id=\"attachment_698\" style=\"width: 586px\" class=\"wp-caption aligncenter\"><a href=\"https:\/\/i0.wp.com\/my-alps.de\/wp-content\/uploads\/2014\/02\/Cerro-Torre-II-16-9.jpg\"><img aria-describedby=\"caption-attachment-698\" data-attachment-id=\"698\" data-permalink=\"http:\/\/my-alps.de\/?attachment_id=698\" data-orig-file=\"https:\/\/i0.wp.com\/my-alps.de\/wp-content\/uploads\/2014\/02\/Cerro-Torre-II-16-9.jpg?fit=576%2C1024\" data-orig-size=\"576,1024\" data-comments-opened=\"1\" data-image-meta=\"{&quot;aperture&quot;:&quot;8&quot;,&quot;credit&quot;:&quot;&quot;,&quot;camera&quot;:&quot;SLT-A99V&quot;,&quot;caption&quot;:&quot;&quot;,&quot;created_timestamp&quot;:&quot;1392210864&quot;,&quot;copyright&quot;:&quot;&quot;,&quot;focal_length&quot;:&quot;70&quot;,&quot;iso&quot;:&quot;50&quot;,&quot;shutter_speed&quot;:&quot;0.0028571428571429&quot;,&quot;title&quot;:&quot;&quot;}\" data-image-title=\"Cerro Torre II 16-9\" data-image-description=\"&lt;p&gt;Cerro Torre II&lt;\/p&gt;\n\" data-image-caption=\"&lt;p&gt;Cerro Torre II&lt;\/p&gt;\n\" data-medium-file=\"https:\/\/i0.wp.com\/my-alps.de\/wp-content\/uploads\/2014\/02\/Cerro-Torre-II-16-9.jpg?fit=168%2C300\" data-large-file=\"https:\/\/i0.wp.com\/my-alps.de\/wp-content\/uploads\/2014\/02\/Cerro-Torre-II-16-9.jpg?fit=576%2C1024\" loading=\"lazy\" class=\"size-full wp-image-698\" alt=\"Cerro Torre II\" src=\"https:\/\/i0.wp.com\/my-alps.de\/wp-content\/uploads\/2014\/02\/Cerro-Torre-II-16-9.jpg?resize=576%2C1024\" width=\"576\" height=\"1024\" srcset=\"https:\/\/i0.wp.com\/my-alps.de\/wp-content\/uploads\/2014\/02\/Cerro-Torre-II-16-9.jpg?w=576 576w, https:\/\/i0.wp.com\/my-alps.de\/wp-content\/uploads\/2014\/02\/Cerro-Torre-II-16-9.jpg?resize=168%2C300 168w\" sizes=\"(max-width: 576px) 100vw, 576px\" data-recalc-dims=\"1\" \/><\/a><p id=\"caption-attachment-698\" class=\"wp-caption-text\">Cerro Torre II<\/p><\/div>\n<p>Wir verbringen den ganzen Tag mit dieser Tour und ich bin total zufrieden. In El Chalten st\u00f6bere ich dann in einem Buchladen den Band \u201ePatagonia Vertical\u201c hervor und studiere die Routen.<br \/>\nNa ja &#8211; daf\u00fcr ist es definitiv zu sp\u00e4t &#8211; aber man darf doch noch ein wenig tr\u00e4umen &#8211; oder?<\/p>\n<div id=\"attachment_708\" style=\"width: 1034px\" class=\"wp-caption aligncenter\"><a href=\"https:\/\/i0.wp.com\/my-alps.de\/wp-content\/uploads\/2014\/02\/Camp-am-Fitz-Roy-HD.jpg\"><img aria-describedby=\"caption-attachment-708\" data-attachment-id=\"708\" data-permalink=\"http:\/\/my-alps.de\/?attachment_id=708\" data-orig-file=\"https:\/\/i0.wp.com\/my-alps.de\/wp-content\/uploads\/2014\/02\/Camp-am-Fitz-Roy-HD.jpg?fit=1024%2C576\" data-orig-size=\"1024,576\" data-comments-opened=\"1\" data-image-meta=\"{&quot;aperture&quot;:&quot;13&quot;,&quot;credit&quot;:&quot;&quot;,&quot;camera&quot;:&quot;SLT-A77V&quot;,&quot;caption&quot;:&quot;&quot;,&quot;created_timestamp&quot;:&quot;1392566764&quot;,&quot;copyright&quot;:&quot;&quot;,&quot;focal_length&quot;:&quot;18&quot;,&quot;iso&quot;:&quot;100&quot;,&quot;shutter_speed&quot;:&quot;0.00625&quot;,&quot;title&quot;:&quot;&quot;}\" data-image-title=\"Camp am Fitz Roy &#8211; HD\" data-image-description=\"&lt;p&gt;Camp am Fitz Roy&lt;\/p&gt;\n\" data-image-caption=\"&lt;p&gt;Camp am Fitz Roy&lt;\/p&gt;\n\" data-medium-file=\"https:\/\/i0.wp.com\/my-alps.de\/wp-content\/uploads\/2014\/02\/Camp-am-Fitz-Roy-HD.jpg?fit=300%2C168\" data-large-file=\"https:\/\/i0.wp.com\/my-alps.de\/wp-content\/uploads\/2014\/02\/Camp-am-Fitz-Roy-HD.jpg?fit=625%2C352\" loading=\"lazy\" class=\"size-full wp-image-708\" alt=\"Camp am Fitz Roy\" src=\"https:\/\/i0.wp.com\/my-alps.de\/wp-content\/uploads\/2014\/02\/Camp-am-Fitz-Roy-HD.jpg?resize=625%2C352\" width=\"625\" height=\"352\" srcset=\"https:\/\/i0.wp.com\/my-alps.de\/wp-content\/uploads\/2014\/02\/Camp-am-Fitz-Roy-HD.jpg?w=1024 1024w, https:\/\/i0.wp.com\/my-alps.de\/wp-content\/uploads\/2014\/02\/Camp-am-Fitz-Roy-HD.jpg?resize=300%2C168 300w\" sizes=\"(max-width: 625px) 100vw, 625px\" data-recalc-dims=\"1\" \/><\/a><p id=\"caption-attachment-708\" class=\"wp-caption-text\">Camp am Fitz Roy<\/p><\/div>\n<p>Am kommenden Tag machen wir einen \u201eAusflug\u201c zum Fitz Roy &#8211; der dauert gerade mal 8 Stunden und geht \u00fcber knapp 25 Kilometer. Das Wetter ist perfekt &#8211; keine Wolke am Himmel und die Granitgiganten pr\u00e4sentieren sich in ihrer ganzen Pracht.<\/p>\n<p>&nbsp;<\/p>\n<div id=\"attachment_705\" style=\"width: 1034px\" class=\"wp-caption aligncenter\"><a href=\"https:\/\/i0.wp.com\/my-alps.de\/wp-content\/uploads\/2014\/02\/Fitz-Roy-und-Glacier-Piedra-Blancas-16-9.jpg\"><img aria-describedby=\"caption-attachment-705\" data-attachment-id=\"705\" data-permalink=\"http:\/\/my-alps.de\/?attachment_id=705\" data-orig-file=\"https:\/\/i0.wp.com\/my-alps.de\/wp-content\/uploads\/2014\/02\/Fitz-Roy-und-Glacier-Piedra-Blancas-16-9.jpg?fit=1024%2C576\" data-orig-size=\"1024,576\" data-comments-opened=\"1\" data-image-meta=\"{&quot;aperture&quot;:&quot;9.5&quot;,&quot;credit&quot;:&quot;&quot;,&quot;camera&quot;:&quot;SLT-A99V&quot;,&quot;caption&quot;:&quot;&quot;,&quot;created_timestamp&quot;:&quot;1392309367&quot;,&quot;copyright&quot;:&quot;&quot;,&quot;focal_length&quot;:&quot;70&quot;,&quot;iso&quot;:&quot;100&quot;,&quot;shutter_speed&quot;:&quot;0.004&quot;,&quot;title&quot;:&quot;&quot;}\" data-image-title=\"Fitz Roy und Glacier Piedra Blancas &#8211; 16-9\" data-image-description=\"&lt;p&gt;Fitz Roy und Glacier Piedra Blancas&lt;\/p&gt;\n\" data-image-caption=\"&lt;p&gt;Fitz Roy und Glacier Piedra Blancas&lt;\/p&gt;\n\" data-medium-file=\"https:\/\/i0.wp.com\/my-alps.de\/wp-content\/uploads\/2014\/02\/Fitz-Roy-und-Glacier-Piedra-Blancas-16-9.jpg?fit=300%2C168\" data-large-file=\"https:\/\/i0.wp.com\/my-alps.de\/wp-content\/uploads\/2014\/02\/Fitz-Roy-und-Glacier-Piedra-Blancas-16-9.jpg?fit=625%2C352\" loading=\"lazy\" class=\"size-full wp-image-705\" alt=\"Fitz Roy und Glacier Piedra Blancas\" src=\"https:\/\/i0.wp.com\/my-alps.de\/wp-content\/uploads\/2014\/02\/Fitz-Roy-und-Glacier-Piedra-Blancas-16-9.jpg?resize=625%2C352\" width=\"625\" height=\"352\" srcset=\"https:\/\/i0.wp.com\/my-alps.de\/wp-content\/uploads\/2014\/02\/Fitz-Roy-und-Glacier-Piedra-Blancas-16-9.jpg?w=1024 1024w, https:\/\/i0.wp.com\/my-alps.de\/wp-content\/uploads\/2014\/02\/Fitz-Roy-und-Glacier-Piedra-Blancas-16-9.jpg?resize=300%2C168 300w\" sizes=\"(max-width: 625px) 100vw, 625px\" data-recalc-dims=\"1\" \/><\/a><p id=\"caption-attachment-705\" class=\"wp-caption-text\">Fitz Roy und Glacier Piedra Blancas<\/p><\/div>\n<p>Na ja &#8211; da gibt es sicher noch eine Steigerung &#8211; ich werde mal WoMo &#8211; PowWow halten und mein Vorhaben pr\u00fcfen.<br \/>\nVollmond\u00fcbernachtung am Fu\u00dfe vom Fitz Roy an der Laguna De Los Tres.<br \/>\nNachmittags um zwei Uhr steige ich nochmals hoch &#8211; bin um halb sieben p\u00fcnktlich zum Sundowner an der Laguna und mache es mir zwischen den Granitbrocken gem\u00fctlich. Das beste Panini gibts zum Abendbrot und dann komme ich aus dem Staunen nicht mehr heraus. Die gesamte Gipfelkette erscheint im Scherenschnitt und danach taucht der Mond alles in helles Licht.<br \/>\nIn der Nacht sehe ich die Stirnlampen der verschiedenen Seilschaften wie Gl\u00fchw\u00fcrmchen in den W\u00e4nden aufblinken. Kurz nach Mitternacht steht eine Seilschaft direkt am Gipfel und der Mond geht dahinter langsam unter.<\/p>\n<div id=\"attachment_703\" style=\"width: 1034px\" class=\"wp-caption aligncenter\"><a href=\"https:\/\/i0.wp.com\/my-alps.de\/wp-content\/uploads\/2014\/02\/Fitz-Roy-mit-Sonne-16-9.jpg\"><img aria-describedby=\"caption-attachment-703\" data-attachment-id=\"703\" data-permalink=\"http:\/\/my-alps.de\/?attachment_id=703\" data-orig-file=\"https:\/\/i0.wp.com\/my-alps.de\/wp-content\/uploads\/2014\/02\/Fitz-Roy-mit-Sonne-16-9.jpg?fit=1024%2C576\" data-orig-size=\"1024,576\" data-comments-opened=\"1\" data-image-meta=\"{&quot;aperture&quot;:&quot;13&quot;,&quot;credit&quot;:&quot;&quot;,&quot;camera&quot;:&quot;SLT-A99V&quot;,&quot;caption&quot;:&quot;&quot;,&quot;created_timestamp&quot;:&quot;1392402167&quot;,&quot;copyright&quot;:&quot;&quot;,&quot;focal_length&quot;:&quot;24&quot;,&quot;iso&quot;:&quot;100&quot;,&quot;shutter_speed&quot;:&quot;0.0028571428571429&quot;,&quot;title&quot;:&quot;&quot;}\" data-image-title=\"Fitz Roy mit Sonne &#8211; 16-9\" data-image-description=\"&lt;p&gt;Fitz Roy mit Sonne&lt;\/p&gt;\n\" data-image-caption=\"&lt;p&gt;Fitz Roy mit Sonne&lt;\/p&gt;\n\" data-medium-file=\"https:\/\/i0.wp.com\/my-alps.de\/wp-content\/uploads\/2014\/02\/Fitz-Roy-mit-Sonne-16-9.jpg?fit=300%2C168\" data-large-file=\"https:\/\/i0.wp.com\/my-alps.de\/wp-content\/uploads\/2014\/02\/Fitz-Roy-mit-Sonne-16-9.jpg?fit=625%2C352\" loading=\"lazy\" class=\"size-full wp-image-703\" alt=\"Fitz Roy mit Sonne\" src=\"https:\/\/i0.wp.com\/my-alps.de\/wp-content\/uploads\/2014\/02\/Fitz-Roy-mit-Sonne-16-9.jpg?resize=625%2C352\" width=\"625\" height=\"352\" srcset=\"https:\/\/i0.wp.com\/my-alps.de\/wp-content\/uploads\/2014\/02\/Fitz-Roy-mit-Sonne-16-9.jpg?w=1024 1024w, https:\/\/i0.wp.com\/my-alps.de\/wp-content\/uploads\/2014\/02\/Fitz-Roy-mit-Sonne-16-9.jpg?resize=300%2C168 300w\" sizes=\"(max-width: 625px) 100vw, 625px\" data-recalc-dims=\"1\" \/><\/a><p id=\"caption-attachment-703\" class=\"wp-caption-text\">Fitz Roy mit Sonne<\/p><\/div>\n<p>Berauscht von diesen Eindr\u00fccken merke ich gar nicht das es empfindlich kalt geworden ist und krieche bibbernd in meinen Schlafsack. Zum Gl\u00fcck h\u00e4lt sich der Wind in Grenzen und man kann sich auch warme Gedanken machen &#8211; bei dem Ausblick aus dem Schlafsack.<\/p>\n<div id=\"attachment_701\" style=\"width: 1034px\" class=\"wp-caption aligncenter\"><a href=\"https:\/\/i0.wp.com\/my-alps.de\/wp-content\/uploads\/2014\/02\/Fitz-Roy-im-Sonnenaufgang-16-9.jpg\"><img aria-describedby=\"caption-attachment-701\" data-attachment-id=\"701\" data-permalink=\"http:\/\/my-alps.de\/?attachment_id=701\" data-orig-file=\"https:\/\/i0.wp.com\/my-alps.de\/wp-content\/uploads\/2014\/02\/Fitz-Roy-im-Sonnenaufgang-16-9.jpg?fit=1024%2C576\" data-orig-size=\"1024,576\" data-comments-opened=\"1\" data-image-meta=\"{&quot;aperture&quot;:&quot;8&quot;,&quot;credit&quot;:&quot;&quot;,&quot;camera&quot;:&quot;SLT-A99V&quot;,&quot;caption&quot;:&quot;&quot;,&quot;created_timestamp&quot;:&quot;1392447684&quot;,&quot;copyright&quot;:&quot;&quot;,&quot;focal_length&quot;:&quot;24&quot;,&quot;iso&quot;:&quot;100&quot;,&quot;shutter_speed&quot;:&quot;0.066666666666667&quot;,&quot;title&quot;:&quot;&quot;}\" data-image-title=\"Fitz Roy im Sonnenaufgang &#8211; 16-9\" data-image-description=\"&lt;p&gt;Fitz Roy im Sonnenaufgang&lt;\/p&gt;\n\" data-image-caption=\"&lt;p&gt;Fitz Roy im Sonnenaufgang&lt;\/p&gt;\n\" data-medium-file=\"https:\/\/i0.wp.com\/my-alps.de\/wp-content\/uploads\/2014\/02\/Fitz-Roy-im-Sonnenaufgang-16-9.jpg?fit=300%2C168\" data-large-file=\"https:\/\/i0.wp.com\/my-alps.de\/wp-content\/uploads\/2014\/02\/Fitz-Roy-im-Sonnenaufgang-16-9.jpg?fit=625%2C352\" loading=\"lazy\" class=\"size-full wp-image-701\" alt=\"Fitz Roy im Sonnenaufgang\" src=\"https:\/\/i0.wp.com\/my-alps.de\/wp-content\/uploads\/2014\/02\/Fitz-Roy-im-Sonnenaufgang-16-9.jpg?resize=625%2C352\" width=\"625\" height=\"352\" srcset=\"https:\/\/i0.wp.com\/my-alps.de\/wp-content\/uploads\/2014\/02\/Fitz-Roy-im-Sonnenaufgang-16-9.jpg?w=1024 1024w, https:\/\/i0.wp.com\/my-alps.de\/wp-content\/uploads\/2014\/02\/Fitz-Roy-im-Sonnenaufgang-16-9.jpg?resize=300%2C168 300w\" sizes=\"(max-width: 625px) 100vw, 625px\" data-recalc-dims=\"1\" \/><\/a><p id=\"caption-attachment-701\" class=\"wp-caption-text\">Fitz Roy im Sonnenaufgang<\/p><\/div>\n<p>Ich biwakiere die gesamte Nacht draussen, immer den Fitz Roy und alle anderen im Blick. Am Morgen bekomme ich dann noch einen wundersch\u00f6nen Sonnenaufgang und gegen 11 Uhr bin ich wieder bei unserem WOMO, wo mich frischer Kaffee und selbstgebackene Br\u00f6tchen erwarten.<\/p>\n<div id=\"attachment_702\" style=\"width: 1034px\" class=\"wp-caption aligncenter\"><a href=\"https:\/\/i0.wp.com\/my-alps.de\/wp-content\/uploads\/2014\/02\/Fitz-Roy-im-Vollmondlicht-16-9.jpg\"><img aria-describedby=\"caption-attachment-702\" data-attachment-id=\"702\" data-permalink=\"http:\/\/my-alps.de\/?attachment_id=702\" data-orig-file=\"https:\/\/i0.wp.com\/my-alps.de\/wp-content\/uploads\/2014\/02\/Fitz-Roy-im-Vollmondlicht-16-9.jpg?fit=1024%2C576\" data-orig-size=\"1024,576\" data-comments-opened=\"1\" data-image-meta=\"{&quot;aperture&quot;:&quot;2.8&quot;,&quot;credit&quot;:&quot;&quot;,&quot;camera&quot;:&quot;SLT-A99V&quot;,&quot;caption&quot;:&quot;&quot;,&quot;created_timestamp&quot;:&quot;1392428929&quot;,&quot;copyright&quot;:&quot;&quot;,&quot;focal_length&quot;:&quot;24&quot;,&quot;iso&quot;:&quot;400&quot;,&quot;shutter_speed&quot;:&quot;15&quot;,&quot;title&quot;:&quot;&quot;}\" data-image-title=\"Fitz Roy im Vollmondlicht &#8211; 16-9\" data-image-description=\"&lt;p&gt;Fitz Roy im Vollmondlicht &lt;\/p&gt;\n\" data-image-caption=\"&lt;p&gt;Fitz Roy im Vollmondlicht &lt;\/p&gt;\n\" data-medium-file=\"https:\/\/i0.wp.com\/my-alps.de\/wp-content\/uploads\/2014\/02\/Fitz-Roy-im-Vollmondlicht-16-9.jpg?fit=300%2C168\" data-large-file=\"https:\/\/i0.wp.com\/my-alps.de\/wp-content\/uploads\/2014\/02\/Fitz-Roy-im-Vollmondlicht-16-9.jpg?fit=625%2C352\" loading=\"lazy\" class=\"size-full wp-image-702\" alt=\"Fitz Roy im Vollmondlicht \" src=\"https:\/\/i0.wp.com\/my-alps.de\/wp-content\/uploads\/2014\/02\/Fitz-Roy-im-Vollmondlicht-16-9.jpg?resize=625%2C352\" width=\"625\" height=\"352\" srcset=\"https:\/\/i0.wp.com\/my-alps.de\/wp-content\/uploads\/2014\/02\/Fitz-Roy-im-Vollmondlicht-16-9.jpg?w=1024 1024w, https:\/\/i0.wp.com\/my-alps.de\/wp-content\/uploads\/2014\/02\/Fitz-Roy-im-Vollmondlicht-16-9.jpg?resize=300%2C168 300w\" sizes=\"(max-width: 625px) 100vw, 625px\" data-recalc-dims=\"1\" \/><\/a><p id=\"caption-attachment-702\" class=\"wp-caption-text\">Fitz Roy im Vollmondlicht<\/p><\/div>\n<p>Das war ein Highlight auf dieser Reise von dem ich noch lange zehren werde!<\/p>\n<div id=\"attachment_704\" style=\"width: 1034px\" class=\"wp-caption aligncenter\"><a href=\"https:\/\/i0.wp.com\/my-alps.de\/wp-content\/uploads\/2014\/02\/Fitz-Roy-mit-Vollmond-16-9.jpg\"><img aria-describedby=\"caption-attachment-704\" data-attachment-id=\"704\" data-permalink=\"http:\/\/my-alps.de\/?attachment_id=704\" data-orig-file=\"https:\/\/i0.wp.com\/my-alps.de\/wp-content\/uploads\/2014\/02\/Fitz-Roy-mit-Vollmond-16-9.jpg?fit=1024%2C576\" data-orig-size=\"1024,576\" data-comments-opened=\"1\" data-image-meta=\"{&quot;aperture&quot;:&quot;2.8&quot;,&quot;credit&quot;:&quot;&quot;,&quot;camera&quot;:&quot;SLT-A99V&quot;,&quot;caption&quot;:&quot;&quot;,&quot;created_timestamp&quot;:&quot;1392442659&quot;,&quot;copyright&quot;:&quot;&quot;,&quot;focal_length&quot;:&quot;24&quot;,&quot;iso&quot;:&quot;200&quot;,&quot;shutter_speed&quot;:&quot;20&quot;,&quot;title&quot;:&quot;&quot;}\" data-image-title=\"Fitz Roy mit Vollmond &#8211; 16-9\" data-image-description=\"&lt;p&gt;Fitz Roy mit Vollmond&lt;\/p&gt;\n\" data-image-caption=\"&lt;p&gt;Fitz Roy mit Vollmond&lt;\/p&gt;\n\" data-medium-file=\"https:\/\/i0.wp.com\/my-alps.de\/wp-content\/uploads\/2014\/02\/Fitz-Roy-mit-Vollmond-16-9.jpg?fit=300%2C168\" data-large-file=\"https:\/\/i0.wp.com\/my-alps.de\/wp-content\/uploads\/2014\/02\/Fitz-Roy-mit-Vollmond-16-9.jpg?fit=625%2C352\" loading=\"lazy\" class=\"size-full wp-image-704\" alt=\"Fitz Roy mit Vollmond\" src=\"https:\/\/i0.wp.com\/my-alps.de\/wp-content\/uploads\/2014\/02\/Fitz-Roy-mit-Vollmond-16-9.jpg?resize=625%2C352\" width=\"625\" height=\"352\" srcset=\"https:\/\/i0.wp.com\/my-alps.de\/wp-content\/uploads\/2014\/02\/Fitz-Roy-mit-Vollmond-16-9.jpg?w=1024 1024w, https:\/\/i0.wp.com\/my-alps.de\/wp-content\/uploads\/2014\/02\/Fitz-Roy-mit-Vollmond-16-9.jpg?resize=300%2C168 300w\" sizes=\"(max-width: 625px) 100vw, 625px\" data-recalc-dims=\"1\" \/><\/a><p id=\"caption-attachment-704\" class=\"wp-caption-text\">Fitz Roy mit Vollmond<\/p><\/div>\n<p>(ich meine nat\u00fcrlich die BR\u00d6TCHEN!)<\/p>\n","protected":false},"excerpt":{"rendered":"<p>Nachdem wir den Campingplatz Marke SUPERLUXUS am Lago Roca ausgiebig genossen haben, sind wir in den n\u00e4chsten Nationalpark auf unserer Route weitergezogen. Die Fahrt ging auf der Ruta 40 weiter von El Calafate Richtung Norden nach El Chalten Hier stehen die ber\u00fchmten Namen, die das Herz eines Alpinisten h\u00f6her schlagen lassen: Cerro Torre und Fitz [&hellip;]<\/p>\n","protected":false},"author":1,"featured_media":0,"comment_status":"open","ping_status":"open","sticky":false,"template":"","format":"gallery","meta":{"spay_email":"","jetpack_publicize_message":"","jetpack_is_tweetstorm":false,"jetpack_publicize_feature_enabled":true},"categories":[1],"tags":[],"jetpack_featured_media_url":"","jetpack_publicize_connections":[],"jetpack_sharing_enabled":true,"jetpack_shortlink":"https:\/\/wp.me\/p6huce-bd","jetpack-related-posts":[{"id":693,"url":"http:\/\/my-alps.de\/?p=693","url_meta":{"origin":695,"position":0},"title":"&#8230;.wieder mal ein Lebenszeichen!","date":"22. Februar 2014","format":"gallery","excerpt":"Hallo wir geben mal ein kleines Lebenszeichen von uns. Die letzten Tage seit unserem Aufenhalt am Lago Roca haben wir mit viel Abenteur verbracht. Erst waren wir in El Chalten am Cerro Torre und am Fitz Roy und haben tolle Trekkingtouren unternommen. Fitz Roy im Vollmond und bei Sonnenaufgang -\u2026","rel":"","context":"In &quot;News&quot;","img":{"alt_text":"","src":"","width":0,"height":0},"classes":[]},{"id":724,"url":"http:\/\/my-alps.de\/?p=724","url_meta":{"origin":695,"position":1},"title":"Von El Chalten auf der Ruta 40 nach Chile","date":"23. Februar 2014","format":"gallery","excerpt":"Nach einer wundersch\u00f6nen Woche ist es an der Zeit weiter zu fahren. Unserer Reise f\u00fchrt nun \u00fcber die legend\u00e4re Ruta 40 (auf der wir uns schon einige Zeit bewegen) Richtung Norden. Die Gegend hier ist gepr\u00e4gt von - na ja - nichts - es gibt hier eigentlich nichts ausser Landschaft\u2026","rel":"","context":"In &quot;News&quot;","img":{"alt_text":"Ruta 40","src":"https:\/\/i0.wp.com\/my-alps.de\/wp-content\/uploads\/2014\/02\/Ruta-40.jpg?resize=350%2C200","width":350,"height":200},"classes":[]},{"id":575,"url":"http:\/\/my-alps.de\/?p=575","url_meta":{"origin":695,"position":2},"title":"Endlich &#8211; s\u00fcdlichster (Wende) &#8211; Punkt der Reise&#8230;..","date":"17. Januar 2014","format":"gallery","excerpt":"Nach unserem ersten Grenz\u00fcbertritt nach Chile (wir haben nat\u00fcrlich alles richtig gemacht!) sind wir mit zwei Zwischenstopps in Rio Grande - (Club Nautica - sehr zu empfehlen - vielen Dank an die Kiter und Kajak(en) die uns dort haben \u00fcbernachten lassen) und am Lago Fagnano (Tolhuin) sind wir schlie\u00dflich in:\u2026","rel":"","context":"In &quot;News&quot;","img":{"alt_text":"s\u00c3\u00bcdlicher kann man nicht fahren","src":"https:\/\/i0.wp.com\/my-alps.de\/wp-content\/uploads\/2014\/01\/s\u00c3\u00bcdlicher-kann-man-nicht-fahren.jpg?resize=350%2C200","width":350,"height":200},"classes":[]},{"id":633,"url":"http:\/\/my-alps.de\/?p=633","url_meta":{"origin":695,"position":3},"title":"Nationalpark &#8222;Torres Del Paine&#8220; in Chile","date":"6. Februar 2014","format":"gallery","excerpt":"Unser erster Abstecher nach Chile hat uns von Punta Arenas \u00fcber Puerto Natales in den Nationalpark \u201eTorres Del Paine\u201c gef\u00fchrt. Die \u201eTorres Del Paine\u201c - auch bekannt als die \u201e3 Zinnen S\u00fcdamerikas\u201c sind gigantische Granitt\u00fcrme, jeder Zahn mit einer fast 1.000 Meter hohen Felswand. Glatt und abweisend. Da steht man\u2026","rel":"","context":"In &quot;News&quot;","img":{"alt_text":"","src":"https:\/\/i0.wp.com\/my-alps.de\/wp-content\/uploads\/2014\/02\/Torres-Del-Paine-im-ersten-Morgenlicht-HD.jpg?resize=350%2C200","width":350,"height":200},"classes":[]},{"id":646,"url":"http:\/\/my-alps.de\/?p=646","url_meta":{"origin":695,"position":4},"title":"&#8222;Plattfuss&#8220; in S\u00fcdamerika","date":"6. Februar 2014","format":"gallery","excerpt":"Erster Plattfuss: Nach ca. 6.500 km haben wir unseren ersten Platten gefahren. Erst hat sich der Luftverlust beim hinten rechts noch in Grenzen gehalten - doch dann haben wir einen Metallgegenstand im Reifen entdeckt. Sch\u00f6n zwischen den Profilrippen versteckt. Die Notreperatur mit Reifenpilot hat uns noch bis El Calafate gebracht.\u2026","rel":"","context":"In &quot;Wohnmobil&quot;","img":{"alt_text":"Gomeria Gallardo","src":"https:\/\/i0.wp.com\/my-alps.de\/wp-content\/uploads\/2014\/02\/Gomeria-Gallardo-HD.jpg?resize=350%2C200","width":350,"height":200},"classes":[]},{"id":393,"url":"http:\/\/my-alps.de\/?p=393","url_meta":{"origin":695,"position":5},"title":"Su a haaser Summer&#8230;.","date":"29. Juli 2013","format":"gallery","excerpt":".... man denkt unwillk\u00fcrlich an den Rainhard Fendrich und verzieht sich in irgendeine Pf\u00fctze um etwas abzuk\u00fchlen. Die Motivation am Samstag den Trinkwassertank mit den notwendigen Zapfstellen und Anschl\u00fcssen auszustatten ist buchst\u00e4blich \"verdampft\". Na ja - es bleibt noch etwas Zeit um die Arbeiten abzuschlie\u00dfen - so haben wir uns\u2026","rel":"","context":"In &quot;News&quot;","img":{"alt_text":"Bambush\u00c3\u00bctte","src":"https:\/\/i0.wp.com\/my-alps.de\/wp-content\/uploads\/2013\/07\/Bambush\u00c3\u00bctte.jpg?resize=350%2C200","width":350,"height":200},"classes":[]}],"_links":{"self":[{"href":"http:\/\/my-alps.de\/index.php?rest_route=\/wp\/v2\/posts\/695"}],"collection":[{"href":"http:\/\/my-alps.de\/index.php?rest_route=\/wp\/v2\/posts"}],"about":[{"href":"http:\/\/my-alps.de\/index.php?rest_route=\/wp\/v2\/types\/post"}],"author":[{"embeddable":true,"href":"http:\/\/my-alps.de\/index.php?rest_route=\/wp\/v2\/users\/1"}],"replies":[{"embeddable":true,"href":"http:\/\/my-alps.de\/index.php?rest_route=%2Fwp%2Fv2%2Fcomments&post=695"}],"version-history":[{"count":8,"href":"http:\/\/my-alps.de\/index.php?rest_route=\/wp\/v2\/posts\/695\/revisions"}],"predecessor-version":[{"id":735,"href":"http:\/\/my-alps.de\/index.php?rest_route=\/wp\/v2\/posts\/695\/revisions\/735"}],"wp:attachment":[{"href":"http:\/\/my-alps.de\/index.php?rest_route=%2Fwp%2Fv2%2Fmedia&parent=695"}],"wp:term":[{"taxonomy":"category","embeddable":true,"href":"http:\/\/my-alps.de\/index.php?rest_route=%2Fwp%2Fv2%2Fcategories&post=695"},{"taxonomy":"post_tag","embeddable":true,"href":"http:\/\/my-alps.de\/index.php?rest_route=%2Fwp%2Fv2%2Ftags&post=695"}],"curies":[{"name":"wp","href":"https:\/\/api.w.org\/{rel}","templated":true}]}}