{"id":693,"date":"2014-02-22T18:51:28","date_gmt":"2014-02-22T17:51:28","guid":{"rendered":"http:\/\/my-alps.de\/?p=693"},"modified":"2014-02-22T18:51:28","modified_gmt":"2014-02-22T17:51:28","slug":"wieder-mal-ein-lebenszeichen","status":"publish","type":"post","link":"http:\/\/my-alps.de\/?p=693","title":{"rendered":"&#8230;.wieder mal ein Lebenszeichen!"},"content":{"rendered":"<p>Hallo<\/p>\n<p>wir geben mal ein kleines Lebenszeichen von uns. Die letzten Tage seit unserem Aufenhalt am Lago Roca haben wir mit viel Abenteur verbracht. Erst waren wir in El Chalten am Cerro Torre und am Fitz Roy und haben tolle Trekkingtouren unternommen. Fitz Roy im Vollmond und bei Sonnenaufgang &#8211; ihr d\u00fcrft auf tolle Bilder hoffen! Danach haben wir auf der Ruta 40 die Einsamkeit der patagonischen Steppe gesp\u00fcrt. Stundenlang nur Schotterpisten und kein einziges Auto. Wir sind \u00fcber einen winzigen Grenz\u00fcbergang nach Chile gekommen und waren nun in Cochrane. Wir sind auf der Carretera Austral &#8211; der Pan Americana in Chile. Wieder nur stundenlanges Schotter Gekurve. Deshalb war die WIFI Welt in den letzten Tagen sehr ruhig, aber wir haben etwas vorbereitet!<\/p>\n<p>jetzt sind wir in Lago Guadal<\/p>\n<p>&nbsp;<\/p>\n","protected":false},"excerpt":{"rendered":"<p>Hallo wir geben mal ein kleines Lebenszeichen von uns. Die letzten Tage seit unserem Aufenhalt am Lago Roca haben wir mit viel Abenteur verbracht. Erst waren wir in El Chalten am Cerro Torre und am Fitz Roy und haben tolle Trekkingtouren unternommen. Fitz Roy im Vollmond und bei Sonnenaufgang &#8211; ihr d\u00fcrft auf tolle Bilder [&hellip;]<\/p>\n","protected":false},"author":1,"featured_media":0,"comment_status":"open","ping_status":"open","sticky":false,"template":"","format":"gallery","meta":{"spay_email":"","jetpack_publicize_message":"","jetpack_is_tweetstorm":false,"jetpack_publicize_feature_enabled":true},"categories":[1],"tags":[],"jetpack_featured_media_url":"","jetpack_publicize_connections":[],"jetpack_sharing_enabled":true,"jetpack_shortlink":"https:\/\/wp.me\/p6huce-bb","jetpack-related-posts":[{"id":1278,"url":"http:\/\/my-alps.de\/?p=1278","url_meta":{"origin":693,"position":0},"title":"Lebenszeichen V3","date":"29. Juni 2014","format":"gallery","excerpt":"Halloooooo...... ist da draussen jemand??? Ja, seit dem letzten Blogbeitrag ist schon einige Zeit vergangen. Keine Sorge, wir waren in der absoluten Einsamkeit - immer der Andenkette entlang nach Norden. Kein WIFI und kaum Mobilfunknetz, jedenfalls nicht in der St\u00e4rke die wir f\u00fcr's Internet brauchen. Ja, es gibt sie also\u2026","rel":"","context":"In &quot;News&quot;","img":{"alt_text":"Passh\u00c3\u00b6he - Pedra de Molino ","src":"https:\/\/i0.wp.com\/my-alps.de\/wp-content\/uploads\/2014\/06\/Passh\u00c3\u00b6he-Pedra-de-Molino-3460-m-ce4.jpg?resize=350%2C200","width":350,"height":200},"classes":[]},{"id":736,"url":"http:\/\/my-alps.de\/?p=736","url_meta":{"origin":693,"position":1},"title":"noch&#8217;n Lebenszeichen","date":"1. M\u00e4rz 2014","format":"gallery","excerpt":"Hallo Zuhause? Ohhhh - ihr habt schon gedacht \" Jetzt sind wir die endlich los!\" Zu Fr\u00fch gefreut! Wir sind gerade in Coyhaique angekommen und bleiben ein paar Tage hier in der Zivilisation. @ Ebi - Bitte kannst du bei Jens einen (linken) Spiegel bestellen und ihn an Alfi schicken?\u2026","rel":"","context":"In &quot;News&quot;","img":{"alt_text":"","src":"","width":0,"height":0},"classes":[]},{"id":695,"url":"http:\/\/my-alps.de\/?p=695","url_meta":{"origin":693,"position":2},"title":"Von El Calafate nach El Chalten &#8211; Fitz Roy und Cerro Torre","date":"23. Februar 2014","format":"gallery","excerpt":"Nachdem wir den Campingplatz Marke SUPERLUXUS am Lago Roca ausgiebig genossen haben, sind wir in den n\u00e4chsten Nationalpark auf unserer Route weitergezogen. Die Fahrt ging auf der Ruta 40 weiter von El Calafate Richtung Norden nach El Chalten Hier stehen die ber\u00fchmten Namen, die das Herz eines Alpinisten h\u00f6her schlagen\u2026","rel":"","context":"In &quot;News&quot;","img":{"alt_text":"","src":"https:\/\/i0.wp.com\/my-alps.de\/wp-content\/uploads\/2014\/02\/Panorama-El-Chalten-HD.jpg?resize=350%2C200","width":350,"height":200},"classes":[]},{"id":1773,"url":"http:\/\/my-alps.de\/?p=1773","url_meta":{"origin":693,"position":3},"title":"FAQ &#8211; und die Antworten","date":"22. November 2014","format":"gallery","excerpt":"Wir tingeln in den letzten beiden Wochen von einer Einladung zur anderen. Jeder m\u00f6chte uns sehen und fragen was wir so erlebt haben. Da nat\u00fcrlich (fast) jeder die gleichen Fragen stellt schauen uns wir manchmal selber fragend an..... ja wie war das denn? Deshalb m\u00f6chte ich die FAQ mal kurz\u2026","rel":"","context":"In &quot;News&quot;","img":{"alt_text":"","src":"https:\/\/i0.wp.com\/my-alps.de\/wp-content\/uploads\/2014\/11\/mein-Lama-und-meine-Stadt.jpg?resize=350%2C200","width":350,"height":200},"classes":[]},{"id":961,"url":"http:\/\/my-alps.de\/?p=961","url_meta":{"origin":693,"position":4},"title":"Vulkan Osorno und Lago Llanquihue","date":"4. April 2014","format":"gallery","excerpt":"Wir sind auf dem Weg zur\u00fcck von der Insel Chiloe\u2019 \u00fcber Puerto Montt nach Puerto Varas gefahren und machen am Lago Llanquihue Station. Zuerst mussten wir ein heftiges Unwetter zwei Tage \u00fcber uns ergehen lassen, bei dem Regenmassen vom Himmel gefallen sind, die bei uns in Deutschland f\u00fcr ein gesamtes\u2026","rel":"","context":"In &quot;News&quot;","img":{"alt_text":"","src":"https:\/\/i0.wp.com\/my-alps.de\/wp-content\/uploads\/2014\/04\/Bimobil-und-Vulkan-Osorno.jpg?resize=350%2C200","width":350,"height":200},"classes":[]},{"id":1564,"url":"http:\/\/my-alps.de\/?p=1564","url_meta":{"origin":693,"position":5},"title":"Cordillera Blanca","date":"9. September 2014","format":"gallery","excerpt":"Nachdem wir Lima verlassen hatten wollten wir nicht\u00a0unn\u00f6tig weiter an der K\u00fcste hochfahren, und haben die\u00a0n\u00e4chste M\u00f6glichkeit genutzt um in die Bergwelt der \"Cordillera Blanca\" abzubiegen. Bei Paramonga am Pazifik biegt man in das Tal des\u00a0Rio Fortaleza ab und f\u00e4hrt von Meeresh\u00f6he wieder\u00a0hinauf auf ca. 4.000 Meter. Dann steht man\u2026","rel":"","context":"In &quot;News&quot;","img":{"alt_text":"","src":"https:\/\/i0.wp.com\/my-alps.de\/wp-content\/uploads\/2014\/09\/Lago-Llanganuco-Orkoncocha-ce4.jpg?resize=350%2C200","width":350,"height":200},"classes":[]}],"_links":{"self":[{"href":"http:\/\/my-alps.de\/index.php?rest_route=\/wp\/v2\/posts\/693"}],"collection":[{"href":"http:\/\/my-alps.de\/index.php?rest_route=\/wp\/v2\/posts"}],"about":[{"href":"http:\/\/my-alps.de\/index.php?rest_route=\/wp\/v2\/types\/post"}],"author":[{"embeddable":true,"href":"http:\/\/my-alps.de\/index.php?rest_route=\/wp\/v2\/users\/1"}],"replies":[{"embeddable":true,"href":"http:\/\/my-alps.de\/index.php?rest_route=%2Fwp%2Fv2%2Fcomments&post=693"}],"version-history":[{"count":1,"href":"http:\/\/my-alps.de\/index.php?rest_route=\/wp\/v2\/posts\/693\/revisions"}],"predecessor-version":[{"id":694,"href":"http:\/\/my-alps.de\/index.php?rest_route=\/wp\/v2\/posts\/693\/revisions\/694"}],"wp:attachment":[{"href":"http:\/\/my-alps.de\/index.php?rest_route=%2Fwp%2Fv2%2Fmedia&parent=693"}],"wp:term":[{"taxonomy":"category","embeddable":true,"href":"http:\/\/my-alps.de\/index.php?rest_route=%2Fwp%2Fv2%2Fcategories&post=693"},{"taxonomy":"post_tag","embeddable":true,"href":"http:\/\/my-alps.de\/index.php?rest_route=%2Fwp%2Fv2%2Ftags&post=693"}],"curies":[{"name":"wp","href":"https:\/\/api.w.org\/{rel}","templated":true}]}}