{"id":690,"date":"2014-02-09T23:41:08","date_gmt":"2014-02-09T22:41:08","guid":{"rendered":"http:\/\/my-alps.de\/?p=690"},"modified":"2014-02-09T23:41:08","modified_gmt":"2014-02-09T22:41:08","slug":"ich-hab-mal-wieder-an-den-tonwerten-herumgespielt","status":"publish","type":"post","link":"http:\/\/my-alps.de\/?p=690","title":{"rendered":"ich hab&#8216; mal wieder an den Tonwerten herumgespielt"},"content":{"rendered":"<p>Die Landschaft hier ist umwerfend sch\u00f6n &#8211; wenn man dann am Computer seine Bilder entwickelt (ich fotografiere immer im Rohformat &#8211; nicht JPG) dann kann es schon mal vorkommen das der eine oder andere Regler etwas \u00fcberdreht wird.<\/p>\n<div id=\"attachment_684\" style=\"width: 1034px\" class=\"wp-caption aligncenter\"><a href=\"https:\/\/i0.wp.com\/my-alps.de\/wp-content\/uploads\/2014\/02\/Lago-Argentino-Tonwerte.jpg\"><img aria-describedby=\"caption-attachment-684\" data-attachment-id=\"684\" data-permalink=\"http:\/\/my-alps.de\/?attachment_id=684\" data-orig-file=\"https:\/\/i0.wp.com\/my-alps.de\/wp-content\/uploads\/2014\/02\/Lago-Argentino-Tonwerte.jpg?fit=1024%2C576\" data-orig-size=\"1024,576\" data-comments-opened=\"1\" data-image-meta=\"{&quot;aperture&quot;:&quot;6.7&quot;,&quot;credit&quot;:&quot;&quot;,&quot;camera&quot;:&quot;SLT-A99V&quot;,&quot;caption&quot;:&quot;&quot;,&quot;created_timestamp&quot;:&quot;1391439765&quot;,&quot;copyright&quot;:&quot;&quot;,&quot;focal_length&quot;:&quot;70&quot;,&quot;iso&quot;:&quot;100&quot;,&quot;shutter_speed&quot;:&quot;0.0028571428571429&quot;,&quot;title&quot;:&quot;&quot;}\" data-image-title=\"Lago Argentino &#8211; Tonwerte\" data-image-description=\"&lt;p&gt;Lago Argentino &#8211; Tonwerte&lt;\/p&gt;\n\" data-image-caption=\"&lt;p&gt;Lago Argentino &#8211; Tonwerte&lt;\/p&gt;\n\" data-medium-file=\"https:\/\/i0.wp.com\/my-alps.de\/wp-content\/uploads\/2014\/02\/Lago-Argentino-Tonwerte.jpg?fit=300%2C168\" data-large-file=\"https:\/\/i0.wp.com\/my-alps.de\/wp-content\/uploads\/2014\/02\/Lago-Argentino-Tonwerte.jpg?fit=625%2C352\" loading=\"lazy\" class=\"size-full wp-image-684\" alt=\"Lago Argentino - Tonwerte\" src=\"https:\/\/i0.wp.com\/my-alps.de\/wp-content\/uploads\/2014\/02\/Lago-Argentino-Tonwerte.jpg?resize=625%2C352\" width=\"625\" height=\"352\" srcset=\"https:\/\/i0.wp.com\/my-alps.de\/wp-content\/uploads\/2014\/02\/Lago-Argentino-Tonwerte.jpg?w=1024 1024w, https:\/\/i0.wp.com\/my-alps.de\/wp-content\/uploads\/2014\/02\/Lago-Argentino-Tonwerte.jpg?resize=300%2C168 300w\" sizes=\"(max-width: 625px) 100vw, 625px\" data-recalc-dims=\"1\" \/><\/a><p id=\"caption-attachment-684\" class=\"wp-caption-text\">Lago Argentino &#8211; Tonwerte<\/p><\/div>\n","protected":false},"excerpt":{"rendered":"<p>Die Landschaft hier ist umwerfend sch\u00f6n &#8211; wenn man dann am Computer seine Bilder entwickelt (ich fotografiere immer im Rohformat &#8211; nicht JPG) dann kann es schon mal vorkommen das der eine oder andere Regler etwas \u00fcberdreht wird.<\/p>\n","protected":false},"author":1,"featured_media":0,"comment_status":"open","ping_status":"open","sticky":false,"template":"","format":"gallery","meta":{"spay_email":"","jetpack_publicize_message":"","jetpack_is_tweetstorm":false,"jetpack_publicize_feature_enabled":true},"categories":[1],"tags":[],"jetpack_featured_media_url":"","jetpack_publicize_connections":[],"jetpack_sharing_enabled":true,"jetpack_shortlink":"https:\/\/wp.me\/p6huce-b8","jetpack-related-posts":[{"id":540,"url":"http:\/\/my-alps.de\/?p=540","url_meta":{"origin":690,"position":0},"title":"S\u00fcdlichste Stadt der Welt &#8211; Ushuaia","date":"14. Januar 2014","format":"gallery","excerpt":"Es ist jetzt 12.17 Uhr Ortszeit - wir fahren am Schild: Ushuaia - Tierra del Fuego - vorbei. Erste gro\u00dfe Etappe geschafft. Nach knapp 4.000 km ( obwohl es direkt nach Buenos Aires auf der RN 3 nur 3.064 km sind) Na ja, die Umwege die es bei uns gibt\u2026","rel":"","context":"In &quot;News&quot;","img":{"alt_text":"","src":"","width":0,"height":0},"classes":[]},{"id":375,"url":"http:\/\/my-alps.de\/?p=375","url_meta":{"origin":690,"position":1},"title":"Bastel-Wastel (oder wieso ich kein Elektriker geworden bin)","date":"15. Juli 2013","format":"gallery","excerpt":"Ich bin euch noch die letzte Update - Phase von Boomer schuldig geblieben. (Hatte die Bilder auf einer anderen Karte und die wieder in einen anderen Foto... usw) Unsere Behausung hat innen langsam einen neuen Touch bekommen. Frau Hack hat die N\u00e4hmaschine maltr\u00e4tiert und meine Schreiner-Reiner F\u00e4higkeiten sind noch nicht\u2026","rel":"","context":"In &quot;Wohnmobil&quot;","img":{"alt_text":"","src":"https:\/\/i0.wp.com\/my-alps.de\/wp-content\/uploads\/2013\/07\/Stauraum-die-Erste.jpg?resize=350%2C200","width":350,"height":200},"classes":[]},{"id":883,"url":"http:\/\/my-alps.de\/?p=883","url_meta":{"origin":690,"position":2},"title":"Insel Chiloe\u2019","date":"26. M\u00e4rz 2014","format":"gallery","excerpt":"Die Insel Chiloe\u2019 ist von Puerto Montt auf einer gut ausgebauten Autobahn in ca. 1 1\/2 Stunden Fahrt zu erreichen. \u00dcber die Meerenge zwischen dem Festland und der Insel wird (wie in Chile \u00fcblich) mit einer offenen F\u00e4hre \u00fcbergesetzt. Die Fahrtzeit betr\u00e4gt etwa eine halbe Stunde und kostet f\u00fcr unser\u2026","rel":"","context":"In &quot;News&quot;","img":{"alt_text":"","src":"https:\/\/i0.wp.com\/my-alps.de\/wp-content\/uploads\/2014\/03\/wir-sind-auf.....jpg?resize=350%2C200","width":350,"height":200},"classes":[]},{"id":1149,"url":"http:\/\/my-alps.de\/?p=1149","url_meta":{"origin":690,"position":3},"title":"Schlaf &#8211; St\u00f6rung","date":"19. Mai 2014","format":"gallery","excerpt":"Wenn man so auf Reisen ist, dann stellt sich jeden Tag, \u2028an dem man unterwegs ist, das gleiche Problem: Einen ruhigen und sicheren \u00dcbernachtungsplatz zu finden. Nun haben wir im letzten halben Jahr schon viele Pl\u00e4tze gefunden an denen wir \u00fcbernachtet haben. Mal mehr oder weniger ruhig,\u2028Angst hatten wir (fast)\u2026","rel":"","context":"In &quot;News&quot;","img":{"alt_text":"","src":"","width":0,"height":0},"classes":[]},{"id":575,"url":"http:\/\/my-alps.de\/?p=575","url_meta":{"origin":690,"position":4},"title":"Endlich &#8211; s\u00fcdlichster (Wende) &#8211; Punkt der Reise&#8230;..","date":"17. Januar 2014","format":"gallery","excerpt":"Nach unserem ersten Grenz\u00fcbertritt nach Chile (wir haben nat\u00fcrlich alles richtig gemacht!) sind wir mit zwei Zwischenstopps in Rio Grande - (Club Nautica - sehr zu empfehlen - vielen Dank an die Kiter und Kajak(en) die uns dort haben \u00fcbernachten lassen) und am Lago Fagnano (Tolhuin) sind wir schlie\u00dflich in:\u2026","rel":"","context":"In &quot;News&quot;","img":{"alt_text":"s\u00c3\u00bcdlicher kann man nicht fahren","src":"https:\/\/i0.wp.com\/my-alps.de\/wp-content\/uploads\/2014\/01\/s\u00c3\u00bcdlicher-kann-man-nicht-fahren.jpg?resize=350%2C200","width":350,"height":200},"classes":[]},{"id":450,"url":"http:\/\/my-alps.de\/?p=450","url_meta":{"origin":690,"position":5},"title":"Das sagt sie und das meint ER (1von2)","date":"15. Dezember 2013","format":"gallery","excerpt":"Hallo, ihr ZUHAUSEgebliebenen, wir sind heute in Colonia di Sacramento angekommen und sin somit in Uruguay. Dem esten Fussballweltmeister, und wenn's nach den URU'S geht, auch dem kommenden in Brasilien. Die Bilder zu diesem Blog f\u00fcge ich sp\u00e4ter mal ein, das WIFI hier in Uruguay ist nicht so von der\u2026","rel":"","context":"In &quot;News&quot;","img":{"alt_text":"","src":"","width":0,"height":0},"classes":[]}],"_links":{"self":[{"href":"http:\/\/my-alps.de\/index.php?rest_route=\/wp\/v2\/posts\/690"}],"collection":[{"href":"http:\/\/my-alps.de\/index.php?rest_route=\/wp\/v2\/posts"}],"about":[{"href":"http:\/\/my-alps.de\/index.php?rest_route=\/wp\/v2\/types\/post"}],"author":[{"embeddable":true,"href":"http:\/\/my-alps.de\/index.php?rest_route=\/wp\/v2\/users\/1"}],"replies":[{"embeddable":true,"href":"http:\/\/my-alps.de\/index.php?rest_route=%2Fwp%2Fv2%2Fcomments&post=690"}],"version-history":[{"count":1,"href":"http:\/\/my-alps.de\/index.php?rest_route=\/wp\/v2\/posts\/690\/revisions"}],"predecessor-version":[{"id":691,"href":"http:\/\/my-alps.de\/index.php?rest_route=\/wp\/v2\/posts\/690\/revisions\/691"}],"wp:attachment":[{"href":"http:\/\/my-alps.de\/index.php?rest_route=%2Fwp%2Fv2%2Fmedia&parent=690"}],"wp:term":[{"taxonomy":"category","embeddable":true,"href":"http:\/\/my-alps.de\/index.php?rest_route=%2Fwp%2Fv2%2Fcategories&post=690"},{"taxonomy":"post_tag","embeddable":true,"href":"http:\/\/my-alps.de\/index.php?rest_route=%2Fwp%2Fv2%2Ftags&post=690"}],"curies":[{"name":"wp","href":"https:\/\/api.w.org\/{rel}","templated":true}]}}