{"id":69,"date":"2013-02-13T21:18:40","date_gmt":"2013-02-13T20:18:40","guid":{"rendered":"http:\/\/my-alps.de\/?p=69"},"modified":"2013-02-13T21:18:40","modified_gmt":"2013-02-13T20:18:40","slug":"solardusche-xxl","status":"publish","type":"post","link":"http:\/\/my-alps.de\/?p=69","title":{"rendered":"Solardusche XXL &#8211;"},"content":{"rendered":"<p>Heute hatte ich noch so eine Idee&#8230;<br \/>\nFr\u00fcher habe ich immer einen Wassersack als Solardusche benutzt. Da war am Strand auch immer genug Wasser verf\u00fcgbar. Ich besorge mir ein schwarzes PE &#8211; Rohr und montiere es aufs Dach. Bei DN 200 und ca. 2 Meter L\u00e4nge sind das fast 60 Liter Wasser. Mit 2 Gardena Anschl\u00fcssen vorne und hinten l\u00e4sst sich das bestimmt gut bef\u00fcllen und entleeren.<br \/>\nIch werde es mal ausprobieren.<br \/>\nCT<\/p>\n","protected":false},"excerpt":{"rendered":"<p>Heute hatte ich noch so eine Idee&#8230; Fr\u00fcher habe ich immer einen Wassersack als Solardusche benutzt. Da war am Strand auch immer genug Wasser verf\u00fcgbar. Ich besorge mir ein schwarzes PE &#8211; Rohr und montiere es aufs Dach. Bei DN 200 und ca. 2 Meter L\u00e4nge sind das fast 60 Liter Wasser. Mit 2 Gardena [&hellip;]<\/p>\n","protected":false},"author":1,"featured_media":0,"comment_status":"open","ping_status":"open","sticky":false,"template":"","format":"standard","meta":{"spay_email":"","jetpack_publicize_message":"","jetpack_is_tweetstorm":false,"jetpack_publicize_feature_enabled":true},"categories":[8],"tags":[],"jetpack_featured_media_url":"","jetpack_publicize_connections":[],"jetpack_sharing_enabled":true,"jetpack_shortlink":"https:\/\/wp.me\/p6huce-17","jetpack-related-posts":[{"id":1697,"url":"http:\/\/my-alps.de\/?p=1697","url_meta":{"origin":69,"position":0},"title":"&#8222;La Linea&#8220; &#8211; die n\u00e4chste Herausforderung","date":"6. Oktober 2014","format":"gallery","excerpt":"Aus der W\u00fcste ging es wieder in die Berge, denn dort w\u00e4chst meine legale Droge - KAFFEE! Die erste Etappe dieser - na ja - Schleichfahrt ohne Wasser, war ja noch ganz angenehm. Es ging das Tal des Rio Magdalena in Richtung Bogota weiter nach Norden hinauf. Links immer die\u2026","rel":"","context":"In &quot;News&quot;","img":{"alt_text":"","src":"https:\/\/i0.wp.com\/my-alps.de\/wp-content\/uploads\/2014\/10\/La-Linea-3-ce4.jpg?resize=350%2C200","width":350,"height":200},"classes":[]},{"id":806,"url":"http:\/\/my-alps.de\/?p=806","url_meta":{"origin":69,"position":1},"title":"Kalter Regenwald in Puyuhuapi","date":"10. M\u00e4rz 2014","format":"gallery","excerpt":"Hier in Chile gibt es in den Nationalparks \u201ekalten Regenwald\u201c, also richtigen, undurchdringlichen Dschungel. Nur das dieser Dschungel den riesigen Vorteil hat - es gibt so gut wie keine wilden Tiere darin! Man(n) kann also sch\u00f6n darin herumspazieren (wenn ein Pfad vorhanden ist) und sich die Sache mal n\u00e4her betrachten.\u2026","rel":"","context":"In &quot;News&quot;","img":{"alt_text":"","src":"https:\/\/i0.wp.com\/my-alps.de\/wp-content\/uploads\/2014\/03\/unsere-kleine-Farm-HD.jpg?resize=350%2C200","width":350,"height":200},"classes":[]},{"id":1631,"url":"http:\/\/my-alps.de\/?p=1631","url_meta":{"origin":69,"position":2},"title":"IslaMar &#8211; der Pazifik &#8211; viel Wasser","date":"19. September 2014","format":"gallery","excerpt":"Wir haben in den letzten Tagen viel an unserem WOMO geschraubt - \u00e4hhhhh besser wohl - geschrubbt! Passend zum vielen Wasser im Pazifik hat sich der gesamte Inhalt unseres Wassertanks (100 Liter) w\u00e4hrend dem fahren in das Innere der Kabine entleert. Durch die ganze R\u00fcttelei auf den Pisten im vergangenen\u2026","rel":"","context":"In &quot;News&quot;","img":{"alt_text":"","src":"https:\/\/i0.wp.com\/my-alps.de\/wp-content\/uploads\/2014\/09\/Wellenschaum-I-ce4.jpg?resize=350%2C200","width":350,"height":200},"classes":[]},{"id":800,"url":"http:\/\/my-alps.de\/?p=800","url_meta":{"origin":69,"position":3},"title":"Genetischer Code bei M\u00e4nnchen","date":"10. M\u00e4rz 2014","format":"gallery","excerpt":"Ihr alle werdet mir zustimmen, die Frauen neigen eher zum sammeln und der Mann zum Jagen.Ich habe bei mir das mit dem Jagd-Gen schon ganz fr\u00fch entdeckt, aber wir hatten daheim einen Haushalt, da gab es ausser Essbesteck keine Waffen. (obwohl meine beiden Gro\u00dfv\u00e4ter Sch\u00fctzenk\u00f6nige waren!) Und mit einer Gabel\u2026","rel":"","context":"In &quot;unter uns&quot;","img":{"alt_text":"","src":"https:\/\/i0.wp.com\/my-alps.de\/wp-content\/uploads\/2014\/03\/Nummer-Zwei-HD.jpg?resize=350%2C200","width":350,"height":200},"classes":[]},{"id":671,"url":"http:\/\/my-alps.de\/?p=671","url_meta":{"origin":69,"position":4},"title":"Nationalpark &#8222;Los Glacieres&#8220; &#8211; Gletscher &#8222;Perito Moreno&#8220;","date":"9. Februar 2014","format":"gallery","excerpt":"Nachdem wir in Calafate das mit unserem Aussenspiegel soweit hingebogen, (und unser abgestempeltes Formular abgeholt hatten) sind wir zum Nationalpark \"Los Glacieres\" aufgebrochen. In diesem Nationalpark ist alles US - m\u00e4\u00dfig organisiert. Shuttelservice, Kiosk, Sanit\u00e4ranlagen und gef\u00fchlte 10 km Gitterroststeg durch die Natur, damit sich niemand verlaufen kann. Der Gletscher\u2026","rel":"","context":"In &quot;News&quot;","img":{"alt_text":"","src":"https:\/\/i0.wp.com\/my-alps.de\/wp-content\/uploads\/2014\/02\/Servus-Eiszacken-III.jpg?resize=350%2C200","width":350,"height":200},"classes":[]},{"id":448,"url":"http:\/\/my-alps.de\/?p=448","url_meta":{"origin":69,"position":5},"title":"Das sagt SIE und das meint er (2von2)","date":"15. Dezember 2013","format":false,"excerpt":"Hallo zu Hause, Wir haben WiFi und schwitzen. Die Emails sind gecheckt und wie erwartet gehts zu Hause munter weiter - die Vorweihnachtszeit steht an. Davon ist hier nicht viel zu merken, nicht einmal die wahnsinnigen Einkaufsorgien gibts hier, das ist sehr entspannend:-) Traurig ist nat\u00fcrlich die (nicht vorhandene) Leistung\u2026","rel":"","context":"In &quot;News&quot;","img":{"alt_text":"","src":"","width":0,"height":0},"classes":[]}],"_links":{"self":[{"href":"http:\/\/my-alps.de\/index.php?rest_route=\/wp\/v2\/posts\/69"}],"collection":[{"href":"http:\/\/my-alps.de\/index.php?rest_route=\/wp\/v2\/posts"}],"about":[{"href":"http:\/\/my-alps.de\/index.php?rest_route=\/wp\/v2\/types\/post"}],"author":[{"embeddable":true,"href":"http:\/\/my-alps.de\/index.php?rest_route=\/wp\/v2\/users\/1"}],"replies":[{"embeddable":true,"href":"http:\/\/my-alps.de\/index.php?rest_route=%2Fwp%2Fv2%2Fcomments&post=69"}],"version-history":[{"count":1,"href":"http:\/\/my-alps.de\/index.php?rest_route=\/wp\/v2\/posts\/69\/revisions"}],"predecessor-version":[{"id":70,"href":"http:\/\/my-alps.de\/index.php?rest_route=\/wp\/v2\/posts\/69\/revisions\/70"}],"wp:attachment":[{"href":"http:\/\/my-alps.de\/index.php?rest_route=%2Fwp%2Fv2%2Fmedia&parent=69"}],"wp:term":[{"taxonomy":"category","embeddable":true,"href":"http:\/\/my-alps.de\/index.php?rest_route=%2Fwp%2Fv2%2Fcategories&post=69"},{"taxonomy":"post_tag","embeddable":true,"href":"http:\/\/my-alps.de\/index.php?rest_route=%2Fwp%2Fv2%2Ftags&post=69"}],"curies":[{"name":"wp","href":"https:\/\/api.w.org\/{rel}","templated":true}]}}