{"id":688,"date":"2014-02-09T23:36:33","date_gmt":"2014-02-09T22:36:33","guid":{"rendered":"http:\/\/my-alps.de\/?p=688"},"modified":"2014-02-09T23:36:33","modified_gmt":"2014-02-09T22:36:33","slug":"aus-der-serie-warnhinweise-in-patagonien-wird-laufend-erweitert","status":"publish","type":"post","link":"http:\/\/my-alps.de\/?p=688","title":{"rendered":"&#8230;aus der Serie: &#8222;Warnhinweise in Patagonien&#8220; &#8211; wird laufend erweitert"},"content":{"rendered":"<p>\u00dcberall auf der Welt gibt es Schilder &#8211; die meisten bei uns in Deutschland &#8211; hier in Patagonien gibt es die sch\u00f6nsten:<br \/>\nAber &#8211; wie immer &#8211; Warnhinweise sollte man ernst nehmen!<\/p>\n<div id=\"attachment_686\" style=\"width: 586px\" class=\"wp-caption aligncenter\"><a href=\"https:\/\/i0.wp.com\/my-alps.de\/wp-content\/uploads\/2014\/02\/Warnhinweis-ernst-gemeint.jpg\"><img aria-describedby=\"caption-attachment-686\" data-attachment-id=\"686\" data-permalink=\"http:\/\/my-alps.de\/?attachment_id=686\" data-orig-file=\"https:\/\/i0.wp.com\/my-alps.de\/wp-content\/uploads\/2014\/02\/Warnhinweis-ernst-gemeint.jpg?fit=576%2C1024\" data-orig-size=\"576,1024\" data-comments-opened=\"1\" data-image-meta=\"{&quot;aperture&quot;:&quot;7.1&quot;,&quot;credit&quot;:&quot;&quot;,&quot;camera&quot;:&quot;SLT-A77V&quot;,&quot;caption&quot;:&quot;&quot;,&quot;created_timestamp&quot;:&quot;1391447863&quot;,&quot;copyright&quot;:&quot;&quot;,&quot;focal_length&quot;:&quot;40&quot;,&quot;iso&quot;:&quot;100&quot;,&quot;shutter_speed&quot;:&quot;0.003125&quot;,&quot;title&quot;:&quot;&quot;}\" data-image-title=\"Warnhinweis &#8211; ernst gemeint\" data-image-description=\"&lt;p&gt;Warnhinweis &#8211; ernst gemeint&lt;\/p&gt;\n\" data-image-caption=\"&lt;p&gt;Warnhinweis &#8211; ernst gemeint&lt;\/p&gt;\n\" data-medium-file=\"https:\/\/i0.wp.com\/my-alps.de\/wp-content\/uploads\/2014\/02\/Warnhinweis-ernst-gemeint.jpg?fit=168%2C300\" data-large-file=\"https:\/\/i0.wp.com\/my-alps.de\/wp-content\/uploads\/2014\/02\/Warnhinweis-ernst-gemeint.jpg?fit=576%2C1024\" loading=\"lazy\" class=\"size-full wp-image-686\" alt=\"Warnhinweis - ernst gemeint\" src=\"https:\/\/i0.wp.com\/my-alps.de\/wp-content\/uploads\/2014\/02\/Warnhinweis-ernst-gemeint.jpg?resize=576%2C1024\" width=\"576\" height=\"1024\" srcset=\"https:\/\/i0.wp.com\/my-alps.de\/wp-content\/uploads\/2014\/02\/Warnhinweis-ernst-gemeint.jpg?w=576 576w, https:\/\/i0.wp.com\/my-alps.de\/wp-content\/uploads\/2014\/02\/Warnhinweis-ernst-gemeint.jpg?resize=168%2C300 168w\" sizes=\"(max-width: 576px) 100vw, 576px\" data-recalc-dims=\"1\" \/><\/a><p id=\"caption-attachment-686\" class=\"wp-caption-text\">Warnhinweis &#8211; ernst gemeint<\/p><\/div>\n","protected":false},"excerpt":{"rendered":"<p>\u00dcberall auf der Welt gibt es Schilder &#8211; die meisten bei uns in Deutschland &#8211; hier in Patagonien gibt es die sch\u00f6nsten: Aber &#8211; wie immer &#8211; Warnhinweise sollte man ernst nehmen!<\/p>\n","protected":false},"author":1,"featured_media":0,"comment_status":"open","ping_status":"open","sticky":false,"template":"","format":"gallery","meta":{"spay_email":"","jetpack_publicize_message":"","jetpack_is_tweetstorm":false,"jetpack_publicize_feature_enabled":true},"categories":[1],"tags":[],"jetpack_featured_media_url":"","jetpack_publicize_connections":[],"jetpack_sharing_enabled":true,"jetpack_shortlink":"https:\/\/wp.me\/p6huce-b6","jetpack-related-posts":[{"id":530,"url":"http:\/\/my-alps.de\/?p=530","url_meta":{"origin":688,"position":0},"title":"Bei &#8222;Drei K\u00f6ni&#8217;ng&#8220; versteht Sie keinen Spass","date":"7. Januar 2014","format":"gallery","excerpt":"Na gut, heute ist der 6. Januar - Dreik\u00f6nigsfest in Bamberg. Normalerweise ziehen wir mit Freunden durch die Stadt und tun das was Bamberger gew\u00f6hnlich tun - Bier trinken. Gibt ja genug bei uns in der Stadt. Nur hier in S\u00fcdamerika kennt niemand diesen sch\u00f6nen Brauch, bei dem man viele\u2026","rel":"","context":"In &quot;News&quot;","img":{"alt_text":"","src":"","width":0,"height":0},"classes":[]},{"id":800,"url":"http:\/\/my-alps.de\/?p=800","url_meta":{"origin":688,"position":1},"title":"Genetischer Code bei M\u00e4nnchen","date":"10. M\u00e4rz 2014","format":"gallery","excerpt":"Ihr alle werdet mir zustimmen, die Frauen neigen eher zum sammeln und der Mann zum Jagen.Ich habe bei mir das mit dem Jagd-Gen schon ganz fr\u00fch entdeckt, aber wir hatten daheim einen Haushalt, da gab es ausser Essbesteck keine Waffen. (obwohl meine beiden Gro\u00dfv\u00e4ter Sch\u00fctzenk\u00f6nige waren!) Und mit einer Gabel\u2026","rel":"","context":"In &quot;unter uns&quot;","img":{"alt_text":"","src":"https:\/\/i0.wp.com\/my-alps.de\/wp-content\/uploads\/2014\/03\/Nummer-Zwei-HD.jpg?resize=350%2C200","width":350,"height":200},"classes":[]},{"id":1031,"url":"http:\/\/my-alps.de\/?p=1031","url_meta":{"origin":688,"position":2},"title":"Leberk\u00e4s\u2019 a la pobre","date":"24. April 2014","format":"gallery","excerpt":"Zugegeben, wir Franken, wir verstehen was von Brotzeit, so mit richtig gutem Bier und Leberk\u00e4s\u2019. Und wie \u00fcberall auf der Welt, wo es richtige Franken hin verschlagen hat,\u00a0gibt es logischerweise gute Brotzeit. Sogar hier in Osorno! Unser Freund Mario - ihr kennt ihn vom Grillen - OHNE Grillrost - hat\u2026","rel":"","context":"In &quot;News&quot;","img":{"alt_text":"","src":"","width":0,"height":0},"classes":[]},{"id":311,"url":"http:\/\/my-alps.de\/?p=311","url_meta":{"origin":688,"position":3},"title":"finale Phase bei &#8222;orthos&#8220;","date":"4. April 2013","format":false,"excerpt":"Bei der Firma \"Orthos\" geht es mit gro\u00dfen Schritten voran um unsere mobile Behausung fertig zu stellen. Der Hecktr\u00e4ger f\u00fcr die beiden Ersatzr\u00e4der - eine Spezialkonstruktion zum schwenken - weil sich unsere Heckklappe zwecks der besseren Aussicht aufklappen l\u00e4sst - wird gerade montiert. Bin schon gespannt! Die neue Lichtmaschinensteuerung (sch\u00f6nes\u2026","rel":"","context":"In &quot;Wohnmobil&quot;","img":{"alt_text":"","src":"https:\/\/i0.wp.com\/my-alps.de\/wp-content\/uploads\/2013\/04\/heckklappe.jpg?resize=350%2C200","width":350,"height":200},"classes":[]},{"id":573,"url":"http:\/\/my-alps.de\/?p=573","url_meta":{"origin":688,"position":4},"title":"weiter geht&#8217;s &#8211; die Atlantikk\u00fcste entlang nach S\u00fcden","date":"17. Januar 2014","format":"gallery","excerpt":"Von Puerto San Julian, dem Ort ohne Menschen, daf\u00fcr mit viel Wind, sind wir wieder auf die Ruta 3 zur\u00fcckgekehrt und nach Rio Gallegos gefahren. Tja was soll man zu Rio Gallegos sagen - kaum ist man dort - ist man schon wieder weg. Der Ort hat einen super neuen\u2026","rel":"","context":"In &quot;News&quot;","img":{"alt_text":"","src":"https:\/\/i0.wp.com\/my-alps.de\/wp-content\/uploads\/2014\/01\/Vulkan-Kratersee-Laguna-Azul-300x200.jpg?resize=350%2C200","width":350,"height":200},"classes":[]},{"id":995,"url":"http:\/\/my-alps.de\/?p=995","url_meta":{"origin":688,"position":5},"title":"April, April &#8211; Halbzeit bei der Auszeit","date":"10. April 2014","format":"gallery","excerpt":"Am 11.11.2013 sind wir in Hamburg an Bord der \u201eGrande Cameroon\u201c gegangen und \u00fcber den Atlantik nach S\u00fcdamerika geschippert. Zugegeben, es war nicht immer gerade Hochstimmung mit Karneval und Fasching an Bord, aber es ist uns wirklich nicht langweilig geworden. So eine Frachterreise hat auch etwas besonderes. (Beinahe meditativ!) Nun\u2026","rel":"","context":"In &quot;News&quot;","img":{"alt_text":"","src":"","width":0,"height":0},"classes":[]}],"_links":{"self":[{"href":"http:\/\/my-alps.de\/index.php?rest_route=\/wp\/v2\/posts\/688"}],"collection":[{"href":"http:\/\/my-alps.de\/index.php?rest_route=\/wp\/v2\/posts"}],"about":[{"href":"http:\/\/my-alps.de\/index.php?rest_route=\/wp\/v2\/types\/post"}],"author":[{"embeddable":true,"href":"http:\/\/my-alps.de\/index.php?rest_route=\/wp\/v2\/users\/1"}],"replies":[{"embeddable":true,"href":"http:\/\/my-alps.de\/index.php?rest_route=%2Fwp%2Fv2%2Fcomments&post=688"}],"version-history":[{"count":1,"href":"http:\/\/my-alps.de\/index.php?rest_route=\/wp\/v2\/posts\/688\/revisions"}],"predecessor-version":[{"id":689,"href":"http:\/\/my-alps.de\/index.php?rest_route=\/wp\/v2\/posts\/688\/revisions\/689"}],"wp:attachment":[{"href":"http:\/\/my-alps.de\/index.php?rest_route=%2Fwp%2Fv2%2Fmedia&parent=688"}],"wp:term":[{"taxonomy":"category","embeddable":true,"href":"http:\/\/my-alps.de\/index.php?rest_route=%2Fwp%2Fv2%2Fcategories&post=688"},{"taxonomy":"post_tag","embeddable":true,"href":"http:\/\/my-alps.de\/index.php?rest_route=%2Fwp%2Fv2%2Ftags&post=688"}],"curies":[{"name":"wp","href":"https:\/\/api.w.org\/{rel}","templated":true}]}}