{"id":671,"date":"2014-02-09T00:09:27","date_gmt":"2014-02-08T23:09:27","guid":{"rendered":"http:\/\/my-alps.de\/?p=671"},"modified":"2014-02-09T23:21:42","modified_gmt":"2014-02-09T22:21:42","slug":"chillen-am-lago-roca","status":"publish","type":"post","link":"http:\/\/my-alps.de\/?p=671","title":{"rendered":"Nationalpark &#8222;Los Glacieres&#8220; &#8211; Gletscher &#8222;Perito Moreno&#8220;"},"content":{"rendered":"<p>Nachdem wir in Calafate das mit unserem Aussenspiegel soweit hingebogen,<br \/>\n(und unser abgestempeltes Formular abgeholt hatten)<br \/>\nsind wir zum Nationalpark &#8222;Los Glacieres&#8220; aufgebrochen.<br \/>\nIn diesem Nationalpark ist alles US &#8211; m\u00e4\u00dfig organisiert. Shuttelservice, Kiosk, Sanit\u00e4ranlagen und gef\u00fchlte 10 km Gitterroststeg durch die Natur, damit sich niemand verlaufen kann.<br \/>\nDer Gletscher &#8222;Perito Moreno&#8220; \u00fcberzeugt mit einer gewaltigen Abbruchkante (zwischen 60 und 80 m hoch) und unheimlichen Ger\u00e4uschen. Da es an diesem Tag relativ wenig Wind hatte konnte man das Knacken und Rumplen im Eis gut h\u00f6ren. Der Gletscher wirft dann mit richtigem Get\u00f6se seine Eismassen in&#8217;s Wasser. Die Touristen johlen und applaudieren dann wie bei der Landung des Charterfliegers auf Mallorca. Da ich schon einige Male \u00fcber bewegtes Eis gegangen bin war ich da schon etwas ehrfurchtsvoller &#8211; in diese Eismassen m\u00f6chte ich nicht hineinfallen!<br \/>\nDer Perito Moreno ist der einzige Gletscher der Welt der (zur Zeit noch) w\u00e4chst.<\/p>\n<div id=\"attachment_677\" style=\"width: 1034px\" class=\"wp-caption aligncenter\"><a href=\"https:\/\/i0.wp.com\/my-alps.de\/wp-content\/uploads\/2014\/02\/Panorama-Perito-Moreno.jpg\"><img aria-describedby=\"caption-attachment-677\" data-attachment-id=\"677\" data-permalink=\"http:\/\/my-alps.de\/?attachment_id=677\" data-orig-file=\"https:\/\/i0.wp.com\/my-alps.de\/wp-content\/uploads\/2014\/02\/Panorama-Perito-Moreno.jpg?fit=1024%2C358\" data-orig-size=\"1024,358\" data-comments-opened=\"1\" data-image-meta=\"{&quot;aperture&quot;:&quot;11&quot;,&quot;credit&quot;:&quot;&quot;,&quot;camera&quot;:&quot;SLT-A99V&quot;,&quot;caption&quot;:&quot;&quot;,&quot;created_timestamp&quot;:&quot;1391698796&quot;,&quot;copyright&quot;:&quot;&quot;,&quot;focal_length&quot;:&quot;12&quot;,&quot;iso&quot;:&quot;100&quot;,&quot;shutter_speed&quot;:&quot;0.0028571428571429&quot;,&quot;title&quot;:&quot;&quot;}\" data-image-title=\"Panorama Perito Moreno\" data-image-description=\"&lt;p&gt;Panorama Perito Moreno&lt;\/p&gt;\n\" data-image-caption=\"&lt;p&gt;Panorama Perito Moreno&lt;\/p&gt;\n\" data-medium-file=\"https:\/\/i0.wp.com\/my-alps.de\/wp-content\/uploads\/2014\/02\/Panorama-Perito-Moreno.jpg?fit=300%2C104\" data-large-file=\"https:\/\/i0.wp.com\/my-alps.de\/wp-content\/uploads\/2014\/02\/Panorama-Perito-Moreno.jpg?fit=625%2C219\" loading=\"lazy\" class=\"size-full wp-image-677\" alt=\"Panorama Perito Moreno\" src=\"https:\/\/i0.wp.com\/my-alps.de\/wp-content\/uploads\/2014\/02\/Panorama-Perito-Moreno.jpg?resize=625%2C219\" width=\"625\" height=\"219\" srcset=\"https:\/\/i0.wp.com\/my-alps.de\/wp-content\/uploads\/2014\/02\/Panorama-Perito-Moreno.jpg?w=1024 1024w, https:\/\/i0.wp.com\/my-alps.de\/wp-content\/uploads\/2014\/02\/Panorama-Perito-Moreno.jpg?resize=300%2C104 300w\" sizes=\"(max-width: 625px) 100vw, 625px\" data-recalc-dims=\"1\" \/><\/a><p id=\"caption-attachment-677\" class=\"wp-caption-text\">Panorama Perito Moreno<\/p><\/div>\n<p>Zum Gr\u00f6\u00dfenvergleich mal mit Menschen!<\/p>\n<div id=\"attachment_676\" style=\"width: 1034px\" class=\"wp-caption aligncenter\"><a href=\"https:\/\/i0.wp.com\/my-alps.de\/wp-content\/uploads\/2014\/02\/Gr\u00f6\u00dfenvergleich-HD.jpg\"><img aria-describedby=\"caption-attachment-676\" data-attachment-id=\"676\" data-permalink=\"http:\/\/my-alps.de\/?attachment_id=676\" data-orig-file=\"https:\/\/i0.wp.com\/my-alps.de\/wp-content\/uploads\/2014\/02\/Gr\u00f6\u00dfenvergleich-HD.jpg?fit=1024%2C576\" data-orig-size=\"1024,576\" data-comments-opened=\"1\" data-image-meta=\"{&quot;aperture&quot;:&quot;9.5&quot;,&quot;credit&quot;:&quot;&quot;,&quot;camera&quot;:&quot;SLT-A99V&quot;,&quot;caption&quot;:&quot;&quot;,&quot;created_timestamp&quot;:&quot;1391697886&quot;,&quot;copyright&quot;:&quot;&quot;,&quot;focal_length&quot;:&quot;70&quot;,&quot;iso&quot;:&quot;100&quot;,&quot;shutter_speed&quot;:&quot;0.0028571428571429&quot;,&quot;title&quot;:&quot;&quot;}\" data-image-title=\"Gr\u00f6\u00dfenvergleich &#8211; HD\" data-image-description=\"&lt;p&gt;Gr\u00f6\u00dfenvergleich&lt;\/p&gt;\n\" data-image-caption=\"&lt;p&gt;Gr\u00f6\u00dfenvergleich&lt;\/p&gt;\n\" data-medium-file=\"https:\/\/i0.wp.com\/my-alps.de\/wp-content\/uploads\/2014\/02\/Gr\u00f6\u00dfenvergleich-HD.jpg?fit=300%2C168\" data-large-file=\"https:\/\/i0.wp.com\/my-alps.de\/wp-content\/uploads\/2014\/02\/Gr\u00f6\u00dfenvergleich-HD.jpg?fit=625%2C352\" loading=\"lazy\" class=\"size-full wp-image-676\" alt=\"Gr\u00f6\u00dfenvergleich\" src=\"https:\/\/i0.wp.com\/my-alps.de\/wp-content\/uploads\/2014\/02\/Gr\u00f6\u00dfenvergleich-HD.jpg?resize=625%2C352\" width=\"625\" height=\"352\" srcset=\"https:\/\/i0.wp.com\/my-alps.de\/wp-content\/uploads\/2014\/02\/Gr\u00f6\u00dfenvergleich-HD.jpg?w=1024 1024w, https:\/\/i0.wp.com\/my-alps.de\/wp-content\/uploads\/2014\/02\/Gr\u00f6\u00dfenvergleich-HD.jpg?resize=300%2C168 300w\" sizes=\"(max-width: 625px) 100vw, 625px\" data-recalc-dims=\"1\" \/><\/a><p id=\"caption-attachment-676\" class=\"wp-caption-text\">Gr\u00f6\u00dfenvergleich<\/p><\/div>\n<p>Wir durften nat\u00fcrlich auch den Abbruch eines Serac&#8217;s beobachten &#8211; erst ein Knacken, dann ein Schnalzen und anschlie\u00dfend richtiges Get\u00f6se als der kleine Kirchturm im See versinkt.<\/p>\n<div id=\"attachment_678\" style=\"width: 1034px\" class=\"wp-caption aligncenter\"><a href=\"https:\/\/i0.wp.com\/my-alps.de\/wp-content\/uploads\/2014\/02\/Servus-Eiszacken-I.jpg\"><img aria-describedby=\"caption-attachment-678\" data-attachment-id=\"678\" data-permalink=\"http:\/\/my-alps.de\/?attachment_id=678\" data-orig-file=\"https:\/\/i0.wp.com\/my-alps.de\/wp-content\/uploads\/2014\/02\/Servus-Eiszacken-I.jpg?fit=1024%2C576\" data-orig-size=\"1024,576\" data-comments-opened=\"1\" data-image-meta=\"{&quot;aperture&quot;:&quot;9.5&quot;,&quot;credit&quot;:&quot;&quot;,&quot;camera&quot;:&quot;SLT-A99V&quot;,&quot;caption&quot;:&quot;&quot;,&quot;created_timestamp&quot;:&quot;1391698197&quot;,&quot;copyright&quot;:&quot;&quot;,&quot;focal_length&quot;:&quot;70&quot;,&quot;iso&quot;:&quot;100&quot;,&quot;shutter_speed&quot;:&quot;0.0028571428571429&quot;,&quot;title&quot;:&quot;&quot;}\" data-image-title=\"Servus &#8211; Eiszacken &#8211; I\" data-image-description=\"&lt;p&gt;Servus &#8211; Eiszacken &#8211; I&lt;\/p&gt;\n\" data-image-caption=\"&lt;p&gt;Servus &#8211; Eiszacken &#8211; I&lt;\/p&gt;\n\" data-medium-file=\"https:\/\/i0.wp.com\/my-alps.de\/wp-content\/uploads\/2014\/02\/Servus-Eiszacken-I.jpg?fit=300%2C168\" data-large-file=\"https:\/\/i0.wp.com\/my-alps.de\/wp-content\/uploads\/2014\/02\/Servus-Eiszacken-I.jpg?fit=625%2C352\" loading=\"lazy\" class=\"size-full wp-image-678\" alt=\"Servus - Eiszacken - I\" src=\"https:\/\/i0.wp.com\/my-alps.de\/wp-content\/uploads\/2014\/02\/Servus-Eiszacken-I.jpg?resize=625%2C352\" width=\"625\" height=\"352\" srcset=\"https:\/\/i0.wp.com\/my-alps.de\/wp-content\/uploads\/2014\/02\/Servus-Eiszacken-I.jpg?w=1024 1024w, https:\/\/i0.wp.com\/my-alps.de\/wp-content\/uploads\/2014\/02\/Servus-Eiszacken-I.jpg?resize=300%2C168 300w\" sizes=\"(max-width: 625px) 100vw, 625px\" data-recalc-dims=\"1\" \/><\/a><p id=\"caption-attachment-678\" class=\"wp-caption-text\">Servus &#8211; Eiszacken &#8211; I<\/p><\/div>\n<div id=\"attachment_679\" style=\"width: 1034px\" class=\"wp-caption aligncenter\"><a href=\"https:\/\/i0.wp.com\/my-alps.de\/wp-content\/uploads\/2014\/02\/Servus-Eiszacken-II.jpg\"><img aria-describedby=\"caption-attachment-679\" data-attachment-id=\"679\" data-permalink=\"http:\/\/my-alps.de\/?attachment_id=679\" data-orig-file=\"https:\/\/i0.wp.com\/my-alps.de\/wp-content\/uploads\/2014\/02\/Servus-Eiszacken-II.jpg?fit=1024%2C576\" data-orig-size=\"1024,576\" data-comments-opened=\"1\" data-image-meta=\"{&quot;aperture&quot;:&quot;9.5&quot;,&quot;credit&quot;:&quot;&quot;,&quot;camera&quot;:&quot;SLT-A99V&quot;,&quot;caption&quot;:&quot;&quot;,&quot;created_timestamp&quot;:&quot;1391698198&quot;,&quot;copyright&quot;:&quot;&quot;,&quot;focal_length&quot;:&quot;70&quot;,&quot;iso&quot;:&quot;100&quot;,&quot;shutter_speed&quot;:&quot;0.0028571428571429&quot;,&quot;title&quot;:&quot;&quot;}\" data-image-title=\"Servus &#8211; Eiszacken &#8211; II\" data-image-description=\"&lt;p&gt;Servus &#8211; Eiszacken &#8211; II&lt;\/p&gt;\n\" data-image-caption=\"&lt;p&gt;Servus &#8211; Eiszacken &#8211; II&lt;\/p&gt;\n\" data-medium-file=\"https:\/\/i0.wp.com\/my-alps.de\/wp-content\/uploads\/2014\/02\/Servus-Eiszacken-II.jpg?fit=300%2C168\" data-large-file=\"https:\/\/i0.wp.com\/my-alps.de\/wp-content\/uploads\/2014\/02\/Servus-Eiszacken-II.jpg?fit=625%2C352\" loading=\"lazy\" class=\"size-full wp-image-679\" alt=\"Servus - Eiszacken - II\" src=\"https:\/\/i0.wp.com\/my-alps.de\/wp-content\/uploads\/2014\/02\/Servus-Eiszacken-II.jpg?resize=625%2C352\" width=\"625\" height=\"352\" srcset=\"https:\/\/i0.wp.com\/my-alps.de\/wp-content\/uploads\/2014\/02\/Servus-Eiszacken-II.jpg?w=1024 1024w, https:\/\/i0.wp.com\/my-alps.de\/wp-content\/uploads\/2014\/02\/Servus-Eiszacken-II.jpg?resize=300%2C168 300w\" sizes=\"(max-width: 625px) 100vw, 625px\" data-recalc-dims=\"1\" \/><\/a><p id=\"caption-attachment-679\" class=\"wp-caption-text\">Servus &#8211; Eiszacken &#8211; II<\/p><\/div>\n<div id=\"attachment_680\" style=\"width: 1034px\" class=\"wp-caption aligncenter\"><a href=\"https:\/\/i0.wp.com\/my-alps.de\/wp-content\/uploads\/2014\/02\/Servus-Eiszacken-III.jpg\"><img aria-describedby=\"caption-attachment-680\" data-attachment-id=\"680\" data-permalink=\"http:\/\/my-alps.de\/?attachment_id=680\" data-orig-file=\"https:\/\/i0.wp.com\/my-alps.de\/wp-content\/uploads\/2014\/02\/Servus-Eiszacken-III.jpg?fit=1024%2C576\" data-orig-size=\"1024,576\" data-comments-opened=\"1\" data-image-meta=\"{&quot;aperture&quot;:&quot;9.5&quot;,&quot;credit&quot;:&quot;&quot;,&quot;camera&quot;:&quot;SLT-A99V&quot;,&quot;caption&quot;:&quot;&quot;,&quot;created_timestamp&quot;:&quot;1391698200&quot;,&quot;copyright&quot;:&quot;&quot;,&quot;focal_length&quot;:&quot;70&quot;,&quot;iso&quot;:&quot;100&quot;,&quot;shutter_speed&quot;:&quot;0.0028571428571429&quot;,&quot;title&quot;:&quot;&quot;}\" data-image-title=\"Servus &#8211; Eiszacken &#8211; III\" data-image-description=\"&lt;p&gt;Servus &#8211; Eiszacken &#8211; III&lt;\/p&gt;\n\" data-image-caption=\"&lt;p&gt;Servus &#8211; Eiszacken &#8211; III&lt;\/p&gt;\n\" data-medium-file=\"https:\/\/i0.wp.com\/my-alps.de\/wp-content\/uploads\/2014\/02\/Servus-Eiszacken-III.jpg?fit=300%2C168\" data-large-file=\"https:\/\/i0.wp.com\/my-alps.de\/wp-content\/uploads\/2014\/02\/Servus-Eiszacken-III.jpg?fit=625%2C352\" loading=\"lazy\" class=\"size-full wp-image-680\" alt=\"Servus - Eiszacken - III\" src=\"https:\/\/i0.wp.com\/my-alps.de\/wp-content\/uploads\/2014\/02\/Servus-Eiszacken-III.jpg?resize=625%2C352\" width=\"625\" height=\"352\" srcset=\"https:\/\/i0.wp.com\/my-alps.de\/wp-content\/uploads\/2014\/02\/Servus-Eiszacken-III.jpg?w=1024 1024w, https:\/\/i0.wp.com\/my-alps.de\/wp-content\/uploads\/2014\/02\/Servus-Eiszacken-III.jpg?resize=300%2C168 300w\" sizes=\"(max-width: 625px) 100vw, 625px\" data-recalc-dims=\"1\" \/><\/a><p id=\"caption-attachment-680\" class=\"wp-caption-text\">Servus &#8211; Eiszacken &#8211; III<\/p><\/div>\n<p>&nbsp;<\/p>\n<p>&nbsp;<\/p>\n","protected":false},"excerpt":{"rendered":"<p>Nachdem wir in Calafate das mit unserem Aussenspiegel soweit hingebogen, (und unser abgestempeltes Formular abgeholt hatten) sind wir zum Nationalpark &#8222;Los Glacieres&#8220; aufgebrochen. In diesem Nationalpark ist alles US &#8211; m\u00e4\u00dfig organisiert. Shuttelservice, Kiosk, Sanit\u00e4ranlagen und gef\u00fchlte 10 km Gitterroststeg durch die Natur, damit sich niemand verlaufen kann. Der Gletscher &#8222;Perito Moreno&#8220; \u00fcberzeugt mit einer [&hellip;]<\/p>\n","protected":false},"author":1,"featured_media":0,"comment_status":"open","ping_status":"open","sticky":false,"template":"","format":"gallery","meta":{"spay_email":"","jetpack_publicize_message":"","jetpack_is_tweetstorm":false,"jetpack_publicize_feature_enabled":true},"categories":[1],"tags":[],"jetpack_featured_media_url":"","jetpack_publicize_connections":[],"jetpack_sharing_enabled":true,"jetpack_shortlink":"https:\/\/wp.me\/p6huce-aP","jetpack-related-posts":[{"id":633,"url":"http:\/\/my-alps.de\/?p=633","url_meta":{"origin":671,"position":0},"title":"Nationalpark &#8222;Torres Del Paine&#8220; in Chile","date":"6. Februar 2014","format":"gallery","excerpt":"Unser erster Abstecher nach Chile hat uns von Punta Arenas \u00fcber Puerto Natales in den Nationalpark \u201eTorres Del Paine\u201c gef\u00fchrt. Die \u201eTorres Del Paine\u201c - auch bekannt als die \u201e3 Zinnen S\u00fcdamerikas\u201c sind gigantische Granitt\u00fcrme, jeder Zahn mit einer fast 1.000 Meter hohen Felswand. Glatt und abweisend. Da steht man\u2026","rel":"","context":"In &quot;News&quot;","img":{"alt_text":"","src":"https:\/\/i0.wp.com\/my-alps.de\/wp-content\/uploads\/2014\/02\/Torres-Del-Paine-im-ersten-Morgenlicht-HD.jpg?resize=350%2C200","width":350,"height":200},"classes":[]},{"id":682,"url":"http:\/\/my-alps.de\/?p=682","url_meta":{"origin":671,"position":1},"title":"Chillen am &#8222;Lago Roca&#8220;","date":"9. Februar 2014","format":"gallery","excerpt":"Nachdem wir den Gletscher ausgiebig beobachtet und in Ehrfurcht erstarrt waren - da mussten wir uns erst mal ein wenig erholen. Im Nationalpark, auf der anderen Seite des See's liegt ein wundersch\u00f6ner Campingplatz am Lago Roca. Hier gibt es warme Duschen - den ganzen Tag! Einen super Stellplatz f\u00fcr jeden\u2026","rel":"","context":"In &quot;News&quot;","img":{"alt_text":"","src":"https:\/\/i0.wp.com\/my-alps.de\/wp-content\/uploads\/2014\/02\/Lago-Roca-traumhafter-Stellplatz-HD.jpg?resize=350%2C200","width":350,"height":200},"classes":[]},{"id":806,"url":"http:\/\/my-alps.de\/?p=806","url_meta":{"origin":671,"position":2},"title":"Kalter Regenwald in Puyuhuapi","date":"10. M\u00e4rz 2014","format":"gallery","excerpt":"Hier in Chile gibt es in den Nationalparks \u201ekalten Regenwald\u201c, also richtigen, undurchdringlichen Dschungel. Nur das dieser Dschungel den riesigen Vorteil hat - es gibt so gut wie keine wilden Tiere darin! Man(n) kann also sch\u00f6n darin herumspazieren (wenn ein Pfad vorhanden ist) und sich die Sache mal n\u00e4her betrachten.\u2026","rel":"","context":"In &quot;News&quot;","img":{"alt_text":"","src":"https:\/\/i0.wp.com\/my-alps.de\/wp-content\/uploads\/2014\/03\/unsere-kleine-Farm-HD.jpg?resize=350%2C200","width":350,"height":200},"classes":[]},{"id":724,"url":"http:\/\/my-alps.de\/?p=724","url_meta":{"origin":671,"position":3},"title":"Von El Chalten auf der Ruta 40 nach Chile","date":"23. Februar 2014","format":"gallery","excerpt":"Nach einer wundersch\u00f6nen Woche ist es an der Zeit weiter zu fahren. Unserer Reise f\u00fchrt nun \u00fcber die legend\u00e4re Ruta 40 (auf der wir uns schon einige Zeit bewegen) Richtung Norden. Die Gegend hier ist gepr\u00e4gt von - na ja - nichts - es gibt hier eigentlich nichts ausser Landschaft\u2026","rel":"","context":"In &quot;News&quot;","img":{"alt_text":"Ruta 40","src":"https:\/\/i0.wp.com\/my-alps.de\/wp-content\/uploads\/2014\/02\/Ruta-40.jpg?resize=350%2C200","width":350,"height":200},"classes":[]},{"id":851,"url":"http:\/\/my-alps.de\/?p=851","url_meta":{"origin":671,"position":4},"title":"von Chaiten ans Ende der Carretera Austral","date":"19. M\u00e4rz 2014","format":"gallery","excerpt":"Wir sind jetzt fast 4 Wochen lang auf der Ruta 7, der Carretera Austral, aus dem S\u00fcden Chiles Richtung Norden gefahren. Der Eine oder Andere Abstecher hat der einsamen Stra\u00dfe noch etwas mehr Reiz beschert, als sie selbst schon besitzt. Doch jetzt ist es an der Zeit die Zivilisation mal\u2026","rel":"","context":"In &quot;News&quot;","img":{"alt_text":"","src":"https:\/\/i0.wp.com\/my-alps.de\/wp-content\/uploads\/2014\/03\/El-Cap-light-sw.jpg?resize=350%2C200","width":350,"height":200},"classes":[]},{"id":1091,"url":"http:\/\/my-alps.de\/?p=1091","url_meta":{"origin":671,"position":5},"title":"Weckruf der Mapuche Indianer","date":"4. Mai 2014","format":"gallery","excerpt":"Unser Camp am Rio Malleo, irgendwo im nirgendwo, auf dem Weg zum Vulkan Lanin lag in der N\u00e4he einer Mapuche Siedlung. Wir hatten die Schilder bei der Hin- und R\u00fcckfahrt bemerkt. Da f\u00fcr den 01. Mai sch\u00f6nes Wetter angesagt war, wollten wir den Nationalpark \u201eVolkan Lanin\u201c besuchen. Tja. wie schon\u2026","rel":"","context":"In &quot;unter uns&quot;","img":{"alt_text":"","src":"","width":0,"height":0},"classes":[]}],"_links":{"self":[{"href":"http:\/\/my-alps.de\/index.php?rest_route=\/wp\/v2\/posts\/671"}],"collection":[{"href":"http:\/\/my-alps.de\/index.php?rest_route=\/wp\/v2\/posts"}],"about":[{"href":"http:\/\/my-alps.de\/index.php?rest_route=\/wp\/v2\/types\/post"}],"author":[{"embeddable":true,"href":"http:\/\/my-alps.de\/index.php?rest_route=\/wp\/v2\/users\/1"}],"replies":[{"embeddable":true,"href":"http:\/\/my-alps.de\/index.php?rest_route=%2Fwp%2Fv2%2Fcomments&post=671"}],"version-history":[{"count":3,"href":"http:\/\/my-alps.de\/index.php?rest_route=\/wp\/v2\/posts\/671\/revisions"}],"predecessor-version":[{"id":681,"href":"http:\/\/my-alps.de\/index.php?rest_route=\/wp\/v2\/posts\/671\/revisions\/681"}],"wp:attachment":[{"href":"http:\/\/my-alps.de\/index.php?rest_route=%2Fwp%2Fv2%2Fmedia&parent=671"}],"wp:term":[{"taxonomy":"category","embeddable":true,"href":"http:\/\/my-alps.de\/index.php?rest_route=%2Fwp%2Fv2%2Fcategories&post=671"},{"taxonomy":"post_tag","embeddable":true,"href":"http:\/\/my-alps.de\/index.php?rest_route=%2Fwp%2Fv2%2Ftags&post=671"}],"curies":[{"name":"wp","href":"https:\/\/api.w.org\/{rel}","templated":true}]}}