{"id":650,"date":"2014-02-06T15:51:16","date_gmt":"2014-02-06T14:51:16","guid":{"rendered":"http:\/\/my-alps.de\/?p=650"},"modified":"2014-02-06T15:51:16","modified_gmt":"2014-02-06T14:51:16","slug":"halbwertszeit-unseres-aussenspiegels-auf-der-fahrerseite","status":"publish","type":"post","link":"http:\/\/my-alps.de\/?p=650","title":{"rendered":"Halbwertszeit unseres Aussenspiegels auf der Fahrerseite"},"content":{"rendered":"<p>Tja &#8211; und es hat mal wieder &#8222;boom&#8220; gemacht.<br \/>\nDie Halbwertszeit unseres linken Aussenspiegels sinkt bedenklich gegen 1\/4 Jahr.<br \/>\nErst drei Tage vor der Abfahrt &#8211; und jetzt schon wieder.<br \/>\nDa h\u00e4ngen die Reste traurig herum. Doch der Fahrer hat seine Telefonnummer unter den Scheibenwischer geklemmt. Als wir zur\u00fcckkommen denke ich zuerst &#8211; hey eine Nachricht von unserer Mitreisenden auf dem Schiff, die unser WOMO haben stehen sehen &#8211; dann als ich mir den Zettel ansehe &#8211; kommt mir das doch buchst\u00e4blich recht spanisch vor &#8211; und dann sehe ich die Reste des Spiegels auf der Stra\u00dfe liegen.<br \/>\nZum Gl\u00fcck sind gerade zwei Polizisten auf Streife an unserem WOMO vorbeigegangen und kommen uns zu Hilfe &#8211; die rufen gleich einen Sicherheitstransport f\u00fcr uns &#8211; geht ja nicht das wir OHNE Spiegel selber fahren &#8211; also mit Blaulicht zur Polizeistation.<br \/>\nDort rufen die Kommissare Chich und Chong den \u00dcbelt\u00e4ter gleich an. Der erscheint auch nach einer halben Stunde auf der Wache. Er f\u00e4hrt f\u00fcr eine Estancia und alles ist versichert. Versichert er uns! Na ja &#8211; es wird ein Protokoll aufgenommen und dreifach ausgedruckt &#8211; wir k\u00f6nnen es am n\u00e4chsten Tag unterschrieben und abgestempelt wieder abholen.<\/p>\n<div id=\"attachment_651\" style=\"width: 310px\" class=\"wp-caption aligncenter\"><a href=\"https:\/\/i0.wp.com\/my-alps.de\/wp-content\/uploads\/2014\/02\/Projekt-neuer-Spiegel-1.jpg\"><img aria-describedby=\"caption-attachment-651\" data-attachment-id=\"651\" data-permalink=\"http:\/\/my-alps.de\/?attachment_id=651\" data-orig-file=\"https:\/\/i0.wp.com\/my-alps.de\/wp-content\/uploads\/2014\/02\/Projekt-neuer-Spiegel-1.jpg?fit=1024%2C768\" data-orig-size=\"1024,768\" data-comments-opened=\"1\" data-image-meta=\"{&quot;aperture&quot;:&quot;5.6&quot;,&quot;credit&quot;:&quot;&quot;,&quot;camera&quot;:&quot;DSC-RX100&quot;,&quot;caption&quot;:&quot;&quot;,&quot;created_timestamp&quot;:&quot;1391634856&quot;,&quot;copyright&quot;:&quot;&quot;,&quot;focal_length&quot;:&quot;10.4&quot;,&quot;iso&quot;:&quot;125&quot;,&quot;shutter_speed&quot;:&quot;0.00625&quot;,&quot;title&quot;:&quot;&quot;}\" data-image-title=\"Projekt- neuer Spiegel-1\" data-image-description=\"&lt;p&gt;Projekt- neuer Spiegel-1&lt;\/p&gt;\n\" data-image-caption=\"&lt;p&gt;Projekt- neuer Spiegel-1&lt;\/p&gt;\n\" data-medium-file=\"https:\/\/i0.wp.com\/my-alps.de\/wp-content\/uploads\/2014\/02\/Projekt-neuer-Spiegel-1.jpg?fit=300%2C225\" data-large-file=\"https:\/\/i0.wp.com\/my-alps.de\/wp-content\/uploads\/2014\/02\/Projekt-neuer-Spiegel-1.jpg?fit=625%2C469\" loading=\"lazy\" class=\"size-medium wp-image-651\" alt=\"Projekt- neuer Spiegel-1\" src=\"https:\/\/i0.wp.com\/my-alps.de\/wp-content\/uploads\/2014\/02\/Projekt-neuer-Spiegel-1.jpg?resize=300%2C225\" width=\"300\" height=\"225\" srcset=\"https:\/\/i0.wp.com\/my-alps.de\/wp-content\/uploads\/2014\/02\/Projekt-neuer-Spiegel-1.jpg?resize=300%2C225 300w, https:\/\/i0.wp.com\/my-alps.de\/wp-content\/uploads\/2014\/02\/Projekt-neuer-Spiegel-1.jpg?w=1024 1024w\" sizes=\"(max-width: 300px) 100vw, 300px\" data-recalc-dims=\"1\" \/><\/a><p id=\"caption-attachment-651\" class=\"wp-caption-text\">Projekt- neuer Spiegel-1<\/p><\/div>\n<p>Jetzt bekomme mal hier in El Calafate einen passenden Spiegel f\u00fcr einen T5 &#8211; der Polizeischutz hat n\u00e4mlich nur zum hinfahren gereicht &#8211; dann kann man auch ohne Spiegel weiterfahren.<\/p>\n<div id=\"attachment_652\" style=\"width: 310px\" class=\"wp-caption aligncenter\"><a href=\"https:\/\/i0.wp.com\/my-alps.de\/wp-content\/uploads\/2014\/02\/Projekt-neuer-Spiegel-2.jpg\"><img aria-describedby=\"caption-attachment-652\" data-attachment-id=\"652\" data-permalink=\"http:\/\/my-alps.de\/?attachment_id=652\" data-orig-file=\"https:\/\/i0.wp.com\/my-alps.de\/wp-content\/uploads\/2014\/02\/Projekt-neuer-Spiegel-2.jpg?fit=1024%2C768\" data-orig-size=\"1024,768\" data-comments-opened=\"1\" data-image-meta=\"{&quot;aperture&quot;:&quot;5.6&quot;,&quot;credit&quot;:&quot;&quot;,&quot;camera&quot;:&quot;DSC-RX100&quot;,&quot;caption&quot;:&quot;&quot;,&quot;created_timestamp&quot;:&quot;1391634869&quot;,&quot;copyright&quot;:&quot;&quot;,&quot;focal_length&quot;:&quot;10.4&quot;,&quot;iso&quot;:&quot;125&quot;,&quot;shutter_speed&quot;:&quot;0.00625&quot;,&quot;title&quot;:&quot;&quot;}\" data-image-title=\"Projekt- neuer Spiegel-2\" data-image-description=\"&lt;p&gt;Projekt- neuer Spiegel-2&lt;\/p&gt;\n\" data-image-caption=\"&lt;p&gt;Projekt- neuer Spiegel-2&lt;\/p&gt;\n\" data-medium-file=\"https:\/\/i0.wp.com\/my-alps.de\/wp-content\/uploads\/2014\/02\/Projekt-neuer-Spiegel-2.jpg?fit=300%2C225\" data-large-file=\"https:\/\/i0.wp.com\/my-alps.de\/wp-content\/uploads\/2014\/02\/Projekt-neuer-Spiegel-2.jpg?fit=625%2C469\" loading=\"lazy\" class=\"size-medium wp-image-652\" alt=\"Projekt- neuer Spiegel-2\" src=\"https:\/\/i0.wp.com\/my-alps.de\/wp-content\/uploads\/2014\/02\/Projekt-neuer-Spiegel-2.jpg?resize=300%2C225\" width=\"300\" height=\"225\" srcset=\"https:\/\/i0.wp.com\/my-alps.de\/wp-content\/uploads\/2014\/02\/Projekt-neuer-Spiegel-2.jpg?resize=300%2C225 300w, https:\/\/i0.wp.com\/my-alps.de\/wp-content\/uploads\/2014\/02\/Projekt-neuer-Spiegel-2.jpg?w=1024 1024w\" sizes=\"(max-width: 300px) 100vw, 300px\" data-recalc-dims=\"1\" \/><\/a><p id=\"caption-attachment-652\" class=\"wp-caption-text\">Projekt- neuer Spiegel-2<\/p><\/div>\n<p>Wir also &#8211; in den n\u00e4chsten Baumarkt und ein Projekt gestartet:<br \/>\nHeute bauen wir einen neuen Spiegel &#8211; zugeschaut und mitgebaut!<\/p>\n<p>Ausgangssituation:<\/p>\n<div id=\"attachment_654\" style=\"width: 310px\" class=\"wp-caption aligncenter\"><a href=\"https:\/\/i0.wp.com\/my-alps.de\/wp-content\/uploads\/2014\/02\/Projekt-neuer-Spiegel-4.jpg\"><img aria-describedby=\"caption-attachment-654\" data-attachment-id=\"654\" data-permalink=\"http:\/\/my-alps.de\/?attachment_id=654\" data-orig-file=\"https:\/\/i0.wp.com\/my-alps.de\/wp-content\/uploads\/2014\/02\/Projekt-neuer-Spiegel-4.jpg?fit=1024%2C768\" data-orig-size=\"1024,768\" data-comments-opened=\"1\" data-image-meta=\"{&quot;aperture&quot;:&quot;3.5&quot;,&quot;credit&quot;:&quot;&quot;,&quot;camera&quot;:&quot;DSC-RX100&quot;,&quot;caption&quot;:&quot;&quot;,&quot;created_timestamp&quot;:&quot;1391635149&quot;,&quot;copyright&quot;:&quot;&quot;,&quot;focal_length&quot;:&quot;10.4&quot;,&quot;iso&quot;:&quot;125&quot;,&quot;shutter_speed&quot;:&quot;0.01&quot;,&quot;title&quot;:&quot;&quot;}\" data-image-title=\"Projekt- neuer Spiegel-4\" data-image-description=\"&lt;p&gt;Projekt- neuer Spiegel-4&lt;\/p&gt;\n\" data-image-caption=\"&lt;p&gt;Projekt- neuer Spiegel-4&lt;\/p&gt;\n\" data-medium-file=\"https:\/\/i0.wp.com\/my-alps.de\/wp-content\/uploads\/2014\/02\/Projekt-neuer-Spiegel-4.jpg?fit=300%2C225\" data-large-file=\"https:\/\/i0.wp.com\/my-alps.de\/wp-content\/uploads\/2014\/02\/Projekt-neuer-Spiegel-4.jpg?fit=625%2C469\" loading=\"lazy\" class=\"size-medium wp-image-654\" alt=\"Projekt- neuer Spiegel-4\" src=\"https:\/\/i0.wp.com\/my-alps.de\/wp-content\/uploads\/2014\/02\/Projekt-neuer-Spiegel-4.jpg?resize=300%2C225\" width=\"300\" height=\"225\" srcset=\"https:\/\/i0.wp.com\/my-alps.de\/wp-content\/uploads\/2014\/02\/Projekt-neuer-Spiegel-4.jpg?resize=300%2C225 300w, https:\/\/i0.wp.com\/my-alps.de\/wp-content\/uploads\/2014\/02\/Projekt-neuer-Spiegel-4.jpg?w=1024 1024w\" sizes=\"(max-width: 300px) 100vw, 300px\" data-recalc-dims=\"1\" \/><\/a><p id=\"caption-attachment-654\" class=\"wp-caption-text\">Projekt- neuer Spiegel-4<\/p><\/div>\n<p>Man braucht:<br \/>\n&#8211; erst mal genug Tape,<br \/>\n&#8211; dann einen Kinderspiegel zum aufkleben &#8211; unsere Wahl f\u00e4llt auf &#8222;Schneemann&#8220; &#8211; &#8222;Pinguin&#8220;war leider nicht mehr verf\u00fcgbar.<br \/>\n&#8211; und dann noch einen kleinen Zauberspiegel f\u00fcr die Rundumsicht.<\/p>\n<div id=\"attachment_655\" style=\"width: 310px\" class=\"wp-caption aligncenter\"><a href=\"https:\/\/i0.wp.com\/my-alps.de\/wp-content\/uploads\/2014\/02\/Projekt-neuer-Spiegel-5.jpg\"><img aria-describedby=\"caption-attachment-655\" data-attachment-id=\"655\" data-permalink=\"http:\/\/my-alps.de\/?attachment_id=655\" data-orig-file=\"https:\/\/i0.wp.com\/my-alps.de\/wp-content\/uploads\/2014\/02\/Projekt-neuer-Spiegel-5.jpg?fit=1024%2C768\" data-orig-size=\"1024,768\" data-comments-opened=\"1\" data-image-meta=\"{&quot;aperture&quot;:&quot;4&quot;,&quot;credit&quot;:&quot;&quot;,&quot;camera&quot;:&quot;DSC-RX100&quot;,&quot;caption&quot;:&quot;&quot;,&quot;created_timestamp&quot;:&quot;1391635210&quot;,&quot;copyright&quot;:&quot;&quot;,&quot;focal_length&quot;:&quot;10.4&quot;,&quot;iso&quot;:&quot;125&quot;,&quot;shutter_speed&quot;:&quot;0.01&quot;,&quot;title&quot;:&quot;&quot;}\" data-image-title=\"Projekt- neuer Spiegel-5\" data-image-description=\"&lt;p&gt;Projekt- neuer Spiegel-5&lt;\/p&gt;\n\" data-image-caption=\"&lt;p&gt;Projekt- neuer Spiegel-5&lt;\/p&gt;\n\" data-medium-file=\"https:\/\/i0.wp.com\/my-alps.de\/wp-content\/uploads\/2014\/02\/Projekt-neuer-Spiegel-5.jpg?fit=300%2C225\" data-large-file=\"https:\/\/i0.wp.com\/my-alps.de\/wp-content\/uploads\/2014\/02\/Projekt-neuer-Spiegel-5.jpg?fit=625%2C469\" loading=\"lazy\" class=\"size-medium wp-image-655\" alt=\"Projekt- neuer Spiegel-5\" src=\"https:\/\/i0.wp.com\/my-alps.de\/wp-content\/uploads\/2014\/02\/Projekt-neuer-Spiegel-5.jpg?resize=300%2C225\" width=\"300\" height=\"225\" srcset=\"https:\/\/i0.wp.com\/my-alps.de\/wp-content\/uploads\/2014\/02\/Projekt-neuer-Spiegel-5.jpg?resize=300%2C225 300w, https:\/\/i0.wp.com\/my-alps.de\/wp-content\/uploads\/2014\/02\/Projekt-neuer-Spiegel-5.jpg?w=1024 1024w\" sizes=\"(max-width: 300px) 100vw, 300px\" data-recalc-dims=\"1\" \/><\/a><p id=\"caption-attachment-655\" class=\"wp-caption-text\">Projekt- neuer Spiegel-5<\/p><\/div>\n<p>einen Bastler:<\/p>\n<div id=\"attachment_658\" style=\"width: 310px\" class=\"wp-caption aligncenter\"><a href=\"https:\/\/i0.wp.com\/my-alps.de\/wp-content\/uploads\/2014\/02\/Projekt-neuer-Spiegel-8.jpg\"><img aria-describedby=\"caption-attachment-658\" data-attachment-id=\"658\" data-permalink=\"http:\/\/my-alps.de\/?attachment_id=658\" data-orig-file=\"https:\/\/i0.wp.com\/my-alps.de\/wp-content\/uploads\/2014\/02\/Projekt-neuer-Spiegel-8.jpg?fit=1024%2C768\" data-orig-size=\"1024,768\" data-comments-opened=\"1\" data-image-meta=\"{&quot;aperture&quot;:&quot;4.5&quot;,&quot;credit&quot;:&quot;&quot;,&quot;camera&quot;:&quot;DSC-RX100&quot;,&quot;caption&quot;:&quot;&quot;,&quot;created_timestamp&quot;:&quot;1391636063&quot;,&quot;copyright&quot;:&quot;&quot;,&quot;focal_length&quot;:&quot;10.4&quot;,&quot;iso&quot;:&quot;125&quot;,&quot;shutter_speed&quot;:&quot;0.01&quot;,&quot;title&quot;:&quot;&quot;}\" data-image-title=\"Projekt- neuer Spiegel-8\" data-image-description=\"&lt;p&gt;Projekt- neuer Spiegel-8&lt;\/p&gt;\n\" data-image-caption=\"&lt;p&gt;Projekt- neuer Spiegel-8&lt;\/p&gt;\n\" data-medium-file=\"https:\/\/i0.wp.com\/my-alps.de\/wp-content\/uploads\/2014\/02\/Projekt-neuer-Spiegel-8.jpg?fit=300%2C225\" data-large-file=\"https:\/\/i0.wp.com\/my-alps.de\/wp-content\/uploads\/2014\/02\/Projekt-neuer-Spiegel-8.jpg?fit=625%2C469\" loading=\"lazy\" class=\"size-medium wp-image-658\" alt=\"Projekt- neuer Spiegel-8\" src=\"https:\/\/i0.wp.com\/my-alps.de\/wp-content\/uploads\/2014\/02\/Projekt-neuer-Spiegel-8.jpg?resize=300%2C225\" width=\"300\" height=\"225\" srcset=\"https:\/\/i0.wp.com\/my-alps.de\/wp-content\/uploads\/2014\/02\/Projekt-neuer-Spiegel-8.jpg?resize=300%2C225 300w, https:\/\/i0.wp.com\/my-alps.de\/wp-content\/uploads\/2014\/02\/Projekt-neuer-Spiegel-8.jpg?w=1024 1024w\" sizes=\"(max-width: 300px) 100vw, 300px\" data-recalc-dims=\"1\" \/><\/a><p id=\"caption-attachment-658\" class=\"wp-caption-text\">Projekt- neuer Spiegel-8<\/p><\/div>\n<p>und das Ergebnis:<\/p>\n<div id=\"attachment_657\" style=\"width: 310px\" class=\"wp-caption aligncenter\"><a href=\"https:\/\/i0.wp.com\/my-alps.de\/wp-content\/uploads\/2014\/02\/Projekt-neuer-Spiegel-7.jpg\"><img aria-describedby=\"caption-attachment-657\" data-attachment-id=\"657\" data-permalink=\"http:\/\/my-alps.de\/?attachment_id=657\" data-orig-file=\"https:\/\/i0.wp.com\/my-alps.de\/wp-content\/uploads\/2014\/02\/Projekt-neuer-Spiegel-7.jpg?fit=1024%2C768\" data-orig-size=\"1024,768\" data-comments-opened=\"1\" data-image-meta=\"{&quot;aperture&quot;:&quot;4&quot;,&quot;credit&quot;:&quot;&quot;,&quot;camera&quot;:&quot;DSC-RX100&quot;,&quot;caption&quot;:&quot;&quot;,&quot;created_timestamp&quot;:&quot;1391636035&quot;,&quot;copyright&quot;:&quot;&quot;,&quot;focal_length&quot;:&quot;10.4&quot;,&quot;iso&quot;:&quot;160&quot;,&quot;shutter_speed&quot;:&quot;0.008&quot;,&quot;title&quot;:&quot;&quot;}\" data-image-title=\"Projekt- neuer Spiegel-7\" data-image-description=\"&lt;p&gt;Projekt- neuer Spiegel-7&lt;\/p&gt;\n\" data-image-caption=\"&lt;p&gt;Projekt- neuer Spiegel-7&lt;\/p&gt;\n\" data-medium-file=\"https:\/\/i0.wp.com\/my-alps.de\/wp-content\/uploads\/2014\/02\/Projekt-neuer-Spiegel-7.jpg?fit=300%2C225\" data-large-file=\"https:\/\/i0.wp.com\/my-alps.de\/wp-content\/uploads\/2014\/02\/Projekt-neuer-Spiegel-7.jpg?fit=625%2C469\" loading=\"lazy\" class=\"size-medium wp-image-657\" alt=\"Projekt- neuer Spiegel-7\" src=\"https:\/\/i0.wp.com\/my-alps.de\/wp-content\/uploads\/2014\/02\/Projekt-neuer-Spiegel-7.jpg?resize=300%2C225\" width=\"300\" height=\"225\" srcset=\"https:\/\/i0.wp.com\/my-alps.de\/wp-content\/uploads\/2014\/02\/Projekt-neuer-Spiegel-7.jpg?resize=300%2C225 300w, https:\/\/i0.wp.com\/my-alps.de\/wp-content\/uploads\/2014\/02\/Projekt-neuer-Spiegel-7.jpg?w=1024 1024w\" sizes=\"(max-width: 300px) 100vw, 300px\" data-recalc-dims=\"1\" \/><\/a><p id=\"caption-attachment-657\" class=\"wp-caption-text\">Projekt- neuer Spiegel-7<\/p><\/div>\n<p>&#8211; funktioniert bestens &#8211; sogar die elektrische Verstellung<\/p>\n<div id=\"attachment_662\" style=\"width: 235px\" class=\"wp-caption aligncenter\"><a href=\"https:\/\/i0.wp.com\/my-alps.de\/wp-content\/uploads\/2014\/02\/Projekt-neuer-Spiegel-12.jpg\"><img aria-describedby=\"caption-attachment-662\" data-attachment-id=\"662\" data-permalink=\"http:\/\/my-alps.de\/?attachment_id=662\" data-orig-file=\"https:\/\/i0.wp.com\/my-alps.de\/wp-content\/uploads\/2014\/02\/Projekt-neuer-Spiegel-12.jpg?fit=768%2C1024\" data-orig-size=\"768,1024\" data-comments-opened=\"1\" data-image-meta=\"{&quot;aperture&quot;:&quot;5.6&quot;,&quot;credit&quot;:&quot;&quot;,&quot;camera&quot;:&quot;DSC-RX100&quot;,&quot;caption&quot;:&quot;&quot;,&quot;created_timestamp&quot;:&quot;1391637319&quot;,&quot;copyright&quot;:&quot;&quot;,&quot;focal_length&quot;:&quot;10.4&quot;,&quot;iso&quot;:&quot;125&quot;,&quot;shutter_speed&quot;:&quot;0.00625&quot;,&quot;title&quot;:&quot;&quot;}\" data-image-title=\"Projekt- neuer Spiegel-12\" data-image-description=\"&lt;p&gt;Projekt- neuer Spiegel-12&lt;\/p&gt;\n\" data-image-caption=\"&lt;p&gt;Projekt- neuer Spiegel-12&lt;\/p&gt;\n\" data-medium-file=\"https:\/\/i0.wp.com\/my-alps.de\/wp-content\/uploads\/2014\/02\/Projekt-neuer-Spiegel-12.jpg?fit=225%2C300\" data-large-file=\"https:\/\/i0.wp.com\/my-alps.de\/wp-content\/uploads\/2014\/02\/Projekt-neuer-Spiegel-12.jpg?fit=625%2C833\" loading=\"lazy\" class=\"size-medium wp-image-662\" alt=\"Projekt- neuer Spiegel-12\" src=\"https:\/\/i0.wp.com\/my-alps.de\/wp-content\/uploads\/2014\/02\/Projekt-neuer-Spiegel-12.jpg?resize=225%2C300\" width=\"225\" height=\"300\" srcset=\"https:\/\/i0.wp.com\/my-alps.de\/wp-content\/uploads\/2014\/02\/Projekt-neuer-Spiegel-12.jpg?resize=225%2C300 225w, https:\/\/i0.wp.com\/my-alps.de\/wp-content\/uploads\/2014\/02\/Projekt-neuer-Spiegel-12.jpg?w=768 768w\" sizes=\"(max-width: 225px) 100vw, 225px\" data-recalc-dims=\"1\" \/><\/a><p id=\"caption-attachment-662\" class=\"wp-caption-text\">Projekt- neuer Spiegel-12<\/p><\/div>\n<p>(auf das Modul &#8222;Heizen&#8220; m\u00fcssen wir leider verzichten)<\/p>\n","protected":false},"excerpt":{"rendered":"<p>Tja &#8211; und es hat mal wieder &#8222;boom&#8220; gemacht. Die Halbwertszeit unseres linken Aussenspiegels sinkt bedenklich gegen 1\/4 Jahr. Erst drei Tage vor der Abfahrt &#8211; und jetzt schon wieder. Da h\u00e4ngen die Reste traurig herum. Doch der Fahrer hat seine Telefonnummer unter den Scheibenwischer geklemmt. Als wir zur\u00fcckkommen denke ich zuerst &#8211; hey eine [&hellip;]<\/p>\n","protected":false},"author":1,"featured_media":0,"comment_status":"open","ping_status":"open","sticky":false,"template":"","format":"gallery","meta":{"spay_email":"","jetpack_publicize_message":"","jetpack_is_tweetstorm":false,"jetpack_publicize_feature_enabled":true},"categories":[8],"tags":[],"jetpack_featured_media_url":"","jetpack_publicize_connections":[],"jetpack_sharing_enabled":true,"jetpack_shortlink":"https:\/\/wp.me\/p6huce-au","jetpack-related-posts":[{"id":1182,"url":"http:\/\/my-alps.de\/?p=1182","url_meta":{"origin":650,"position":0},"title":"\u2026.immer diese Grenzer!","date":"4. Juni 2014","format":"gallery","excerpt":"Als Angeh\u00f6riger des Schengener Abkommens ist einem der Umgang bei der Grenzabfertigung etwas abhanden gekommen. So haben wir uns bei der \u00dcberquerung der Grenze von Chile nach Argentinien am \u201ePaso Cristo Redentor\u201c von einen netten Herrn erst mal an der falschen Zollstelle anstellen lassen. Die Dame am Zoll hat flei\u00dfig\u2026","rel":"","context":"In &quot;News&quot;","img":{"alt_text":"","src":"https:\/\/i0.wp.com\/my-alps.de\/wp-content\/uploads\/2014\/06\/Via-PanAm-Argentinien.jpg?resize=350%2C200","width":350,"height":200},"classes":[]},{"id":1091,"url":"http:\/\/my-alps.de\/?p=1091","url_meta":{"origin":650,"position":1},"title":"Weckruf der Mapuche Indianer","date":"4. Mai 2014","format":"gallery","excerpt":"Unser Camp am Rio Malleo, irgendwo im nirgendwo, auf dem Weg zum Vulkan Lanin lag in der N\u00e4he einer Mapuche Siedlung. Wir hatten die Schilder bei der Hin- und R\u00fcckfahrt bemerkt. Da f\u00fcr den 01. Mai sch\u00f6nes Wetter angesagt war, wollten wir den Nationalpark \u201eVolkan Lanin\u201c besuchen. Tja. wie schon\u2026","rel":"","context":"In &quot;unter uns&quot;","img":{"alt_text":"","src":"","width":0,"height":0},"classes":[]},{"id":1598,"url":"http:\/\/my-alps.de\/?p=1598","url_meta":{"origin":650,"position":2},"title":"Einreiseformalit\u00e4ten","date":"11. September 2014","format":"gallery","excerpt":"Nachdem unsere \u201eTraumstra\u00dfe\u201c wieder einer normalen\u00a0Stra\u00dfe durch ganz normales Peru gewichen ist, fahren\u00a0wir \u00fcber Jaen und St. Ignazio in Richtung Grenze nach Ecuador. Die Stra\u00dfe ist asphaltiert und gut ausgebaut, es herrscht kaum Verkehr, lediglich in den Orten und den beiden St\u00e4dten das \u00fcbliche Chaos an Taxis, Tuk-Tuk\u2019s und Ochsenkarren.\u2026","rel":"","context":"In &quot;News&quot;","img":{"alt_text":"","src":"https:\/\/i0.wp.com\/my-alps.de\/wp-content\/uploads\/2014\/09\/Grenze-Ecuador.jpg?resize=350%2C200","width":350,"height":200},"classes":[]},{"id":883,"url":"http:\/\/my-alps.de\/?p=883","url_meta":{"origin":650,"position":3},"title":"Insel Chiloe\u2019","date":"26. M\u00e4rz 2014","format":"gallery","excerpt":"Die Insel Chiloe\u2019 ist von Puerto Montt auf einer gut ausgebauten Autobahn in ca. 1 1\/2 Stunden Fahrt zu erreichen. \u00dcber die Meerenge zwischen dem Festland und der Insel wird (wie in Chile \u00fcblich) mit einer offenen F\u00e4hre \u00fcbergesetzt. Die Fahrtzeit betr\u00e4gt etwa eine halbe Stunde und kostet f\u00fcr unser\u2026","rel":"","context":"In &quot;News&quot;","img":{"alt_text":"","src":"https:\/\/i0.wp.com\/my-alps.de\/wp-content\/uploads\/2014\/03\/wir-sind-auf.....jpg?resize=350%2C200","width":350,"height":200},"classes":[]},{"id":1149,"url":"http:\/\/my-alps.de\/?p=1149","url_meta":{"origin":650,"position":4},"title":"Schlaf &#8211; St\u00f6rung","date":"19. Mai 2014","format":"gallery","excerpt":"Wenn man so auf Reisen ist, dann stellt sich jeden Tag, \u2028an dem man unterwegs ist, das gleiche Problem: Einen ruhigen und sicheren \u00dcbernachtungsplatz zu finden. Nun haben wir im letzten halben Jahr schon viele Pl\u00e4tze gefunden an denen wir \u00fcbernachtet haben. Mal mehr oder weniger ruhig,\u2028Angst hatten wir (fast)\u2026","rel":"","context":"In &quot;News&quot;","img":{"alt_text":"","src":"","width":0,"height":0},"classes":[]},{"id":1491,"url":"http:\/\/my-alps.de\/?p=1491","url_meta":{"origin":650,"position":5},"title":"Die Grabt\u00fcrme von Sillustani","date":"12. August 2014","format":"gallery","excerpt":"Auf dem Weg zur Stra\u00dfe nach Cusco kommen wir wieder recht nahe am Titikakasee vorbei, und so machen wir einen kurzen Abstecher \u00fcber Juliaca, der wohl chaotischsten Stadt in ganz Peru, zu den Grabt\u00fcrmen von Sillustani. Aber erst mal Juliaca - Verkehrschaos pur. Diese Stadt ist ein, ja was eigentlich?\u2026","rel":"","context":"In &quot;News&quot;","img":{"alt_text":"","src":"https:\/\/i0.wp.com\/my-alps.de\/wp-content\/uploads\/2014\/08\/Chaos-in-Juliaca-5.jpg?resize=350%2C200","width":350,"height":200},"classes":[]}],"_links":{"self":[{"href":"http:\/\/my-alps.de\/index.php?rest_route=\/wp\/v2\/posts\/650"}],"collection":[{"href":"http:\/\/my-alps.de\/index.php?rest_route=\/wp\/v2\/posts"}],"about":[{"href":"http:\/\/my-alps.de\/index.php?rest_route=\/wp\/v2\/types\/post"}],"author":[{"embeddable":true,"href":"http:\/\/my-alps.de\/index.php?rest_route=\/wp\/v2\/users\/1"}],"replies":[{"embeddable":true,"href":"http:\/\/my-alps.de\/index.php?rest_route=%2Fwp%2Fv2%2Fcomments&post=650"}],"version-history":[{"count":1,"href":"http:\/\/my-alps.de\/index.php?rest_route=\/wp\/v2\/posts\/650\/revisions"}],"predecessor-version":[{"id":663,"href":"http:\/\/my-alps.de\/index.php?rest_route=\/wp\/v2\/posts\/650\/revisions\/663"}],"wp:attachment":[{"href":"http:\/\/my-alps.de\/index.php?rest_route=%2Fwp%2Fv2%2Fmedia&parent=650"}],"wp:term":[{"taxonomy":"category","embeddable":true,"href":"http:\/\/my-alps.de\/index.php?rest_route=%2Fwp%2Fv2%2Fcategories&post=650"},{"taxonomy":"post_tag","embeddable":true,"href":"http:\/\/my-alps.de\/index.php?rest_route=%2Fwp%2Fv2%2Ftags&post=650"}],"curies":[{"name":"wp","href":"https:\/\/api.w.org\/{rel}","templated":true}]}}