{"id":646,"date":"2014-02-06T15:30:44","date_gmt":"2014-02-06T14:30:44","guid":{"rendered":"http:\/\/my-alps.de\/?p=646"},"modified":"2014-02-06T15:30:44","modified_gmt":"2014-02-06T14:30:44","slug":"plattfuss-in-suedamerika","status":"publish","type":"post","link":"http:\/\/my-alps.de\/?p=646","title":{"rendered":"&#8222;Plattfuss&#8220; in S\u00fcdamerika"},"content":{"rendered":"<p>Erster Plattfuss:<\/p>\n<p>Nach ca. 6.500 km haben wir unseren ersten Platten gefahren.<\/p>\n<p>Erst hat sich der Luftverlust beim hinten rechts noch in Grenzen gehalten &#8211; doch dann haben wir einen Metallgegenstand im Reifen entdeckt. Sch\u00f6n zwischen den Profilrippen versteckt.<\/p>\n<p>Die Notreperatur mit Reifenpilot hat uns noch bis El Calafate gebracht. Dort haben wir dann auch unsere erste \u201eGomeria\u201c angesteuert. 5 junge Kerle, die ihren hippen Laden um die Ecke hatten. Coole Musik, Croissants auf dem \u00d6lfass gebacken und jede Menge Altmetall. Na wie bei uns daheim beim \u201ePitstop\u201cschaut\u2019s hier nicht gerade aus. Doch der Tankwart, den wir an der Tanke gefragt hatten hat uns die \u201eGarage\u201c w\u00e4rmstens empfohlen. (Ich denke das einer der Jungs sein Sohn ist).Doch die Jungs haben gleich zu dritt angepackt und da wir zwei komplette Ersatzr\u00e4der auf unserem Tr\u00e4ger haben, wurden gleich die beiden R\u00e4der der Hinterachse getauscht. Mit zwei Wagenhebern und viel Kraft am Radkreuz war die ganze Sache in 20 Minuten erledigt. Derweil hatte der \u201eChef\u201c den kaputten Reifen von der Felge gezogen, die Krampe &#8211; als die sich das Metallteil herausstellte &#8211; entfernt und den Reifen mit zwei \u201eGummist\u00f6pseln\u201c wieder in Ordnung gebracht.<\/p>\n<p>Kostenpunkt: 120 Pesos = ca. 12.- Euro.<\/p>\n<p>&nbsp;<\/p>\n<div id=\"attachment_637\" style=\"width: 1034px\" class=\"wp-caption aligncenter\"><a href=\"https:\/\/i0.wp.com\/my-alps.de\/wp-content\/uploads\/2014\/02\/Gomeria-Gallardo-HD.jpg\"><img aria-describedby=\"caption-attachment-637\" data-attachment-id=\"637\" data-permalink=\"http:\/\/my-alps.de\/?attachment_id=637\" data-orig-file=\"https:\/\/i0.wp.com\/my-alps.de\/wp-content\/uploads\/2014\/02\/Gomeria-Gallardo-HD.jpg?fit=1024%2C576\" data-orig-size=\"1024,576\" data-comments-opened=\"1\" data-image-meta=\"{&quot;aperture&quot;:&quot;5.6&quot;,&quot;credit&quot;:&quot;&quot;,&quot;camera&quot;:&quot;DSC-RX100&quot;,&quot;caption&quot;:&quot;&quot;,&quot;created_timestamp&quot;:&quot;1391528692&quot;,&quot;copyright&quot;:&quot;&quot;,&quot;focal_length&quot;:&quot;10.4&quot;,&quot;iso&quot;:&quot;160&quot;,&quot;shutter_speed&quot;:&quot;0.004&quot;,&quot;title&quot;:&quot;&quot;}\" data-image-title=\"Gomeria Gallardo HD\" data-image-description=\"&lt;p&gt;Gomeria Gallardo&lt;\/p&gt;\n\" data-image-caption=\"&lt;p&gt;Gomeria Gallardo&lt;\/p&gt;\n\" data-medium-file=\"https:\/\/i0.wp.com\/my-alps.de\/wp-content\/uploads\/2014\/02\/Gomeria-Gallardo-HD.jpg?fit=300%2C168\" data-large-file=\"https:\/\/i0.wp.com\/my-alps.de\/wp-content\/uploads\/2014\/02\/Gomeria-Gallardo-HD.jpg?fit=625%2C352\" loading=\"lazy\" class=\"size-full wp-image-637\" alt=\"Gomeria Gallardo\" src=\"https:\/\/i0.wp.com\/my-alps.de\/wp-content\/uploads\/2014\/02\/Gomeria-Gallardo-HD.jpg?resize=625%2C352\" width=\"625\" height=\"352\" srcset=\"https:\/\/i0.wp.com\/my-alps.de\/wp-content\/uploads\/2014\/02\/Gomeria-Gallardo-HD.jpg?w=1024 1024w, https:\/\/i0.wp.com\/my-alps.de\/wp-content\/uploads\/2014\/02\/Gomeria-Gallardo-HD.jpg?resize=300%2C168 300w\" sizes=\"(max-width: 625px) 100vw, 625px\" data-recalc-dims=\"1\" \/><\/a><p id=\"caption-attachment-637\" class=\"wp-caption-text\">Gomeria Gallardo<\/p><\/div>\n<p>&nbsp;<\/p>\n<div id=\"attachment_647\" style=\"width: 1034px\" class=\"wp-caption aligncenter\"><a href=\"https:\/\/i0.wp.com\/my-alps.de\/wp-content\/uploads\/2014\/02\/sch\u00f6n-offenhalten.jpg\"><img aria-describedby=\"caption-attachment-647\" data-attachment-id=\"647\" data-permalink=\"http:\/\/my-alps.de\/?attachment_id=647\" data-orig-file=\"https:\/\/i0.wp.com\/my-alps.de\/wp-content\/uploads\/2014\/02\/sch\u00f6n-offenhalten.jpg?fit=1024%2C768\" data-orig-size=\"1024,768\" data-comments-opened=\"1\" data-image-meta=\"{&quot;aperture&quot;:&quot;1.8&quot;,&quot;credit&quot;:&quot;&quot;,&quot;camera&quot;:&quot;DSC-RX100&quot;,&quot;caption&quot;:&quot;&quot;,&quot;created_timestamp&quot;:&quot;1391529735&quot;,&quot;copyright&quot;:&quot;&quot;,&quot;focal_length&quot;:&quot;10.4&quot;,&quot;iso&quot;:&quot;160&quot;,&quot;shutter_speed&quot;:&quot;0.033333333333333&quot;,&quot;title&quot;:&quot;&quot;}\" data-image-title=\"sch\u00f6n offenhalten\" data-image-description=\"&lt;p&gt;sch\u00f6n offenhalten&lt;\/p&gt;\n\" data-image-caption=\"&lt;p&gt;sch\u00f6n offenhalten&lt;\/p&gt;\n\" data-medium-file=\"https:\/\/i0.wp.com\/my-alps.de\/wp-content\/uploads\/2014\/02\/sch\u00f6n-offenhalten.jpg?fit=300%2C225\" data-large-file=\"https:\/\/i0.wp.com\/my-alps.de\/wp-content\/uploads\/2014\/02\/sch\u00f6n-offenhalten.jpg?fit=625%2C469\" loading=\"lazy\" class=\"size-full wp-image-647\" alt=\"sch\u00f6n offenhalten\" src=\"https:\/\/i0.wp.com\/my-alps.de\/wp-content\/uploads\/2014\/02\/sch\u00f6n-offenhalten.jpg?resize=625%2C469\" width=\"625\" height=\"469\" srcset=\"https:\/\/i0.wp.com\/my-alps.de\/wp-content\/uploads\/2014\/02\/sch\u00f6n-offenhalten.jpg?w=1024 1024w, https:\/\/i0.wp.com\/my-alps.de\/wp-content\/uploads\/2014\/02\/sch\u00f6n-offenhalten.jpg?resize=300%2C225 300w\" sizes=\"(max-width: 625px) 100vw, 625px\" data-recalc-dims=\"1\" \/><\/a><p id=\"caption-attachment-647\" class=\"wp-caption-text\">sch\u00f6n offenhalten<\/p><\/div>\n<p>Fazit:<\/p>\n<p>Da kann sich der \u201ePitstop\u201c in Deutschland mal ne\u2019 Scheibe abschneiden wie hier Reifen gewechselt werden. Kein Getue weil das Auto nicht auf die Hebeb\u00fchne passt &#8211; und kein Gemaule &#8211; \u201edie Reifen passen ja gar nicht f\u00fcr den VW-Bus &#8211; sind ja gar nicht eingetragen im KFZ-Schein.\u201c<\/p>\n<p>Ja klar, sind sie nicht, daf\u00fcr gibt\u2019s hier ja auch ellenlange Schotterpisten und die Reifen passen hier zur Stra\u00dfenoberfl\u00e4che besser als zum Papier des KFZ-Schein.<\/p>\n<p>&nbsp;<\/p>\n<div id=\"attachment_648\" style=\"width: 1034px\" class=\"wp-caption aligncenter\"><a href=\"https:\/\/i0.wp.com\/my-alps.de\/wp-content\/uploads\/2014\/02\/\u00dcbelt\u00e4ter.jpg\"><img aria-describedby=\"caption-attachment-648\" data-attachment-id=\"648\" data-permalink=\"http:\/\/my-alps.de\/?attachment_id=648\" data-orig-file=\"https:\/\/i0.wp.com\/my-alps.de\/wp-content\/uploads\/2014\/02\/\u00dcbelt\u00e4ter.jpg?fit=1024%2C768\" data-orig-size=\"1024,768\" data-comments-opened=\"1\" data-image-meta=\"{&quot;aperture&quot;:&quot;3.5&quot;,&quot;credit&quot;:&quot;&quot;,&quot;camera&quot;:&quot;DSC-RX100&quot;,&quot;caption&quot;:&quot;&quot;,&quot;created_timestamp&quot;:&quot;1391529799&quot;,&quot;copyright&quot;:&quot;&quot;,&quot;focal_length&quot;:&quot;10.4&quot;,&quot;iso&quot;:&quot;125&quot;,&quot;shutter_speed&quot;:&quot;0.01&quot;,&quot;title&quot;:&quot;&quot;}\" data-image-title=\"Der \u00dcbelt\u00e4ter\" data-image-description=\"&lt;p&gt;Der \u00dcbelt\u00e4ter&lt;\/p&gt;\n\" data-image-caption=\"&lt;p&gt;Der \u00dcbelt\u00e4ter&lt;\/p&gt;\n\" data-medium-file=\"https:\/\/i0.wp.com\/my-alps.de\/wp-content\/uploads\/2014\/02\/\u00dcbelt\u00e4ter.jpg?fit=300%2C225\" data-large-file=\"https:\/\/i0.wp.com\/my-alps.de\/wp-content\/uploads\/2014\/02\/\u00dcbelt\u00e4ter.jpg?fit=625%2C469\" loading=\"lazy\" class=\"size-full wp-image-648\" alt=\"Der \u00dcbelt\u00e4ter\" src=\"https:\/\/i0.wp.com\/my-alps.de\/wp-content\/uploads\/2014\/02\/\u00dcbelt\u00e4ter.jpg?resize=625%2C469\" width=\"625\" height=\"469\" srcset=\"https:\/\/i0.wp.com\/my-alps.de\/wp-content\/uploads\/2014\/02\/\u00dcbelt\u00e4ter.jpg?w=1024 1024w, https:\/\/i0.wp.com\/my-alps.de\/wp-content\/uploads\/2014\/02\/\u00dcbelt\u00e4ter.jpg?resize=300%2C225 300w\" sizes=\"(max-width: 625px) 100vw, 625px\" data-recalc-dims=\"1\" \/><\/a><p id=\"caption-attachment-648\" class=\"wp-caption-text\">Der \u00dcbelt\u00e4ter<\/p><\/div>\n","protected":false},"excerpt":{"rendered":"<p>Erster Plattfuss: Nach ca. 6.500 km haben wir unseren ersten Platten gefahren. Erst hat sich der Luftverlust beim hinten rechts noch in Grenzen gehalten &#8211; doch dann haben wir einen Metallgegenstand im Reifen entdeckt. Sch\u00f6n zwischen den Profilrippen versteckt. Die Notreperatur mit Reifenpilot hat uns noch bis El Calafate gebracht. Dort haben wir dann auch [&hellip;]<\/p>\n","protected":false},"author":1,"featured_media":0,"comment_status":"open","ping_status":"open","sticky":false,"template":"","format":"gallery","meta":{"spay_email":"","jetpack_publicize_message":"","jetpack_is_tweetstorm":false,"jetpack_publicize_feature_enabled":true},"categories":[8],"tags":[],"jetpack_featured_media_url":"","jetpack_publicize_connections":[],"jetpack_sharing_enabled":true,"jetpack_shortlink":"https:\/\/wp.me\/p6huce-aq","jetpack-related-posts":[{"id":881,"url":"http:\/\/my-alps.de\/?p=881","url_meta":{"origin":646,"position":0},"title":"Puerto Montt","date":"26. M\u00e4rz 2014","format":"gallery","excerpt":"Nach 8.808 km (und wahrscheinlich ein paar mehr) die wir jetzt hier in S\u00fcdamerika unterwegs sind haben wir unserem WOMO auch mal etwas Gutes geg\u00f6nnt. Hier in Puerto Montt habe ich eine Werkstatt entdeckt die jegliche Art von Service f\u00fcr \u201egesch\u00fcttelte\u201c Autos anbietet. Wir haben uns f\u00fcr: \u00d6lwechsel und Luftfilterwechsel\u2026","rel":"","context":"In &quot;News&quot;","img":{"alt_text":"","src":"https:\/\/i0.wp.com\/my-alps.de\/wp-content\/uploads\/2014\/03\/Pisco-sour-6x6.jpg?resize=350%2C200","width":350,"height":200},"classes":[]},{"id":425,"url":"http:\/\/my-alps.de\/?p=425","url_meta":{"origin":646,"position":1},"title":"Verschoben ist nicht aufgehoben","date":"6. November 2013","format":"gallery","excerpt":"Jetzt sind wir soweit - alles fertig! Wir haben p\u00fcnktlich unsere Wohnung zusammengepackt und f\u00fcr unsere Zwischenmieter freigemacht. Unser WOMO ist einsatzbereit. In den letzten Wochen hatten wir noch einige Bastelarbeiten zu erledigen. Die Firma SMV, die unsere Luftfeder hergestellt hat lie\u00df uns eine spezielle Erh\u00f6hungsplatte fertigen um das Seikel\u2026","rel":"","context":"In &quot;News&quot;","img":{"alt_text":"","src":"","width":0,"height":0},"classes":[]},{"id":1712,"url":"http:\/\/my-alps.de\/?p=1712","url_meta":{"origin":646,"position":2},"title":"Festgefahren","date":"12. Oktober 2014","format":"gallery","excerpt":"Wir hatten bis jetzt ja immer Gl\u00fcck auf unserer gesamten Fahrt durch S\u00fcdamerika - keine Pannen und wir sind immer gut durchgekommen. Doch auf der Fahrt von Salento nach Villa de Leyva hat es uns doch mal erwischt. Es hat in der Nacht ein schweres Unwetter gegeben, und wir haben\u2026","rel":"","context":"In &quot;News&quot;","img":{"alt_text":"","src":"https:\/\/i0.wp.com\/my-alps.de\/wp-content\/uploads\/2014\/10\/es-wird-Regen-geben-ce4.jpg?resize=350%2C200","width":350,"height":200},"classes":[]},{"id":1149,"url":"http:\/\/my-alps.de\/?p=1149","url_meta":{"origin":646,"position":3},"title":"Schlaf &#8211; St\u00f6rung","date":"19. Mai 2014","format":"gallery","excerpt":"Wenn man so auf Reisen ist, dann stellt sich jeden Tag, \u2028an dem man unterwegs ist, das gleiche Problem: Einen ruhigen und sicheren \u00dcbernachtungsplatz zu finden. Nun haben wir im letzten halben Jahr schon viele Pl\u00e4tze gefunden an denen wir \u00fcbernachtet haben. Mal mehr oder weniger ruhig,\u2028Angst hatten wir (fast)\u2026","rel":"","context":"In &quot;News&quot;","img":{"alt_text":"","src":"","width":0,"height":0},"classes":[]},{"id":221,"url":"http:\/\/my-alps.de\/?p=221","url_meta":{"origin":646,"position":4},"title":"&#8230;haaaben sie RESERVIERT ?????","date":"24. M\u00e4rz 2013","format":false,"excerpt":"Gestern - nach einem sch\u00f6nen Spaziergang durch den Hainpark \u00fcberkam uns pl\u00f6tzlich dieses gewisse Gef\u00fchl, das eingefleischte Trinker aus der Fr\u00e4nkischen kennen .... DURST und wir steuerten auch gleich die n\u00e4chstgelegene Kneipe an sch\u00f6n gelegen mitten in der Altstadt in den Gassen versteckt, mit einer sch\u00f6nen Sch\u00e4nke und gutem Bier.\u2026","rel":"","context":"In &quot;unter uns&quot;","img":{"alt_text":"","src":"","width":0,"height":0},"classes":[]},{"id":616,"url":"http:\/\/my-alps.de\/?p=616","url_meta":{"origin":646,"position":5},"title":"Fuchzich und immer noch Kopfschmerzen&#8230;.","date":"27. Januar 2014","format":"gallery","excerpt":"Eine Woche feiern muss reichen OK, es ist n'Runder, und nachdem wir gerade auch Zeit haben wurde im WOMO-Powow beschlossen, dass wir eine Woche lang feiern - sie ist noch nicht rum und das Projekt l\u00e4uft prima, w\u00fcrde ich sagen. Feuerland ist beileibe pr\u00e4destiniert f\u00fcr solche Vorhaben. Wobei \"El Fin\u2026","rel":"","context":"In &quot;News&quot;","img":{"alt_text":"","src":"","width":0,"height":0},"classes":[]}],"_links":{"self":[{"href":"http:\/\/my-alps.de\/index.php?rest_route=\/wp\/v2\/posts\/646"}],"collection":[{"href":"http:\/\/my-alps.de\/index.php?rest_route=\/wp\/v2\/posts"}],"about":[{"href":"http:\/\/my-alps.de\/index.php?rest_route=\/wp\/v2\/types\/post"}],"author":[{"embeddable":true,"href":"http:\/\/my-alps.de\/index.php?rest_route=\/wp\/v2\/users\/1"}],"replies":[{"embeddable":true,"href":"http:\/\/my-alps.de\/index.php?rest_route=%2Fwp%2Fv2%2Fcomments&post=646"}],"version-history":[{"count":1,"href":"http:\/\/my-alps.de\/index.php?rest_route=\/wp\/v2\/posts\/646\/revisions"}],"predecessor-version":[{"id":649,"href":"http:\/\/my-alps.de\/index.php?rest_route=\/wp\/v2\/posts\/646\/revisions\/649"}],"wp:attachment":[{"href":"http:\/\/my-alps.de\/index.php?rest_route=%2Fwp%2Fv2%2Fmedia&parent=646"}],"wp:term":[{"taxonomy":"category","embeddable":true,"href":"http:\/\/my-alps.de\/index.php?rest_route=%2Fwp%2Fv2%2Fcategories&post=646"},{"taxonomy":"post_tag","embeddable":true,"href":"http:\/\/my-alps.de\/index.php?rest_route=%2Fwp%2Fv2%2Ftags&post=646"}],"curies":[{"name":"wp","href":"https:\/\/api.w.org\/{rel}","templated":true}]}}