{"id":633,"date":"2014-02-06T15:22:43","date_gmt":"2014-02-06T14:22:43","guid":{"rendered":"http:\/\/my-alps.de\/?p=633"},"modified":"2014-02-06T15:26:07","modified_gmt":"2014-02-06T14:26:07","slug":"nationalpark-torres-del-paine-in-chile","status":"publish","type":"post","link":"http:\/\/my-alps.de\/?p=633","title":{"rendered":"Nationalpark &#8222;Torres Del Paine&#8220; in Chile"},"content":{"rendered":"<p>Unser erster Abstecher nach Chile hat uns von Punta Arenas \u00fcber Puerto Natales in den Nationalpark \u201eTorres Del Paine\u201c gef\u00fchrt. Die \u201eTorres Del Paine\u201c &#8211; auch bekannt als die \u201e3 Zinnen S\u00fcdamerikas\u201c sind gigantische Granitt\u00fcrme, jeder Zahn mit einer fast 1.000 Meter hohen Felswand. Glatt und abweisend. Da steht man direkt am Gletschersee und legt den Kopf in den Nacken und staunt.<\/p>\n<div id=\"attachment_634\" style=\"width: 1034px\" class=\"wp-caption aligncenter\"><a href=\"https:\/\/i0.wp.com\/my-alps.de\/wp-content\/uploads\/2014\/02\/Torres-Del-Paine-HD-II.jpg\"><img aria-describedby=\"caption-attachment-634\" data-attachment-id=\"634\" data-permalink=\"http:\/\/my-alps.de\/?attachment_id=634\" data-orig-file=\"https:\/\/i0.wp.com\/my-alps.de\/wp-content\/uploads\/2014\/02\/Torres-Del-Paine-HD-II.jpg?fit=1024%2C576\" data-orig-size=\"1024,576\" data-comments-opened=\"1\" data-image-meta=\"{&quot;aperture&quot;:&quot;11&quot;,&quot;credit&quot;:&quot;&quot;,&quot;camera&quot;:&quot;SLT-A77V&quot;,&quot;caption&quot;:&quot;&quot;,&quot;created_timestamp&quot;:&quot;1391193646&quot;,&quot;copyright&quot;:&quot;&quot;,&quot;focal_length&quot;:&quot;17&quot;,&quot;iso&quot;:&quot;100&quot;,&quot;shutter_speed&quot;:&quot;0.003125&quot;,&quot;title&quot;:&quot;&quot;}\" data-image-title=\"Torres Del Paine HD II\" data-image-description=\"&lt;p&gt;Torres Del Paine &#8211; die 3 Zinnen S\u00fcdamerikas&lt;\/p&gt;\n\" data-image-caption=\"&lt;p&gt;Torres Del Paine &#8211; die 3 Zinnen S\u00fcdamerikas&lt;\/p&gt;\n\" data-medium-file=\"https:\/\/i0.wp.com\/my-alps.de\/wp-content\/uploads\/2014\/02\/Torres-Del-Paine-HD-II.jpg?fit=300%2C168\" data-large-file=\"https:\/\/i0.wp.com\/my-alps.de\/wp-content\/uploads\/2014\/02\/Torres-Del-Paine-HD-II.jpg?fit=625%2C352\" loading=\"lazy\" class=\"size-full wp-image-634\" alt=\"Torres Del Paine - die 3 Zinnen S\u00fcdamerikas\" src=\"https:\/\/i0.wp.com\/my-alps.de\/wp-content\/uploads\/2014\/02\/Torres-Del-Paine-HD-II.jpg?resize=625%2C352\" width=\"625\" height=\"352\" srcset=\"https:\/\/i0.wp.com\/my-alps.de\/wp-content\/uploads\/2014\/02\/Torres-Del-Paine-HD-II.jpg?w=1024 1024w, https:\/\/i0.wp.com\/my-alps.de\/wp-content\/uploads\/2014\/02\/Torres-Del-Paine-HD-II.jpg?resize=300%2C168 300w\" sizes=\"(max-width: 625px) 100vw, 625px\" data-recalc-dims=\"1\" \/><\/a><p id=\"caption-attachment-634\" class=\"wp-caption-text\">Torres Del Paine &#8211; die 3 Zinnen S\u00fcdamerikas<\/p><\/div>\n<p>Anschlie\u00dfend an die Torres kommen die \u201eCuernos\u201c &#8211; Die H\u00f6rner &#8211; und man staunt wieder, wie sch\u00f6n Fels von den Elementen geformt werden kann.<\/p>\n<div id=\"attachment_635\" style=\"width: 1034px\" class=\"wp-caption aligncenter\"><a href=\"https:\/\/i0.wp.com\/my-alps.de\/wp-content\/uploads\/2014\/02\/Cuernos_HDR.jpg\"><img aria-describedby=\"caption-attachment-635\" data-attachment-id=\"635\" data-permalink=\"http:\/\/my-alps.de\/?attachment_id=635\" data-orig-file=\"https:\/\/i0.wp.com\/my-alps.de\/wp-content\/uploads\/2014\/02\/Cuernos_HDR.jpg?fit=1024%2C576\" data-orig-size=\"1024,576\" data-comments-opened=\"1\" data-image-meta=\"{&quot;aperture&quot;:&quot;11&quot;,&quot;credit&quot;:&quot;&quot;,&quot;camera&quot;:&quot;SLT-A99V&quot;,&quot;caption&quot;:&quot;&quot;,&quot;created_timestamp&quot;:&quot;1391342660&quot;,&quot;copyright&quot;:&quot;&quot;,&quot;focal_length&quot;:&quot;180&quot;,&quot;iso&quot;:&quot;100&quot;,&quot;shutter_speed&quot;:&quot;0.002&quot;,&quot;title&quot;:&quot;&quot;}\" data-image-title=\"Cuernos_HDR\" data-image-description=\"&lt;p&gt;Cuernos&lt;\/p&gt;\n\" data-image-caption=\"&lt;p&gt;Cuernos&lt;\/p&gt;\n\" data-medium-file=\"https:\/\/i0.wp.com\/my-alps.de\/wp-content\/uploads\/2014\/02\/Cuernos_HDR.jpg?fit=300%2C168\" data-large-file=\"https:\/\/i0.wp.com\/my-alps.de\/wp-content\/uploads\/2014\/02\/Cuernos_HDR.jpg?fit=625%2C352\" loading=\"lazy\" class=\"size-full wp-image-635\" alt=\"Cuernos\" src=\"https:\/\/i0.wp.com\/my-alps.de\/wp-content\/uploads\/2014\/02\/Cuernos_HDR.jpg?resize=625%2C352\" width=\"625\" height=\"352\" srcset=\"https:\/\/i0.wp.com\/my-alps.de\/wp-content\/uploads\/2014\/02\/Cuernos_HDR.jpg?w=1024 1024w, https:\/\/i0.wp.com\/my-alps.de\/wp-content\/uploads\/2014\/02\/Cuernos_HDR.jpg?resize=300%2C168 300w\" sizes=\"(max-width: 625px) 100vw, 625px\" data-recalc-dims=\"1\" \/><\/a><p id=\"caption-attachment-635\" class=\"wp-caption-text\">Cuernos<\/p><\/div>\n<p>Fast schon \u201ePostkartenkitschig\u201c liegt unser zweites Camp, nachdem wir zu den F\u00fc\u00dfen der Torres hochgestiegen waren, am Lago Pehoe. Von dort hat man einen guten Standort um Touren im Nationalpark zu machen. Zum \u201eSalto Grande\u201c, einem Wasserfall der die beiden Seen, Lago Nordenskj\u00f6ld und Lago Pehoe, trennt.<\/p>\n<div id=\"attachment_639\" style=\"width: 1034px\" class=\"wp-caption aligncenter\"><a href=\"https:\/\/i0.wp.com\/my-alps.de\/wp-content\/uploads\/2014\/02\/Lago-Pehoe-und-die-Cuernos.jpg\"><img aria-describedby=\"caption-attachment-639\" data-attachment-id=\"639\" data-permalink=\"http:\/\/my-alps.de\/?attachment_id=639\" data-orig-file=\"https:\/\/i0.wp.com\/my-alps.de\/wp-content\/uploads\/2014\/02\/Lago-Pehoe-und-die-Cuernos.jpg?fit=1024%2C683\" data-orig-size=\"1024,683\" data-comments-opened=\"1\" data-image-meta=\"{&quot;aperture&quot;:&quot;8&quot;,&quot;credit&quot;:&quot;&quot;,&quot;camera&quot;:&quot;SLT-A99V&quot;,&quot;caption&quot;:&quot;&quot;,&quot;created_timestamp&quot;:&quot;1391333167&quot;,&quot;copyright&quot;:&quot;&quot;,&quot;focal_length&quot;:&quot;24&quot;,&quot;iso&quot;:&quot;50&quot;,&quot;shutter_speed&quot;:&quot;0.005&quot;,&quot;title&quot;:&quot;&quot;}\" data-image-title=\"Lago Pehoe und die Cuernos\" data-image-description=\"&lt;p&gt;Lago Pehoe und die Cuernos&lt;\/p&gt;\n\" data-image-caption=\"&lt;p&gt;Lago Pehoe und die Cuernos&lt;\/p&gt;\n\" data-medium-file=\"https:\/\/i0.wp.com\/my-alps.de\/wp-content\/uploads\/2014\/02\/Lago-Pehoe-und-die-Cuernos.jpg?fit=300%2C200\" data-large-file=\"https:\/\/i0.wp.com\/my-alps.de\/wp-content\/uploads\/2014\/02\/Lago-Pehoe-und-die-Cuernos.jpg?fit=625%2C417\" loading=\"lazy\" class=\"size-full wp-image-639\" alt=\"Lago Pehoe und die Cuernos\" src=\"https:\/\/i0.wp.com\/my-alps.de\/wp-content\/uploads\/2014\/02\/Lago-Pehoe-und-die-Cuernos.jpg?resize=625%2C417\" width=\"625\" height=\"417\" srcset=\"https:\/\/i0.wp.com\/my-alps.de\/wp-content\/uploads\/2014\/02\/Lago-Pehoe-und-die-Cuernos.jpg?w=1024 1024w, https:\/\/i0.wp.com\/my-alps.de\/wp-content\/uploads\/2014\/02\/Lago-Pehoe-und-die-Cuernos.jpg?resize=300%2C200 300w\" sizes=\"(max-width: 625px) 100vw, 625px\" data-recalc-dims=\"1\" \/><\/a><p id=\"caption-attachment-639\" class=\"wp-caption-text\">Lago Pehoe und die Cuernos<\/p><\/div>\n<p>Auf dem Lago Grey, der letzten Station im Nationalpark, d\u00fcmpeln mehr oder weniger gro\u00dfe Eisberge herum, die vom Glacier Grey stammen.<\/p>\n<div id=\"attachment_636\" style=\"width: 1034px\" class=\"wp-caption aligncenter\"><a href=\"https:\/\/i0.wp.com\/my-alps.de\/wp-content\/uploads\/2014\/02\/Glacier-Grey-HD.jpg\"><img aria-describedby=\"caption-attachment-636\" data-attachment-id=\"636\" data-permalink=\"http:\/\/my-alps.de\/?attachment_id=636\" data-orig-file=\"https:\/\/i0.wp.com\/my-alps.de\/wp-content\/uploads\/2014\/02\/Glacier-Grey-HD.jpg?fit=1024%2C576\" data-orig-size=\"1024,576\" data-comments-opened=\"1\" data-image-meta=\"{&quot;aperture&quot;:&quot;11&quot;,&quot;credit&quot;:&quot;&quot;,&quot;camera&quot;:&quot;SLT-A99V&quot;,&quot;caption&quot;:&quot;&quot;,&quot;created_timestamp&quot;:&quot;1391342462&quot;,&quot;copyright&quot;:&quot;&quot;,&quot;focal_length&quot;:&quot;200&quot;,&quot;iso&quot;:&quot;100&quot;,&quot;shutter_speed&quot;:&quot;0.002&quot;,&quot;title&quot;:&quot;&quot;}\" data-image-title=\"Glacier Grey HD\" data-image-description=\"&lt;p&gt;Glacier Grey&lt;\/p&gt;\n\" data-image-caption=\"&lt;p&gt;Glacier Grey&lt;\/p&gt;\n\" data-medium-file=\"https:\/\/i0.wp.com\/my-alps.de\/wp-content\/uploads\/2014\/02\/Glacier-Grey-HD.jpg?fit=300%2C168\" data-large-file=\"https:\/\/i0.wp.com\/my-alps.de\/wp-content\/uploads\/2014\/02\/Glacier-Grey-HD.jpg?fit=625%2C352\" loading=\"lazy\" class=\"size-full wp-image-636\" alt=\"Glacier Grey\" src=\"https:\/\/i0.wp.com\/my-alps.de\/wp-content\/uploads\/2014\/02\/Glacier-Grey-HD.jpg?resize=625%2C352\" width=\"625\" height=\"352\" srcset=\"https:\/\/i0.wp.com\/my-alps.de\/wp-content\/uploads\/2014\/02\/Glacier-Grey-HD.jpg?w=1024 1024w, https:\/\/i0.wp.com\/my-alps.de\/wp-content\/uploads\/2014\/02\/Glacier-Grey-HD.jpg?resize=300%2C168 300w\" sizes=\"(max-width: 625px) 100vw, 625px\" data-recalc-dims=\"1\" \/><\/a><p id=\"caption-attachment-636\" class=\"wp-caption-text\">Glacier Grey<\/p><\/div>\n<p>Der auf dem Foto geh\u00f6rt zu den gr\u00f6\u00dften die in den letzten Jahren abgebrochen sind. Vor der Flussm\u00fcndung stranden sie dann und tauen langsam vor sich hin.<\/p>\n<div id=\"attachment_638\" style=\"width: 1034px\" class=\"wp-caption aligncenter\"><a href=\"https:\/\/i0.wp.com\/my-alps.de\/wp-content\/uploads\/2014\/02\/Lago-Grey-mit-Eisberg-HD.jpg\"><img aria-describedby=\"caption-attachment-638\" data-attachment-id=\"638\" data-permalink=\"http:\/\/my-alps.de\/?attachment_id=638\" data-orig-file=\"https:\/\/i0.wp.com\/my-alps.de\/wp-content\/uploads\/2014\/02\/Lago-Grey-mit-Eisberg-HD.jpg?fit=1024%2C576\" data-orig-size=\"1024,576\" data-comments-opened=\"1\" data-image-meta=\"{&quot;aperture&quot;:&quot;11&quot;,&quot;credit&quot;:&quot;&quot;,&quot;camera&quot;:&quot;SLT-A99V&quot;,&quot;caption&quot;:&quot;&quot;,&quot;created_timestamp&quot;:&quot;1391342245&quot;,&quot;copyright&quot;:&quot;&quot;,&quot;focal_length&quot;:&quot;24&quot;,&quot;iso&quot;:&quot;100&quot;,&quot;shutter_speed&quot;:&quot;0.002&quot;,&quot;title&quot;:&quot;&quot;}\" data-image-title=\"Lago Grey mit Eisberg HD\" data-image-description=\"&lt;p&gt;Lago Grey mit Eisberg &lt;\/p&gt;\n\" data-image-caption=\"&lt;p&gt;Lago Grey mit Eisberg &lt;\/p&gt;\n\" data-medium-file=\"https:\/\/i0.wp.com\/my-alps.de\/wp-content\/uploads\/2014\/02\/Lago-Grey-mit-Eisberg-HD.jpg?fit=300%2C168\" data-large-file=\"https:\/\/i0.wp.com\/my-alps.de\/wp-content\/uploads\/2014\/02\/Lago-Grey-mit-Eisberg-HD.jpg?fit=625%2C352\" loading=\"lazy\" class=\"size-full wp-image-638\" alt=\"Lago Grey mit Eisberg \" src=\"https:\/\/i0.wp.com\/my-alps.de\/wp-content\/uploads\/2014\/02\/Lago-Grey-mit-Eisberg-HD.jpg?resize=625%2C352\" width=\"625\" height=\"352\" srcset=\"https:\/\/i0.wp.com\/my-alps.de\/wp-content\/uploads\/2014\/02\/Lago-Grey-mit-Eisberg-HD.jpg?w=1024 1024w, https:\/\/i0.wp.com\/my-alps.de\/wp-content\/uploads\/2014\/02\/Lago-Grey-mit-Eisberg-HD.jpg?resize=300%2C168 300w\" sizes=\"(max-width: 625px) 100vw, 625px\" data-recalc-dims=\"1\" \/><\/a><p id=\"caption-attachment-638\" class=\"wp-caption-text\">Lago Grey mit Eisberg<\/p><\/div>\n<p>Die H\u00e4ngegletscher auf den umliegenden Bergen lassen nachts mit lautem Get\u00f6se ihre Eismassen in die Tiefe st\u00fcrzen. H\u00f6rt man aber nur wenn (gl\u00fccklicherweise) mal gerade kein Wind weht.<\/p>\n<div id=\"attachment_640\" style=\"width: 1034px\" class=\"wp-caption aligncenter\"><a href=\"https:\/\/i0.wp.com\/my-alps.de\/wp-content\/uploads\/2014\/02\/Paine-Massiv-und-Laguna-Armada-HD.jpg\"><img aria-describedby=\"caption-attachment-640\" data-attachment-id=\"640\" data-permalink=\"http:\/\/my-alps.de\/?attachment_id=640\" data-orig-file=\"https:\/\/i0.wp.com\/my-alps.de\/wp-content\/uploads\/2014\/02\/Paine-Massiv-und-Laguna-Armada-HD.jpg?fit=1024%2C576\" data-orig-size=\"1024,576\" data-comments-opened=\"1\" data-image-meta=\"{&quot;aperture&quot;:&quot;9.5&quot;,&quot;credit&quot;:&quot;&quot;,&quot;camera&quot;:&quot;SLT-A99V&quot;,&quot;caption&quot;:&quot;&quot;,&quot;created_timestamp&quot;:&quot;1391087232&quot;,&quot;copyright&quot;:&quot;&quot;,&quot;focal_length&quot;:&quot;70&quot;,&quot;iso&quot;:&quot;100&quot;,&quot;shutter_speed&quot;:&quot;0.004&quot;,&quot;title&quot;:&quot;&quot;}\" data-image-title=\"Paine Massiv und Laguna Armada HD\" data-image-description=\"&lt;p&gt;Paine Massiv und Laguna Armada&lt;\/p&gt;\n\" data-image-caption=\"&lt;p&gt;Paine Massiv und Laguna Armada&lt;\/p&gt;\n\" data-medium-file=\"https:\/\/i0.wp.com\/my-alps.de\/wp-content\/uploads\/2014\/02\/Paine-Massiv-und-Laguna-Armada-HD.jpg?fit=300%2C168\" data-large-file=\"https:\/\/i0.wp.com\/my-alps.de\/wp-content\/uploads\/2014\/02\/Paine-Massiv-und-Laguna-Armada-HD.jpg?fit=625%2C352\" loading=\"lazy\" class=\"size-full wp-image-640\" alt=\"Paine Massiv und Laguna Armada\" src=\"https:\/\/i0.wp.com\/my-alps.de\/wp-content\/uploads\/2014\/02\/Paine-Massiv-und-Laguna-Armada-HD.jpg?resize=625%2C352\" width=\"625\" height=\"352\" srcset=\"https:\/\/i0.wp.com\/my-alps.de\/wp-content\/uploads\/2014\/02\/Paine-Massiv-und-Laguna-Armada-HD.jpg?w=1024 1024w, https:\/\/i0.wp.com\/my-alps.de\/wp-content\/uploads\/2014\/02\/Paine-Massiv-und-Laguna-Armada-HD.jpg?resize=300%2C168 300w\" sizes=\"(max-width: 625px) 100vw, 625px\" data-recalc-dims=\"1\" \/><\/a><p id=\"caption-attachment-640\" class=\"wp-caption-text\">Paine Massiv und Laguna Armada<\/p><\/div>\n<p>Der Wind ist hier teilweise so heftig das man sich beim Wandern teilweise richtig hinkauern muss um nicht umgeblasen zu werden. Jacke an- oder ausziehen sollte man sich gr\u00fcndlich \u00fcberlegen &#8211; sonst &#8211; schwupppps &#8211; haut\u2019s einen um.<\/p>\n<div id=\"attachment_641\" style=\"width: 1034px\" class=\"wp-caption aligncenter\"><a href=\"https:\/\/i0.wp.com\/my-alps.de\/wp-content\/uploads\/2014\/02\/Torres-Del-Paine-im-ersten-Morgenlicht-HD.jpg\"><img aria-describedby=\"caption-attachment-641\" data-attachment-id=\"641\" data-permalink=\"http:\/\/my-alps.de\/?attachment_id=641\" data-orig-file=\"https:\/\/i0.wp.com\/my-alps.de\/wp-content\/uploads\/2014\/02\/Torres-Del-Paine-im-ersten-Morgenlicht-HD.jpg?fit=1024%2C576\" data-orig-size=\"1024,576\" data-comments-opened=\"1\" data-image-meta=\"{&quot;aperture&quot;:&quot;6.3&quot;,&quot;credit&quot;:&quot;&quot;,&quot;camera&quot;:&quot;SLT-A77V&quot;,&quot;caption&quot;:&quot;&quot;,&quot;created_timestamp&quot;:&quot;1391168633&quot;,&quot;copyright&quot;:&quot;&quot;,&quot;focal_length&quot;:&quot;50&quot;,&quot;iso&quot;:&quot;100&quot;,&quot;shutter_speed&quot;:&quot;0.00625&quot;,&quot;title&quot;:&quot;&quot;}\" data-image-title=\"Torres Del Paine im ersten Morgenlicht HD\" data-image-description=\"&lt;p&gt;Torres Del Paine im ersten Morgenlicht&lt;\/p&gt;\n\" data-image-caption=\"&lt;p&gt;Torres Del Paine im ersten Morgenlicht&lt;\/p&gt;\n\" data-medium-file=\"https:\/\/i0.wp.com\/my-alps.de\/wp-content\/uploads\/2014\/02\/Torres-Del-Paine-im-ersten-Morgenlicht-HD.jpg?fit=300%2C168\" data-large-file=\"https:\/\/i0.wp.com\/my-alps.de\/wp-content\/uploads\/2014\/02\/Torres-Del-Paine-im-ersten-Morgenlicht-HD.jpg?fit=625%2C352\" loading=\"lazy\" class=\"size-full wp-image-641\" alt=\"Torres Del Paine im ersten Morgenlicht\" src=\"https:\/\/i0.wp.com\/my-alps.de\/wp-content\/uploads\/2014\/02\/Torres-Del-Paine-im-ersten-Morgenlicht-HD.jpg?resize=625%2C352\" width=\"625\" height=\"352\" srcset=\"https:\/\/i0.wp.com\/my-alps.de\/wp-content\/uploads\/2014\/02\/Torres-Del-Paine-im-ersten-Morgenlicht-HD.jpg?w=1024 1024w, https:\/\/i0.wp.com\/my-alps.de\/wp-content\/uploads\/2014\/02\/Torres-Del-Paine-im-ersten-Morgenlicht-HD.jpg?resize=300%2C168 300w\" sizes=\"(max-width: 625px) 100vw, 625px\" data-recalc-dims=\"1\" \/><\/a><p id=\"caption-attachment-641\" class=\"wp-caption-text\">Torres Del Paine im ersten Morgenlicht<\/p><\/div>\n<p>Nach diesen herrlichen Eindr\u00fccken geht\u2019s von Chile erst mal wieder Richtung Argentinien und in den Nationalpark der Gletscher \u201eLos Glacieres\u201c &#8211; \u201ePerito Moreno\u201c bei El Calafate.<\/p>\n<p>&nbsp;<\/p>\n","protected":false},"excerpt":{"rendered":"<p>Unser erster Abstecher nach Chile hat uns von Punta Arenas \u00fcber Puerto Natales in den Nationalpark \u201eTorres Del Paine\u201c gef\u00fchrt. Die \u201eTorres Del Paine\u201c &#8211; auch bekannt als die \u201e3 Zinnen S\u00fcdamerikas\u201c sind gigantische Granitt\u00fcrme, jeder Zahn mit einer fast 1.000 Meter hohen Felswand. Glatt und abweisend. Da steht man direkt am Gletschersee und legt [&hellip;]<\/p>\n","protected":false},"author":1,"featured_media":0,"comment_status":"open","ping_status":"open","sticky":false,"template":"","format":"gallery","meta":{"spay_email":"","jetpack_publicize_message":"","jetpack_is_tweetstorm":false,"jetpack_publicize_feature_enabled":true},"categories":[1],"tags":[],"jetpack_featured_media_url":"","jetpack_publicize_connections":[],"jetpack_sharing_enabled":true,"jetpack_shortlink":"https:\/\/wp.me\/p6huce-ad","jetpack-related-posts":[{"id":627,"url":"http:\/\/my-alps.de\/?p=627","url_meta":{"origin":633,"position":0},"title":"Zur\u00fcck in Argentinien","date":"4. Februar 2014","format":"gallery","excerpt":"Hallo alle die uns online folgen - wir sind nach unserem Besuch des NP \"Torres Del Paine\" in Chile wieder zur\u00fcck in Argentinien. Der Weg durch die Pampa hat uns nach El Calafate gef\u00fchrt. Der erste Plattfu\u00df musste dringend repariert werden. Im Reifen steckte ein sch\u00f6ner, umgebogener Nagel mit dem\u2026","rel":"","context":"In &quot;News&quot;","img":{"alt_text":"","src":"","width":0,"height":0},"classes":[]},{"id":621,"url":"http:\/\/my-alps.de\/?p=621","url_meta":{"origin":633,"position":1},"title":"Da haben meine beiden Freunde,\u2026","date":"28. Januar 2014","format":"gallery","excerpt":"Da haben meine beiden Freunde, die Zwillinge Geburtstag - sind also 360 Tage \u00e4lter als ich! Sch\u00f6nen Gru\u00df an die beiden - obwohl, bis die das hier lesen ist der Winter daheim wahrscheinlich vorbei. Die nutzen jede Gelegenheit aus um sich auf die 'Brettl zu schwingen. Bei mir ist ja\u2026","rel":"","context":"In &quot;News&quot;","img":{"alt_text":"unser S\u00c3\u00bcdpol","src":"https:\/\/i0.wp.com\/my-alps.de\/wp-content\/uploads\/2014\/01\/unser-S\u00c3\u00bcdpol.jpg?resize=350%2C200","width":350,"height":200},"classes":[]},{"id":724,"url":"http:\/\/my-alps.de\/?p=724","url_meta":{"origin":633,"position":2},"title":"Von El Chalten auf der Ruta 40 nach Chile","date":"23. Februar 2014","format":"gallery","excerpt":"Nach einer wundersch\u00f6nen Woche ist es an der Zeit weiter zu fahren. Unserer Reise f\u00fchrt nun \u00fcber die legend\u00e4re Ruta 40 (auf der wir uns schon einige Zeit bewegen) Richtung Norden. Die Gegend hier ist gepr\u00e4gt von - na ja - nichts - es gibt hier eigentlich nichts ausser Landschaft\u2026","rel":"","context":"In &quot;News&quot;","img":{"alt_text":"Ruta 40","src":"https:\/\/i0.wp.com\/my-alps.de\/wp-content\/uploads\/2014\/02\/Ruta-40.jpg?resize=350%2C200","width":350,"height":200},"classes":[]},{"id":1059,"url":"http:\/\/my-alps.de\/?p=1059","url_meta":{"origin":633,"position":3},"title":"Indian Summer im Mapuche Land","date":"28. April 2014","format":"gallery","excerpt":"Nachdem wir unsere Ersatzteile f\u00fcr die Reparatur unseres Allradantriebes in Deutschland bestellt hatten, war es an der Zeit in Osorno aufzubrechen. Wir werden einige Tage nach Argentinien fahren, da unser 90 Tage Aufenthaltsvisum in Chile bald abl\u00e4uft, und wir durch den Grenz\u00fcbertritt das Visum ganz einfach wieder erneuern k\u00f6nnen. Es\u2026","rel":"","context":"In &quot;News&quot;","img":{"alt_text":"","src":"https:\/\/i0.wp.com\/my-alps.de\/wp-content\/uploads\/2014\/04\/Lago-Villarino-ce4-beschnitten.jpg?resize=350%2C200","width":350,"height":200},"classes":[]},{"id":1472,"url":"http:\/\/my-alps.de\/?p=1472","url_meta":{"origin":633,"position":4},"title":"vom Sajama, dem h\u00f6chsten Berg Boliviens nach Peru","date":"8. August 2014","format":"gallery","excerpt":"Da wir vom Titikakasee etwas entt\u00e4uscht waren, haben wir uns kurzerhand entschlossen doch noch einen Abstecher zum \"Sajama\" zu fahren. Er liegt zwar auf dem Weg Richtung Chile, aber\u00a0das haben wir dann mit dem Grenz\u00fcbergang in Arica\u00a0verkn\u00fcpft. auf dem AltiplanoDer \"Sajama\" ist ein wundersch\u00f6ner Vulkankegel, der sich wie eine Zipfelm\u00fctze\u2026","rel":"","context":"In &quot;News&quot;","img":{"alt_text":"","src":"https:\/\/i0.wp.com\/my-alps.de\/wp-content\/uploads\/2014\/08\/Vulkanausbruch-1-ce4.jpg?resize=350%2C200","width":350,"height":200},"classes":[]},{"id":740,"url":"http:\/\/my-alps.de\/?p=740","url_meta":{"origin":633,"position":5},"title":"Von Cochcrane nach Puerto Guadal","date":"3. M\u00e4rz 2014","format":"gallery","excerpt":"Von Cochrane folgen wir dem Lauf des Rio Baker stromaufw\u00e4rts durch tief eingeschnittene T\u00e4ler, gr\u00fcne S\u00fcdbuchenw\u00e4lder und von Gletschern glattgeschliffenen Felsen. Unser n\u00e4chster Ort heisst \u201ePuerto Guadal\u201c, am Lago General Carrera. Man k\u00f6nnte fast den Eindruck bekommen die Reise f\u00fchrt am Comer See, oder am Lago Maggiore vorbei - nur\u2026","rel":"","context":"In &quot;News&quot;","img":{"alt_text":"","src":"https:\/\/i0.wp.com\/my-alps.de\/wp-content\/uploads\/2014\/03\/Lago-Gen.-Carrera-und-Andengipfel-HD1.jpg?resize=350%2C200","width":350,"height":200},"classes":[]}],"_links":{"self":[{"href":"http:\/\/my-alps.de\/index.php?rest_route=\/wp\/v2\/posts\/633"}],"collection":[{"href":"http:\/\/my-alps.de\/index.php?rest_route=\/wp\/v2\/posts"}],"about":[{"href":"http:\/\/my-alps.de\/index.php?rest_route=\/wp\/v2\/types\/post"}],"author":[{"embeddable":true,"href":"http:\/\/my-alps.de\/index.php?rest_route=\/wp\/v2\/users\/1"}],"replies":[{"embeddable":true,"href":"http:\/\/my-alps.de\/index.php?rest_route=%2Fwp%2Fv2%2Fcomments&post=633"}],"version-history":[{"count":3,"href":"http:\/\/my-alps.de\/index.php?rest_route=\/wp\/v2\/posts\/633\/revisions"}],"predecessor-version":[{"id":645,"href":"http:\/\/my-alps.de\/index.php?rest_route=\/wp\/v2\/posts\/633\/revisions\/645"}],"wp:attachment":[{"href":"http:\/\/my-alps.de\/index.php?rest_route=%2Fwp%2Fv2%2Fmedia&parent=633"}],"wp:term":[{"taxonomy":"category","embeddable":true,"href":"http:\/\/my-alps.de\/index.php?rest_route=%2Fwp%2Fv2%2Fcategories&post=633"},{"taxonomy":"post_tag","embeddable":true,"href":"http:\/\/my-alps.de\/index.php?rest_route=%2Fwp%2Fv2%2Ftags&post=633"}],"curies":[{"name":"wp","href":"https:\/\/api.w.org\/{rel}","templated":true}]}}