{"id":630,"date":"2014-02-04T18:08:04","date_gmt":"2014-02-04T17:08:04","guid":{"rendered":"http:\/\/my-alps.de\/?p=630"},"modified":"2014-02-04T18:08:04","modified_gmt":"2014-02-04T17:08:04","slug":"naechste-ziele-perito-moreno-und-fitz-roy","status":"publish","type":"post","link":"http:\/\/my-alps.de\/?p=630","title":{"rendered":"N\u00e4chste Ziele &#8211; Perito Moreno und Fitz Roy"},"content":{"rendered":"<p>Da gehts hin&#8230;.<\/p>\n<p><a href=\"https:\/\/i0.wp.com\/my-alps.de\/wp-content\/uploads\/2014\/02\/20140204-140751.jpg\"><img src=\"https:\/\/i0.wp.com\/my-alps.de\/wp-content\/uploads\/2014\/02\/20140204-140751.jpg?w=625\" alt=\"20140204-140751.jpg\" class=\"alignnone size-full\" data-recalc-dims=\"1\" \/><\/a><\/p>\n","protected":false},"excerpt":{"rendered":"<p>Da gehts hin&#8230;.<\/p>\n","protected":false},"author":1,"featured_media":0,"comment_status":"open","ping_status":"open","sticky":false,"template":"","format":"gallery","meta":{"spay_email":"","jetpack_publicize_message":"","jetpack_is_tweetstorm":false,"jetpack_publicize_feature_enabled":true},"categories":[1],"tags":[],"jetpack_featured_media_url":"","jetpack_publicize_connections":[],"jetpack_sharing_enabled":true,"jetpack_shortlink":"https:\/\/wp.me\/p6huce-aa","jetpack-related-posts":[{"id":671,"url":"http:\/\/my-alps.de\/?p=671","url_meta":{"origin":630,"position":0},"title":"Nationalpark &#8222;Los Glacieres&#8220; &#8211; Gletscher &#8222;Perito Moreno&#8220;","date":"9. Februar 2014","format":"gallery","excerpt":"Nachdem wir in Calafate das mit unserem Aussenspiegel soweit hingebogen, (und unser abgestempeltes Formular abgeholt hatten) sind wir zum Nationalpark \"Los Glacieres\" aufgebrochen. In diesem Nationalpark ist alles US - m\u00e4\u00dfig organisiert. Shuttelservice, Kiosk, Sanit\u00e4ranlagen und gef\u00fchlte 10 km Gitterroststeg durch die Natur, damit sich niemand verlaufen kann. Der Gletscher\u2026","rel":"","context":"In &quot;News&quot;","img":{"alt_text":"","src":"https:\/\/i0.wp.com\/my-alps.de\/wp-content\/uploads\/2014\/02\/Servus-Eiszacken-III.jpg?resize=350%2C200","width":350,"height":200},"classes":[]},{"id":695,"url":"http:\/\/my-alps.de\/?p=695","url_meta":{"origin":630,"position":1},"title":"Von El Calafate nach El Chalten &#8211; Fitz Roy und Cerro Torre","date":"23. Februar 2014","format":"gallery","excerpt":"Nachdem wir den Campingplatz Marke SUPERLUXUS am Lago Roca ausgiebig genossen haben, sind wir in den n\u00e4chsten Nationalpark auf unserer Route weitergezogen. Die Fahrt ging auf der Ruta 40 weiter von El Calafate Richtung Norden nach El Chalten Hier stehen die ber\u00fchmten Namen, die das Herz eines Alpinisten h\u00f6her schlagen\u2026","rel":"","context":"In &quot;News&quot;","img":{"alt_text":"","src":"https:\/\/i0.wp.com\/my-alps.de\/wp-content\/uploads\/2014\/02\/Panorama-El-Chalten-HD.jpg?resize=350%2C200","width":350,"height":200},"classes":[]},{"id":633,"url":"http:\/\/my-alps.de\/?p=633","url_meta":{"origin":630,"position":2},"title":"Nationalpark &#8222;Torres Del Paine&#8220; in Chile","date":"6. Februar 2014","format":"gallery","excerpt":"Unser erster Abstecher nach Chile hat uns von Punta Arenas \u00fcber Puerto Natales in den Nationalpark \u201eTorres Del Paine\u201c gef\u00fchrt. Die \u201eTorres Del Paine\u201c - auch bekannt als die \u201e3 Zinnen S\u00fcdamerikas\u201c sind gigantische Granitt\u00fcrme, jeder Zahn mit einer fast 1.000 Meter hohen Felswand. Glatt und abweisend. Da steht man\u2026","rel":"","context":"In &quot;News&quot;","img":{"alt_text":"","src":"https:\/\/i0.wp.com\/my-alps.de\/wp-content\/uploads\/2014\/02\/Torres-Del-Paine-im-ersten-Morgenlicht-HD.jpg?resize=350%2C200","width":350,"height":200},"classes":[]},{"id":448,"url":"http:\/\/my-alps.de\/?p=448","url_meta":{"origin":630,"position":3},"title":"Das sagt SIE und das meint er (2von2)","date":"15. Dezember 2013","format":false,"excerpt":"Hallo zu Hause, Wir haben WiFi und schwitzen. Die Emails sind gecheckt und wie erwartet gehts zu Hause munter weiter - die Vorweihnachtszeit steht an. Davon ist hier nicht viel zu merken, nicht einmal die wahnsinnigen Einkaufsorgien gibts hier, das ist sehr entspannend:-) Traurig ist nat\u00fcrlich die (nicht vorhandene) Leistung\u2026","rel":"","context":"In &quot;News&quot;","img":{"alt_text":"","src":"","width":0,"height":0},"classes":[]},{"id":693,"url":"http:\/\/my-alps.de\/?p=693","url_meta":{"origin":630,"position":4},"title":"&#8230;.wieder mal ein Lebenszeichen!","date":"22. Februar 2014","format":"gallery","excerpt":"Hallo wir geben mal ein kleines Lebenszeichen von uns. Die letzten Tage seit unserem Aufenhalt am Lago Roca haben wir mit viel Abenteur verbracht. Erst waren wir in El Chalten am Cerro Torre und am Fitz Roy und haben tolle Trekkingtouren unternommen. Fitz Roy im Vollmond und bei Sonnenaufgang -\u2026","rel":"","context":"In &quot;News&quot;","img":{"alt_text":"","src":"","width":0,"height":0},"classes":[]},{"id":1312,"url":"http:\/\/my-alps.de\/?p=1312","url_meta":{"origin":630,"position":5},"title":"\u00dcber den Paso Jama nach San Pedro de Atacama","date":"30. Juni 2014","format":"gallery","excerpt":"Seit \u201eSan Antonio de los Cobres\u201c bl\u00e4st ein eiskalter und heftiger Wind.\u00a0Mit gemischten Gef\u00fchlen (ob der Pass \u00fcberhaupt bei dem Wetter offen ist?) fahren wir von Susques \u00fcber den \u201eSalar de Olaroz\u201c zur Grenzstation am Paso Jama. Die liegt schon auf 4.100 Metern H\u00f6he und - ist geschlossen. Der Wind\u2026","rel":"","context":"In &quot;News&quot;","img":{"alt_text":"","src":"https:\/\/i0.wp.com\/my-alps.de\/wp-content\/uploads\/2014\/06\/Panorama-Cerro-Cachi.jpg?resize=350%2C200","width":350,"height":200},"classes":[]}],"_links":{"self":[{"href":"http:\/\/my-alps.de\/index.php?rest_route=\/wp\/v2\/posts\/630"}],"collection":[{"href":"http:\/\/my-alps.de\/index.php?rest_route=\/wp\/v2\/posts"}],"about":[{"href":"http:\/\/my-alps.de\/index.php?rest_route=\/wp\/v2\/types\/post"}],"author":[{"embeddable":true,"href":"http:\/\/my-alps.de\/index.php?rest_route=\/wp\/v2\/users\/1"}],"replies":[{"embeddable":true,"href":"http:\/\/my-alps.de\/index.php?rest_route=%2Fwp%2Fv2%2Fcomments&post=630"}],"version-history":[{"count":1,"href":"http:\/\/my-alps.de\/index.php?rest_route=\/wp\/v2\/posts\/630\/revisions"}],"predecessor-version":[{"id":631,"href":"http:\/\/my-alps.de\/index.php?rest_route=\/wp\/v2\/posts\/630\/revisions\/631"}],"wp:attachment":[{"href":"http:\/\/my-alps.de\/index.php?rest_route=%2Fwp%2Fv2%2Fmedia&parent=630"}],"wp:term":[{"taxonomy":"category","embeddable":true,"href":"http:\/\/my-alps.de\/index.php?rest_route=%2Fwp%2Fv2%2Fcategories&post=630"},{"taxonomy":"post_tag","embeddable":true,"href":"http:\/\/my-alps.de\/index.php?rest_route=%2Fwp%2Fv2%2Ftags&post=630"}],"curies":[{"name":"wp","href":"https:\/\/api.w.org\/{rel}","templated":true}]}}