{"id":621,"date":"2014-01-28T20:00:56","date_gmt":"2014-01-28T19:00:56","guid":{"rendered":"http:\/\/my-alps.de\/?p=621"},"modified":"2014-01-28T20:06:16","modified_gmt":"2014-01-28T19:06:16","slug":"621","status":"publish","type":"post","link":"http:\/\/my-alps.de\/?p=621","title":{"rendered":""},"content":{"rendered":"<p>Da haben meine beiden Freunde, die Zwillinge Geburtstag &#8211; sind also 360 Tage \u00e4lter als ich! Sch\u00f6nen Gru\u00df an die beiden &#8211; obwohl, bis die das hier lesen ist der Winter daheim wahrscheinlich vorbei. Die nutzen jede Gelegenheit aus um sich auf die &#8218;Brettl zu schwingen. Bei mir ist ja jetzt Sommer (auch wenn es sich gerade nicht so anf\u00fchlt &#8211; heute Nacht hatte glatte 3,0 Grad)<br \/>\nWir melden uns jetzt wieder mal f\u00fcr einige Tage ab &#8211; heute geht es Richtung Puerto Natales und in den Nationalpark &#8222;Torres Del Paine&#8220; &#8211; dort wollen wir eine l\u00e4ngere Trekkingtour mit Zelt und Rucksack unternehmen. Also werden wir uns nicht melden k\u00f6nnen. Wir w\u00fcnschen allen schon mal ein paar sch\u00f6ne Tage im Schnee.<\/p>\n<div id=\"attachment_623\" style=\"width: 586px\" class=\"wp-caption aligncenter\"><a href=\"https:\/\/i0.wp.com\/my-alps.de\/wp-content\/uploads\/2014\/01\/unser-S\u00fcdpol.jpg\"><img aria-describedby=\"caption-attachment-623\" data-attachment-id=\"623\" data-permalink=\"http:\/\/my-alps.de\/?attachment_id=623\" data-orig-file=\"https:\/\/i0.wp.com\/my-alps.de\/wp-content\/uploads\/2014\/01\/unser-S\u00fcdpol.jpg?fit=576%2C1024\" data-orig-size=\"576,1024\" data-comments-opened=\"1\" data-image-meta=\"{&quot;aperture&quot;:&quot;5.6&quot;,&quot;credit&quot;:&quot;&quot;,&quot;camera&quot;:&quot;DSC-RX100&quot;,&quot;caption&quot;:&quot;&quot;,&quot;created_timestamp&quot;:&quot;1389975031&quot;,&quot;copyright&quot;:&quot;&quot;,&quot;focal_length&quot;:&quot;10.4&quot;,&quot;iso&quot;:&quot;125&quot;,&quot;shutter_speed&quot;:&quot;0.0015625&quot;,&quot;title&quot;:&quot;&quot;}\" data-image-title=\"unser S\u00fcdpol\" data-image-description=\"&lt;p&gt;unser S\u00fcdpol&lt;\/p&gt;\n\" data-image-caption=\"&lt;p&gt;unser S\u00fcdpol&lt;\/p&gt;\n\" data-medium-file=\"https:\/\/i0.wp.com\/my-alps.de\/wp-content\/uploads\/2014\/01\/unser-S\u00fcdpol.jpg?fit=168%2C300\" data-large-file=\"https:\/\/i0.wp.com\/my-alps.de\/wp-content\/uploads\/2014\/01\/unser-S\u00fcdpol.jpg?fit=576%2C1024\" loading=\"lazy\" class=\"size-full wp-image-623\" alt=\"unser S\u00fcdpol\" src=\"https:\/\/i0.wp.com\/my-alps.de\/wp-content\/uploads\/2014\/01\/unser-S\u00fcdpol.jpg?resize=576%2C1024\" width=\"576\" height=\"1024\" srcset=\"https:\/\/i0.wp.com\/my-alps.de\/wp-content\/uploads\/2014\/01\/unser-S\u00fcdpol.jpg?w=576 576w, https:\/\/i0.wp.com\/my-alps.de\/wp-content\/uploads\/2014\/01\/unser-S\u00fcdpol.jpg?resize=168%2C300 168w\" sizes=\"(max-width: 576px) 100vw, 576px\" data-recalc-dims=\"1\" \/><\/a><p id=\"caption-attachment-623\" class=\"wp-caption-text\">unser S\u00fcdpol<\/p><\/div>\n<p>&nbsp;<\/p>\n<p>&#8230;. bis sp\u00e4ter dann &#8211; Annette und Claus<\/p>\n<p>;-)))))))<\/p>\n","protected":false},"excerpt":{"rendered":"<p>Da haben meine beiden Freunde, die Zwillinge Geburtstag &#8211; sind also 360 Tage \u00e4lter als ich! Sch\u00f6nen Gru\u00df an die beiden &#8211; obwohl, bis die das hier lesen ist der Winter daheim wahrscheinlich vorbei. Die nutzen jede Gelegenheit aus um sich auf die &#8218;Brettl zu schwingen. Bei mir ist ja jetzt Sommer (auch wenn es [&hellip;]<\/p>\n","protected":false},"author":1,"featured_media":0,"comment_status":"open","ping_status":"open","sticky":false,"template":"","format":"gallery","meta":{"spay_email":"","jetpack_publicize_message":"","jetpack_is_tweetstorm":false,"jetpack_publicize_feature_enabled":true},"categories":[1],"tags":[],"jetpack_featured_media_url":"","jetpack_publicize_connections":[],"jetpack_sharing_enabled":true,"jetpack_shortlink":"https:\/\/wp.me\/s6huce-621","jetpack-related-posts":[{"id":616,"url":"http:\/\/my-alps.de\/?p=616","url_meta":{"origin":621,"position":0},"title":"Fuchzich und immer noch Kopfschmerzen&#8230;.","date":"27. Januar 2014","format":"gallery","excerpt":"Eine Woche feiern muss reichen OK, es ist n'Runder, und nachdem wir gerade auch Zeit haben wurde im WOMO-Powow beschlossen, dass wir eine Woche lang feiern - sie ist noch nicht rum und das Projekt l\u00e4uft prima, w\u00fcrde ich sagen. Feuerland ist beileibe pr\u00e4destiniert f\u00fcr solche Vorhaben. Wobei \"El Fin\u2026","rel":"","context":"In &quot;News&quot;","img":{"alt_text":"","src":"","width":0,"height":0},"classes":[]},{"id":1564,"url":"http:\/\/my-alps.de\/?p=1564","url_meta":{"origin":621,"position":1},"title":"Cordillera Blanca","date":"9. September 2014","format":"gallery","excerpt":"Nachdem wir Lima verlassen hatten wollten wir nicht\u00a0unn\u00f6tig weiter an der K\u00fcste hochfahren, und haben die\u00a0n\u00e4chste M\u00f6glichkeit genutzt um in die Bergwelt der \"Cordillera Blanca\" abzubiegen. Bei Paramonga am Pazifik biegt man in das Tal des\u00a0Rio Fortaleza ab und f\u00e4hrt von Meeresh\u00f6he wieder\u00a0hinauf auf ca. 4.000 Meter. Dann steht man\u2026","rel":"","context":"In &quot;News&quot;","img":{"alt_text":"","src":"https:\/\/i0.wp.com\/my-alps.de\/wp-content\/uploads\/2014\/09\/Lago-Llanganuco-Orkoncocha-ce4.jpg?resize=350%2C200","width":350,"height":200},"classes":[]},{"id":450,"url":"http:\/\/my-alps.de\/?p=450","url_meta":{"origin":621,"position":2},"title":"Das sagt sie und das meint ER (1von2)","date":"15. Dezember 2013","format":"gallery","excerpt":"Hallo, ihr ZUHAUSEgebliebenen, wir sind heute in Colonia di Sacramento angekommen und sin somit in Uruguay. Dem esten Fussballweltmeister, und wenn's nach den URU'S geht, auch dem kommenden in Brasilien. Die Bilder zu diesem Blog f\u00fcge ich sp\u00e4ter mal ein, das WIFI hier in Uruguay ist nicht so von der\u2026","rel":"","context":"In &quot;News&quot;","img":{"alt_text":"","src":"","width":0,"height":0},"classes":[]},{"id":961,"url":"http:\/\/my-alps.de\/?p=961","url_meta":{"origin":621,"position":3},"title":"Vulkan Osorno und Lago Llanquihue","date":"4. April 2014","format":"gallery","excerpt":"Wir sind auf dem Weg zur\u00fcck von der Insel Chiloe\u2019 \u00fcber Puerto Montt nach Puerto Varas gefahren und machen am Lago Llanquihue Station. Zuerst mussten wir ein heftiges Unwetter zwei Tage \u00fcber uns ergehen lassen, bei dem Regenmassen vom Himmel gefallen sind, die bei uns in Deutschland f\u00fcr ein gesamtes\u2026","rel":"","context":"In &quot;News&quot;","img":{"alt_text":"","src":"https:\/\/i0.wp.com\/my-alps.de\/wp-content\/uploads\/2014\/04\/Bimobil-und-Vulkan-Osorno.jpg?resize=350%2C200","width":350,"height":200},"classes":[]},{"id":540,"url":"http:\/\/my-alps.de\/?p=540","url_meta":{"origin":621,"position":4},"title":"S\u00fcdlichste Stadt der Welt &#8211; Ushuaia","date":"14. Januar 2014","format":"gallery","excerpt":"Es ist jetzt 12.17 Uhr Ortszeit - wir fahren am Schild: Ushuaia - Tierra del Fuego - vorbei. Erste gro\u00dfe Etappe geschafft. Nach knapp 4.000 km ( obwohl es direkt nach Buenos Aires auf der RN 3 nur 3.064 km sind) Na ja, die Umwege die es bei uns gibt\u2026","rel":"","context":"In &quot;News&quot;","img":{"alt_text":"","src":"","width":0,"height":0},"classes":[]},{"id":1033,"url":"http:\/\/my-alps.de\/?p=1033","url_meta":{"origin":621,"position":5},"title":"Werkstatt &#8211; 911 &#8211; Wurzelbehandlung am Sto\u00dfd\u00e4mpfer","date":"24. April 2014","format":"gallery","excerpt":"Nach dem wir unser lang ersehntes Paket mit den Ersatzteilen in der Hauptpost Puerto Montt in Empfang genommen haben steht einem Werkstattaufenthalt nichts mehr im Weg. Erst mu\u00df ich allerdings noch das \u201eP\u00e4ckchen\u201c durch die halbe Stadt zum Parkplatz tragen. Ich f\u00fchle mich wie ein Lastesel und bin dann doch\u2026","rel":"","context":"In &quot;News&quot;","img":{"alt_text":"","src":"https:\/\/i0.wp.com\/my-alps.de\/wp-content\/uploads\/2014\/04\/zuerst-die-Scheibe.jpg?resize=350%2C200","width":350,"height":200},"classes":[]}],"_links":{"self":[{"href":"http:\/\/my-alps.de\/index.php?rest_route=\/wp\/v2\/posts\/621"}],"collection":[{"href":"http:\/\/my-alps.de\/index.php?rest_route=\/wp\/v2\/posts"}],"about":[{"href":"http:\/\/my-alps.de\/index.php?rest_route=\/wp\/v2\/types\/post"}],"author":[{"embeddable":true,"href":"http:\/\/my-alps.de\/index.php?rest_route=\/wp\/v2\/users\/1"}],"replies":[{"embeddable":true,"href":"http:\/\/my-alps.de\/index.php?rest_route=%2Fwp%2Fv2%2Fcomments&post=621"}],"version-history":[{"count":3,"href":"http:\/\/my-alps.de\/index.php?rest_route=\/wp\/v2\/posts\/621\/revisions"}],"predecessor-version":[{"id":625,"href":"http:\/\/my-alps.de\/index.php?rest_route=\/wp\/v2\/posts\/621\/revisions\/625"}],"wp:attachment":[{"href":"http:\/\/my-alps.de\/index.php?rest_route=%2Fwp%2Fv2%2Fmedia&parent=621"}],"wp:term":[{"taxonomy":"category","embeddable":true,"href":"http:\/\/my-alps.de\/index.php?rest_route=%2Fwp%2Fv2%2Fcategories&post=621"},{"taxonomy":"post_tag","embeddable":true,"href":"http:\/\/my-alps.de\/index.php?rest_route=%2Fwp%2Fv2%2Ftags&post=621"}],"curies":[{"name":"wp","href":"https:\/\/api.w.org\/{rel}","templated":true}]}}