{"id":62,"date":"2013-02-13T18:13:21","date_gmt":"2013-02-13T17:13:21","guid":{"rendered":"http:\/\/my-alps.de\/?p=62"},"modified":"2013-02-13T18:13:21","modified_gmt":"2013-02-13T17:13:21","slug":"hecktrager-bestellt","status":"publish","type":"post","link":"http:\/\/my-alps.de\/?p=62","title":{"rendered":"Hecktr\u00e4ger bestellt&#8230;."},"content":{"rendered":"<p>So &#8211; und wieder ein St\u00fcck zum hinschrauben bestellt.<br \/>\nDa unser Zusatztank den Platz f\u00fcr das Ersatzrad beansprucht lassen wir uns einen Hecktr\u00e4ger, der eigentlich f\u00fcr Fahrr\u00e4der gedacht ist so umbauen das wir darauf unsere beiden Ersatzr\u00e4der befestigen k\u00f6nnen.<br \/>\nDas Teil muss zudem noch zum wegschwenken sein, weil wir die Heckklappe \u00f6ffnen k\u00f6nnen. W\u00e4re schade gewesen darauf verzichten zu m\u00fcssen.<br \/>\nWenn es Bilder gibt werde ich das mal hochladen.<\/p>\n<p>Ciao CT<\/p>\n","protected":false},"excerpt":{"rendered":"<p>So &#8211; und wieder ein St\u00fcck zum hinschrauben bestellt. Da unser Zusatztank den Platz f\u00fcr das Ersatzrad beansprucht lassen wir uns einen Hecktr\u00e4ger, der eigentlich f\u00fcr Fahrr\u00e4der gedacht ist so umbauen das wir darauf unsere beiden Ersatzr\u00e4der befestigen k\u00f6nnen. Das Teil muss zudem noch zum wegschwenken sein, weil wir die Heckklappe \u00f6ffnen k\u00f6nnen. W\u00e4re schade [&hellip;]<\/p>\n","protected":false},"author":1,"featured_media":0,"comment_status":"open","ping_status":"open","sticky":false,"template":"","format":"standard","meta":{"spay_email":"","jetpack_publicize_message":"","jetpack_is_tweetstorm":false,"jetpack_publicize_feature_enabled":true},"categories":[8],"tags":[],"jetpack_featured_media_url":"","jetpack_publicize_connections":[],"jetpack_sharing_enabled":true,"jetpack_shortlink":"https:\/\/wp.me\/p6huce-10","jetpack-related-posts":[{"id":1033,"url":"http:\/\/my-alps.de\/?p=1033","url_meta":{"origin":62,"position":0},"title":"Werkstatt &#8211; 911 &#8211; Wurzelbehandlung am Sto\u00dfd\u00e4mpfer","date":"24. April 2014","format":"gallery","excerpt":"Nach dem wir unser lang ersehntes Paket mit den Ersatzteilen in der Hauptpost Puerto Montt in Empfang genommen haben steht einem Werkstattaufenthalt nichts mehr im Weg. Erst mu\u00df ich allerdings noch das \u201eP\u00e4ckchen\u201c durch die halbe Stadt zum Parkplatz tragen. Ich f\u00fchle mich wie ein Lastesel und bin dann doch\u2026","rel":"","context":"In &quot;News&quot;","img":{"alt_text":"","src":"https:\/\/i0.wp.com\/my-alps.de\/wp-content\/uploads\/2014\/04\/zuerst-die-Scheibe.jpg?resize=350%2C200","width":350,"height":200},"classes":[]},{"id":311,"url":"http:\/\/my-alps.de\/?p=311","url_meta":{"origin":62,"position":1},"title":"finale Phase bei &#8222;orthos&#8220;","date":"4. April 2013","format":false,"excerpt":"Bei der Firma \"Orthos\" geht es mit gro\u00dfen Schritten voran um unsere mobile Behausung fertig zu stellen. Der Hecktr\u00e4ger f\u00fcr die beiden Ersatzr\u00e4der - eine Spezialkonstruktion zum schwenken - weil sich unsere Heckklappe zwecks der besseren Aussicht aufklappen l\u00e4sst - wird gerade montiert. Bin schon gespannt! Die neue Lichtmaschinensteuerung (sch\u00f6nes\u2026","rel":"","context":"In &quot;Wohnmobil&quot;","img":{"alt_text":"","src":"https:\/\/i0.wp.com\/my-alps.de\/wp-content\/uploads\/2013\/04\/heckklappe.jpg?resize=350%2C200","width":350,"height":200},"classes":[]},{"id":1059,"url":"http:\/\/my-alps.de\/?p=1059","url_meta":{"origin":62,"position":2},"title":"Indian Summer im Mapuche Land","date":"28. April 2014","format":"gallery","excerpt":"Nachdem wir unsere Ersatzteile f\u00fcr die Reparatur unseres Allradantriebes in Deutschland bestellt hatten, war es an der Zeit in Osorno aufzubrechen. Wir werden einige Tage nach Argentinien fahren, da unser 90 Tage Aufenthaltsvisum in Chile bald abl\u00e4uft, und wir durch den Grenz\u00fcbertritt das Visum ganz einfach wieder erneuern k\u00f6nnen. Es\u2026","rel":"","context":"In &quot;News&quot;","img":{"alt_text":"","src":"https:\/\/i0.wp.com\/my-alps.de\/wp-content\/uploads\/2014\/04\/Lago-Villarino-ce4-beschnitten.jpg?resize=350%2C200","width":350,"height":200},"classes":[]},{"id":143,"url":"http:\/\/my-alps.de\/?p=143","url_meta":{"origin":62,"position":3},"title":"WoMo &#8211; Update","date":"26. Februar 2013","format":false,"excerpt":"\"Boomer\" ist beim Update, am vergangenen Freitag haben wir unser WoMo in gute H\u00e4nde bei RELLEUM - Design in Rosenheim gegeben. Dort wird er sch\u00f6n \"aufgepimpt\" - mit Zusatztank und neuem Fahrwerk. Herr M\u00fcller oder relleum (wenn man's r\u00fcckw\u00e4rts liest) hat sich als ein Spezialist f\u00fcr Updates an VW's und\u2026","rel":"","context":"In &quot;Wohnmobil&quot;","img":{"alt_text":"","src":"https:\/\/i0.wp.com\/my-alps.de\/wp-content\/uploads\/2013\/02\/bommer-vorher.jpg?resize=350%2C200","width":350,"height":200},"classes":[]},{"id":1091,"url":"http:\/\/my-alps.de\/?p=1091","url_meta":{"origin":62,"position":4},"title":"Weckruf der Mapuche Indianer","date":"4. Mai 2014","format":"gallery","excerpt":"Unser Camp am Rio Malleo, irgendwo im nirgendwo, auf dem Weg zum Vulkan Lanin lag in der N\u00e4he einer Mapuche Siedlung. Wir hatten die Schilder bei der Hin- und R\u00fcckfahrt bemerkt. Da f\u00fcr den 01. Mai sch\u00f6nes Wetter angesagt war, wollten wir den Nationalpark \u201eVolkan Lanin\u201c besuchen. Tja. wie schon\u2026","rel":"","context":"In &quot;unter uns&quot;","img":{"alt_text":"","src":"","width":0,"height":0},"classes":[]},{"id":545,"url":"http:\/\/my-alps.de\/?p=545","url_meta":{"origin":62,"position":5},"title":"Ushuaia &#8211; wir sind am &#8222;Arsch der Welt&#8220;","date":"17. Januar 2014","format":"gallery","excerpt":"Heute am 17. Januar 2014 sitzen wir in der Skih\u00fctte auf DEM Campingplatz der Globetrotter. In den letzten Tagen haben wir uns in Zauberw\u00e4ldern, tiefen Vulkankratern und Nationalparks herumgetrieben - nicht gerade die Regionen der Welt in denen man mit Breitbandinternet versorg wird. Deshalb eine kleine Zusammenfassung der letzten Tage:\u2026","rel":"","context":"In &quot;News&quot;","img":{"alt_text":"","src":"https:\/\/i0.wp.com\/my-alps.de\/wp-content\/uploads\/2014\/01\/wpid-Guanakos-im-Regen-2.jpg?resize=350%2C200","width":350,"height":200},"classes":[]}],"_links":{"self":[{"href":"http:\/\/my-alps.de\/index.php?rest_route=\/wp\/v2\/posts\/62"}],"collection":[{"href":"http:\/\/my-alps.de\/index.php?rest_route=\/wp\/v2\/posts"}],"about":[{"href":"http:\/\/my-alps.de\/index.php?rest_route=\/wp\/v2\/types\/post"}],"author":[{"embeddable":true,"href":"http:\/\/my-alps.de\/index.php?rest_route=\/wp\/v2\/users\/1"}],"replies":[{"embeddable":true,"href":"http:\/\/my-alps.de\/index.php?rest_route=%2Fwp%2Fv2%2Fcomments&post=62"}],"version-history":[{"count":2,"href":"http:\/\/my-alps.de\/index.php?rest_route=\/wp\/v2\/posts\/62\/revisions"}],"predecessor-version":[{"id":64,"href":"http:\/\/my-alps.de\/index.php?rest_route=\/wp\/v2\/posts\/62\/revisions\/64"}],"wp:attachment":[{"href":"http:\/\/my-alps.de\/index.php?rest_route=%2Fwp%2Fv2%2Fmedia&parent=62"}],"wp:term":[{"taxonomy":"category","embeddable":true,"href":"http:\/\/my-alps.de\/index.php?rest_route=%2Fwp%2Fv2%2Fcategories&post=62"},{"taxonomy":"post_tag","embeddable":true,"href":"http:\/\/my-alps.de\/index.php?rest_route=%2Fwp%2Fv2%2Ftags&post=62"}],"curies":[{"name":"wp","href":"https:\/\/api.w.org\/{rel}","templated":true}]}}