{"id":527,"date":"2014-01-06T23:20:04","date_gmt":"2014-01-06T22:20:04","guid":{"rendered":"http:\/\/my-alps.de\/?p=527"},"modified":"2014-01-06T23:20:04","modified_gmt":"2014-01-06T22:20:04","slug":"jaja-patagonien-land-im-wind","status":"publish","type":"post","link":"http:\/\/my-alps.de\/?p=527","title":{"rendered":"ja,ja &#8211; Patagonien &#8211; Land im Wind&#8230;&#8230;"},"content":{"rendered":"<p>Da ich ja als Windsurfer und Segler\u00a0das mit dem Wind ganz gut hinbekomme kann ich heute die gr\u00f6sste, jemals von mir miterlebte Windst\u00e4rke vermelden: 119 km\/h<\/p>\n<p>Das bedeutet, du f\u00e4hrst st\u00e4ndig im 5. Gang, hast die Lenkung auf eine vierteldrehung nach rechts, und wartest auf die n\u00e4chste Hammerb\u00f6e. derweil geht der Spritverbrauch an die 18 Liter.<\/p>\n","protected":false},"excerpt":{"rendered":"<p>Da ich ja als Windsurfer und Segler\u00a0das mit dem Wind ganz gut hinbekomme kann ich heute die gr\u00f6sste, jemals von mir miterlebte Windst\u00e4rke vermelden: 119 km\/h Das bedeutet, du f\u00e4hrst st\u00e4ndig im 5. Gang, hast die Lenkung auf eine vierteldrehung nach rechts, und wartest auf die n\u00e4chste Hammerb\u00f6e. derweil geht der Spritverbrauch an die 18 [&hellip;]<\/p>\n","protected":false},"author":1,"featured_media":0,"comment_status":"open","ping_status":"open","sticky":false,"template":"","format":"gallery","meta":{"spay_email":"","jetpack_publicize_message":"","jetpack_is_tweetstorm":false,"jetpack_publicize_feature_enabled":true},"categories":[1],"tags":[],"jetpack_featured_media_url":"","jetpack_publicize_connections":[],"jetpack_sharing_enabled":true,"jetpack_shortlink":"https:\/\/wp.me\/p6huce-8v","jetpack-related-posts":[{"id":571,"url":"http:\/\/my-alps.de\/?p=571","url_meta":{"origin":527,"position":0},"title":"&#8222;Arsch&#8220; der Welt ist nicht richtig &#8211; es kann ja auch der Anfang sein &#8211; oder?","date":"17. Januar 2014","format":"gallery","excerpt":"Also jetzt bin ich wieder mal \u00fcber's Ziel hinausgeschossen - nat\u00fcrlich war es im NP Monte Leon sehr sch\u00f6n - deshalb haben wir dort zwei Tage zugebracht und sind dann weiter nach \u00a0Puerto San Julian gefahren - weiter ging es nicht bei dem Wind. Der Spritverbrauch kratzt an der 20\u2026","rel":"","context":"In &quot;News&quot;","img":{"alt_text":"","src":"https:\/\/i0.wp.com\/my-alps.de\/wp-content\/uploads\/2014\/01\/neues-Kaperschiff-der-Baltic-Pirates-300x225.jpg?resize=350%2C200","width":350,"height":200},"classes":[]},{"id":504,"url":"http:\/\/my-alps.de\/?p=504","url_meta":{"origin":527,"position":1},"title":"WIFI &#8211; Bitte ?!?","date":"3. Januar 2014","format":"gallery","excerpt":"Wir haben die n\u00e4chsten Zeilen in der ersten Januarwoche offline geschrieben, denn da wo wir uns zeitweise herumgetrieben haben wird das Internet vom Winde verweht ;-)) Nachdem wir unser Sylvester 2013\/14 mit den wilden Hupkonzerten der Dorfjugend von Camarones geteilt hatten, sind wir am 01.01.2014 weiter Richtung S\u00fcden gefahren. Zuerst\u2026","rel":"","context":"In &quot;News&quot;","img":{"alt_text":"","src":"https:\/\/i0.wp.com\/my-alps.de\/wp-content\/uploads\/2014\/01\/Hallo-ich-bin-Freddy-und-du-200x300.jpg?resize=350%2C200","width":350,"height":200},"classes":[]},{"id":695,"url":"http:\/\/my-alps.de\/?p=695","url_meta":{"origin":527,"position":2},"title":"Von El Calafate nach El Chalten &#8211; Fitz Roy und Cerro Torre","date":"23. Februar 2014","format":"gallery","excerpt":"Nachdem wir den Campingplatz Marke SUPERLUXUS am Lago Roca ausgiebig genossen haben, sind wir in den n\u00e4chsten Nationalpark auf unserer Route weitergezogen. Die Fahrt ging auf der Ruta 40 weiter von El Calafate Richtung Norden nach El Chalten Hier stehen die ber\u00fchmten Namen, die das Herz eines Alpinisten h\u00f6her schlagen\u2026","rel":"","context":"In &quot;News&quot;","img":{"alt_text":"","src":"https:\/\/i0.wp.com\/my-alps.de\/wp-content\/uploads\/2014\/02\/Panorama-El-Chalten-HD.jpg?resize=350%2C200","width":350,"height":200},"classes":[]},{"id":646,"url":"http:\/\/my-alps.de\/?p=646","url_meta":{"origin":527,"position":3},"title":"&#8222;Plattfuss&#8220; in S\u00fcdamerika","date":"6. Februar 2014","format":"gallery","excerpt":"Erster Plattfuss: Nach ca. 6.500 km haben wir unseren ersten Platten gefahren. Erst hat sich der Luftverlust beim hinten rechts noch in Grenzen gehalten - doch dann haben wir einen Metallgegenstand im Reifen entdeckt. Sch\u00f6n zwischen den Profilrippen versteckt. Die Notreperatur mit Reifenpilot hat uns noch bis El Calafate gebracht.\u2026","rel":"","context":"In &quot;Wohnmobil&quot;","img":{"alt_text":"Gomeria Gallardo","src":"https:\/\/i0.wp.com\/my-alps.de\/wp-content\/uploads\/2014\/02\/Gomeria-Gallardo-HD.jpg?resize=350%2C200","width":350,"height":200},"classes":[]},{"id":360,"url":"http:\/\/my-alps.de\/?p=360","url_meta":{"origin":527,"position":4},"title":"Sippentreffen &#8211; oder &#8222;Der Wilde Osten&#8220;","date":"15. Juli 2013","format":"gallery","excerpt":"So - das letzte Wochenende waren wir wieder mal in Sachen \"Die Familie\" unterwegs. Also war nichts mit herumbasteln an unserem Schneckenhaus. Wir sind also mal zu dem Familienteil von meinem \"Stiefvater\" gefahren um uns dem j\u00e4hrlichen Sippentreffen in Scharfenstein anzuschlie\u00dfen. Dieses Treffen findet jedes Jahr bei einem anderen Familienteil\u2026","rel":"","context":"In &quot;News&quot;","img":{"alt_text":"","src":"https:\/\/i0.wp.com\/my-alps.de\/wp-content\/uploads\/2013\/07\/Der-kleine-Drache-II.jpg?resize=350%2C200","width":350,"height":200},"classes":[]},{"id":883,"url":"http:\/\/my-alps.de\/?p=883","url_meta":{"origin":527,"position":5},"title":"Insel Chiloe\u2019","date":"26. M\u00e4rz 2014","format":"gallery","excerpt":"Die Insel Chiloe\u2019 ist von Puerto Montt auf einer gut ausgebauten Autobahn in ca. 1 1\/2 Stunden Fahrt zu erreichen. \u00dcber die Meerenge zwischen dem Festland und der Insel wird (wie in Chile \u00fcblich) mit einer offenen F\u00e4hre \u00fcbergesetzt. Die Fahrtzeit betr\u00e4gt etwa eine halbe Stunde und kostet f\u00fcr unser\u2026","rel":"","context":"In &quot;News&quot;","img":{"alt_text":"","src":"https:\/\/i0.wp.com\/my-alps.de\/wp-content\/uploads\/2014\/03\/wir-sind-auf.....jpg?resize=350%2C200","width":350,"height":200},"classes":[]}],"_links":{"self":[{"href":"http:\/\/my-alps.de\/index.php?rest_route=\/wp\/v2\/posts\/527"}],"collection":[{"href":"http:\/\/my-alps.de\/index.php?rest_route=\/wp\/v2\/posts"}],"about":[{"href":"http:\/\/my-alps.de\/index.php?rest_route=\/wp\/v2\/types\/post"}],"author":[{"embeddable":true,"href":"http:\/\/my-alps.de\/index.php?rest_route=\/wp\/v2\/users\/1"}],"replies":[{"embeddable":true,"href":"http:\/\/my-alps.de\/index.php?rest_route=%2Fwp%2Fv2%2Fcomments&post=527"}],"version-history":[{"count":1,"href":"http:\/\/my-alps.de\/index.php?rest_route=\/wp\/v2\/posts\/527\/revisions"}],"predecessor-version":[{"id":528,"href":"http:\/\/my-alps.de\/index.php?rest_route=\/wp\/v2\/posts\/527\/revisions\/528"}],"wp:attachment":[{"href":"http:\/\/my-alps.de\/index.php?rest_route=%2Fwp%2Fv2%2Fmedia&parent=527"}],"wp:term":[{"taxonomy":"category","embeddable":true,"href":"http:\/\/my-alps.de\/index.php?rest_route=%2Fwp%2Fv2%2Fcategories&post=527"},{"taxonomy":"post_tag","embeddable":true,"href":"http:\/\/my-alps.de\/index.php?rest_route=%2Fwp%2Fv2%2Ftags&post=527"}],"curies":[{"name":"wp","href":"https:\/\/api.w.org\/{rel}","templated":true}]}}