{"id":525,"date":"2014-01-06T20:27:57","date_gmt":"2014-01-06T19:27:57","guid":{"rendered":"http:\/\/my-alps.de\/?p=525"},"modified":"2014-01-06T20:27:57","modified_gmt":"2014-01-06T19:27:57","slug":"kleine-bilderauswahl-aus-den-vergangenen-tagen-aus-puerto-julian-da-hat-der-campingplatz-wifi","status":"publish","type":"post","link":"http:\/\/my-alps.de\/?p=525","title":{"rendered":"kleine Bilderauswahl aus den vergangenen Tagen (aus Puerto Julian &#8211; da hat der Campingplatz WIFI)"},"content":{"rendered":"<p>Versteinertes Holz aus dem Nationalpark Bosque Petrificados:<\/p>\n<div id=\"attachment_515\" style=\"width: 310px\" class=\"wp-caption aligncenter\"><a href=\"https:\/\/i0.wp.com\/my-alps.de\/wp-content\/uploads\/2014\/01\/kann-Mann-nicht-mehr-zum-Grillen-verwenden.jpg\"><img aria-describedby=\"caption-attachment-515\" data-attachment-id=\"515\" data-permalink=\"http:\/\/my-alps.de\/?attachment_id=515\" data-orig-file=\"https:\/\/i0.wp.com\/my-alps.de\/wp-content\/uploads\/2014\/01\/kann-Mann-nicht-mehr-zum-Grillen-verwenden.jpg?fit=1024%2C683\" data-orig-size=\"1024,683\" data-comments-opened=\"1\" data-image-meta=\"{&quot;aperture&quot;:&quot;11&quot;,&quot;credit&quot;:&quot;&quot;,&quot;camera&quot;:&quot;SLT-A99V&quot;,&quot;caption&quot;:&quot;&quot;,&quot;created_timestamp&quot;:&quot;1388940946&quot;,&quot;copyright&quot;:&quot;&quot;,&quot;focal_length&quot;:&quot;70&quot;,&quot;iso&quot;:&quot;100&quot;,&quot;shutter_speed&quot;:&quot;0.005&quot;,&quot;title&quot;:&quot;&quot;}\" data-image-title=\"kann Mann nicht mehr zum Grillen verwenden\" data-image-description=\"\" data-image-caption=\"&lt;p&gt;kann Mann nicht mehr zum Grillen verwenden&lt;\/p&gt;\n\" data-medium-file=\"https:\/\/i0.wp.com\/my-alps.de\/wp-content\/uploads\/2014\/01\/kann-Mann-nicht-mehr-zum-Grillen-verwenden.jpg?fit=300%2C200\" data-large-file=\"https:\/\/i0.wp.com\/my-alps.de\/wp-content\/uploads\/2014\/01\/kann-Mann-nicht-mehr-zum-Grillen-verwenden.jpg?fit=625%2C417\" loading=\"lazy\" class=\"size-medium wp-image-515\" alt=\"kann Mann nicht mehr zum Grillen verwenden\" src=\"https:\/\/i0.wp.com\/my-alps.de\/wp-content\/uploads\/2014\/01\/kann-Mann-nicht-mehr-zum-Grillen-verwenden.jpg?resize=300%2C200\" width=\"300\" height=\"200\" srcset=\"https:\/\/i0.wp.com\/my-alps.de\/wp-content\/uploads\/2014\/01\/kann-Mann-nicht-mehr-zum-Grillen-verwenden.jpg?resize=300%2C200 300w, https:\/\/i0.wp.com\/my-alps.de\/wp-content\/uploads\/2014\/01\/kann-Mann-nicht-mehr-zum-Grillen-verwenden.jpg?w=1024 1024w\" sizes=\"(max-width: 300px) 100vw, 300px\" data-recalc-dims=\"1\" \/><\/a><p id=\"caption-attachment-515\" class=\"wp-caption-text\">kann Mann nicht mehr zum Grillen verwenden<\/p><\/div>\n<p>Guanakos stehen \u00fcberall an den Stra\u00dfenr\u00e4ndern herum und schauen uns beim vorbeifahren zu.<\/p>\n<div id=\"attachment_513\" style=\"width: 310px\" class=\"wp-caption aligncenter\"><a href=\"https:\/\/i0.wp.com\/my-alps.de\/wp-content\/uploads\/2014\/01\/Guanako-Joe-und-seine-Kumpels.jpg\"><img aria-describedby=\"caption-attachment-513\" data-attachment-id=\"513\" data-permalink=\"http:\/\/my-alps.de\/?attachment_id=513\" data-orig-file=\"https:\/\/i0.wp.com\/my-alps.de\/wp-content\/uploads\/2014\/01\/Guanako-Joe-und-seine-Kumpels.jpg?fit=1024%2C683\" data-orig-size=\"1024,683\" data-comments-opened=\"1\" data-image-meta=\"{&quot;aperture&quot;:&quot;6.3&quot;,&quot;credit&quot;:&quot;&quot;,&quot;camera&quot;:&quot;SLT-A77V&quot;,&quot;caption&quot;:&quot;&quot;,&quot;created_timestamp&quot;:&quot;1388170526&quot;,&quot;copyright&quot;:&quot;&quot;,&quot;focal_length&quot;:&quot;210&quot;,&quot;iso&quot;:&quot;100&quot;,&quot;shutter_speed&quot;:&quot;0.0015625&quot;,&quot;title&quot;:&quot;&quot;}\" data-image-title=\"Guanako Joe und seine Kumpels\" data-image-description=\"\" data-image-caption=\"&lt;p&gt;Guanako Joe und seine Kumpels&lt;\/p&gt;\n\" data-medium-file=\"https:\/\/i0.wp.com\/my-alps.de\/wp-content\/uploads\/2014\/01\/Guanako-Joe-und-seine-Kumpels.jpg?fit=300%2C200\" data-large-file=\"https:\/\/i0.wp.com\/my-alps.de\/wp-content\/uploads\/2014\/01\/Guanako-Joe-und-seine-Kumpels.jpg?fit=625%2C417\" loading=\"lazy\" class=\"size-medium wp-image-513\" alt=\"Guanako Joe und seine Kumpels\" src=\"https:\/\/i0.wp.com\/my-alps.de\/wp-content\/uploads\/2014\/01\/Guanako-Joe-und-seine-Kumpels.jpg?resize=300%2C200\" width=\"300\" height=\"200\" srcset=\"https:\/\/i0.wp.com\/my-alps.de\/wp-content\/uploads\/2014\/01\/Guanako-Joe-und-seine-Kumpels.jpg?resize=300%2C200 300w, https:\/\/i0.wp.com\/my-alps.de\/wp-content\/uploads\/2014\/01\/Guanako-Joe-und-seine-Kumpels.jpg?w=1024 1024w\" sizes=\"(max-width: 300px) 100vw, 300px\" data-recalc-dims=\"1\" \/><\/a><p id=\"caption-attachment-513\" class=\"wp-caption-text\">Guanako Joe und seine Kumpels<\/p><\/div>\n<p>Delfinshow direkt am Strand bei unserem Bootsausflug in Puerto Desedao.<\/p>\n<div id=\"attachment_510\" style=\"width: 310px\" class=\"wp-caption aligncenter\"><a href=\"https:\/\/i0.wp.com\/my-alps.de\/wp-content\/uploads\/2014\/01\/Delfinshow-am-Strand.jpg\"><img aria-describedby=\"caption-attachment-510\" data-attachment-id=\"510\" data-permalink=\"http:\/\/my-alps.de\/?attachment_id=510\" data-orig-file=\"https:\/\/i0.wp.com\/my-alps.de\/wp-content\/uploads\/2014\/01\/Delfinshow-am-Strand.jpg?fit=1024%2C576\" data-orig-size=\"1024,576\" data-comments-opened=\"1\" data-image-meta=\"{&quot;aperture&quot;:&quot;8&quot;,&quot;credit&quot;:&quot;&quot;,&quot;camera&quot;:&quot;SLT-A99V&quot;,&quot;caption&quot;:&quot;&quot;,&quot;created_timestamp&quot;:&quot;1388848247&quot;,&quot;copyright&quot;:&quot;&quot;,&quot;focal_length&quot;:&quot;70&quot;,&quot;iso&quot;:&quot;125&quot;,&quot;shutter_speed&quot;:&quot;0.002&quot;,&quot;title&quot;:&quot;&quot;}\" data-image-title=\"Delfinshow am Strand\" data-image-description=\"\" data-image-caption=\"&lt;p&gt;Zwei Comerson Delfine&lt;\/p&gt;\n\" data-medium-file=\"https:\/\/i0.wp.com\/my-alps.de\/wp-content\/uploads\/2014\/01\/Delfinshow-am-Strand.jpg?fit=300%2C168\" data-large-file=\"https:\/\/i0.wp.com\/my-alps.de\/wp-content\/uploads\/2014\/01\/Delfinshow-am-Strand.jpg?fit=625%2C352\" loading=\"lazy\" class=\"size-medium wp-image-510\" alt=\"Zwei Comerson Delfine\" src=\"https:\/\/i0.wp.com\/my-alps.de\/wp-content\/uploads\/2014\/01\/Delfinshow-am-Strand.jpg?resize=300%2C168\" width=\"300\" height=\"168\" srcset=\"https:\/\/i0.wp.com\/my-alps.de\/wp-content\/uploads\/2014\/01\/Delfinshow-am-Strand.jpg?resize=300%2C168 300w, https:\/\/i0.wp.com\/my-alps.de\/wp-content\/uploads\/2014\/01\/Delfinshow-am-Strand.jpg?w=1024 1024w\" sizes=\"(max-width: 300px) 100vw, 300px\" data-recalc-dims=\"1\" \/><\/a><p id=\"caption-attachment-510\" class=\"wp-caption-text\">Zwei Comerson Delfine<\/p><\/div>\n<p>Auf unserer Rundfahrt auf der Peninsula Valdes haben wir die beiden h\u00fcbschen Damen am Strand entdeckt.<\/p>\n<div id=\"attachment_519\" style=\"width: 310px\" class=\"wp-caption aligncenter\"><a href=\"https:\/\/i0.wp.com\/my-alps.de\/wp-content\/uploads\/2014\/01\/Zwei-Seelefantendamen.jpg\"><img aria-describedby=\"caption-attachment-519\" data-attachment-id=\"519\" data-permalink=\"http:\/\/my-alps.de\/?attachment_id=519\" data-orig-file=\"https:\/\/i0.wp.com\/my-alps.de\/wp-content\/uploads\/2014\/01\/Zwei-Seelefantendamen.jpg?fit=1024%2C576\" data-orig-size=\"1024,576\" data-comments-opened=\"1\" data-image-meta=\"{&quot;aperture&quot;:&quot;5.6&quot;,&quot;credit&quot;:&quot;&quot;,&quot;camera&quot;:&quot;SLT-A77V&quot;,&quot;caption&quot;:&quot;&quot;,&quot;created_timestamp&quot;:&quot;1388161408&quot;,&quot;copyright&quot;:&quot;&quot;,&quot;focal_length&quot;:&quot;300&quot;,&quot;iso&quot;:&quot;100&quot;,&quot;shutter_speed&quot;:&quot;0.002&quot;,&quot;title&quot;:&quot;&quot;}\" data-image-title=\"Zwei Seelefantendamen\" data-image-description=\"\" data-image-caption=\"&lt;p&gt;Zwei Seelefantendamen in Valdes&lt;\/p&gt;\n\" data-medium-file=\"https:\/\/i0.wp.com\/my-alps.de\/wp-content\/uploads\/2014\/01\/Zwei-Seelefantendamen.jpg?fit=300%2C168\" data-large-file=\"https:\/\/i0.wp.com\/my-alps.de\/wp-content\/uploads\/2014\/01\/Zwei-Seelefantendamen.jpg?fit=625%2C352\" loading=\"lazy\" class=\"size-medium wp-image-519\" alt=\"Zwei Seelefantendamen in Valdes\" src=\"https:\/\/i0.wp.com\/my-alps.de\/wp-content\/uploads\/2014\/01\/Zwei-Seelefantendamen.jpg?resize=300%2C168\" width=\"300\" height=\"168\" srcset=\"https:\/\/i0.wp.com\/my-alps.de\/wp-content\/uploads\/2014\/01\/Zwei-Seelefantendamen.jpg?resize=300%2C168 300w, https:\/\/i0.wp.com\/my-alps.de\/wp-content\/uploads\/2014\/01\/Zwei-Seelefantendamen.jpg?w=1024 1024w\" sizes=\"(max-width: 300px) 100vw, 300px\" data-recalc-dims=\"1\" \/><\/a><p id=\"caption-attachment-519\" class=\"wp-caption-text\">Zwei Seelefantendamen in Valdes<\/p><\/div>\n<p>Die M\u00f6wen sind immer und \u00fcberall!<\/p>\n<div id=\"attachment_512\" style=\"width: 310px\" class=\"wp-caption aligncenter\"><a href=\"https:\/\/i0.wp.com\/my-alps.de\/wp-content\/uploads\/2014\/01\/Flugk\u00fcnstler.jpg\"><img aria-describedby=\"caption-attachment-512\" data-attachment-id=\"512\" data-permalink=\"http:\/\/my-alps.de\/?attachment_id=512\" data-orig-file=\"https:\/\/i0.wp.com\/my-alps.de\/wp-content\/uploads\/2014\/01\/Flugk\u00fcnstler.jpg?fit=1024%2C576\" data-orig-size=\"1024,576\" data-comments-opened=\"1\" data-image-meta=\"{&quot;aperture&quot;:&quot;4&quot;,&quot;credit&quot;:&quot;&quot;,&quot;camera&quot;:&quot;SLT-A99V&quot;,&quot;caption&quot;:&quot;&quot;,&quot;created_timestamp&quot;:&quot;1388850574&quot;,&quot;copyright&quot;:&quot;&quot;,&quot;focal_length&quot;:&quot;200&quot;,&quot;iso&quot;:&quot;100&quot;,&quot;shutter_speed&quot;:&quot;0.00033333333333333&quot;,&quot;title&quot;:&quot;&quot;}\" data-image-title=\"Flugk\u00fcnstler\" data-image-description=\"\" data-image-caption=\"&lt;p&gt;Flugk\u00fcnstler&lt;\/p&gt;\n\" data-medium-file=\"https:\/\/i0.wp.com\/my-alps.de\/wp-content\/uploads\/2014\/01\/Flugk\u00fcnstler.jpg?fit=300%2C168\" data-large-file=\"https:\/\/i0.wp.com\/my-alps.de\/wp-content\/uploads\/2014\/01\/Flugk\u00fcnstler.jpg?fit=625%2C352\" loading=\"lazy\" class=\"size-medium wp-image-512\" alt=\"Flugk\u00fcnstler\" src=\"https:\/\/i0.wp.com\/my-alps.de\/wp-content\/uploads\/2014\/01\/Flugk\u00fcnstler.jpg?resize=300%2C168\" width=\"300\" height=\"168\" srcset=\"https:\/\/i0.wp.com\/my-alps.de\/wp-content\/uploads\/2014\/01\/Flugk\u00fcnstler.jpg?resize=300%2C168 300w, https:\/\/i0.wp.com\/my-alps.de\/wp-content\/uploads\/2014\/01\/Flugk\u00fcnstler.jpg?w=1024 1024w\" sizes=\"(max-width: 300px) 100vw, 300px\" data-recalc-dims=\"1\" \/><\/a><p id=\"caption-attachment-512\" class=\"wp-caption-text\">Flugk\u00fcnstler<\/p><\/div>\n<p>In Gaiman (nicht LACHEN!) haben wir die Basis f\u00fcr unser n\u00e4chstes WOMO entdeckt.<\/p>\n<div id=\"attachment_518\" style=\"width: 310px\" class=\"wp-caption aligncenter\"><a href=\"https:\/\/i0.wp.com\/my-alps.de\/wp-content\/uploads\/2014\/01\/Unsere-Basis-f\u00fcr-ein-neues-Fernreisemobil.jpg\"><img aria-describedby=\"caption-attachment-518\" data-attachment-id=\"518\" data-permalink=\"http:\/\/my-alps.de\/?attachment_id=518\" data-orig-file=\"https:\/\/i0.wp.com\/my-alps.de\/wp-content\/uploads\/2014\/01\/Unsere-Basis-f\u00fcr-ein-neues-Fernreisemobil.jpg?fit=1024%2C576\" data-orig-size=\"1024,576\" data-comments-opened=\"1\" data-image-meta=\"{&quot;aperture&quot;:&quot;3.2&quot;,&quot;credit&quot;:&quot;&quot;,&quot;camera&quot;:&quot;DSC-RX100&quot;,&quot;caption&quot;:&quot;&quot;,&quot;created_timestamp&quot;:&quot;1388274290&quot;,&quot;copyright&quot;:&quot;&quot;,&quot;focal_length&quot;:&quot;10.4&quot;,&quot;iso&quot;:&quot;100&quot;,&quot;shutter_speed&quot;:&quot;0.01&quot;,&quot;title&quot;:&quot;&quot;}\" data-image-title=\"Unsere Basis f\u00fcr ein neues Fernreisemobil\" data-image-description=\"\" data-image-caption=\"&lt;p&gt;mit&#8217;m Ford fort und mit dem Taxi heim&lt;\/p&gt;\n\" data-medium-file=\"https:\/\/i0.wp.com\/my-alps.de\/wp-content\/uploads\/2014\/01\/Unsere-Basis-f\u00fcr-ein-neues-Fernreisemobil.jpg?fit=300%2C168\" data-large-file=\"https:\/\/i0.wp.com\/my-alps.de\/wp-content\/uploads\/2014\/01\/Unsere-Basis-f\u00fcr-ein-neues-Fernreisemobil.jpg?fit=625%2C352\" loading=\"lazy\" class=\"size-medium wp-image-518\" alt=\"mit'm Ford fort und mit dem Taxi heim\" src=\"https:\/\/i0.wp.com\/my-alps.de\/wp-content\/uploads\/2014\/01\/Unsere-Basis-f\u00fcr-ein-neues-Fernreisemobil.jpg?resize=300%2C168\" width=\"300\" height=\"168\" srcset=\"https:\/\/i0.wp.com\/my-alps.de\/wp-content\/uploads\/2014\/01\/Unsere-Basis-f\u00fcr-ein-neues-Fernreisemobil.jpg?resize=300%2C168 300w, https:\/\/i0.wp.com\/my-alps.de\/wp-content\/uploads\/2014\/01\/Unsere-Basis-f\u00fcr-ein-neues-Fernreisemobil.jpg?w=1024 1024w\" sizes=\"(max-width: 300px) 100vw, 300px\" data-recalc-dims=\"1\" \/><\/a><p id=\"caption-attachment-518\" class=\"wp-caption-text\">mit&#8217;m Ford fort und mit dem Taxi heim<\/p><\/div>\n<p>unterwegs haben wir diesen lustigen Familienaufkleber auf einem Auto entdeckt.<\/p>\n<div id=\"attachment_517\" style=\"width: 310px\" class=\"wp-caption aligncenter\"><a href=\"https:\/\/i0.wp.com\/my-alps.de\/wp-content\/uploads\/2014\/01\/Mottoaufkleber-f\u00fcr-Argentinier.jpg\"><img aria-describedby=\"caption-attachment-517\" data-attachment-id=\"517\" data-permalink=\"http:\/\/my-alps.de\/?attachment_id=517\" data-orig-file=\"https:\/\/i0.wp.com\/my-alps.de\/wp-content\/uploads\/2014\/01\/Mottoaufkleber-f\u00fcr-Argentinier.jpg?fit=1024%2C576\" data-orig-size=\"1024,576\" data-comments-opened=\"1\" data-image-meta=\"{&quot;aperture&quot;:&quot;8&quot;,&quot;credit&quot;:&quot;&quot;,&quot;camera&quot;:&quot;DSC-RX100&quot;,&quot;caption&quot;:&quot;&quot;,&quot;created_timestamp&quot;:&quot;1388070474&quot;,&quot;copyright&quot;:&quot;&quot;,&quot;focal_length&quot;:&quot;37.1&quot;,&quot;iso&quot;:&quot;125&quot;,&quot;shutter_speed&quot;:&quot;0.00125&quot;,&quot;title&quot;:&quot;&quot;}\" data-image-title=\"Mottoaufkleber f\u00fcr Argentinier\" data-image-description=\"\" data-image-caption=\"&lt;p&gt;Mottoaufkleber f\u00fcr Argentinier&lt;\/p&gt;\n\" data-medium-file=\"https:\/\/i0.wp.com\/my-alps.de\/wp-content\/uploads\/2014\/01\/Mottoaufkleber-f\u00fcr-Argentinier.jpg?fit=300%2C168\" data-large-file=\"https:\/\/i0.wp.com\/my-alps.de\/wp-content\/uploads\/2014\/01\/Mottoaufkleber-f\u00fcr-Argentinier.jpg?fit=625%2C352\" loading=\"lazy\" class=\"size-medium wp-image-517\" alt=\"Mottoaufkleber f\u00fcr Argentinier\" src=\"https:\/\/i0.wp.com\/my-alps.de\/wp-content\/uploads\/2014\/01\/Mottoaufkleber-f\u00fcr-Argentinier.jpg?resize=300%2C168\" width=\"300\" height=\"168\" srcset=\"https:\/\/i0.wp.com\/my-alps.de\/wp-content\/uploads\/2014\/01\/Mottoaufkleber-f\u00fcr-Argentinier.jpg?resize=300%2C168 300w, https:\/\/i0.wp.com\/my-alps.de\/wp-content\/uploads\/2014\/01\/Mottoaufkleber-f\u00fcr-Argentinier.jpg?w=1024 1024w\" sizes=\"(max-width: 300px) 100vw, 300px\" data-recalc-dims=\"1\" \/><\/a><p id=\"caption-attachment-517\" class=\"wp-caption-text\">Mottoaufkleber f\u00fcr Argentinier<\/p><\/div>\n<p>&nbsp;<\/p>\n<p>&nbsp;<\/p>\n<p>&nbsp;<\/p>\n<p>&nbsp;<\/p>\n<p>&nbsp;<\/p>\n<p>&nbsp;<\/p>\n","protected":false},"excerpt":{"rendered":"<p>Versteinertes Holz aus dem Nationalpark Bosque Petrificados: Guanakos stehen \u00fcberall an den Stra\u00dfenr\u00e4ndern herum und schauen uns beim vorbeifahren zu. Delfinshow direkt am Strand bei unserem Bootsausflug in Puerto Desedao. Auf unserer Rundfahrt auf der Peninsula Valdes haben wir die beiden h\u00fcbschen Damen am Strand entdeckt. Die M\u00f6wen sind immer und \u00fcberall! In Gaiman (nicht [&hellip;]<\/p>\n","protected":false},"author":1,"featured_media":0,"comment_status":"open","ping_status":"open","sticky":false,"template":"","format":"gallery","meta":{"spay_email":"","jetpack_publicize_message":"","jetpack_is_tweetstorm":false,"jetpack_publicize_feature_enabled":true},"categories":[1],"tags":[],"jetpack_featured_media_url":"","jetpack_publicize_connections":[],"jetpack_sharing_enabled":true,"jetpack_shortlink":"https:\/\/wp.me\/p6huce-8t","jetpack-related-posts":[{"id":1213,"url":"http:\/\/my-alps.de\/?p=1213","url_meta":{"origin":525,"position":0},"title":"Nationalpark Leoncito","date":"10. Juni 2014","format":"gallery","excerpt":"Von Mendoza sind wir wieder ein St\u00fcck zur\u00fcck gefahren in Richtung Uspallata, um die Ruta 149 nach Norden zu nehmen. Die Strecke f\u00fchrt direkt an den Ausl\u00e4ufern der Anden entlang, und man hat st\u00e4ndig die schneebedeckten Berge im Blick. So fahren wir ca. 100 km (mit dem Kopf leicht nach\u2026","rel":"","context":"In &quot;News&quot;","img":{"alt_text":"","src":"https:\/\/i0.wp.com\/my-alps.de\/wp-content\/uploads\/2014\/06\/Rio-San-Juan-I-ce4.jpg?resize=350%2C200","width":350,"height":200},"classes":[]},{"id":633,"url":"http:\/\/my-alps.de\/?p=633","url_meta":{"origin":525,"position":1},"title":"Nationalpark &#8222;Torres Del Paine&#8220; in Chile","date":"6. Februar 2014","format":"gallery","excerpt":"Unser erster Abstecher nach Chile hat uns von Punta Arenas \u00fcber Puerto Natales in den Nationalpark \u201eTorres Del Paine\u201c gef\u00fchrt. Die \u201eTorres Del Paine\u201c - auch bekannt als die \u201e3 Zinnen S\u00fcdamerikas\u201c sind gigantische Granitt\u00fcrme, jeder Zahn mit einer fast 1.000 Meter hohen Felswand. Glatt und abweisend. Da steht man\u2026","rel":"","context":"In &quot;News&quot;","img":{"alt_text":"","src":"https:\/\/i0.wp.com\/my-alps.de\/wp-content\/uploads\/2014\/02\/Torres-Del-Paine-im-ersten-Morgenlicht-HD.jpg?resize=350%2C200","width":350,"height":200},"classes":[]},{"id":851,"url":"http:\/\/my-alps.de\/?p=851","url_meta":{"origin":525,"position":2},"title":"von Chaiten ans Ende der Carretera Austral","date":"19. M\u00e4rz 2014","format":"gallery","excerpt":"Wir sind jetzt fast 4 Wochen lang auf der Ruta 7, der Carretera Austral, aus dem S\u00fcden Chiles Richtung Norden gefahren. Der Eine oder Andere Abstecher hat der einsamen Stra\u00dfe noch etwas mehr Reiz beschert, als sie selbst schon besitzt. Doch jetzt ist es an der Zeit die Zivilisation mal\u2026","rel":"","context":"In &quot;News&quot;","img":{"alt_text":"","src":"https:\/\/i0.wp.com\/my-alps.de\/wp-content\/uploads\/2014\/03\/El-Cap-light-sw.jpg?resize=350%2C200","width":350,"height":200},"classes":[]},{"id":1234,"url":"http:\/\/my-alps.de\/?p=1234","url_meta":{"origin":525,"position":3},"title":"NP Valle de la Luna und NP Talampaya","date":"15. Juni 2014","format":"gallery","excerpt":"Wir machen zur Zeit \u201eNationalpark Hopping\u201c in Argentinien. Der einfache Grund - an jedem der abseits gelegenen Nationalparks gibt es eine g\u00fcnstige (und sichere) M\u00f6glichkeit mit dem WOMO \u00fcber Nacht zu stehen und sehr viel zu sehen....... Ausserdem gibt es auch wieder mal eine warme Dusche ohne sich die Ellenbogen\u2026","rel":"","context":"In &quot;News&quot;","img":{"alt_text":"","src":"https:\/\/i0.wp.com\/my-alps.de\/wp-content\/uploads\/2014\/06\/Talampaya-V-ce4.jpg?resize=350%2C200","width":350,"height":200},"classes":[]},{"id":504,"url":"http:\/\/my-alps.de\/?p=504","url_meta":{"origin":525,"position":4},"title":"WIFI &#8211; Bitte ?!?","date":"3. Januar 2014","format":"gallery","excerpt":"Wir haben die n\u00e4chsten Zeilen in der ersten Januarwoche offline geschrieben, denn da wo wir uns zeitweise herumgetrieben haben wird das Internet vom Winde verweht ;-)) Nachdem wir unser Sylvester 2013\/14 mit den wilden Hupkonzerten der Dorfjugend von Camarones geteilt hatten, sind wir am 01.01.2014 weiter Richtung S\u00fcden gefahren. Zuerst\u2026","rel":"","context":"In &quot;News&quot;","img":{"alt_text":"","src":"https:\/\/i0.wp.com\/my-alps.de\/wp-content\/uploads\/2014\/01\/Hallo-ich-bin-Freddy-und-du-200x300.jpg?resize=350%2C200","width":350,"height":200},"classes":[]},{"id":695,"url":"http:\/\/my-alps.de\/?p=695","url_meta":{"origin":525,"position":5},"title":"Von El Calafate nach El Chalten &#8211; Fitz Roy und Cerro Torre","date":"23. Februar 2014","format":"gallery","excerpt":"Nachdem wir den Campingplatz Marke SUPERLUXUS am Lago Roca ausgiebig genossen haben, sind wir in den n\u00e4chsten Nationalpark auf unserer Route weitergezogen. Die Fahrt ging auf der Ruta 40 weiter von El Calafate Richtung Norden nach El Chalten Hier stehen die ber\u00fchmten Namen, die das Herz eines Alpinisten h\u00f6her schlagen\u2026","rel":"","context":"In &quot;News&quot;","img":{"alt_text":"","src":"https:\/\/i0.wp.com\/my-alps.de\/wp-content\/uploads\/2014\/02\/Panorama-El-Chalten-HD.jpg?resize=350%2C200","width":350,"height":200},"classes":[]}],"_links":{"self":[{"href":"http:\/\/my-alps.de\/index.php?rest_route=\/wp\/v2\/posts\/525"}],"collection":[{"href":"http:\/\/my-alps.de\/index.php?rest_route=\/wp\/v2\/posts"}],"about":[{"href":"http:\/\/my-alps.de\/index.php?rest_route=\/wp\/v2\/types\/post"}],"author":[{"embeddable":true,"href":"http:\/\/my-alps.de\/index.php?rest_route=\/wp\/v2\/users\/1"}],"replies":[{"embeddable":true,"href":"http:\/\/my-alps.de\/index.php?rest_route=%2Fwp%2Fv2%2Fcomments&post=525"}],"version-history":[{"count":1,"href":"http:\/\/my-alps.de\/index.php?rest_route=\/wp\/v2\/posts\/525\/revisions"}],"predecessor-version":[{"id":526,"href":"http:\/\/my-alps.de\/index.php?rest_route=\/wp\/v2\/posts\/525\/revisions\/526"}],"wp:attachment":[{"href":"http:\/\/my-alps.de\/index.php?rest_route=%2Fwp%2Fv2%2Fmedia&parent=525"}],"wp:term":[{"taxonomy":"category","embeddable":true,"href":"http:\/\/my-alps.de\/index.php?rest_route=%2Fwp%2Fv2%2Fcategories&post=525"},{"taxonomy":"post_tag","embeddable":true,"href":"http:\/\/my-alps.de\/index.php?rest_route=%2Fwp%2Fv2%2Ftags&post=525"}],"curies":[{"name":"wp","href":"https:\/\/api.w.org\/{rel}","templated":true}]}}