{"id":508,"date":"2014-01-06T19:43:43","date_gmt":"2014-01-06T18:43:43","guid":{"rendered":"http:\/\/my-alps.de\/?p=508"},"modified":"2014-01-06T20:14:23","modified_gmt":"2014-01-06T19:14:23","slug":"rada-tilly-und-der-wap-waschbaer","status":"publish","type":"post","link":"http:\/\/my-alps.de\/?p=508","title":{"rendered":"Rada Tilly &#8211; und der WAP Waschb\u00e4r"},"content":{"rendered":"<p>Kurz hinter Comodore Rivadavia, also gleich \u00fcber\u2019n Berg liegt Rada Tilly. Eine kleine, aufstrebende Stadt mit h\u00fcbschen H\u00e4usern direkt am Atlantik gelegen.<\/p>\n<p>Hier ist unser n\u00e4chster Stop. Rada Tilly verf\u00fcgt \u00fcber einen WAP Waschb\u00e4r! Und dort machen wir erst mal unser WOMO sauber. Mit dem Hochdruckreiniger werden die getrockneten Schlammbatzen weggefegt, und &#8211; sehr zur Freude der netten Dame die die Coins verkauft &#8211; ben\u00f6tigen wir ca. 10 St\u00fcck davon. Danach ist unser WOMO wieder um 100 kg leichter und wir sind 130 Pesos losgeworden. (Okay &#8211; der gesamte Platz hat eine schlammige Br\u00fche abbekommen und wir machen uns vom \u201eAcker\u201c)<\/p>\n<div id=\"attachment_521\" style=\"width: 310px\" class=\"wp-caption aligncenter\"><a href=\"https:\/\/i0.wp.com\/my-alps.de\/wp-content\/uploads\/2014\/01\/Dreckschleuder.jpg\"><img aria-describedby=\"caption-attachment-521\" data-attachment-id=\"521\" data-permalink=\"http:\/\/my-alps.de\/?attachment_id=521\" data-orig-file=\"https:\/\/i0.wp.com\/my-alps.de\/wp-content\/uploads\/2014\/01\/Dreckschleuder.jpg?fit=1024%2C768\" data-orig-size=\"1024,768\" data-comments-opened=\"1\" data-image-meta=\"{&quot;aperture&quot;:&quot;2&quot;,&quot;credit&quot;:&quot;&quot;,&quot;camera&quot;:&quot;DSC-RX100&quot;,&quot;caption&quot;:&quot;&quot;,&quot;created_timestamp&quot;:&quot;1388625550&quot;,&quot;copyright&quot;:&quot;&quot;,&quot;focal_length&quot;:&quot;10.4&quot;,&quot;iso&quot;:&quot;100&quot;,&quot;shutter_speed&quot;:&quot;0.01&quot;,&quot;title&quot;:&quot;&quot;}\" data-image-title=\"Dreckschleuder\" data-image-description=\"\" data-image-caption=\"&lt;p&gt;Dreckschleuder&lt;\/p&gt;\n\" data-medium-file=\"https:\/\/i0.wp.com\/my-alps.de\/wp-content\/uploads\/2014\/01\/Dreckschleuder.jpg?fit=300%2C225\" data-large-file=\"https:\/\/i0.wp.com\/my-alps.de\/wp-content\/uploads\/2014\/01\/Dreckschleuder.jpg?fit=625%2C469\" loading=\"lazy\" class=\"size-medium wp-image-521\" alt=\"Dreckschleuder\" src=\"https:\/\/i0.wp.com\/my-alps.de\/wp-content\/uploads\/2014\/01\/Dreckschleuder.jpg?resize=300%2C225\" width=\"300\" height=\"225\" srcset=\"https:\/\/i0.wp.com\/my-alps.de\/wp-content\/uploads\/2014\/01\/Dreckschleuder.jpg?resize=300%2C225 300w, https:\/\/i0.wp.com\/my-alps.de\/wp-content\/uploads\/2014\/01\/Dreckschleuder.jpg?w=1024 1024w\" sizes=\"(max-width: 300px) 100vw, 300px\" data-recalc-dims=\"1\" \/><\/a><p id=\"caption-attachment-521\" class=\"wp-caption-text\">Dreckschleuder<\/p><\/div>\n<p>Wir machen, was man hier immer machen muss &#8211; VOLLTANKEN! Sobald man eine Tankstelle sieht und die Anzeige steht auf \u201eHalbvoll\u201c wird getankt. \u00dcber die Feiertage war fast kein Diesel zu bekommen und die Zeitungen waren voll mit Bildern von langen Autoschlangen an den Tankstellen . Unser Weg f\u00fchrt uns weiter nach Puerto Deseodao, einer kleinen Stadt am Atlantik. Hier kann man mit einem Schlauchboot sch\u00f6ne Touren in der gro\u00dfen Bucht, die fast 40 km ins Landesinnere reicht, unternehmen. Dabei lassen sich Pinguine und Seel\u00f6wen, sowie seltene Kormorane und andere Seev\u00f6gel gut beobachten.<\/p>\n<p>Der Campingplatz hat auch schon bessere Zeiten gesehen, aber es gibt Strom und wir k\u00f6nnen unseren Wassertank wieder auff\u00fcllen.<\/p>\n<p>Als n\u00e4chstes steht der Nationalpark mit den versteinerten B\u00e4umen auf unserer Reiseroute. Es sind ca. 40 km Schotterpiste bis zu dem beeindruckenden Naturwunder. Hier liegen einfach so in der Landschaft B\u00e4ume herum die aussehen als ob gestern jemand versucht hat Holzkohle daraus zu machen. Doch diese \u201epetrifizierten\u201c B\u00e4ume sind ein paar Millionen Jahre alt! Man kann jede kleinste Holzstruktur erkennen. Die Landschaft sieht aus als ob man direkt auf dem Mars ausgestiegen w\u00e4re.<\/p>\n<p>&nbsp;<\/p>\n","protected":false},"excerpt":{"rendered":"<p>Kurz hinter Comodore Rivadavia, also gleich \u00fcber\u2019n Berg liegt Rada Tilly. Eine kleine, aufstrebende Stadt mit h\u00fcbschen H\u00e4usern direkt am Atlantik gelegen. Hier ist unser n\u00e4chster Stop. Rada Tilly verf\u00fcgt \u00fcber einen WAP Waschb\u00e4r! Und dort machen wir erst mal unser WOMO sauber. Mit dem Hochdruckreiniger werden die getrockneten Schlammbatzen weggefegt, und &#8211; sehr zur [&hellip;]<\/p>\n","protected":false},"author":1,"featured_media":0,"comment_status":"open","ping_status":"open","sticky":false,"template":"","format":"gallery","meta":{"spay_email":"","jetpack_publicize_message":"","jetpack_is_tweetstorm":false,"jetpack_publicize_feature_enabled":true},"categories":[1],"tags":[],"jetpack_featured_media_url":"","jetpack_publicize_connections":[],"jetpack_sharing_enabled":true,"jetpack_shortlink":"https:\/\/wp.me\/p6huce-8c","jetpack-related-posts":[{"id":881,"url":"http:\/\/my-alps.de\/?p=881","url_meta":{"origin":508,"position":0},"title":"Puerto Montt","date":"26. M\u00e4rz 2014","format":"gallery","excerpt":"Nach 8.808 km (und wahrscheinlich ein paar mehr) die wir jetzt hier in S\u00fcdamerika unterwegs sind haben wir unserem WOMO auch mal etwas Gutes geg\u00f6nnt. Hier in Puerto Montt habe ich eine Werkstatt entdeckt die jegliche Art von Service f\u00fcr \u201egesch\u00fcttelte\u201c Autos anbietet. Wir haben uns f\u00fcr: \u00d6lwechsel und Luftfilterwechsel\u2026","rel":"","context":"In &quot;News&quot;","img":{"alt_text":"","src":"https:\/\/i0.wp.com\/my-alps.de\/wp-content\/uploads\/2014\/03\/Pisco-sour-6x6.jpg?resize=350%2C200","width":350,"height":200},"classes":[]},{"id":600,"url":"http:\/\/my-alps.de\/?p=600","url_meta":{"origin":508,"position":1},"title":"Im Herzen von Feuerland","date":"27. Januar 2014","format":"gallery","excerpt":"Nachdem wir von Ushuaia wieder Richtung Norden aufgebrochen sind, haben wir im \"Herzen von Feuerland\" mal eine kurze Pause eingelegt. Hier gibt es viel urspr\u00fcngliche Landschaft und nur wenige Menschen. Die beiden Seen, die wir besuchten sind der Lago Fagnano und der Lago Yehuin. Am Lago Yehuin, ungef\u00e4hr so gro\u00df\u2026","rel":"","context":"In &quot;News&quot;","img":{"alt_text":"","src":"https:\/\/i0.wp.com\/my-alps.de\/wp-content\/uploads\/2014\/01\/Weideland-in-Tierra-del-Fuego.jpg?resize=350%2C200","width":350,"height":200},"classes":[]},{"id":1091,"url":"http:\/\/my-alps.de\/?p=1091","url_meta":{"origin":508,"position":2},"title":"Weckruf der Mapuche Indianer","date":"4. Mai 2014","format":"gallery","excerpt":"Unser Camp am Rio Malleo, irgendwo im nirgendwo, auf dem Weg zum Vulkan Lanin lag in der N\u00e4he einer Mapuche Siedlung. Wir hatten die Schilder bei der Hin- und R\u00fcckfahrt bemerkt. Da f\u00fcr den 01. Mai sch\u00f6nes Wetter angesagt war, wollten wir den Nationalpark \u201eVolkan Lanin\u201c besuchen. Tja. wie schon\u2026","rel":"","context":"In &quot;unter uns&quot;","img":{"alt_text":"","src":"","width":0,"height":0},"classes":[]},{"id":425,"url":"http:\/\/my-alps.de\/?p=425","url_meta":{"origin":508,"position":3},"title":"Verschoben ist nicht aufgehoben","date":"6. November 2013","format":"gallery","excerpt":"Jetzt sind wir soweit - alles fertig! Wir haben p\u00fcnktlich unsere Wohnung zusammengepackt und f\u00fcr unsere Zwischenmieter freigemacht. Unser WOMO ist einsatzbereit. In den letzten Wochen hatten wir noch einige Bastelarbeiten zu erledigen. Die Firma SMV, die unsere Luftfeder hergestellt hat lie\u00df uns eine spezielle Erh\u00f6hungsplatte fertigen um das Seikel\u2026","rel":"","context":"In &quot;News&quot;","img":{"alt_text":"","src":"","width":0,"height":0},"classes":[]},{"id":504,"url":"http:\/\/my-alps.de\/?p=504","url_meta":{"origin":508,"position":4},"title":"WIFI &#8211; Bitte ?!?","date":"3. Januar 2014","format":"gallery","excerpt":"Wir haben die n\u00e4chsten Zeilen in der ersten Januarwoche offline geschrieben, denn da wo wir uns zeitweise herumgetrieben haben wird das Internet vom Winde verweht ;-)) Nachdem wir unser Sylvester 2013\/14 mit den wilden Hupkonzerten der Dorfjugend von Camarones geteilt hatten, sind wir am 01.01.2014 weiter Richtung S\u00fcden gefahren. Zuerst\u2026","rel":"","context":"In &quot;News&quot;","img":{"alt_text":"","src":"https:\/\/i0.wp.com\/my-alps.de\/wp-content\/uploads\/2014\/01\/Hallo-ich-bin-Freddy-und-du-200x300.jpg?resize=350%2C200","width":350,"height":200},"classes":[]},{"id":883,"url":"http:\/\/my-alps.de\/?p=883","url_meta":{"origin":508,"position":5},"title":"Insel Chiloe\u2019","date":"26. M\u00e4rz 2014","format":"gallery","excerpt":"Die Insel Chiloe\u2019 ist von Puerto Montt auf einer gut ausgebauten Autobahn in ca. 1 1\/2 Stunden Fahrt zu erreichen. \u00dcber die Meerenge zwischen dem Festland und der Insel wird (wie in Chile \u00fcblich) mit einer offenen F\u00e4hre \u00fcbergesetzt. Die Fahrtzeit betr\u00e4gt etwa eine halbe Stunde und kostet f\u00fcr unser\u2026","rel":"","context":"In &quot;News&quot;","img":{"alt_text":"","src":"https:\/\/i0.wp.com\/my-alps.de\/wp-content\/uploads\/2014\/03\/wir-sind-auf.....jpg?resize=350%2C200","width":350,"height":200},"classes":[]}],"_links":{"self":[{"href":"http:\/\/my-alps.de\/index.php?rest_route=\/wp\/v2\/posts\/508"}],"collection":[{"href":"http:\/\/my-alps.de\/index.php?rest_route=\/wp\/v2\/posts"}],"about":[{"href":"http:\/\/my-alps.de\/index.php?rest_route=\/wp\/v2\/types\/post"}],"author":[{"embeddable":true,"href":"http:\/\/my-alps.de\/index.php?rest_route=\/wp\/v2\/users\/1"}],"replies":[{"embeddable":true,"href":"http:\/\/my-alps.de\/index.php?rest_route=%2Fwp%2Fv2%2Fcomments&post=508"}],"version-history":[{"count":2,"href":"http:\/\/my-alps.de\/index.php?rest_route=\/wp\/v2\/posts\/508\/revisions"}],"predecessor-version":[{"id":523,"href":"http:\/\/my-alps.de\/index.php?rest_route=\/wp\/v2\/posts\/508\/revisions\/523"}],"wp:attachment":[{"href":"http:\/\/my-alps.de\/index.php?rest_route=%2Fwp%2Fv2%2Fmedia&parent=508"}],"wp:term":[{"taxonomy":"category","embeddable":true,"href":"http:\/\/my-alps.de\/index.php?rest_route=%2Fwp%2Fv2%2Fcategories&post=508"},{"taxonomy":"post_tag","embeddable":true,"href":"http:\/\/my-alps.de\/index.php?rest_route=%2Fwp%2Fv2%2Ftags&post=508"}],"curies":[{"name":"wp","href":"https:\/\/api.w.org\/{rel}","templated":true}]}}