{"id":504,"date":"2014-01-03T14:58:31","date_gmt":"2014-01-03T13:58:31","guid":{"rendered":"http:\/\/my-alps.de\/?p=504"},"modified":"2014-01-06T20:16:31","modified_gmt":"2014-01-06T19:16:31","slug":"rada-tilly","status":"publish","type":"post","link":"http:\/\/my-alps.de\/?p=504","title":{"rendered":"WIFI &#8211; Bitte ?!?"},"content":{"rendered":"<p>Wir haben die n\u00e4chsten Zeilen in der ersten Januarwoche offline geschrieben, denn da wo wir uns zeitweise herumgetrieben haben wird das Internet vom Winde verweht ;-))<\/p>\n<p>Nachdem wir unser Sylvester 2013\/14 mit den wilden Hupkonzerten der Dorfjugend von Camarones geteilt hatten, sind wir am 01.01.2014 weiter Richtung S\u00fcden gefahren.<\/p>\n<p>Zuerst haben wir aber noch der Pinguin Kolonie ca. 40 km von Camarones entfernt einen Besuch abgestattet. Die Pinguine nisten dort in Erdh\u00f6hlen und man kann das auf abgesperrten Wegen gut sehen.<\/p>\n<p>&nbsp;<\/p>\n<div id=\"attachment_516\" style=\"width: 178px\" class=\"wp-caption aligncenter\"><a href=\"https:\/\/i0.wp.com\/my-alps.de\/wp-content\/uploads\/2014\/01\/kleiner-Freund.jpg\"><img aria-describedby=\"caption-attachment-516\" data-attachment-id=\"516\" data-permalink=\"http:\/\/my-alps.de\/?attachment_id=516\" data-orig-file=\"https:\/\/i0.wp.com\/my-alps.de\/wp-content\/uploads\/2014\/01\/kleiner-Freund.jpg?fit=576%2C1024\" data-orig-size=\"576,1024\" data-comments-opened=\"1\" data-image-meta=\"{&quot;aperture&quot;:&quot;3.5&quot;,&quot;credit&quot;:&quot;&quot;,&quot;camera&quot;:&quot;SLT-A99V&quot;,&quot;caption&quot;:&quot;&quot;,&quot;created_timestamp&quot;:&quot;1388850617&quot;,&quot;copyright&quot;:&quot;&quot;,&quot;focal_length&quot;:&quot;200&quot;,&quot;iso&quot;:&quot;100&quot;,&quot;shutter_speed&quot;:&quot;0.00066666666666667&quot;,&quot;title&quot;:&quot;&quot;}\" data-image-title=\"kleiner Freund\" data-image-description=\"&lt;p&gt;unser kleiner Freund&lt;\/p&gt;\n\" data-image-caption=\"&lt;p&gt;unser kleiner Freund&lt;\/p&gt;\n\" data-medium-file=\"https:\/\/i0.wp.com\/my-alps.de\/wp-content\/uploads\/2014\/01\/kleiner-Freund.jpg?fit=168%2C300\" data-large-file=\"https:\/\/i0.wp.com\/my-alps.de\/wp-content\/uploads\/2014\/01\/kleiner-Freund.jpg?fit=576%2C1024\" loading=\"lazy\" class=\"size-medium wp-image-516\" alt=\"unser kleiner Freund\" src=\"https:\/\/i0.wp.com\/my-alps.de\/wp-content\/uploads\/2014\/01\/kleiner-Freund.jpg?resize=168%2C300\" width=\"168\" height=\"300\" srcset=\"https:\/\/i0.wp.com\/my-alps.de\/wp-content\/uploads\/2014\/01\/kleiner-Freund.jpg?resize=168%2C300 168w, https:\/\/i0.wp.com\/my-alps.de\/wp-content\/uploads\/2014\/01\/kleiner-Freund.jpg?w=576 576w\" sizes=\"(max-width: 168px) 100vw, 168px\" data-recalc-dims=\"1\" \/><\/a><p id=\"caption-attachment-516\" class=\"wp-caption-text\">unser kleiner Freund<\/p><\/div>\n<p>&nbsp;<\/p>\n<div id=\"attachment_514\" style=\"width: 210px\" class=\"wp-caption aligncenter\"><a href=\"https:\/\/i0.wp.com\/my-alps.de\/wp-content\/uploads\/2014\/01\/Hallo-ich-bin-Freddy-und-du.jpg\"><img aria-describedby=\"caption-attachment-514\" data-attachment-id=\"514\" data-permalink=\"http:\/\/my-alps.de\/?attachment_id=514\" data-orig-file=\"https:\/\/i0.wp.com\/my-alps.de\/wp-content\/uploads\/2014\/01\/Hallo-ich-bin-Freddy-und-du.jpg?fit=683%2C1024\" data-orig-size=\"683,1024\" data-comments-opened=\"1\" data-image-meta=\"{&quot;aperture&quot;:&quot;6.3&quot;,&quot;credit&quot;:&quot;&quot;,&quot;camera&quot;:&quot;SLT-A77V&quot;,&quot;caption&quot;:&quot;&quot;,&quot;created_timestamp&quot;:&quot;1388167841&quot;,&quot;copyright&quot;:&quot;&quot;,&quot;focal_length&quot;:&quot;140&quot;,&quot;iso&quot;:&quot;100&quot;,&quot;shutter_speed&quot;:&quot;0.00125&quot;,&quot;title&quot;:&quot;&quot;}\" data-image-title=\"Hallo ich bin Freddy und du?\" data-image-description=\"&lt;p&gt;noch&#8217;n Freund vom Freund&lt;\/p&gt;\n\" data-image-caption=\"&lt;p&gt;noch&#8217;n Freund vom Freund&lt;\/p&gt;\n\" data-medium-file=\"https:\/\/i0.wp.com\/my-alps.de\/wp-content\/uploads\/2014\/01\/Hallo-ich-bin-Freddy-und-du.jpg?fit=200%2C300\" data-large-file=\"https:\/\/i0.wp.com\/my-alps.de\/wp-content\/uploads\/2014\/01\/Hallo-ich-bin-Freddy-und-du.jpg?fit=625%2C937\" loading=\"lazy\" class=\"size-medium wp-image-514\" alt=\"noch'n Freund vom Freund\" src=\"https:\/\/i0.wp.com\/my-alps.de\/wp-content\/uploads\/2014\/01\/Hallo-ich-bin-Freddy-und-du.jpg?resize=200%2C300\" width=\"200\" height=\"300\" srcset=\"https:\/\/i0.wp.com\/my-alps.de\/wp-content\/uploads\/2014\/01\/Hallo-ich-bin-Freddy-und-du.jpg?resize=200%2C300 200w, https:\/\/i0.wp.com\/my-alps.de\/wp-content\/uploads\/2014\/01\/Hallo-ich-bin-Freddy-und-du.jpg?w=683 683w\" sizes=\"(max-width: 200px) 100vw, 200px\" data-recalc-dims=\"1\" \/><\/a><p id=\"caption-attachment-514\" class=\"wp-caption-text\">noch&#8217;n Freund vom Freund<\/p><\/div>\n<p>Der Weg f\u00fchrt uns weiter die K\u00fcste entlang auf der RP1 Richtung Bustamante, laut Reisef\u00fchrer einem kleinen Fischerdorf. Die RP1 ist &#8211; vergleichsweise &#8211; die B470 &#8211; allerdings eine reine Schotterpistenausf\u00fchrung. Die Fahrt kommt einem vor, als ob man in einem ausgewaschenen Flussbett durch die Landschaft schaukelt. Links das Meer und rechts die H\u00f6henz\u00fcge der entfernt liegenden Pampa. Das Wetter ist nicht mehr so gn\u00e4dig mit uns, und so wechseln sich heftige Regenschauer und ebenso heftige Windb\u00f6en ab. Bis nach Bustamante sind es etwas mehr als 80 km. Die Wolken h\u00e4ngen tief und man sieht die Regenfahnen auf sich zukommen. In Bustamante stellt sich heraus, das ehemalige Fischerdorf ist eine ganze Hotelanlage geworden. \u00dcbernachten in dem Gel\u00e4nde wird uns (freundlich) nicht gestattet &#8211; aber vor dem Gatter am Strand &#8211; kein Problem dort mit dem WOMO zu stehen. Wir wollen allerdings noch ein kleines St\u00fcck in die n\u00e4chste Bucht weiter. Falsche Entscheidung! Ein heftiger Regenguss macht aus der Schotterpiste ein Schlammw\u00fcste. Auf 500 Meter ist die Piste fast 10 cm tief aufgeweicht. Der Staub, den man normalerweise in einer gro\u00dfen Fahne hinter sich herzieht, ist sch\u00f6ner, batziger, klebriger Lehm. H\u00fcbsch garniert mit Kieselsteinen &#8211; Korng\u00f6\u00dfe 8\/16 &#8211; und innerhalb von einer Minute sind die Radk\u00e4sten komplett voll. Ich denke \u201enur nicht stehenbleiben\u201c, schalte in den 2. Gang und lasse das WOMO sich durchw\u00fchlen. Nach einer kleinen Anh\u00f6he stehen wir vor einem verschlossenen Gatter. \u201eStehenbleiben ist keine gute Wahl\u201c und so ziehe ich einen sanften Bogen, drifte um 180 Grad und w\u00fchle mich die Strecke wieder zur\u00fcck. St\u00e4ndig versucht das WOMO sich querzustellen, aber mit sanften Lenkbewegungen bringe ich es wieder zur\u00fcck in die Spur. Mittlerweile haben wir bestimmt 100 Kilo Lehm und Kies am Unterboden kleben. Wir schaffen es noch bis an den Strand und bleiben erst mal stehen. Das WOMO sieht aus als w\u00e4re es in eine Kiesgrube gefallen. \u00dcberall kleben Lehmbatzen. Da wird wohl eine gr\u00f6\u00dfere Reinigung f\u00e4llig. Wir entfernen notd\u00fcrftig das meiste aus den Radk\u00e4sten, damit die Reifen wieder frei laufen k\u00f6nnen.<\/p>\n<p>Der Sonnenaufgang am n\u00e4chsten Morgen entsch\u00e4digt die Lehmschlacht.<\/p>\n<div id=\"attachment_522\" style=\"width: 310px\" class=\"wp-caption aligncenter\"><a href=\"https:\/\/i0.wp.com\/my-alps.de\/wp-content\/uploads\/2014\/01\/Sunrise-in-Bustamante.jpg\"><img aria-describedby=\"caption-attachment-522\" data-attachment-id=\"522\" data-permalink=\"http:\/\/my-alps.de\/?attachment_id=522\" data-orig-file=\"https:\/\/i0.wp.com\/my-alps.de\/wp-content\/uploads\/2014\/01\/Sunrise-in-Bustamante.jpg?fit=1024%2C683\" data-orig-size=\"1024,683\" data-comments-opened=\"1\" data-image-meta=\"{&quot;aperture&quot;:&quot;8&quot;,&quot;credit&quot;:&quot;&quot;,&quot;camera&quot;:&quot;NEX-7&quot;,&quot;caption&quot;:&quot;&quot;,&quot;created_timestamp&quot;:&quot;1388659804&quot;,&quot;copyright&quot;:&quot;&quot;,&quot;focal_length&quot;:&quot;18&quot;,&quot;iso&quot;:&quot;100&quot;,&quot;shutter_speed&quot;:&quot;0.01&quot;,&quot;title&quot;:&quot;&quot;}\" data-image-title=\"Sunrise in Bustamante\" data-image-description=\"\" data-image-caption=\"&lt;p&gt;Sonnenaufgang am Atlantik&lt;\/p&gt;\n\" data-medium-file=\"https:\/\/i0.wp.com\/my-alps.de\/wp-content\/uploads\/2014\/01\/Sunrise-in-Bustamante.jpg?fit=300%2C200\" data-large-file=\"https:\/\/i0.wp.com\/my-alps.de\/wp-content\/uploads\/2014\/01\/Sunrise-in-Bustamante.jpg?fit=625%2C417\" loading=\"lazy\" class=\"size-medium wp-image-522\" alt=\"Sonnenaufgang am Atlantik\" src=\"https:\/\/i0.wp.com\/my-alps.de\/wp-content\/uploads\/2014\/01\/Sunrise-in-Bustamante.jpg?resize=300%2C200\" width=\"300\" height=\"200\" srcset=\"https:\/\/i0.wp.com\/my-alps.de\/wp-content\/uploads\/2014\/01\/Sunrise-in-Bustamante.jpg?resize=300%2C200 300w, https:\/\/i0.wp.com\/my-alps.de\/wp-content\/uploads\/2014\/01\/Sunrise-in-Bustamante.jpg?w=1024 1024w\" sizes=\"(max-width: 300px) 100vw, 300px\" data-recalc-dims=\"1\" \/><\/a><p id=\"caption-attachment-522\" class=\"wp-caption-text\">Sonnenaufgang am Atlantik<\/p><\/div>\n<p>Wir fahren weiter auf der abzweigenden Piste ca. 40 km bis zur (asphaltierten) RN 3. Der heftige Gegenwind und die Schlammschlacht haben den Spritverbrauch in die H\u00f6he getrieben &#8211; und so pumpen wir den Rest aus dem Zusatztank um. Bis Comodore Rivadavia reicht es auf alle F\u00e4lle.<\/p>\n<p>Unterwegs ziehen am Horizont immer dunklere Wolken auf, und wir denken, gleich kommt der n\u00e4chste gro\u00dfe Wolkenbruch und w\u00e4scht unser Auto sauber. (der klebrige Dreck f\u00e4llt n\u00e4mlich NICHT von selber ab wenn man auf einer Schotterpiste durch die Gegend r\u00fcttelt!). Die Temperatur geht auf 3,5 Grad und es &#8211; kommt kein Regen &#8211; nein es schneit gleich! Ja, das ist Patagonien &#8211; letze Woche noch 45 Grad &#8211; heute nur noch 3 Grad. Dazu heult ein unheimlicher Gegenwind und wir fahren nur noch im 5. Gang.<\/p>\n<p>&nbsp;<\/p>\n","protected":false},"excerpt":{"rendered":"<p>Wir haben die n\u00e4chsten Zeilen in der ersten Januarwoche offline geschrieben, denn da wo wir uns zeitweise herumgetrieben haben wird das Internet vom Winde verweht ;-)) Nachdem wir unser Sylvester 2013\/14 mit den wilden Hupkonzerten der Dorfjugend von Camarones geteilt hatten, sind wir am 01.01.2014 weiter Richtung S\u00fcden gefahren. Zuerst haben wir aber noch der [&hellip;]<\/p>\n","protected":false},"author":1,"featured_media":0,"comment_status":"open","ping_status":"open","sticky":false,"template":"","format":"gallery","meta":{"spay_email":"","jetpack_publicize_message":"","jetpack_is_tweetstorm":false,"jetpack_publicize_feature_enabled":true},"categories":[1],"tags":[],"jetpack_featured_media_url":"","jetpack_publicize_connections":[],"jetpack_sharing_enabled":true,"jetpack_shortlink":"https:\/\/wp.me\/p6huce-88","jetpack-related-posts":[{"id":881,"url":"http:\/\/my-alps.de\/?p=881","url_meta":{"origin":504,"position":0},"title":"Puerto Montt","date":"26. M\u00e4rz 2014","format":"gallery","excerpt":"Nach 8.808 km (und wahrscheinlich ein paar mehr) die wir jetzt hier in S\u00fcdamerika unterwegs sind haben wir unserem WOMO auch mal etwas Gutes geg\u00f6nnt. Hier in Puerto Montt habe ich eine Werkstatt entdeckt die jegliche Art von Service f\u00fcr \u201egesch\u00fcttelte\u201c Autos anbietet. Wir haben uns f\u00fcr: \u00d6lwechsel und Luftfilterwechsel\u2026","rel":"","context":"In &quot;News&quot;","img":{"alt_text":"","src":"https:\/\/i0.wp.com\/my-alps.de\/wp-content\/uploads\/2014\/03\/Pisco-sour-6x6.jpg?resize=350%2C200","width":350,"height":200},"classes":[]},{"id":499,"url":"http:\/\/my-alps.de\/?p=499","url_meta":{"origin":504,"position":1},"title":"Nobelcamping Camarones","date":"30. Dezember 2013","format":"gallery","excerpt":"'Hola ihr Lieben, Wir sind jetzt auf der H\u00e4lfte der Strecke zwischen Buenos Aires und Ushuaia hier an der K\u00fcste in Camarones gelandet. Camarones ist die heimliche Hauptstadt der Crevetten - also einer Delikatesse sozusagen. Unser Camp ist direkt am Meer und wir blicken auf die Fangflotte die aus -\u2026","rel":"","context":"In &quot;News&quot;","img":{"alt_text":"","src":"","width":0,"height":0},"classes":[]},{"id":600,"url":"http:\/\/my-alps.de\/?p=600","url_meta":{"origin":504,"position":2},"title":"Im Herzen von Feuerland","date":"27. Januar 2014","format":"gallery","excerpt":"Nachdem wir von Ushuaia wieder Richtung Norden aufgebrochen sind, haben wir im \"Herzen von Feuerland\" mal eine kurze Pause eingelegt. Hier gibt es viel urspr\u00fcngliche Landschaft und nur wenige Menschen. Die beiden Seen, die wir besuchten sind der Lago Fagnano und der Lago Yehuin. Am Lago Yehuin, ungef\u00e4hr so gro\u00df\u2026","rel":"","context":"In &quot;News&quot;","img":{"alt_text":"","src":"https:\/\/i0.wp.com\/my-alps.de\/wp-content\/uploads\/2014\/01\/Weideland-in-Tierra-del-Fuego.jpg?resize=350%2C200","width":350,"height":200},"classes":[]},{"id":1704,"url":"http:\/\/my-alps.de\/?p=1704","url_meta":{"origin":504,"position":3},"title":"Kreuz und Quer durch Kolumbien ist (k)eine Kaffeefahrt","date":"12. Oktober 2014","format":"gallery","excerpt":"Kolumbien wird durch drei Gebirgsformationen der Anden in der L\u00e4nge nach, nebeneinander durchzogen. Das bedeutet, man kreuzt st\u00e4ndig zwischen Gebirge und dem dazwischenliegenden gro\u00dfen Flusstal. Wir sind in die Kaffeeregion im Herzen von Kolumbien, nach Salento gefahren. Dort haben wir unsere ersten eigenen Kaffeebohnen geerntet und gelernt wie viele Arbeitsschritte\u2026","rel":"","context":"In &quot;News&quot;","img":{"alt_text":"","src":"https:\/\/i0.wp.com\/my-alps.de\/wp-content\/uploads\/2014\/10\/superricccccoooo.jpg?resize=350%2C200","width":350,"height":200},"classes":[]},{"id":1752,"url":"http:\/\/my-alps.de\/?p=1752","url_meta":{"origin":504,"position":4},"title":"Baltic Pirate in Cartagena","date":"28. Oktober 2014","format":"gallery","excerpt":"So, morgen ist's soweit - wir geben das WOMO im Hafen von Cartagena ab und hoffen das es Ende November sicher in Bremerhafen ausgeladen wird. In der Zwischenzeit haben wir unser kleines Hotel bezogen, keine 5 Minuten von der wundersch\u00f6nen Altstadt von Cartagena entfernt. Karibisches Flair mit bunten H\u00e4usern, Obstst\u00e4nden\u2026","rel":"","context":"In &quot;News&quot;","img":{"alt_text":"","src":"https:\/\/i0.wp.com\/my-alps.de\/wp-content\/uploads\/2014\/10\/Cartagena-1-ce4.jpg?resize=350%2C200","width":350,"height":200},"classes":[]},{"id":1595,"url":"http:\/\/my-alps.de\/?p=1595","url_meta":{"origin":504,"position":5},"title":"Die Traumstra\u00dfe (Teil 2) \u00fcber Leymebamba","date":"11. September 2014","format":"gallery","excerpt":"Nach der \u00dcberquerung der sich schier endlos hinziehenden Pass Stra\u00dfe, ver\u00e4ndert sich das Landschaftsbild. Waren die Berge vorher noch mit niedriger Macchia bewachsen, dominiert nun auf einmal sattes Gr\u00fcn. Wie bei uns in den Voralpen sind die Wiesen saftig gr\u00fcn und es weiden K\u00fche. Fehlt nur noch das Gebimmel der\u2026","rel":"","context":"In &quot;News&quot;","img":{"alt_text":"","src":"https:\/\/i0.wp.com\/my-alps.de\/wp-content\/uploads\/2014\/09\/Die-Regenzeit-beginnt-ce4.jpg?resize=350%2C200","width":350,"height":200},"classes":[]}],"_links":{"self":[{"href":"http:\/\/my-alps.de\/index.php?rest_route=\/wp\/v2\/posts\/504"}],"collection":[{"href":"http:\/\/my-alps.de\/index.php?rest_route=\/wp\/v2\/posts"}],"about":[{"href":"http:\/\/my-alps.de\/index.php?rest_route=\/wp\/v2\/types\/post"}],"author":[{"embeddable":true,"href":"http:\/\/my-alps.de\/index.php?rest_route=\/wp\/v2\/users\/1"}],"replies":[{"embeddable":true,"href":"http:\/\/my-alps.de\/index.php?rest_route=%2Fwp%2Fv2%2Fcomments&post=504"}],"version-history":[{"count":5,"href":"http:\/\/my-alps.de\/index.php?rest_route=\/wp\/v2\/posts\/504\/revisions"}],"predecessor-version":[{"id":524,"href":"http:\/\/my-alps.de\/index.php?rest_route=\/wp\/v2\/posts\/504\/revisions\/524"}],"wp:attachment":[{"href":"http:\/\/my-alps.de\/index.php?rest_route=%2Fwp%2Fv2%2Fmedia&parent=504"}],"wp:term":[{"taxonomy":"category","embeddable":true,"href":"http:\/\/my-alps.de\/index.php?rest_route=%2Fwp%2Fv2%2Fcategories&post=504"},{"taxonomy":"post_tag","embeddable":true,"href":"http:\/\/my-alps.de\/index.php?rest_route=%2Fwp%2Fv2%2Ftags&post=504"}],"curies":[{"name":"wp","href":"https:\/\/api.w.org\/{rel}","templated":true}]}}