{"id":499,"date":"2013-12-30T22:27:00","date_gmt":"2013-12-30T21:27:00","guid":{"rendered":"http:\/\/my-alps.de\/?p=499"},"modified":"2013-12-30T22:30:15","modified_gmt":"2013-12-30T21:30:15","slug":"nobelcamping-camarones","status":"publish","type":"post","link":"http:\/\/my-alps.de\/?p=499","title":{"rendered":"Nobelcamping Camarones"},"content":{"rendered":"<p>&#8218;Hola ihr Lieben,<br \/>\nWir sind jetzt auf der H\u00e4lfte der Strecke zwischen Buenos Aires und Ushuaia hier an der K\u00fcste in Camarones gelandet. Camarones ist die heimliche Hauptstadt der Crevetten &#8211; also einer Delikatesse sozusagen. Unser Camp ist direkt am Meer und wir blicken auf die Fangflotte die aus &#8211; 2 (zwei) !!! Rostk\u00e4hnen besteht. Edith w\u00fcrde diese Dinger nicht mal mehr auf den Schrottplatz fahren sondern gleich versenken. Allerdings ist gerade Ebbe und die beiden Schiffe liegen eh&#8216; auf Grund. Also widmen wir uns lieber den Crevetten &#8211; in &#8222;Crevetten&#8220; kommen zwei T vor &#8211; das ist schon mal ein Zeichen! Schnell bestellen wir einen Teller f\u00fcr ca. 5 \u20ac &#8211; und &#8230;&#8230;&#8230;..<\/p>\n<p><a href=\"https:\/\/i0.wp.com\/my-alps.de\/wp-content\/uploads\/2013\/12\/20131229-212335.jpg\"><img src=\"https:\/\/i0.wp.com\/my-alps.de\/wp-content\/uploads\/2013\/12\/20131229-212335.jpg?w=625\" alt=\"20131229-212335.jpg\" class=\"alignnone size-full\" data-recalc-dims=\"1\" \/><\/a><\/p>\n","protected":false},"excerpt":{"rendered":"<p>&#8218;Hola ihr Lieben, Wir sind jetzt auf der H\u00e4lfte der Strecke zwischen Buenos Aires und Ushuaia hier an der K\u00fcste in Camarones gelandet. Camarones ist die heimliche Hauptstadt der Crevetten &#8211; also einer Delikatesse sozusagen. Unser Camp ist direkt am Meer und wir blicken auf die Fangflotte die aus &#8211; 2 (zwei) !!! Rostk\u00e4hnen besteht. [&hellip;]<\/p>\n","protected":false},"author":1,"featured_media":0,"comment_status":"open","ping_status":"open","sticky":false,"template":"","format":"gallery","meta":{"spay_email":"","jetpack_publicize_message":"","jetpack_is_tweetstorm":false,"jetpack_publicize_feature_enabled":true},"categories":[1],"tags":[],"jetpack_featured_media_url":"","jetpack_publicize_connections":[],"jetpack_sharing_enabled":true,"jetpack_shortlink":"https:\/\/wp.me\/p6huce-83","jetpack-related-posts":[{"id":504,"url":"http:\/\/my-alps.de\/?p=504","url_meta":{"origin":499,"position":0},"title":"WIFI &#8211; Bitte ?!?","date":"3. Januar 2014","format":"gallery","excerpt":"Wir haben die n\u00e4chsten Zeilen in der ersten Januarwoche offline geschrieben, denn da wo wir uns zeitweise herumgetrieben haben wird das Internet vom Winde verweht ;-)) Nachdem wir unser Sylvester 2013\/14 mit den wilden Hupkonzerten der Dorfjugend von Camarones geteilt hatten, sind wir am 01.01.2014 weiter Richtung S\u00fcden gefahren. Zuerst\u2026","rel":"","context":"In &quot;News&quot;","img":{"alt_text":"","src":"https:\/\/i0.wp.com\/my-alps.de\/wp-content\/uploads\/2014\/01\/Hallo-ich-bin-Freddy-und-du-200x300.jpg?resize=350%2C200","width":350,"height":200},"classes":[]},{"id":881,"url":"http:\/\/my-alps.de\/?p=881","url_meta":{"origin":499,"position":1},"title":"Puerto Montt","date":"26. M\u00e4rz 2014","format":"gallery","excerpt":"Nach 8.808 km (und wahrscheinlich ein paar mehr) die wir jetzt hier in S\u00fcdamerika unterwegs sind haben wir unserem WOMO auch mal etwas Gutes geg\u00f6nnt. Hier in Puerto Montt habe ich eine Werkstatt entdeckt die jegliche Art von Service f\u00fcr \u201egesch\u00fcttelte\u201c Autos anbietet. Wir haben uns f\u00fcr: \u00d6lwechsel und Luftfilterwechsel\u2026","rel":"","context":"In &quot;News&quot;","img":{"alt_text":"","src":"https:\/\/i0.wp.com\/my-alps.de\/wp-content\/uploads\/2014\/03\/Pisco-sour-6x6.jpg?resize=350%2C200","width":350,"height":200},"classes":[]},{"id":1373,"url":"http:\/\/my-alps.de\/?p=1373","url_meta":{"origin":499,"position":2},"title":"Salar de Uyuni &#8211; der gr\u00f6sste Salzsee der Welt","date":"24. Juli 2014","format":"gallery","excerpt":"Unsere Fahrt f\u00fchrt uns in die erste Stadt in Bolivien - Uyuni. Uyuni ist der ideale Ausgangsort um auf den gr\u00f6ssten Salzsee der Welt zu fahren. Als wir in der Uyuni ankommen geraten wir mitten\u00a0in den Trubel eines Stadtfestes. \u00dcberall Frauen in ihrer indianischen\u00a0Tracht, mit den ausladenden R\u00f6cken, den typischen\u2026","rel":"","context":"In &quot;News&quot;","img":{"alt_text":"","src":"https:\/\/i0.wp.com\/my-alps.de\/wp-content\/uploads\/2014\/07\/passt-doch.jpg?resize=350%2C200","width":350,"height":200},"classes":[]},{"id":450,"url":"http:\/\/my-alps.de\/?p=450","url_meta":{"origin":499,"position":3},"title":"Das sagt sie und das meint ER (1von2)","date":"15. Dezember 2013","format":"gallery","excerpt":"Hallo, ihr ZUHAUSEgebliebenen, wir sind heute in Colonia di Sacramento angekommen und sin somit in Uruguay. Dem esten Fussballweltmeister, und wenn's nach den URU'S geht, auch dem kommenden in Brasilien. Die Bilder zu diesem Blog f\u00fcge ich sp\u00e4ter mal ein, das WIFI hier in Uruguay ist nicht so von der\u2026","rel":"","context":"In &quot;News&quot;","img":{"alt_text":"","src":"","width":0,"height":0},"classes":[]},{"id":1390,"url":"http:\/\/my-alps.de\/?p=1390","url_meta":{"origin":499,"position":4},"title":"von Uyuni nach Cochabamba (Teil 1)","date":"24. Juli 2014","format":"gallery","excerpt":"Unsere Route durch Bolivien f\u00fchrt uns von Uyuni \u00fcber Potosi und Sucre weiter nach Cochabamba. Die Strecke f\u00fchrt durch\u2019s bolivianische Altiplano. Das Altiplano liegt eingebettet zwischen den westlichen und den \u00f6stlichen Kordilleren. Hier ist die \u201eBesiedlungsdichte\u201c am gr\u00f6ssten und mit Potosi und Sucre liegen zwei grosse St\u00e4dte auf unserem Weg.\u2026","rel":"","context":"In &quot;News&quot;","img":{"alt_text":"","src":"https:\/\/i0.wp.com\/my-alps.de\/wp-content\/uploads\/2014\/07\/hilft-bestimmt-ce4.jpg?resize=350%2C200","width":350,"height":200},"classes":[]},{"id":425,"url":"http:\/\/my-alps.de\/?p=425","url_meta":{"origin":499,"position":5},"title":"Verschoben ist nicht aufgehoben","date":"6. November 2013","format":"gallery","excerpt":"Jetzt sind wir soweit - alles fertig! Wir haben p\u00fcnktlich unsere Wohnung zusammengepackt und f\u00fcr unsere Zwischenmieter freigemacht. Unser WOMO ist einsatzbereit. In den letzten Wochen hatten wir noch einige Bastelarbeiten zu erledigen. Die Firma SMV, die unsere Luftfeder hergestellt hat lie\u00df uns eine spezielle Erh\u00f6hungsplatte fertigen um das Seikel\u2026","rel":"","context":"In &quot;News&quot;","img":{"alt_text":"","src":"","width":0,"height":0},"classes":[]}],"_links":{"self":[{"href":"http:\/\/my-alps.de\/index.php?rest_route=\/wp\/v2\/posts\/499"}],"collection":[{"href":"http:\/\/my-alps.de\/index.php?rest_route=\/wp\/v2\/posts"}],"about":[{"href":"http:\/\/my-alps.de\/index.php?rest_route=\/wp\/v2\/types\/post"}],"author":[{"embeddable":true,"href":"http:\/\/my-alps.de\/index.php?rest_route=\/wp\/v2\/users\/1"}],"replies":[{"embeddable":true,"href":"http:\/\/my-alps.de\/index.php?rest_route=%2Fwp%2Fv2%2Fcomments&post=499"}],"version-history":[{"count":1,"href":"http:\/\/my-alps.de\/index.php?rest_route=\/wp\/v2\/posts\/499\/revisions"}],"predecessor-version":[{"id":500,"href":"http:\/\/my-alps.de\/index.php?rest_route=\/wp\/v2\/posts\/499\/revisions\/500"}],"wp:attachment":[{"href":"http:\/\/my-alps.de\/index.php?rest_route=%2Fwp%2Fv2%2Fmedia&parent=499"}],"wp:term":[{"taxonomy":"category","embeddable":true,"href":"http:\/\/my-alps.de\/index.php?rest_route=%2Fwp%2Fv2%2Fcategories&post=499"},{"taxonomy":"post_tag","embeddable":true,"href":"http:\/\/my-alps.de\/index.php?rest_route=%2Fwp%2Fv2%2Ftags&post=499"}],"curies":[{"name":"wp","href":"https:\/\/api.w.org\/{rel}","templated":true}]}}