{"id":496,"date":"2013-12-28T16:55:15","date_gmt":"2013-12-28T15:55:15","guid":{"rendered":"http:\/\/my-alps.de\/?p=496"},"modified":"2013-12-28T16:55:15","modified_gmt":"2013-12-28T15:55:15","slug":"wir-versuchen-es-ab-und-zu","status":"publish","type":"post","link":"http:\/\/my-alps.de\/?p=496","title":{"rendered":"&#8230;..wir versuchen es ab und zu&#8230;"},"content":{"rendered":"<p>Etwas mit Salat auszuprobieren &#8211; doch es geh\u00f6rt sich einfach nicht dem Argentinier seinem Essen das Essen wegzuessen &#8211; wir werden das in Zukunft beachten.<\/p>\n<p><a href=\"https:\/\/i0.wp.com\/my-alps.de\/wp-content\/uploads\/2013\/12\/20131228-125503.jpg\"><img src=\"https:\/\/i0.wp.com\/my-alps.de\/wp-content\/uploads\/2013\/12\/20131228-125503.jpg?w=625\" alt=\"20131228-125503.jpg\" class=\"alignnone size-full\" data-recalc-dims=\"1\" \/><\/a><\/p>\n","protected":false},"excerpt":{"rendered":"<p>Etwas mit Salat auszuprobieren &#8211; doch es geh\u00f6rt sich einfach nicht dem Argentinier seinem Essen das Essen wegzuessen &#8211; wir werden das in Zukunft beachten.<\/p>\n","protected":false},"author":1,"featured_media":0,"comment_status":"open","ping_status":"open","sticky":false,"template":"","format":"gallery","meta":{"spay_email":"","jetpack_publicize_message":"","jetpack_is_tweetstorm":false,"jetpack_publicize_feature_enabled":true},"categories":[1],"tags":[],"jetpack_featured_media_url":"","jetpack_publicize_connections":[],"jetpack_sharing_enabled":true,"jetpack_shortlink":"https:\/\/wp.me\/p6huce-80","jetpack-related-posts":[{"id":579,"url":"http:\/\/my-alps.de\/?p=579","url_meta":{"origin":496,"position":0},"title":"&#8211; Einschub &#8211; f\u00fcr einen Beitrag den ich noch nicht hochgeladen habe:","date":"17. Januar 2014","format":"gallery","excerpt":"Es ging ums GRILLEN: Frau Hack schrieb: Ich habe einen gro\u00dfen Bruder und der hat einen sch\u00f6nen Grill. Ist ja klar, wobei, wenn ich mich recht erinnere ist dieser nicht mal von WEBER. Das mit dem Grillen wird auch zu allen passenden und unpassenden Gelegenheiten zelebriert, und selbst bei der\u2026","rel":"","context":"In &quot;News&quot;","img":{"alt_text":"","src":"https:\/\/i0.wp.com\/my-alps.de\/wp-content\/uploads\/2014\/01\/Eduardo-mit-seiner-Vorspeise.jpg?resize=350%2C200","width":350,"height":200},"classes":[]},{"id":851,"url":"http:\/\/my-alps.de\/?p=851","url_meta":{"origin":496,"position":1},"title":"von Chaiten ans Ende der Carretera Austral","date":"19. M\u00e4rz 2014","format":"gallery","excerpt":"Wir sind jetzt fast 4 Wochen lang auf der Ruta 7, der Carretera Austral, aus dem S\u00fcden Chiles Richtung Norden gefahren. Der Eine oder Andere Abstecher hat der einsamen Stra\u00dfe noch etwas mehr Reiz beschert, als sie selbst schon besitzt. Doch jetzt ist es an der Zeit die Zivilisation mal\u2026","rel":"","context":"In &quot;News&quot;","img":{"alt_text":"","src":"https:\/\/i0.wp.com\/my-alps.de\/wp-content\/uploads\/2014\/03\/El-Cap-light-sw.jpg?resize=350%2C200","width":350,"height":200},"classes":[]},{"id":1035,"url":"http:\/\/my-alps.de\/?p=1035","url_meta":{"origin":496,"position":2},"title":"\u201eSuper Mario\u201c","date":"24. April 2014","format":"gallery","excerpt":"Wer kennt es nicht, das legend\u00e4re Spiel: \u201eSuper Mario\u201c? Genauso ist Mario, ein Mann f\u00fcr alle F\u00e4lle. Er hilft und unterst\u00fctzt uns wo es nur geht, er ist ein eingefleischter VW-Wohnmobil Fan und seiner geheimen Garage finden sich einige sch\u00f6ne Karmann Wohnmobile. Er hat auch einen T3 - Syncro und\u2026","rel":"","context":"In &quot;News&quot;","img":{"alt_text":"Mario's \"Super\" Rinder","src":"https:\/\/i0.wp.com\/my-alps.de\/wp-content\/uploads\/2014\/04\/Kalb-2-6x6-ce4.jpg?resize=350%2C200","width":350,"height":200},"classes":[]},{"id":1231,"url":"http:\/\/my-alps.de\/?p=1231","url_meta":{"origin":496,"position":3},"title":"La Difunta Correa &#8211; oder, der kaputte Keilriemen&#8230;","date":"15. Juni 2014","format":"gallery","excerpt":"Vallecito, in der N\u00e4he von San Juan - ein kleiner Punkt auf der Landkarte in Argentinien, doch (nahezu) jeder kennt diesen Ort. Hier spielen sich Tag f\u00fcr Tag r\u00fchrende Szenen aus dem Leben des (autofahrenden) Menschen ab. \u201eLa difunta Correa\u201c, die verstobene Correa, ist ein besonderer Wallfahrtsort. 1841 soll Deolinda\u2026","rel":"","context":"In &quot;News&quot;","img":{"alt_text":"","src":"https:\/\/i0.wp.com\/my-alps.de\/wp-content\/uploads\/2014\/06\/La-Difunta-Correa-II.jpg?resize=350%2C200","width":350,"height":200},"classes":[]},{"id":1077,"url":"http:\/\/my-alps.de\/?p=1077","url_meta":{"origin":496,"position":4},"title":"In Naturcolor nach Araukanien","date":"3. Mai 2014","format":"gallery","excerpt":"Die ersten Nachtfr\u00f6ste haben uns einen zauberhaften Morgen geschenkt und wir sind ein St\u00fcck weiter nach Norden gezogen. Die n\u00e4chste Stadt auf unserem Weg ist San Martin des los Andes. Eine Tourismus\u201coase\u201c f\u00fcr alle m\u00f6glichen Outdoorsportarten. Man kann hier sogar richtig Skifahren, und der Ort macht sich fertig f\u00fcr die\u2026","rel":"","context":"In &quot;News&quot;","img":{"alt_text":"","src":"https:\/\/i0.wp.com\/my-alps.de\/wp-content\/uploads\/2014\/05\/Vegetationszonen-I-ce4.jpg?resize=350%2C200","width":350,"height":200},"classes":[]},{"id":481,"url":"http:\/\/my-alps.de\/?p=481","url_meta":{"origin":496,"position":5},"title":"Unser erster &#8222;Flugschaden&#8220;","date":"25. Dezember 2013","format":"gallery","excerpt":"Auf der Fahrt von Azul durch die Pampa ist uns ein kleiner Flugschaden entstanden - als ein grosser LKW knapp an uns vorbeigefahren ist - richtig viel Gegenwind in unsere Richtung - hat ein gefiederter Freund versucht noch rechtzeitig die Stra\u00dfe zu \u00fcberqueren. Hat es aber leider nicht mehr geschafft!\u2026","rel":"","context":"In &quot;News&quot;","img":{"alt_text":"","src":"https:\/\/i0.wp.com\/my-alps.de\/wp-content\/uploads\/2013\/12\/Flugschaden-02.jpg?resize=350%2C200","width":350,"height":200},"classes":[]}],"_links":{"self":[{"href":"http:\/\/my-alps.de\/index.php?rest_route=\/wp\/v2\/posts\/496"}],"collection":[{"href":"http:\/\/my-alps.de\/index.php?rest_route=\/wp\/v2\/posts"}],"about":[{"href":"http:\/\/my-alps.de\/index.php?rest_route=\/wp\/v2\/types\/post"}],"author":[{"embeddable":true,"href":"http:\/\/my-alps.de\/index.php?rest_route=\/wp\/v2\/users\/1"}],"replies":[{"embeddable":true,"href":"http:\/\/my-alps.de\/index.php?rest_route=%2Fwp%2Fv2%2Fcomments&post=496"}],"version-history":[{"count":1,"href":"http:\/\/my-alps.de\/index.php?rest_route=\/wp\/v2\/posts\/496\/revisions"}],"predecessor-version":[{"id":497,"href":"http:\/\/my-alps.de\/index.php?rest_route=\/wp\/v2\/posts\/496\/revisions\/497"}],"wp:attachment":[{"href":"http:\/\/my-alps.de\/index.php?rest_route=%2Fwp%2Fv2%2Fmedia&parent=496"}],"wp:term":[{"taxonomy":"category","embeddable":true,"href":"http:\/\/my-alps.de\/index.php?rest_route=%2Fwp%2Fv2%2Fcategories&post=496"},{"taxonomy":"post_tag","embeddable":true,"href":"http:\/\/my-alps.de\/index.php?rest_route=%2Fwp%2Fv2%2Ftags&post=496"}],"curies":[{"name":"wp","href":"https:\/\/api.w.org\/{rel}","templated":true}]}}