{"id":492,"date":"2013-12-25T20:03:02","date_gmt":"2013-12-25T19:03:02","guid":{"rendered":"http:\/\/my-alps.de\/?p=492"},"modified":"2013-12-25T20:03:02","modified_gmt":"2013-12-25T19:03:02","slug":"allen-ein-schoenes-weihnachtsfest","status":"publish","type":"post","link":"http:\/\/my-alps.de\/?p=492","title":{"rendered":"allen ein sch\u00f6nes Weihnachtsfest!"},"content":{"rendered":"<p>Wir trinken jetzt erst mal Kaffee auf unserer WOMO Terrasse und kaufen dann Grillzeug f\u00fcr Heilig Abend ein!<\/p>\n<p>Euch allen ein sch\u00f6nes Fest!<\/p>\n<div id=\"attachment_493\" style=\"width: 1034px\" class=\"wp-caption aligncenter\"><a href=\"https:\/\/i0.wp.com\/my-alps.de\/wp-content\/uploads\/2013\/12\/Weihnachtskaffee.jpg\"><img aria-describedby=\"caption-attachment-493\" data-attachment-id=\"493\" data-permalink=\"http:\/\/my-alps.de\/?attachment_id=493\" data-orig-file=\"https:\/\/i0.wp.com\/my-alps.de\/wp-content\/uploads\/2013\/12\/Weihnachtskaffee.jpg?fit=1024%2C683\" data-orig-size=\"1024,683\" data-comments-opened=\"1\" data-image-meta=\"{&quot;aperture&quot;:&quot;5&quot;,&quot;credit&quot;:&quot;&quot;,&quot;camera&quot;:&quot;NEX-7&quot;,&quot;caption&quot;:&quot;&quot;,&quot;created_timestamp&quot;:&quot;1387911884&quot;,&quot;copyright&quot;:&quot;&quot;,&quot;focal_length&quot;:&quot;10&quot;,&quot;iso&quot;:&quot;100&quot;,&quot;shutter_speed&quot;:&quot;0.01&quot;,&quot;title&quot;:&quot;&quot;}\" data-image-title=\"Weihnachtskaffee\" data-image-description=\"\" data-image-caption=\"&lt;p&gt;Entspannungskaffe vor dem Grillwettbewerb&lt;\/p&gt;\n\" data-medium-file=\"https:\/\/i0.wp.com\/my-alps.de\/wp-content\/uploads\/2013\/12\/Weihnachtskaffee.jpg?fit=300%2C200\" data-large-file=\"https:\/\/i0.wp.com\/my-alps.de\/wp-content\/uploads\/2013\/12\/Weihnachtskaffee.jpg?fit=625%2C417\" loading=\"lazy\" class=\"size-full wp-image-493\" alt=\"Entspannungskaffe vor dem Grillwettbewerb\" src=\"https:\/\/i0.wp.com\/my-alps.de\/wp-content\/uploads\/2013\/12\/Weihnachtskaffee.jpg?resize=625%2C417\" width=\"625\" height=\"417\" srcset=\"https:\/\/i0.wp.com\/my-alps.de\/wp-content\/uploads\/2013\/12\/Weihnachtskaffee.jpg?w=1024 1024w, https:\/\/i0.wp.com\/my-alps.de\/wp-content\/uploads\/2013\/12\/Weihnachtskaffee.jpg?resize=300%2C200 300w\" sizes=\"(max-width: 625px) 100vw, 625px\" data-recalc-dims=\"1\" \/><\/a><p id=\"caption-attachment-493\" class=\"wp-caption-text\">Entspannungskaffe vor dem Grillwettbewerb<\/p><\/div>\n","protected":false},"excerpt":{"rendered":"<p>Wir trinken jetzt erst mal Kaffee auf unserer WOMO Terrasse und kaufen dann Grillzeug f\u00fcr Heilig Abend ein! Euch allen ein sch\u00f6nes Fest!<\/p>\n","protected":false},"author":1,"featured_media":0,"comment_status":"open","ping_status":"open","sticky":false,"template":"","format":"gallery","meta":{"spay_email":"","jetpack_publicize_message":"","jetpack_is_tweetstorm":false,"jetpack_publicize_feature_enabled":true},"categories":[1],"tags":[],"jetpack_featured_media_url":"","jetpack_publicize_connections":[],"jetpack_sharing_enabled":true,"jetpack_shortlink":"https:\/\/wp.me\/p6huce-7W","jetpack-related-posts":[{"id":881,"url":"http:\/\/my-alps.de\/?p=881","url_meta":{"origin":492,"position":0},"title":"Puerto Montt","date":"26. M\u00e4rz 2014","format":"gallery","excerpt":"Nach 8.808 km (und wahrscheinlich ein paar mehr) die wir jetzt hier in S\u00fcdamerika unterwegs sind haben wir unserem WOMO auch mal etwas Gutes geg\u00f6nnt. Hier in Puerto Montt habe ich eine Werkstatt entdeckt die jegliche Art von Service f\u00fcr \u201egesch\u00fcttelte\u201c Autos anbietet. Wir haben uns f\u00fcr: \u00d6lwechsel und Luftfilterwechsel\u2026","rel":"","context":"In &quot;News&quot;","img":{"alt_text":"","src":"https:\/\/i0.wp.com\/my-alps.de\/wp-content\/uploads\/2014\/03\/Pisco-sour-6x6.jpg?resize=350%2C200","width":350,"height":200},"classes":[]},{"id":425,"url":"http:\/\/my-alps.de\/?p=425","url_meta":{"origin":492,"position":1},"title":"Verschoben ist nicht aufgehoben","date":"6. November 2013","format":"gallery","excerpt":"Jetzt sind wir soweit - alles fertig! Wir haben p\u00fcnktlich unsere Wohnung zusammengepackt und f\u00fcr unsere Zwischenmieter freigemacht. Unser WOMO ist einsatzbereit. In den letzten Wochen hatten wir noch einige Bastelarbeiten zu erledigen. Die Firma SMV, die unsere Luftfeder hergestellt hat lie\u00df uns eine spezielle Erh\u00f6hungsplatte fertigen um das Seikel\u2026","rel":"","context":"In &quot;News&quot;","img":{"alt_text":"","src":"","width":0,"height":0},"classes":[]},{"id":1091,"url":"http:\/\/my-alps.de\/?p=1091","url_meta":{"origin":492,"position":2},"title":"Weckruf der Mapuche Indianer","date":"4. Mai 2014","format":"gallery","excerpt":"Unser Camp am Rio Malleo, irgendwo im nirgendwo, auf dem Weg zum Vulkan Lanin lag in der N\u00e4he einer Mapuche Siedlung. Wir hatten die Schilder bei der Hin- und R\u00fcckfahrt bemerkt. Da f\u00fcr den 01. Mai sch\u00f6nes Wetter angesagt war, wollten wir den Nationalpark \u201eVolkan Lanin\u201c besuchen. Tja. wie schon\u2026","rel":"","context":"In &quot;unter uns&quot;","img":{"alt_text":"","src":"","width":0,"height":0},"classes":[]},{"id":793,"url":"http:\/\/my-alps.de\/?p=793","url_meta":{"origin":492,"position":3},"title":"Mate-Teestunde und biologisches Gem\u00fcse","date":"4. M\u00e4rz 2014","format":"gallery","excerpt":"Wir sind aus der \"Gro\u00dfstadt\" Coyhaique nach unseren Erledigungen ein kleines St\u00fcck Richtung \"Puerto Aysen\" weitergefahren. Denn unser WOMO ist auf Hochglanz poliert, innen ist es fast staubfrei und alle verf\u00fcgbaren Tanks sind randvoll. Wie es der Zufall will, stolpern wir \u00fcber ein sch\u00f6nes Holzschild am Stra\u00dfenrand - CAMPING -\u2026","rel":"","context":"In &quot;News&quot;","img":{"alt_text":"","src":"https:\/\/i0.wp.com\/my-alps.de\/wp-content\/uploads\/2014\/03\/Mateteestunde-300x225.jpg?resize=350%2C200","width":350,"height":200},"classes":[]},{"id":650,"url":"http:\/\/my-alps.de\/?p=650","url_meta":{"origin":492,"position":4},"title":"Halbwertszeit unseres Aussenspiegels auf der Fahrerseite","date":"6. Februar 2014","format":"gallery","excerpt":"Tja - und es hat mal wieder \"boom\" gemacht. Die Halbwertszeit unseres linken Aussenspiegels sinkt bedenklich gegen 1\/4 Jahr. Erst drei Tage vor der Abfahrt - und jetzt schon wieder. Da h\u00e4ngen die Reste traurig herum. Doch der Fahrer hat seine Telefonnummer unter den Scheibenwischer geklemmt. Als wir zur\u00fcckkommen denke\u2026","rel":"","context":"In &quot;Wohnmobil&quot;","img":{"alt_text":"","src":"https:\/\/i0.wp.com\/my-alps.de\/wp-content\/uploads\/2014\/02\/Projekt-neuer-Spiegel-1-300x225.jpg?resize=350%2C200","width":350,"height":200},"classes":[]},{"id":419,"url":"http:\/\/my-alps.de\/?p=419","url_meta":{"origin":492,"position":5},"title":"Unsere Abschiedsparty &#8211; wir sagen AUF WIEDERSEHEN","date":"13. Oktober 2013","format":"gallery","excerpt":"Am Freitag Abend war es dann soweit - unsere Abschiedsparty konnte wohl geplant \u00fcber die B\u00fchne gehen. Dank der super Planung von Susanne und Mike - unseren hauseigenen Gastronomen hatten wir eine klasse LOCATION - das gerade fertig gewordene MONDSCHEIN (www.bamberg-mondschein.de) \u00a0 Unsere gesamte Familie und gute Freunde hatten wir\u2026","rel":"","context":"In &quot;News&quot;","img":{"alt_text":"","src":"https:\/\/i0.wp.com\/my-alps.de\/wp-content\/uploads\/2013\/10\/Auf-Wiedersehen.jpg?resize=350%2C200","width":350,"height":200},"classes":[]}],"_links":{"self":[{"href":"http:\/\/my-alps.de\/index.php?rest_route=\/wp\/v2\/posts\/492"}],"collection":[{"href":"http:\/\/my-alps.de\/index.php?rest_route=\/wp\/v2\/posts"}],"about":[{"href":"http:\/\/my-alps.de\/index.php?rest_route=\/wp\/v2\/types\/post"}],"author":[{"embeddable":true,"href":"http:\/\/my-alps.de\/index.php?rest_route=\/wp\/v2\/users\/1"}],"replies":[{"embeddable":true,"href":"http:\/\/my-alps.de\/index.php?rest_route=%2Fwp%2Fv2%2Fcomments&post=492"}],"version-history":[{"count":1,"href":"http:\/\/my-alps.de\/index.php?rest_route=\/wp\/v2\/posts\/492\/revisions"}],"predecessor-version":[{"id":494,"href":"http:\/\/my-alps.de\/index.php?rest_route=\/wp\/v2\/posts\/492\/revisions\/494"}],"wp:attachment":[{"href":"http:\/\/my-alps.de\/index.php?rest_route=%2Fwp%2Fv2%2Fmedia&parent=492"}],"wp:term":[{"taxonomy":"category","embeddable":true,"href":"http:\/\/my-alps.de\/index.php?rest_route=%2Fwp%2Fv2%2Fcategories&post=492"},{"taxonomy":"post_tag","embeddable":true,"href":"http:\/\/my-alps.de\/index.php?rest_route=%2Fwp%2Fv2%2Ftags&post=492"}],"curies":[{"name":"wp","href":"https:\/\/api.w.org\/{rel}","templated":true}]}}