{"id":489,"date":"2013-12-25T19:59:55","date_gmt":"2013-12-25T18:59:55","guid":{"rendered":"http:\/\/my-alps.de\/?p=489"},"modified":"2013-12-25T19:59:55","modified_gmt":"2013-12-25T18:59:55","slug":"viva-argentinia","status":"publish","type":"post","link":"http:\/\/my-alps.de\/?p=489","title":{"rendered":"Viva Argentinia!"},"content":{"rendered":"<p>Am Montag ziehen wir richtig durch und fahren in einem Rutsch bis Puerto Madryn &#8211; so sind wir schon in Patagonien. Die Temperaturen werden ertr\u00e4glich und wir sind auf einem Campingplatz von ACA &#8211; dem S\u00fcdamerikanischen Pedant zum ADAC.<\/p>\n<div id=\"attachment_490\" style=\"width: 1034px\" class=\"wp-caption aligncenter\"><a href=\"https:\/\/i0.wp.com\/my-alps.de\/wp-content\/uploads\/2013\/12\/Viva-Argentinia.jpg\"><img aria-describedby=\"caption-attachment-490\" data-attachment-id=\"490\" data-permalink=\"http:\/\/my-alps.de\/?attachment_id=490\" data-orig-file=\"https:\/\/i0.wp.com\/my-alps.de\/wp-content\/uploads\/2013\/12\/Viva-Argentinia.jpg?fit=1024%2C1024\" data-orig-size=\"1024,1024\" data-comments-opened=\"1\" data-image-meta=\"{&quot;aperture&quot;:&quot;8&quot;,&quot;credit&quot;:&quot;&quot;,&quot;camera&quot;:&quot;DSC-RX100&quot;,&quot;caption&quot;:&quot;&quot;,&quot;created_timestamp&quot;:&quot;1387902024&quot;,&quot;copyright&quot;:&quot;&quot;,&quot;focal_length&quot;:&quot;23.27&quot;,&quot;iso&quot;:&quot;125&quot;,&quot;shutter_speed&quot;:&quot;0.00125&quot;,&quot;title&quot;:&quot;&quot;}\" data-image-title=\"Viva Argentinia!\" data-image-description=\"\" data-image-caption=\"&lt;p&gt;Argentina!&lt;\/p&gt;\n\" data-medium-file=\"https:\/\/i0.wp.com\/my-alps.de\/wp-content\/uploads\/2013\/12\/Viva-Argentinia.jpg?fit=300%2C300\" data-large-file=\"https:\/\/i0.wp.com\/my-alps.de\/wp-content\/uploads\/2013\/12\/Viva-Argentinia.jpg?fit=625%2C625\" loading=\"lazy\" class=\"size-full wp-image-490\" alt=\"Argentina!\" src=\"https:\/\/i0.wp.com\/my-alps.de\/wp-content\/uploads\/2013\/12\/Viva-Argentinia.jpg?resize=625%2C625\" width=\"625\" height=\"625\" srcset=\"https:\/\/i0.wp.com\/my-alps.de\/wp-content\/uploads\/2013\/12\/Viva-Argentinia.jpg?w=1024 1024w, https:\/\/i0.wp.com\/my-alps.de\/wp-content\/uploads\/2013\/12\/Viva-Argentinia.jpg?resize=290%2C290 290w, https:\/\/i0.wp.com\/my-alps.de\/wp-content\/uploads\/2013\/12\/Viva-Argentinia.jpg?resize=300%2C300 300w\" sizes=\"(max-width: 625px) 100vw, 625px\" data-recalc-dims=\"1\" \/><\/a><p id=\"caption-attachment-490\" class=\"wp-caption-text\">Argentina!<\/p><\/div>\n<p>Es weht ein strammer Wind vom Meer und die Bucht ist voll mit Kreuzfahrtschiffen &#8211; genau 3 St\u00fcck &#8211; spucken ca. 2.000. Personen an Land und die kaufen alles auf was nicht niet- und nagelfest ist.<br \/>\nMorgen ist ja schlie\u00dflich Weihnachten.<\/p>\n","protected":false},"excerpt":{"rendered":"<p>Am Montag ziehen wir richtig durch und fahren in einem Rutsch bis Puerto Madryn &#8211; so sind wir schon in Patagonien. Die Temperaturen werden ertr\u00e4glich und wir sind auf einem Campingplatz von ACA &#8211; dem S\u00fcdamerikanischen Pedant zum ADAC. Es weht ein strammer Wind vom Meer und die Bucht ist voll mit Kreuzfahrtschiffen &#8211; genau [&hellip;]<\/p>\n","protected":false},"author":1,"featured_media":0,"comment_status":"open","ping_status":"open","sticky":false,"template":"","format":"gallery","meta":{"spay_email":"","jetpack_publicize_message":"","jetpack_is_tweetstorm":false,"jetpack_publicize_feature_enabled":true},"categories":[1],"tags":[],"jetpack_featured_media_url":"","jetpack_publicize_connections":[],"jetpack_sharing_enabled":true,"jetpack_shortlink":"https:\/\/wp.me\/p6huce-7T","jetpack-related-posts":[{"id":504,"url":"http:\/\/my-alps.de\/?p=504","url_meta":{"origin":489,"position":0},"title":"WIFI &#8211; Bitte ?!?","date":"3. Januar 2014","format":"gallery","excerpt":"Wir haben die n\u00e4chsten Zeilen in der ersten Januarwoche offline geschrieben, denn da wo wir uns zeitweise herumgetrieben haben wird das Internet vom Winde verweht ;-)) Nachdem wir unser Sylvester 2013\/14 mit den wilden Hupkonzerten der Dorfjugend von Camarones geteilt hatten, sind wir am 01.01.2014 weiter Richtung S\u00fcden gefahren. Zuerst\u2026","rel":"","context":"In &quot;News&quot;","img":{"alt_text":"","src":"https:\/\/i0.wp.com\/my-alps.de\/wp-content\/uploads\/2014\/01\/Hallo-ich-bin-Freddy-und-du-200x300.jpg?resize=350%2C200","width":350,"height":200},"classes":[]},{"id":573,"url":"http:\/\/my-alps.de\/?p=573","url_meta":{"origin":489,"position":1},"title":"weiter geht&#8217;s &#8211; die Atlantikk\u00fcste entlang nach S\u00fcden","date":"17. Januar 2014","format":"gallery","excerpt":"Von Puerto San Julian, dem Ort ohne Menschen, daf\u00fcr mit viel Wind, sind wir wieder auf die Ruta 3 zur\u00fcckgekehrt und nach Rio Gallegos gefahren. Tja was soll man zu Rio Gallegos sagen - kaum ist man dort - ist man schon wieder weg. Der Ort hat einen super neuen\u2026","rel":"","context":"In &quot;News&quot;","img":{"alt_text":"","src":"https:\/\/i0.wp.com\/my-alps.de\/wp-content\/uploads\/2014\/01\/Vulkan-Kratersee-Laguna-Azul-300x200.jpg?resize=350%2C200","width":350,"height":200},"classes":[]},{"id":1077,"url":"http:\/\/my-alps.de\/?p=1077","url_meta":{"origin":489,"position":2},"title":"In Naturcolor nach Araukanien","date":"3. Mai 2014","format":"gallery","excerpt":"Die ersten Nachtfr\u00f6ste haben uns einen zauberhaften Morgen geschenkt und wir sind ein St\u00fcck weiter nach Norden gezogen. Die n\u00e4chste Stadt auf unserem Weg ist San Martin des los Andes. Eine Tourismus\u201coase\u201c f\u00fcr alle m\u00f6glichen Outdoorsportarten. Man kann hier sogar richtig Skifahren, und der Ort macht sich fertig f\u00fcr die\u2026","rel":"","context":"In &quot;News&quot;","img":{"alt_text":"","src":"https:\/\/i0.wp.com\/my-alps.de\/wp-content\/uploads\/2014\/05\/Vegetationszonen-I-ce4.jpg?resize=350%2C200","width":350,"height":200},"classes":[]},{"id":487,"url":"http:\/\/my-alps.de\/?p=487","url_meta":{"origin":489,"position":3},"title":"es ist HEISS hier im S\u00fcden","date":"25. Dezember 2013","format":"gallery","excerpt":"Uuuhhaaaaagggghhhhh - wir haben gedacht wenn wir aus Buenos Aires fliehen, dann wir es etwas k\u00fchler - falsch gedacht. Wir sind auf dem Weg Richtung Valdes und m\u00fcssen in Bahia Blanca am Montag Station machen um Bargeld zu tauschen. (Wir haben Probleme online unsere Kreditkarten mit einem h\u00f6heren Limit zu\u2026","rel":"","context":"In &quot;News&quot;","img":{"alt_text":"Heiss - Heisser - fast 45 Grad!","src":"https:\/\/i0.wp.com\/my-alps.de\/wp-content\/uploads\/2013\/12\/fast-45-Grad-im-Schatten.jpg?resize=350%2C200","width":350,"height":200},"classes":[]},{"id":508,"url":"http:\/\/my-alps.de\/?p=508","url_meta":{"origin":489,"position":4},"title":"Rada Tilly &#8211; und der WAP Waschb\u00e4r","date":"6. Januar 2014","format":"gallery","excerpt":"Kurz hinter Comodore Rivadavia, also gleich \u00fcber\u2019n Berg liegt Rada Tilly. Eine kleine, aufstrebende Stadt mit h\u00fcbschen H\u00e4usern direkt am Atlantik gelegen. Hier ist unser n\u00e4chster Stop. Rada Tilly verf\u00fcgt \u00fcber einen WAP Waschb\u00e4r! Und dort machen wir erst mal unser WOMO sauber. Mit dem Hochdruckreiniger werden die getrockneten Schlammbatzen\u2026","rel":"","context":"In &quot;News&quot;","img":{"alt_text":"","src":"https:\/\/i0.wp.com\/my-alps.de\/wp-content\/uploads\/2014\/01\/Dreckschleuder-300x225.jpg?resize=350%2C200","width":350,"height":200},"classes":[]},{"id":1411,"url":"http:\/\/my-alps.de\/?p=1411","url_meta":{"origin":489,"position":5},"title":"\u00fcber Cochabamba weiter nach La Paz (Teil 2)","date":"27. Juli 2014","format":"gallery","excerpt":"Von Sucre fahren wir durch die wilde und bergige Altiplanolandschaft.\u00a0Es geht durch kleine D\u00f6rfer und in den Flusst\u00e4lern werden Bananen\u00a0und Papayas angebaut. Anfangs ist die Stra\u00dfe noch asphaltiert, doch\u00a0dann sind wir wieder auf einer staubigen Piste. Der puderfeine Staub\u00a0legt sich wie ein Nebelschleier \u00fcber die Landschaft und alles was am\u00a0Stra\u00dfenrand\u2026","rel":"","context":"In &quot;News&quot;","img":{"alt_text":"","src":"https:\/\/i0.wp.com\/my-alps.de\/wp-content\/uploads\/2014\/07\/rauf-und-runter-ce4.jpg?resize=350%2C200","width":350,"height":200},"classes":[]}],"_links":{"self":[{"href":"http:\/\/my-alps.de\/index.php?rest_route=\/wp\/v2\/posts\/489"}],"collection":[{"href":"http:\/\/my-alps.de\/index.php?rest_route=\/wp\/v2\/posts"}],"about":[{"href":"http:\/\/my-alps.de\/index.php?rest_route=\/wp\/v2\/types\/post"}],"author":[{"embeddable":true,"href":"http:\/\/my-alps.de\/index.php?rest_route=\/wp\/v2\/users\/1"}],"replies":[{"embeddable":true,"href":"http:\/\/my-alps.de\/index.php?rest_route=%2Fwp%2Fv2%2Fcomments&post=489"}],"version-history":[{"count":1,"href":"http:\/\/my-alps.de\/index.php?rest_route=\/wp\/v2\/posts\/489\/revisions"}],"predecessor-version":[{"id":491,"href":"http:\/\/my-alps.de\/index.php?rest_route=\/wp\/v2\/posts\/489\/revisions\/491"}],"wp:attachment":[{"href":"http:\/\/my-alps.de\/index.php?rest_route=%2Fwp%2Fv2%2Fmedia&parent=489"}],"wp:term":[{"taxonomy":"category","embeddable":true,"href":"http:\/\/my-alps.de\/index.php?rest_route=%2Fwp%2Fv2%2Fcategories&post=489"},{"taxonomy":"post_tag","embeddable":true,"href":"http:\/\/my-alps.de\/index.php?rest_route=%2Fwp%2Fv2%2Ftags&post=489"}],"curies":[{"name":"wp","href":"https:\/\/api.w.org\/{rel}","templated":true}]}}