{"id":446,"date":"2013-12-10T20:40:47","date_gmt":"2013-12-10T19:40:47","guid":{"rendered":"http:\/\/my-alps.de\/?p=446"},"modified":"2013-12-10T20:40:47","modified_gmt":"2013-12-10T19:40:47","slug":"zarate-argentinien-home-of-real-coke","status":"publish","type":"post","link":"http:\/\/my-alps.de\/?p=446","title":{"rendered":"Zarate &#8211; Argentinien \/ Home of Real Coke"},"content":{"rendered":"<p>Heute durften wir seit 30 Tagen das erste mal wieder an Land. Hier werden ca. 1.500 Autos ausgeladen und ein neuer Teil von VW&#8217;s Amarok kommt mir. Wir sind in der Stadt unterwegs um unsere Autoversicherung f\u00fcr S\u00fcdamerika klarzumachen &#8211; gar nicht so einfach &#8211; so ohne Internetvergleichsportal sich das passende herauszusuchen &#8211; Hauptsache wir bekommen ein Schriftst\u00fcck mit unserem Kennzeichen darauf. Am Freitag sind wir dann endlich in Montevideo und k\u00f6nnen mit der Reise weitermachen &#8211; in Ushuaia hat&#8217;s frisch geschneit &#8211; he! Dort ist es Sommer!!!!!<\/p>\n<p><a href=\"https:\/\/i0.wp.com\/my-alps.de\/wp-content\/uploads\/2013\/12\/20131210-164013.jpg\"><img src=\"https:\/\/i0.wp.com\/my-alps.de\/wp-content\/uploads\/2013\/12\/20131210-164013.jpg?w=625\" alt=\"20131210-164013.jpg\" class=\"alignnone size-full\" data-recalc-dims=\"1\" \/><\/a><\/p>\n","protected":false},"excerpt":{"rendered":"<p>Heute durften wir seit 30 Tagen das erste mal wieder an Land. Hier werden ca. 1.500 Autos ausgeladen und ein neuer Teil von VW&#8217;s Amarok kommt mir. Wir sind in der Stadt unterwegs um unsere Autoversicherung f\u00fcr S\u00fcdamerika klarzumachen &#8211; gar nicht so einfach &#8211; so ohne Internetvergleichsportal sich das passende herauszusuchen &#8211; Hauptsache wir [&hellip;]<\/p>\n","protected":false},"author":1,"featured_media":0,"comment_status":"open","ping_status":"open","sticky":false,"template":"","format":"gallery","meta":{"spay_email":"","jetpack_publicize_message":"","jetpack_is_tweetstorm":false,"jetpack_publicize_feature_enabled":true},"categories":[1],"tags":[],"jetpack_featured_media_url":"","jetpack_publicize_connections":[],"jetpack_sharing_enabled":true,"jetpack_shortlink":"https:\/\/wp.me\/p6huce-7c","jetpack-related-posts":[{"id":1033,"url":"http:\/\/my-alps.de\/?p=1033","url_meta":{"origin":446,"position":0},"title":"Werkstatt &#8211; 911 &#8211; Wurzelbehandlung am Sto\u00dfd\u00e4mpfer","date":"24. April 2014","format":"gallery","excerpt":"Nach dem wir unser lang ersehntes Paket mit den Ersatzteilen in der Hauptpost Puerto Montt in Empfang genommen haben steht einem Werkstattaufenthalt nichts mehr im Weg. Erst mu\u00df ich allerdings noch das \u201eP\u00e4ckchen\u201c durch die halbe Stadt zum Parkplatz tragen. Ich f\u00fchle mich wie ein Lastesel und bin dann doch\u2026","rel":"","context":"In &quot;News&quot;","img":{"alt_text":"","src":"https:\/\/i0.wp.com\/my-alps.de\/wp-content\/uploads\/2014\/04\/zuerst-die-Scheibe.jpg?resize=350%2C200","width":350,"height":200},"classes":[]},{"id":450,"url":"http:\/\/my-alps.de\/?p=450","url_meta":{"origin":446,"position":1},"title":"Das sagt sie und das meint ER (1von2)","date":"15. Dezember 2013","format":"gallery","excerpt":"Hallo, ihr ZUHAUSEgebliebenen, wir sind heute in Colonia di Sacramento angekommen und sin somit in Uruguay. Dem esten Fussballweltmeister, und wenn's nach den URU'S geht, auch dem kommenden in Brasilien. Die Bilder zu diesem Blog f\u00fcge ich sp\u00e4ter mal ein, das WIFI hier in Uruguay ist nicht so von der\u2026","rel":"","context":"In &quot;News&quot;","img":{"alt_text":"","src":"","width":0,"height":0},"classes":[]},{"id":881,"url":"http:\/\/my-alps.de\/?p=881","url_meta":{"origin":446,"position":2},"title":"Puerto Montt","date":"26. M\u00e4rz 2014","format":"gallery","excerpt":"Nach 8.808 km (und wahrscheinlich ein paar mehr) die wir jetzt hier in S\u00fcdamerika unterwegs sind haben wir unserem WOMO auch mal etwas Gutes geg\u00f6nnt. Hier in Puerto Montt habe ich eine Werkstatt entdeckt die jegliche Art von Service f\u00fcr \u201egesch\u00fcttelte\u201c Autos anbietet. Wir haben uns f\u00fcr: \u00d6lwechsel und Luftfilterwechsel\u2026","rel":"","context":"In &quot;News&quot;","img":{"alt_text":"","src":"https:\/\/i0.wp.com\/my-alps.de\/wp-content\/uploads\/2014\/03\/Pisco-sour-6x6.jpg?resize=350%2C200","width":350,"height":200},"classes":[]},{"id":995,"url":"http:\/\/my-alps.de\/?p=995","url_meta":{"origin":446,"position":3},"title":"April, April &#8211; Halbzeit bei der Auszeit","date":"10. April 2014","format":"gallery","excerpt":"Am 11.11.2013 sind wir in Hamburg an Bord der \u201eGrande Cameroon\u201c gegangen und \u00fcber den Atlantik nach S\u00fcdamerika geschippert. Zugegeben, es war nicht immer gerade Hochstimmung mit Karneval und Fasching an Bord, aber es ist uns wirklich nicht langweilig geworden. So eine Frachterreise hat auch etwas besonderes. (Beinahe meditativ!) Nun\u2026","rel":"","context":"In &quot;News&quot;","img":{"alt_text":"","src":"","width":0,"height":0},"classes":[]},{"id":375,"url":"http:\/\/my-alps.de\/?p=375","url_meta":{"origin":446,"position":4},"title":"Bastel-Wastel (oder wieso ich kein Elektriker geworden bin)","date":"15. Juli 2013","format":"gallery","excerpt":"Ich bin euch noch die letzte Update - Phase von Boomer schuldig geblieben. (Hatte die Bilder auf einer anderen Karte und die wieder in einen anderen Foto... usw) Unsere Behausung hat innen langsam einen neuen Touch bekommen. Frau Hack hat die N\u00e4hmaschine maltr\u00e4tiert und meine Schreiner-Reiner F\u00e4higkeiten sind noch nicht\u2026","rel":"","context":"In &quot;Wohnmobil&quot;","img":{"alt_text":"","src":"https:\/\/i0.wp.com\/my-alps.de\/wp-content\/uploads\/2013\/07\/Stauraum-die-Erste.jpg?resize=350%2C200","width":350,"height":200},"classes":[]},{"id":1759,"url":"http:\/\/my-alps.de\/?p=1759","url_meta":{"origin":446,"position":5},"title":"Vorblick minus R\u00fcckblick = aktuelle H\u00f6he","date":"29. Oktober 2014","format":"gallery","excerpt":"Na ja, was soll ich sagen ohne zu \u00fcbertreiben, das vergangene Jahr hat uns so viele Abenteuer geschenkt, bis wir die in unserer K\u00f6pfen verarbeitet haben nuckeln wir wahrscheinlich beide aus der Schnabeltasse. Das WOMO steht im Hafen, morgen kommt noch die Prozedur mit der Drogen Kontrolle (ob die auch\u2026","rel":"","context":"In &quot;News&quot;","img":{"alt_text":"","src":"https:\/\/i0.wp.com\/my-alps.de\/wp-content\/uploads\/2014\/10\/Colombia-somos-todos-ce4.jpg?resize=350%2C200","width":350,"height":200},"classes":[]}],"_links":{"self":[{"href":"http:\/\/my-alps.de\/index.php?rest_route=\/wp\/v2\/posts\/446"}],"collection":[{"href":"http:\/\/my-alps.de\/index.php?rest_route=\/wp\/v2\/posts"}],"about":[{"href":"http:\/\/my-alps.de\/index.php?rest_route=\/wp\/v2\/types\/post"}],"author":[{"embeddable":true,"href":"http:\/\/my-alps.de\/index.php?rest_route=\/wp\/v2\/users\/1"}],"replies":[{"embeddable":true,"href":"http:\/\/my-alps.de\/index.php?rest_route=%2Fwp%2Fv2%2Fcomments&post=446"}],"version-history":[{"count":1,"href":"http:\/\/my-alps.de\/index.php?rest_route=\/wp\/v2\/posts\/446\/revisions"}],"predecessor-version":[{"id":447,"href":"http:\/\/my-alps.de\/index.php?rest_route=\/wp\/v2\/posts\/446\/revisions\/447"}],"wp:attachment":[{"href":"http:\/\/my-alps.de\/index.php?rest_route=%2Fwp%2Fv2%2Fmedia&parent=446"}],"wp:term":[{"taxonomy":"category","embeddable":true,"href":"http:\/\/my-alps.de\/index.php?rest_route=%2Fwp%2Fv2%2Fcategories&post=446"},{"taxonomy":"post_tag","embeddable":true,"href":"http:\/\/my-alps.de\/index.php?rest_route=%2Fwp%2Fv2%2Ftags&post=446"}],"curies":[{"name":"wp","href":"https:\/\/api.w.org\/{rel}","templated":true}]}}