{"id":443,"date":"2013-12-05T13:46:21","date_gmt":"2013-12-05T12:46:21","guid":{"rendered":"http:\/\/my-alps.de\/?p=443"},"modified":"2013-12-10T16:14:59","modified_gmt":"2013-12-10T15:14:59","slug":"wir-warten-mal-wieder","status":"publish","type":"post","link":"http:\/\/my-alps.de\/?p=443","title":{"rendered":"wir warten mal wieder&#8230;."},"content":{"rendered":"<div style=\"width: 650px\" class=\"wp-caption alignnone\"><img loading=\"lazy\" title=\"Skyline von Santos\" src=\"https:\/\/i0.wp.com\/my-alps.de\/wp-content\/uploads\/2013\/12\/Skyline_von_Santos.jpg?resize=625%2C417\" alt=\"\" width=\"625\" height=\"417\" data-json=\"\" data-recalc-dims=\"1\" \/><p class=\"wp-caption-text\">Uferpromenade von Santos ( ca. 10 km lang!)<\/p><\/div>\n<p>Heute ist bereits der 05.12.2013 und wir liegen seit zwei Tagen regungslos vor Anker an der K&uuml;ste von Brasilien. Bis nach Montevideo sind es nur noch gut 700 km! Aber vorher l&auml;uft das Schiff noch Zarate in Argentinien an um dort ca. 1.500 Audis und sonstiges auszuladen. Tja &#8211; und da der Hafen von Zarate anscheinend Recht klein ist und unser B&ouml;&ouml;&ouml;&ouml;&ouml;tchen recht gro&szlig; &#8211; m&uuml;ssen wir mal wieder warten. Vorher waren wir noch in Santos &#8211; auch eine Anlaufstelle auf unserer Reise.<\/p>\n<div style=\"width: 650px\" class=\"wp-caption alignnone\"><img loading=\"lazy\" title=\"Santos - Hafenanlagen\" src=\"https:\/\/i0.wp.com\/my-alps.de\/wp-content\/uploads\/2013\/12\/Santos__Hafenanlagen.jpg?resize=625%2C229\" alt=\"\" width=\"625\" height=\"229\" data-json=\"\" data-recalc-dims=\"1\" \/><p class=\"wp-caption-text\">Kaianlagen im Hafen von Santos<\/p><\/div>\n<p>Hier mal ein Eindruck als wir wieder ausgelaufen sind &#8211; dieser Hafen ist ziemlich gro&szlig; und es wir vieles neu gebaut. Abends als wir wieder losgeschippert sind hat es ein richtig tolles Gewitter im Hinterland gegeben &#8211; die passende Lichtstimmung dazu bei der Fahrt zum Meer war schon fast unheimlich.<\/p>\n<p>&nbsp;<\/p>\n<div id=\"bpp_credits\" style=\"clear: both; float: right; width: 200px; height: 70px; text-align:right;\"><a href=\"http:\/\/www.blogpadpro.com\" target=\"_blank\" style=\"text-decoration : none;\"><span style=\"vertical-align: middle; font-size: 8pt; color:#999;\">Edited with BlogPad Pro<\/span><img loading=\"lazy\" style=\"vertical-align: middle; padding-left: 5px;\" src=\"https:\/\/i0.wp.com\/files.blogpadpro.com\/images\/speech-bubble.png?resize=25%2C25\" width=\"25\" height=\"25\" data-recalc-dims=\"1\" \/><\/a><\/div>\n","protected":false},"excerpt":{"rendered":"<p>Heute ist bereits der 05.12.2013 und wir liegen seit zwei Tagen regungslos vor Anker an der K&uuml;ste von Brasilien. Bis nach Montevideo sind es nur noch gut 700 km! Aber vorher l&auml;uft das Schiff noch Zarate in Argentinien an um dort ca. 1.500 Audis und sonstiges auszuladen. Tja &#8211; und da der Hafen von Zarate [&hellip;]<\/p>\n","protected":false},"author":1,"featured_media":0,"comment_status":"open","ping_status":"open","sticky":false,"template":"","format":"gallery","meta":{"spay_email":"","jetpack_publicize_message":"","jetpack_is_tweetstorm":false,"jetpack_publicize_feature_enabled":true},"categories":[1],"tags":[],"jetpack_featured_media_url":"","jetpack_publicize_connections":[],"jetpack_sharing_enabled":true,"jetpack_shortlink":"https:\/\/wp.me\/p6huce-79","jetpack-related-posts":[{"id":1765,"url":"http:\/\/my-alps.de\/?p=1765","url_meta":{"origin":443,"position":0},"title":"Auf geht&#8217;s &#8211; nach Hause","date":"10. November 2014","format":"gallery","excerpt":"Servus, alle die uns bis hierhin auf unserer Reise durch S\u00fcdamerika gefolgt sind und uns begleitet haben. Wir kommen wieder nach Hause - und freuen uns auf Bamberg. Vorher haben wir noch unser WOMO im Hafen von Cartagena f\u00fcr die Verschiffung fertiggemacht. Bei knapp 40 Grad war die Drogenkontrolle sehr\u2026","rel":"","context":"In &quot;News&quot;","img":{"alt_text":"","src":"https:\/\/i0.wp.com\/my-alps.de\/wp-content\/uploads\/2014\/11\/zu-und-ab-nach-Hause-ce4.jpg?resize=350%2C200","width":350,"height":200},"classes":[]},{"id":446,"url":"http:\/\/my-alps.de\/?p=446","url_meta":{"origin":443,"position":1},"title":"Zarate &#8211; Argentinien \/ Home of Real Coke","date":"10. Dezember 2013","format":"gallery","excerpt":"Heute durften wir seit 30 Tagen das erste mal wieder an Land. Hier werden ca. 1.500 Autos ausgeladen und ein neuer Teil von VW's Amarok kommt mir. Wir sind in der Stadt unterwegs um unsere Autoversicherung f\u00fcr S\u00fcdamerika klarzumachen - gar nicht so einfach - so ohne Internetvergleichsportal sich das\u2026","rel":"","context":"In &quot;News&quot;","img":{"alt_text":"","src":"","width":0,"height":0},"classes":[]},{"id":450,"url":"http:\/\/my-alps.de\/?p=450","url_meta":{"origin":443,"position":2},"title":"Das sagt sie und das meint ER (1von2)","date":"15. Dezember 2013","format":"gallery","excerpt":"Hallo, ihr ZUHAUSEgebliebenen, wir sind heute in Colonia di Sacramento angekommen und sin somit in Uruguay. Dem esten Fussballweltmeister, und wenn's nach den URU'S geht, auch dem kommenden in Brasilien. Die Bilder zu diesem Blog f\u00fcge ich sp\u00e4ter mal ein, das WIFI hier in Uruguay ist nicht so von der\u2026","rel":"","context":"In &quot;News&quot;","img":{"alt_text":"","src":"","width":0,"height":0},"classes":[]},{"id":1308,"url":"http:\/\/my-alps.de\/?p=1308","url_meta":{"origin":443,"position":3},"title":"Cafayate und durch das Valle Calchaquies nach Salta","date":"30. Juni 2014","format":"gallery","excerpt":"Nach Amaicha haben wir noch die \u201eRuinas de Quilmes\u201c besucht. Die Terrassenanlage wurde teilweise wieder ausgegraben und die Geschichte der Quilmesindianer hat ein trauriges Kapitel. Nach langem Wiederstand gegen die Spanier wurden sie doch unterworfen und der gesamte Stamm nach Buenos Aires deportiert. Nur 600 kamen lebend dort an mehr\u2026","rel":"","context":"In &quot;News&quot;","img":{"alt_text":"","src":"https:\/\/i0.wp.com\/my-alps.de\/wp-content\/uploads\/2014\/06\/Felsfarben-1-Sonnenuntergang-ce4.jpg?resize=350%2C200","width":350,"height":200},"classes":[]},{"id":1752,"url":"http:\/\/my-alps.de\/?p=1752","url_meta":{"origin":443,"position":4},"title":"Baltic Pirate in Cartagena","date":"28. Oktober 2014","format":"gallery","excerpt":"So, morgen ist's soweit - wir geben das WOMO im Hafen von Cartagena ab und hoffen das es Ende November sicher in Bremerhafen ausgeladen wird. In der Zwischenzeit haben wir unser kleines Hotel bezogen, keine 5 Minuten von der wundersch\u00f6nen Altstadt von Cartagena entfernt. Karibisches Flair mit bunten H\u00e4usern, Obstst\u00e4nden\u2026","rel":"","context":"In &quot;News&quot;","img":{"alt_text":"","src":"https:\/\/i0.wp.com\/my-alps.de\/wp-content\/uploads\/2014\/10\/Cartagena-1-ce4.jpg?resize=350%2C200","width":350,"height":200},"classes":[]},{"id":504,"url":"http:\/\/my-alps.de\/?p=504","url_meta":{"origin":443,"position":5},"title":"WIFI &#8211; Bitte ?!?","date":"3. Januar 2014","format":"gallery","excerpt":"Wir haben die n\u00e4chsten Zeilen in der ersten Januarwoche offline geschrieben, denn da wo wir uns zeitweise herumgetrieben haben wird das Internet vom Winde verweht ;-)) Nachdem wir unser Sylvester 2013\/14 mit den wilden Hupkonzerten der Dorfjugend von Camarones geteilt hatten, sind wir am 01.01.2014 weiter Richtung S\u00fcden gefahren. Zuerst\u2026","rel":"","context":"In &quot;News&quot;","img":{"alt_text":"","src":"https:\/\/i0.wp.com\/my-alps.de\/wp-content\/uploads\/2014\/01\/Hallo-ich-bin-Freddy-und-du-200x300.jpg?resize=350%2C200","width":350,"height":200},"classes":[]}],"_links":{"self":[{"href":"http:\/\/my-alps.de\/index.php?rest_route=\/wp\/v2\/posts\/443"}],"collection":[{"href":"http:\/\/my-alps.de\/index.php?rest_route=\/wp\/v2\/posts"}],"about":[{"href":"http:\/\/my-alps.de\/index.php?rest_route=\/wp\/v2\/types\/post"}],"author":[{"embeddable":true,"href":"http:\/\/my-alps.de\/index.php?rest_route=\/wp\/v2\/users\/1"}],"replies":[{"embeddable":true,"href":"http:\/\/my-alps.de\/index.php?rest_route=%2Fwp%2Fv2%2Fcomments&post=443"}],"version-history":[{"count":1,"href":"http:\/\/my-alps.de\/index.php?rest_route=\/wp\/v2\/posts\/443\/revisions"}],"predecessor-version":[{"id":444,"href":"http:\/\/my-alps.de\/index.php?rest_route=\/wp\/v2\/posts\/443\/revisions\/444"}],"wp:attachment":[{"href":"http:\/\/my-alps.de\/index.php?rest_route=%2Fwp%2Fv2%2Fmedia&parent=443"}],"wp:term":[{"taxonomy":"category","embeddable":true,"href":"http:\/\/my-alps.de\/index.php?rest_route=%2Fwp%2Fv2%2Fcategories&post=443"},{"taxonomy":"post_tag","embeddable":true,"href":"http:\/\/my-alps.de\/index.php?rest_route=%2Fwp%2Fv2%2Ftags&post=443"}],"curies":[{"name":"wp","href":"https:\/\/api.w.org\/{rel}","templated":true}]}}