{"id":431,"date":"2013-11-09T21:10:42","date_gmt":"2013-11-09T20:10:42","guid":{"rendered":"http:\/\/my-alps.de\/?p=431"},"modified":"2013-11-09T21:10:42","modified_gmt":"2013-11-09T20:10:42","slug":"hamburg-ist-eine-reise-wert","status":"publish","type":"post","link":"http:\/\/my-alps.de\/?p=431","title":{"rendered":"Hamburg ist eine Reise wert&#8230;."},"content":{"rendered":"<p>Heute haben wir eine ausgedehnte Stadtbesichtigung gemacht &#8211; so richtig Touri m\u00e4\u00dfig wie bei uns in Bamberg. Sind sch\u00f6n mit dem Bus durch die Stadt geschaukelt worden und drau\u00dfen hat es gest\u00fcrmt und der Regen kam waagrecht an die Fenster geflogen. Aber wie das so ist im Norden &#8211; Nachmittags war es schon wieder sonnig. Auf den Landungsbr\u00fccken haben wir schon mal nach unserem Schiff geschaut &#8211; leider hat uns die Queen Mary 2 etwas die Sicht versperrt. Also haben wir das Hamburger Bier etwas n\u00e4her untersucht.<br \/>\nDabei habe ich folgendes festgestellt:<br \/>\nNicht nur das im Norden ein gro\u00dfes Bier relativ zu einer Bayerischen Ma\u00df gesehen kleiner ausf\u00e4llt &#8211; nein &#8211; die k\u00f6nnen sogar ganze F\u00e4sser in die Tasche stecken!<br \/>\n@ Baltic Pirates &#8211; das Lagerproblem f\u00fcr die Atlantik\u00fcberquerung ist somit gel\u00f6st!<br \/>\nDa reichen f\u00fcr die 4 Wochen 4 Taschenf\u00e4sser!<br \/>\nct &#8211; hat seins schon leer&#8230;..<\/p>\n<p><a href=\"https:\/\/i0.wp.com\/my-alps.de\/wp-content\/uploads\/2013\/11\/20131109-211017.jpg\"><img src=\"https:\/\/i0.wp.com\/my-alps.de\/wp-content\/uploads\/2013\/11\/20131109-211017.jpg?w=625\" alt=\"20131109-211017.jpg\" class=\"alignnone size-full\" data-recalc-dims=\"1\" \/><\/a><\/p>\n","protected":false},"excerpt":{"rendered":"<p>Heute haben wir eine ausgedehnte Stadtbesichtigung gemacht &#8211; so richtig Touri m\u00e4\u00dfig wie bei uns in Bamberg. Sind sch\u00f6n mit dem Bus durch die Stadt geschaukelt worden und drau\u00dfen hat es gest\u00fcrmt und der Regen kam waagrecht an die Fenster geflogen. Aber wie das so ist im Norden &#8211; Nachmittags war es schon wieder sonnig. [&hellip;]<\/p>\n","protected":false},"author":1,"featured_media":0,"comment_status":"open","ping_status":"open","sticky":false,"template":"","format":"gallery","meta":{"spay_email":"","jetpack_publicize_message":"","jetpack_is_tweetstorm":false,"jetpack_publicize_feature_enabled":true},"categories":[1],"tags":[],"jetpack_featured_media_url":"","jetpack_publicize_connections":[],"jetpack_sharing_enabled":true,"jetpack_shortlink":"https:\/\/wp.me\/p6huce-6X","jetpack-related-posts":[{"id":1178,"url":"http:\/\/my-alps.de\/?p=1178","url_meta":{"origin":431,"position":0},"title":"Epilog &#8211; Osorno","date":"3. Juni 2014","format":"gallery","excerpt":"Nach erfolgreicher Implementierung des nagelneuen Steuerger\u00e4tes in unseren Allradantrieb -\u00a0(er funktioniert wieder!) - steht einer Fortsetzung der Reise nach Norden, Richtung Bolivien und Peru nichts mehr im Weg. Doch vorher ein kleiner R\u00fcckblick: Wir haben hier in der Stadt richtige Freunde gefunden, Mario, Gustavo und ihre Familien sind so gastfreundlich\u2026","rel":"","context":"In &quot;News&quot;","img":{"alt_text":"","src":"","width":0,"height":0},"classes":[]},{"id":1149,"url":"http:\/\/my-alps.de\/?p=1149","url_meta":{"origin":431,"position":1},"title":"Schlaf &#8211; St\u00f6rung","date":"19. Mai 2014","format":"gallery","excerpt":"Wenn man so auf Reisen ist, dann stellt sich jeden Tag, \u2028an dem man unterwegs ist, das gleiche Problem: Einen ruhigen und sicheren \u00dcbernachtungsplatz zu finden. Nun haben wir im letzten halben Jahr schon viele Pl\u00e4tze gefunden an denen wir \u00fcbernachtet haben. Mal mehr oder weniger ruhig,\u2028Angst hatten wir (fast)\u2026","rel":"","context":"In &quot;News&quot;","img":{"alt_text":"","src":"","width":0,"height":0},"classes":[]},{"id":1773,"url":"http:\/\/my-alps.de\/?p=1773","url_meta":{"origin":431,"position":2},"title":"FAQ &#8211; und die Antworten","date":"22. November 2014","format":"gallery","excerpt":"Wir tingeln in den letzten beiden Wochen von einer Einladung zur anderen. Jeder m\u00f6chte uns sehen und fragen was wir so erlebt haben. Da nat\u00fcrlich (fast) jeder die gleichen Fragen stellt schauen uns wir manchmal selber fragend an..... ja wie war das denn? Deshalb m\u00f6chte ich die FAQ mal kurz\u2026","rel":"","context":"In &quot;News&quot;","img":{"alt_text":"","src":"https:\/\/i0.wp.com\/my-alps.de\/wp-content\/uploads\/2014\/11\/mein-Lama-und-meine-Stadt.jpg?resize=350%2C200","width":350,"height":200},"classes":[]},{"id":1077,"url":"http:\/\/my-alps.de\/?p=1077","url_meta":{"origin":431,"position":3},"title":"In Naturcolor nach Araukanien","date":"3. Mai 2014","format":"gallery","excerpt":"Die ersten Nachtfr\u00f6ste haben uns einen zauberhaften Morgen geschenkt und wir sind ein St\u00fcck weiter nach Norden gezogen. Die n\u00e4chste Stadt auf unserem Weg ist San Martin des los Andes. Eine Tourismus\u201coase\u201c f\u00fcr alle m\u00f6glichen Outdoorsportarten. Man kann hier sogar richtig Skifahren, und der Ort macht sich fertig f\u00fcr die\u2026","rel":"","context":"In &quot;News&quot;","img":{"alt_text":"","src":"https:\/\/i0.wp.com\/my-alps.de\/wp-content\/uploads\/2014\/05\/Vegetationszonen-I-ce4.jpg?resize=350%2C200","width":350,"height":200},"classes":[]},{"id":600,"url":"http:\/\/my-alps.de\/?p=600","url_meta":{"origin":431,"position":4},"title":"Im Herzen von Feuerland","date":"27. Januar 2014","format":"gallery","excerpt":"Nachdem wir von Ushuaia wieder Richtung Norden aufgebrochen sind, haben wir im \"Herzen von Feuerland\" mal eine kurze Pause eingelegt. Hier gibt es viel urspr\u00fcngliche Landschaft und nur wenige Menschen. Die beiden Seen, die wir besuchten sind der Lago Fagnano und der Lago Yehuin. Am Lago Yehuin, ungef\u00e4hr so gro\u00df\u2026","rel":"","context":"In &quot;News&quot;","img":{"alt_text":"","src":"https:\/\/i0.wp.com\/my-alps.de\/wp-content\/uploads\/2014\/01\/Weideland-in-Tierra-del-Fuego.jpg?resize=350%2C200","width":350,"height":200},"classes":[]},{"id":616,"url":"http:\/\/my-alps.de\/?p=616","url_meta":{"origin":431,"position":5},"title":"Fuchzich und immer noch Kopfschmerzen&#8230;.","date":"27. Januar 2014","format":"gallery","excerpt":"Eine Woche feiern muss reichen OK, es ist n'Runder, und nachdem wir gerade auch Zeit haben wurde im WOMO-Powow beschlossen, dass wir eine Woche lang feiern - sie ist noch nicht rum und das Projekt l\u00e4uft prima, w\u00fcrde ich sagen. Feuerland ist beileibe pr\u00e4destiniert f\u00fcr solche Vorhaben. Wobei \"El Fin\u2026","rel":"","context":"In &quot;News&quot;","img":{"alt_text":"","src":"","width":0,"height":0},"classes":[]}],"_links":{"self":[{"href":"http:\/\/my-alps.de\/index.php?rest_route=\/wp\/v2\/posts\/431"}],"collection":[{"href":"http:\/\/my-alps.de\/index.php?rest_route=\/wp\/v2\/posts"}],"about":[{"href":"http:\/\/my-alps.de\/index.php?rest_route=\/wp\/v2\/types\/post"}],"author":[{"embeddable":true,"href":"http:\/\/my-alps.de\/index.php?rest_route=\/wp\/v2\/users\/1"}],"replies":[{"embeddable":true,"href":"http:\/\/my-alps.de\/index.php?rest_route=%2Fwp%2Fv2%2Fcomments&post=431"}],"version-history":[{"count":1,"href":"http:\/\/my-alps.de\/index.php?rest_route=\/wp\/v2\/posts\/431\/revisions"}],"predecessor-version":[{"id":432,"href":"http:\/\/my-alps.de\/index.php?rest_route=\/wp\/v2\/posts\/431\/revisions\/432"}],"wp:attachment":[{"href":"http:\/\/my-alps.de\/index.php?rest_route=%2Fwp%2Fv2%2Fmedia&parent=431"}],"wp:term":[{"taxonomy":"category","embeddable":true,"href":"http:\/\/my-alps.de\/index.php?rest_route=%2Fwp%2Fv2%2Fcategories&post=431"},{"taxonomy":"post_tag","embeddable":true,"href":"http:\/\/my-alps.de\/index.php?rest_route=%2Fwp%2Fv2%2Ftags&post=431"}],"curies":[{"name":"wp","href":"https:\/\/api.w.org\/{rel}","templated":true}]}}