{"id":425,"date":"2013-11-06T22:09:31","date_gmt":"2013-11-06T21:09:31","guid":{"rendered":"http:\/\/my-alps.de\/?p=425"},"modified":"2013-11-06T22:09:31","modified_gmt":"2013-11-06T21:09:31","slug":"verschoben-ist-nicht-aufgehoben","status":"publish","type":"post","link":"http:\/\/my-alps.de\/?p=425","title":{"rendered":"Verschoben ist nicht aufgehoben"},"content":{"rendered":"<p>Jetzt sind wir soweit &#8211; alles fertig!<br \/>\nWir haben p\u00fcnktlich unsere Wohnung zusammengepackt und f\u00fcr unsere Zwischenmieter freigemacht. Unser WOMO ist einsatzbereit.<br \/>\nIn den letzten Wochen hatten wir noch einige Bastelarbeiten zu erledigen. Die Firma SMV, die unsere Luftfeder hergestellt hat lie\u00df uns eine spezielle Erh\u00f6hungsplatte fertigen um das Seikel Fahrwerk auch auf der Hinterachse um ca. 5,0 cm zu erh\u00f6hen.<br \/>\nGanz speziellen Dank geht an dieser Stelle an die Firma Camping-Fahrzeuge Dietz in Ebern, die uns die Teile eingebaut hat. Unkompliziert und mit technischen Sonderl\u00f6sungen hat unser Boomer jetzt ein richtig sch\u00f6nes &#8222;Fahrgestell&#8220;.<br \/>\nNachdem die Reiseagentur Woik &#8211; hier gilt ganz besonderer Dank an Frau Carmen Link &#8211; uns leider mitteilen musste, das unser Abfahrtstermin sich 3 mal verschoben hat, haben wir jetzt den Abfahrtstermin f\u00fcr den 11.11.2013.<br \/>\nWir h\u00e4ngen jetzt (ohne Wohnung) bei unseren Eltern herum und futtern uns quer durch die K\u00fchlschr\u00e4nke. Erst sind wir in Weilersbach eingefallen und haben dort sch\u00f6n Geburtstag gefeiert. (Alfi&#8217;s 60igsten)<br \/>\nDa es in den N\u00e4chten doch schon sch\u00f6n k\u00fchl geworden ist haben wir unsere Heizung im Boomer laufen lassen. Hat doch gleich der Wechselrichter gezickt! Kein 220 V mehr auf allen Verbrauchern! Habe erst mal mit dem &#8222;Klaa Hoadl&#8220; (ist eigentlich Audianer und Informatiker) die Sache gecheckt &#8211; der Sache auf den Grund sind wir aber noch nicht gekommen. Wir sind dann zu meiner Mutter gefahren um der noch ein wenig auf die Nerven zu gehen. Wir k\u00f6nnen abschlie\u00dfend die neue Punkteverteilung der privat gef\u00fchrten Campingpl\u00e4tze mitteilen. Dazu sp\u00e4ter.<br \/>\nMit Hilfe der Firma Caravan Degen in Eckersdorf konnte der Fehler im Wechselrichter lokalisiert werden &#8211; die Platine der Vorrangschaltung ist durchgebrannt &#8211; und auf einfache Art behoben werden. Der findige Techniker hat einfach eine zus\u00e4tzliche Steckdose eingebaut und den Wechselrichter so auf manuellen Betrieb umgestellt. Prima &#8211; die gesamte Stromversorgung mit Landstrom funktioniert wieder.<br \/>\nWir werden noch bei Frankana vorbeifahren und einen neuen Wechselrichter mitnehmen und montieren.<br \/>\nDann gab es den n\u00e4chsten Schock &#8211; die Dachbox ist nicht regendicht &#8211; die ganzen Rucks\u00e4cke, das neue Zelt und die Isomatten waren total nass. Habe f\u00fcr alles extra Boxen besorgt und eingebaut &#8211; jetzt wird&#8217;s wohl passen. Im WOMO sind jetzt alle Stauf\u00e4cher belegt, alles r\u00fcttelfest verstaut und die letzten Bastelarbeiten sind abgeschlossen.<br \/>\nJETZT FAHREN WIR LOS!<br \/>\nKilometerstand : 95.695<br \/>\nJetzt noch zur angesprochenen Punkte- und Sterneverteilung der privaten Campingpl\u00e4tze:<br \/>\n<span style=\"text-decoration: underline;\">Weilersbach<\/span> &#8211; Fam. Hack &#8211; 6 Sterne<br \/>\nBesonderheit: \u00fcberdachter Stellplatz in der Scheune.<br \/>\n<span style=\"text-decoration: underline;\">Altenreuth<\/span> &#8211; Fam. Scholz &#8211; 6 Sterne<br \/>\nBesonderheit: Sauna und Wellnessbereich<\/p>\n<p>Bis hier &#8211; vielen Dank an alle die uns bei unserem Reisevorhaben unterst\u00fctzen &#8211; an unsere Eltern, Geschwister, an unsere Kollegen und alle Freunde.<br \/>\nDANKE<br \/>\nClaus und Annette<\/p>\n","protected":false},"excerpt":{"rendered":"<p>Jetzt sind wir soweit &#8211; alles fertig! Wir haben p\u00fcnktlich unsere Wohnung zusammengepackt und f\u00fcr unsere Zwischenmieter freigemacht. Unser WOMO ist einsatzbereit. In den letzten Wochen hatten wir noch einige Bastelarbeiten zu erledigen. Die Firma SMV, die unsere Luftfeder hergestellt hat lie\u00df uns eine spezielle Erh\u00f6hungsplatte fertigen um das Seikel Fahrwerk auch auf der Hinterachse [&hellip;]<\/p>\n","protected":false},"author":1,"featured_media":0,"comment_status":"open","ping_status":"open","sticky":false,"template":"","format":"gallery","meta":{"spay_email":"","jetpack_publicize_message":"","jetpack_is_tweetstorm":false,"jetpack_publicize_feature_enabled":true},"categories":[1],"tags":[],"jetpack_featured_media_url":"","jetpack_publicize_connections":[],"jetpack_sharing_enabled":true,"jetpack_shortlink":"https:\/\/wp.me\/p6huce-6R","jetpack-related-posts":[{"id":881,"url":"http:\/\/my-alps.de\/?p=881","url_meta":{"origin":425,"position":0},"title":"Puerto Montt","date":"26. M\u00e4rz 2014","format":"gallery","excerpt":"Nach 8.808 km (und wahrscheinlich ein paar mehr) die wir jetzt hier in S\u00fcdamerika unterwegs sind haben wir unserem WOMO auch mal etwas Gutes geg\u00f6nnt. Hier in Puerto Montt habe ich eine Werkstatt entdeckt die jegliche Art von Service f\u00fcr \u201egesch\u00fcttelte\u201c Autos anbietet. Wir haben uns f\u00fcr: \u00d6lwechsel und Luftfilterwechsel\u2026","rel":"","context":"In &quot;News&quot;","img":{"alt_text":"","src":"https:\/\/i0.wp.com\/my-alps.de\/wp-content\/uploads\/2014\/03\/Pisco-sour-6x6.jpg?resize=350%2C200","width":350,"height":200},"classes":[]},{"id":481,"url":"http:\/\/my-alps.de\/?p=481","url_meta":{"origin":425,"position":1},"title":"Unser erster &#8222;Flugschaden&#8220;","date":"25. Dezember 2013","format":"gallery","excerpt":"Auf der Fahrt von Azul durch die Pampa ist uns ein kleiner Flugschaden entstanden - als ein grosser LKW knapp an uns vorbeigefahren ist - richtig viel Gegenwind in unsere Richtung - hat ein gefiederter Freund versucht noch rechtzeitig die Stra\u00dfe zu \u00fcberqueren. Hat es aber leider nicht mehr geschafft!\u2026","rel":"","context":"In &quot;News&quot;","img":{"alt_text":"","src":"https:\/\/i0.wp.com\/my-alps.de\/wp-content\/uploads\/2013\/12\/Flugschaden-02.jpg?resize=350%2C200","width":350,"height":200},"classes":[]},{"id":995,"url":"http:\/\/my-alps.de\/?p=995","url_meta":{"origin":425,"position":2},"title":"April, April &#8211; Halbzeit bei der Auszeit","date":"10. April 2014","format":"gallery","excerpt":"Am 11.11.2013 sind wir in Hamburg an Bord der \u201eGrande Cameroon\u201c gegangen und \u00fcber den Atlantik nach S\u00fcdamerika geschippert. Zugegeben, es war nicht immer gerade Hochstimmung mit Karneval und Fasching an Bord, aber es ist uns wirklich nicht langweilig geworden. So eine Frachterreise hat auch etwas besonderes. (Beinahe meditativ!) Nun\u2026","rel":"","context":"In &quot;News&quot;","img":{"alt_text":"","src":"","width":0,"height":0},"classes":[]},{"id":932,"url":"http:\/\/my-alps.de\/?p=932","url_meta":{"origin":425,"position":3},"title":"Chiloe&#8216; Teil II &#8211; Castro","date":"27. M\u00e4rz 2014","format":"gallery","excerpt":"Heute war wieder ein Tag, an dem wir unsere \"Householddutys\" erledigen konnten. Es gibt hier eine tolle W\u00e4scherei in Castro und unser ganzes Bettzeugs war in den letzten Tagen durch die hohe Luftfeuchtigkeit ziemlich muffig geworden. Also alle Schlaf\u00e4cke, Decken und Kopfkissenbez\u00fcge in eine gro\u00dfe Plastikt\u00fcte stopfen und 10 Kilo\u2026","rel":"","context":"In &quot;News&quot;","img":{"alt_text":"","src":"","width":0,"height":0},"classes":[]},{"id":393,"url":"http:\/\/my-alps.de\/?p=393","url_meta":{"origin":425,"position":4},"title":"Su a haaser Summer&#8230;.","date":"29. Juli 2013","format":"gallery","excerpt":".... man denkt unwillk\u00fcrlich an den Rainhard Fendrich und verzieht sich in irgendeine Pf\u00fctze um etwas abzuk\u00fchlen. Die Motivation am Samstag den Trinkwassertank mit den notwendigen Zapfstellen und Anschl\u00fcssen auszustatten ist buchst\u00e4blich \"verdampft\". Na ja - es bleibt noch etwas Zeit um die Arbeiten abzuschlie\u00dfen - so haben wir uns\u2026","rel":"","context":"In &quot;News&quot;","img":{"alt_text":"Bambush\u00c3\u00bctte","src":"https:\/\/i0.wp.com\/my-alps.de\/wp-content\/uploads\/2013\/07\/Bambush\u00c3\u00bctte.jpg?resize=350%2C200","width":350,"height":200},"classes":[]},{"id":1598,"url":"http:\/\/my-alps.de\/?p=1598","url_meta":{"origin":425,"position":5},"title":"Einreiseformalit\u00e4ten","date":"11. September 2014","format":"gallery","excerpt":"Nachdem unsere \u201eTraumstra\u00dfe\u201c wieder einer normalen\u00a0Stra\u00dfe durch ganz normales Peru gewichen ist, fahren\u00a0wir \u00fcber Jaen und St. Ignazio in Richtung Grenze nach Ecuador. Die Stra\u00dfe ist asphaltiert und gut ausgebaut, es herrscht kaum Verkehr, lediglich in den Orten und den beiden St\u00e4dten das \u00fcbliche Chaos an Taxis, Tuk-Tuk\u2019s und Ochsenkarren.\u2026","rel":"","context":"In &quot;News&quot;","img":{"alt_text":"","src":"https:\/\/i0.wp.com\/my-alps.de\/wp-content\/uploads\/2014\/09\/Grenze-Ecuador.jpg?resize=350%2C200","width":350,"height":200},"classes":[]}],"_links":{"self":[{"href":"http:\/\/my-alps.de\/index.php?rest_route=\/wp\/v2\/posts\/425"}],"collection":[{"href":"http:\/\/my-alps.de\/index.php?rest_route=\/wp\/v2\/posts"}],"about":[{"href":"http:\/\/my-alps.de\/index.php?rest_route=\/wp\/v2\/types\/post"}],"author":[{"embeddable":true,"href":"http:\/\/my-alps.de\/index.php?rest_route=\/wp\/v2\/users\/1"}],"replies":[{"embeddable":true,"href":"http:\/\/my-alps.de\/index.php?rest_route=%2Fwp%2Fv2%2Fcomments&post=425"}],"version-history":[{"count":1,"href":"http:\/\/my-alps.de\/index.php?rest_route=\/wp\/v2\/posts\/425\/revisions"}],"predecessor-version":[{"id":426,"href":"http:\/\/my-alps.de\/index.php?rest_route=\/wp\/v2\/posts\/425\/revisions\/426"}],"wp:attachment":[{"href":"http:\/\/my-alps.de\/index.php?rest_route=%2Fwp%2Fv2%2Fmedia&parent=425"}],"wp:term":[{"taxonomy":"category","embeddable":true,"href":"http:\/\/my-alps.de\/index.php?rest_route=%2Fwp%2Fv2%2Fcategories&post=425"},{"taxonomy":"post_tag","embeddable":true,"href":"http:\/\/my-alps.de\/index.php?rest_route=%2Fwp%2Fv2%2Ftags&post=425"}],"curies":[{"name":"wp","href":"https:\/\/api.w.org\/{rel}","templated":true}]}}