{"id":419,"date":"2013-10-13T18:04:46","date_gmt":"2013-10-13T16:04:46","guid":{"rendered":"http:\/\/my-alps.de\/?p=419"},"modified":"2013-10-13T18:04:46","modified_gmt":"2013-10-13T16:04:46","slug":"unsere-abschiedsparty-wir-sagen-auf-wiedersehen","status":"publish","type":"post","link":"http:\/\/my-alps.de\/?p=419","title":{"rendered":"Unsere Abschiedsparty &#8211; wir sagen AUF WIEDERSEHEN"},"content":{"rendered":"<p>Am Freitag Abend war es dann soweit &#8211; unsere Abschiedsparty konnte wohl geplant \u00fcber die B\u00fchne gehen. Dank der super Planung von Susanne und Mike &#8211; unseren hauseigenen Gastronomen hatten wir eine klasse LOCATION &#8211; das gerade fertig gewordene<\/p>\n<p>MONDSCHEIN (www.bamberg-mondschein.de)<\/p>\n<p><a href=\"https:\/\/i0.wp.com\/my-alps.de\/wp-content\/uploads\/2013\/10\/Auf-Wiedersehen.jpg\"><img data-attachment-id=\"418\" data-permalink=\"http:\/\/my-alps.de\/?attachment_id=418\" data-orig-file=\"https:\/\/i0.wp.com\/my-alps.de\/wp-content\/uploads\/2013\/10\/Auf-Wiedersehen.jpg?fit=331%2C640\" data-orig-size=\"331,640\" data-comments-opened=\"1\" data-image-meta=\"{&quot;aperture&quot;:&quot;4&quot;,&quot;credit&quot;:&quot;&quot;,&quot;camera&quot;:&quot;NEX-7&quot;,&quot;caption&quot;:&quot;&quot;,&quot;created_timestamp&quot;:&quot;1381515987&quot;,&quot;copyright&quot;:&quot;&quot;,&quot;focal_length&quot;:&quot;32&quot;,&quot;iso&quot;:&quot;1000&quot;,&quot;shutter_speed&quot;:&quot;0.016666666666667&quot;,&quot;title&quot;:&quot;&quot;}\" data-image-title=\"Auf Wiedersehen\" data-image-description=\"&lt;p&gt;Auf Wiedersehen ihr LIEBEN FREUNDE&lt;br \/&gt;\nund FAMILIE und DANKE f\u00fcr ALLES!!!!!&lt;\/p&gt;\n\" data-image-caption=\"\" data-medium-file=\"https:\/\/i0.wp.com\/my-alps.de\/wp-content\/uploads\/2013\/10\/Auf-Wiedersehen.jpg?fit=155%2C300\" data-large-file=\"https:\/\/i0.wp.com\/my-alps.de\/wp-content\/uploads\/2013\/10\/Auf-Wiedersehen.jpg?fit=331%2C640\" loading=\"lazy\" class=\"aligncenter size-full wp-image-418\" alt=\"Auf Wiedersehen\" src=\"https:\/\/i0.wp.com\/my-alps.de\/wp-content\/uploads\/2013\/10\/Auf-Wiedersehen.jpg?resize=331%2C640\" width=\"331\" height=\"640\" srcset=\"https:\/\/i0.wp.com\/my-alps.de\/wp-content\/uploads\/2013\/10\/Auf-Wiedersehen.jpg?w=331 331w, https:\/\/i0.wp.com\/my-alps.de\/wp-content\/uploads\/2013\/10\/Auf-Wiedersehen.jpg?resize=155%2C300 155w\" sizes=\"(max-width: 331px) 100vw, 331px\" data-recalc-dims=\"1\" \/><\/a><\/p>\n<p>&nbsp;<\/p>\n<p>Unsere gesamte Familie und gute Freunde hatten wir eingeladen mit uns zu feiern und ein paar Bierchen zu trinken. Danke an alle die uns bei der Vorbereitung unterst\u00fctzt haben und an jeden der etwas zum Essen beigesteuert hat. Unsere M\u00fctter hatten sich nat\u00fcrlich voll in&#8217;s Zeug gelegt und alle zu K\u00fcchenhelfern degradiert &#8211; so war unser Buffet bestens gef\u00fcllt mit allen nur erdenklichen Leckereien. VIELEN DANK ihr lieben Helfer!<br \/>\nIhr habt es erst m\u00f6glich gemacht das aus der Party ein Stadtgespr\u00e4ch geworden ist.<br \/>\nVielen Dank auch f\u00fcr die lieben Geschenke und die ganzen Mitbringsel. Wir werden bei jedem St\u00fcck an diesen Abend und an euch denken wenn wir z.B. die perfekte hausgemachte Marmelade fr\u00fch auf unseren Tisch stellen und geniessen.<br \/>\nWir werden noch ein paar Bilder von der Feier online stellen.<br \/>\n(laut Countdown sind es noch: 01 Woche &#8211; 01 Tag &#8211; 05 Stunden &#8211; 55 Minuten und 37 Sekunden bis es losgeht)<\/p>\n<p>Claus und Annette<\/p>\n","protected":false},"excerpt":{"rendered":"<p>Am Freitag Abend war es dann soweit &#8211; unsere Abschiedsparty konnte wohl geplant \u00fcber die B\u00fchne gehen. Dank der super Planung von Susanne und Mike &#8211; unseren hauseigenen Gastronomen hatten wir eine klasse LOCATION &#8211; das gerade fertig gewordene MONDSCHEIN (www.bamberg-mondschein.de) &nbsp; Unsere gesamte Familie und gute Freunde hatten wir eingeladen mit uns zu feiern [&hellip;]<\/p>\n","protected":false},"author":1,"featured_media":0,"comment_status":"open","ping_status":"open","sticky":false,"template":"","format":"gallery","meta":{"spay_email":"","jetpack_publicize_message":"","jetpack_is_tweetstorm":false,"jetpack_publicize_feature_enabled":true},"categories":[1],"tags":[],"jetpack_featured_media_url":"","jetpack_publicize_connections":[],"jetpack_sharing_enabled":true,"jetpack_shortlink":"https:\/\/wp.me\/p6huce-6L","jetpack-related-posts":[{"id":425,"url":"http:\/\/my-alps.de\/?p=425","url_meta":{"origin":419,"position":0},"title":"Verschoben ist nicht aufgehoben","date":"6. November 2013","format":"gallery","excerpt":"Jetzt sind wir soweit - alles fertig! Wir haben p\u00fcnktlich unsere Wohnung zusammengepackt und f\u00fcr unsere Zwischenmieter freigemacht. Unser WOMO ist einsatzbereit. In den letzten Wochen hatten wir noch einige Bastelarbeiten zu erledigen. Die Firma SMV, die unsere Luftfeder hergestellt hat lie\u00df uns eine spezielle Erh\u00f6hungsplatte fertigen um das Seikel\u2026","rel":"","context":"In &quot;News&quot;","img":{"alt_text":"","src":"","width":0,"height":0},"classes":[]},{"id":881,"url":"http:\/\/my-alps.de\/?p=881","url_meta":{"origin":419,"position":1},"title":"Puerto Montt","date":"26. M\u00e4rz 2014","format":"gallery","excerpt":"Nach 8.808 km (und wahrscheinlich ein paar mehr) die wir jetzt hier in S\u00fcdamerika unterwegs sind haben wir unserem WOMO auch mal etwas Gutes geg\u00f6nnt. Hier in Puerto Montt habe ich eine Werkstatt entdeckt die jegliche Art von Service f\u00fcr \u201egesch\u00fcttelte\u201c Autos anbietet. Wir haben uns f\u00fcr: \u00d6lwechsel und Luftfilterwechsel\u2026","rel":"","context":"In &quot;News&quot;","img":{"alt_text":"","src":"https:\/\/i0.wp.com\/my-alps.de\/wp-content\/uploads\/2014\/03\/Pisco-sour-6x6.jpg?resize=350%2C200","width":350,"height":200},"classes":[]},{"id":932,"url":"http:\/\/my-alps.de\/?p=932","url_meta":{"origin":419,"position":2},"title":"Chiloe&#8216; Teil II &#8211; Castro","date":"27. M\u00e4rz 2014","format":"gallery","excerpt":"Heute war wieder ein Tag, an dem wir unsere \"Householddutys\" erledigen konnten. Es gibt hier eine tolle W\u00e4scherei in Castro und unser ganzes Bettzeugs war in den letzten Tagen durch die hohe Luftfeuchtigkeit ziemlich muffig geworden. Also alle Schlaf\u00e4cke, Decken und Kopfkissenbez\u00fcge in eine gro\u00dfe Plastikt\u00fcte stopfen und 10 Kilo\u2026","rel":"","context":"In &quot;News&quot;","img":{"alt_text":"","src":"","width":0,"height":0},"classes":[]},{"id":1773,"url":"http:\/\/my-alps.de\/?p=1773","url_meta":{"origin":419,"position":3},"title":"FAQ &#8211; und die Antworten","date":"22. November 2014","format":"gallery","excerpt":"Wir tingeln in den letzten beiden Wochen von einer Einladung zur anderen. Jeder m\u00f6chte uns sehen und fragen was wir so erlebt haben. Da nat\u00fcrlich (fast) jeder die gleichen Fragen stellt schauen uns wir manchmal selber fragend an..... ja wie war das denn? Deshalb m\u00f6chte ich die FAQ mal kurz\u2026","rel":"","context":"In &quot;News&quot;","img":{"alt_text":"","src":"https:\/\/i0.wp.com\/my-alps.de\/wp-content\/uploads\/2014\/11\/mein-Lama-und-meine-Stadt.jpg?resize=350%2C200","width":350,"height":200},"classes":[]},{"id":450,"url":"http:\/\/my-alps.de\/?p=450","url_meta":{"origin":419,"position":4},"title":"Das sagt sie und das meint ER (1von2)","date":"15. Dezember 2013","format":"gallery","excerpt":"Hallo, ihr ZUHAUSEgebliebenen, wir sind heute in Colonia di Sacramento angekommen und sin somit in Uruguay. Dem esten Fussballweltmeister, und wenn's nach den URU'S geht, auch dem kommenden in Brasilien. Die Bilder zu diesem Blog f\u00fcge ich sp\u00e4ter mal ein, das WIFI hier in Uruguay ist nicht so von der\u2026","rel":"","context":"In &quot;News&quot;","img":{"alt_text":"","src":"","width":0,"height":0},"classes":[]},{"id":1598,"url":"http:\/\/my-alps.de\/?p=1598","url_meta":{"origin":419,"position":5},"title":"Einreiseformalit\u00e4ten","date":"11. September 2014","format":"gallery","excerpt":"Nachdem unsere \u201eTraumstra\u00dfe\u201c wieder einer normalen\u00a0Stra\u00dfe durch ganz normales Peru gewichen ist, fahren\u00a0wir \u00fcber Jaen und St. Ignazio in Richtung Grenze nach Ecuador. Die Stra\u00dfe ist asphaltiert und gut ausgebaut, es herrscht kaum Verkehr, lediglich in den Orten und den beiden St\u00e4dten das \u00fcbliche Chaos an Taxis, Tuk-Tuk\u2019s und Ochsenkarren.\u2026","rel":"","context":"In &quot;News&quot;","img":{"alt_text":"","src":"https:\/\/i0.wp.com\/my-alps.de\/wp-content\/uploads\/2014\/09\/Grenze-Ecuador.jpg?resize=350%2C200","width":350,"height":200},"classes":[]}],"_links":{"self":[{"href":"http:\/\/my-alps.de\/index.php?rest_route=\/wp\/v2\/posts\/419"}],"collection":[{"href":"http:\/\/my-alps.de\/index.php?rest_route=\/wp\/v2\/posts"}],"about":[{"href":"http:\/\/my-alps.de\/index.php?rest_route=\/wp\/v2\/types\/post"}],"author":[{"embeddable":true,"href":"http:\/\/my-alps.de\/index.php?rest_route=\/wp\/v2\/users\/1"}],"replies":[{"embeddable":true,"href":"http:\/\/my-alps.de\/index.php?rest_route=%2Fwp%2Fv2%2Fcomments&post=419"}],"version-history":[{"count":1,"href":"http:\/\/my-alps.de\/index.php?rest_route=\/wp\/v2\/posts\/419\/revisions"}],"predecessor-version":[{"id":420,"href":"http:\/\/my-alps.de\/index.php?rest_route=\/wp\/v2\/posts\/419\/revisions\/420"}],"wp:attachment":[{"href":"http:\/\/my-alps.de\/index.php?rest_route=%2Fwp%2Fv2%2Fmedia&parent=419"}],"wp:term":[{"taxonomy":"category","embeddable":true,"href":"http:\/\/my-alps.de\/index.php?rest_route=%2Fwp%2Fv2%2Fcategories&post=419"},{"taxonomy":"post_tag","embeddable":true,"href":"http:\/\/my-alps.de\/index.php?rest_route=%2Fwp%2Fv2%2Ftags&post=419"}],"curies":[{"name":"wp","href":"https:\/\/api.w.org\/{rel}","templated":true}]}}